{"id":100196,"date":"2019-03-18T16:27:56","date_gmt":"2019-03-18T13:27:56","guid":{"rendered":"http:\/\/www.tvturk.com\/index.php\/sikisan-soforu-itfaiye-ekipleri-kurtardi\/"},"modified":"2019-03-18T16:27:59","modified_gmt":"2019-03-18T13:27:59","slug":"sikisan-soforu-itfaiye-ekipleri-kurtardi","status":"publish","type":"post","link":"http:\/\/www.tvturk.com\/index.php\/sikisan-soforu-itfaiye-ekipleri-kurtardi\/","title":{"rendered":"S\u0131k\u0131\u015fan \u015fof\u00f6r\u00fc itfaiye ekipleri kurtard\u0131"},"content":{"rendered":"<p>Adana\u2019da otob\u00fcs ve kamyonun kar\u0131\u015ft\u0131\u011f\u0131 trafik kazas\u0131nda s\u0131k\u0131\u015fan otob\u00fcs \u015fof\u00f6r\u00fcn\u00fc itfaiye arama kurtarma ekipleri kurtard\u0131.<\/p>\n<p>Al\u0131nan bilgiye g\u00f6re kaza, D-400 Karayolu Adana-Ceyhan istikametinde meydana geldi. 31 TD 403 plakal\u0131 otob\u00fcs, \u00f6n\u00fcnde seyreden kamyona arkadan \u00e7arpt\u0131. \u00c7arpman\u0131n etkisiyle otob\u00fcs\u00fcn camlar\u0131 patlarken, \u015fof\u00f6r Necmettin \u00d6zkan otob\u00fcs i\u00e7erisinde s\u0131k\u0131\u015ft\u0131. Polis, itfaiye ve 112 ekiplerine haber verilmesinin ard\u0131ndan olay yerine gelen ekipler, yaral\u0131lara m\u00fcdahalede bulundu. 22 yolcu otob\u00fcsten indirilirken, otob\u00fcs s\u00fcr\u00fcc\u00fcs\u00fc itfaiye arama kurtarma ekipleri taraf\u0131ndan s\u0131k\u0131\u015ft\u0131\u011f\u0131 yerden kurtar\u0131ld\u0131.<\/p>\n<p>Kazayla ilgili soru\u015fturma ba\u015flat\u0131ld\u0131.<div class=\"tiled-gallery type-rectangular tiled-gallery-unresized\" data-original-width=\"500\" data-carousel-extra='null' itemscope itemtype=\"http:\/\/schema.org\/ImageGallery\" > <div class=\"gallery-row\" style=\"width: 500px; height: 245px;\" data-original-width=\"500\" data-original-height=\"245\" > <div class=\"gallery-group images-1\" style=\"width: 500px; height: 245px;\" data-original-width=\"500\" data-original-height=\"245\" > <div class=\"tiled-gallery-item tiled-gallery-item-large\" itemprop=\"associatedMedia\" itemscope itemtype=\"http:\/\/schema.org\/ImageObject\"> <a href=\"http:\/\/www.tvturk.com\/index.php\/sikisan-soforu-itfaiye-ekipleri-kurtardi\/sikisan-soforu-itfaiye-ekipleri-kurtardi-3\/\" border=\"0\" itemprop=\"url\"> <meta itemprop=\"width\" content=\"496\"> <meta itemprop=\"height\" content=\"241\"> <img decoding=\"async\" class=\"\" data-attachment-id=\"100198\" data-orig-file=\"http:\/\/www.tvturk.com\/wp-content\/uploads\/2019\/03\/sikisan-soforu-itfaiye-ekipleri-kurtardi_bcd5962.jpg\" data-orig-size=\"1000,486\" data-comments-opened=\"\" data-image-meta=\"{&quot;aperture&quot;:&quot;0&quot;,&quot;credit&quot;:&quot;IHA&quot;,&quot;camera&quot;:&quot;&quot;,&quot;caption&quot;:&quot;ADANA\\u2019DA OTOB\\u00dcS VE KAMYONUN KARI\\u015eTI\\u011eI TRAF\\u0130K KAZASINDA SIKI\\u015eAN OTOB\\u00dcS \\u015eOF\\u00d6R\\u00dcN\\u00dc \\u0130TFA\\u0130YE ARAMA KURTARMA EK\\u0130PLER\\u0130 KURTARDI. (EL\\u0130F AY\\u015eENUR BAY\\\/ADANA-\\u0130HA)&quot;,&quot;created_timestamp&quot;:&quot;0&quot;,&quot;copyright&quot;:&quot;\\u0130HLAS HABER AJANSI, www.iha.com.tr&quot;,&quot;focal_length&quot;:&quot;0&quot;,&quot;iso&quot;:&quot;0&quot;,&quot;shutter_speed&quot;:&quot;0&quot;,&quot;title&quot;:&quot;SIKI\\u015eAN \\u015eOF\\u00d6R\\u00dc \\u0130TFA\\u0130YE EK\\u0130PLER\\u0130 KURTARDI&quot;,&quot;orientation&quot;:&quot;0&quot;}\" data-image-title=\"S\u0131k\u0131\u015fan \u015fof\u00f6r\u00fc itfaiye ekipleri kurtard\u0131\" data-image-description=\"&lt;p&gt;S\u0131k\u0131\u015fan \u015fof\u00f6r\u00fc itfaiye ekipleri kurtard\u0131&lt;\/p&gt; \" data-medium-file=\"https:\/\/i0.wp.com\/www.tvturk.com\/wp-content\/uploads\/2019\/03\/sikisan-soforu-itfaiye-ekipleri-kurtardi_bcd5962.jpg?fit=300%2C146\" data-large-file=\"https:\/\/i0.wp.com\/www.tvturk.com\/wp-content\/uploads\/2019\/03\/sikisan-soforu-itfaiye-ekipleri-kurtardi_bcd5962.jpg?fit=1000%2C486\" src=\"https:\/\/i0.wp.com\/www.tvturk.com\/wp-content\/uploads\/2019\/03\/sikisan-soforu-itfaiye-ekipleri-kurtardi_bcd5962.jpg?w=496&#038;h=241\" srcset=\"https:\/\/i0.wp.com\/www.tvturk.com\/wp-content\/uploads\/2019\/03\/sikisan-soforu-itfaiye-ekipleri-kurtardi_bcd5962.jpg?w=1000 1000w, https:\/\/i0.wp.com\/www.tvturk.com\/wp-content\/uploads\/2019\/03\/sikisan-soforu-itfaiye-ekipleri-kurtardi_bcd5962.jpg?resize=150%2C73 150w, https:\/\/i0.wp.com\/www.tvturk.com\/wp-content\/uploads\/2019\/03\/sikisan-soforu-itfaiye-ekipleri-kurtardi_bcd5962.jpg?resize=300%2C146 300w, https:\/\/i0.wp.com\/www.tvturk.com\/wp-content\/uploads\/2019\/03\/sikisan-soforu-itfaiye-ekipleri-kurtardi_bcd5962.jpg?resize=768%2C373 768w\" width=\"496\" height=\"241\" loading=\"lazy\" data-original-width=\"496\" data-original-height=\"241\" itemprop=\"http:\/\/schema.org\/image\" title=\"S\u0131k\u0131\u015fan \u015fof\u00f6r\u00fc itfaiye ekipleri kurtard\u0131\" alt=\"S\u0131k\u0131\u015fan \u015fof\u00f6r\u00fc itfaiye ekipleri kurtard\u0131\" style=\"width: 496px; height: 241px;\" \/> <\/a> <\/div> <\/div> <!-- close group --> <\/div> <!-- close row --> <div class=\"gallery-row\" style=\"width: 500px; height: 124px;\" data-original-width=\"500\" data-original-height=\"124\" > <div class=\"gallery-group images-1\" style=\"width: 250px; height: 124px;\" data-original-width=\"250\" data-original-height=\"124\" > <div class=\"tiled-gallery-item tiled-gallery-item-small\" itemprop=\"associatedMedia\" itemscope itemtype=\"http:\/\/schema.org\/ImageObject\"> <a href=\"http:\/\/www.tvturk.com\/index.php\/sikisan-soforu-itfaiye-ekipleri-kurtardi\/sikisan-soforu-itfaiye-ekipleri-kurtardi-4\/\" border=\"0\" itemprop=\"url\"> <meta itemprop=\"width\" content=\"246\"> <meta itemprop=\"height\" content=\"120\"> <img decoding=\"async\" class=\"\" data-attachment-id=\"100199\" data-orig-file=\"http:\/\/www.tvturk.com\/wp-content\/uploads\/2019\/03\/sikisan-soforu-itfaiye-ekipleri-kurtardi_d0e3bd5.jpg\" data-orig-size=\"1000,486\" data-comments-opened=\"\" data-image-meta=\"{&quot;aperture&quot;:&quot;0&quot;,&quot;credit&quot;:&quot;IHA&quot;,&quot;camera&quot;:&quot;&quot;,&quot;caption&quot;:&quot;ADANA\\u2019DA OTOB\\u00dcS VE KAMYONUN KARI\\u015eTI\\u011eI TRAF\\u0130K KAZASINDA SIKI\\u015eAN OTOB\\u00dcS \\u015eOF\\u00d6R\\u00dcN\\u00dc \\u0130TFA\\u0130YE ARAMA KURTARMA EK\\u0130PLER\\u0130 KURTARDI. (EL\\u0130F AY\\u015eENUR BAY\\\/ADANA-\\u0130HA)&quot;,&quot;created_timestamp&quot;:&quot;0&quot;,&quot;copyright&quot;:&quot;\\u0130HLAS HABER AJANSI, www.iha.com.tr&quot;,&quot;focal_length&quot;:&quot;0&quot;,&quot;iso&quot;:&quot;0&quot;,&quot;shutter_speed&quot;:&quot;0&quot;,&quot;title&quot;:&quot;SIKI\\u015eAN \\u015eOF\\u00d6R\\u00dc \\u0130TFA\\u0130YE EK\\u0130PLER\\u0130 KURTARDI&quot;,&quot;orientation&quot;:&quot;0&quot;}\" data-image-title=\"S\u0131k\u0131\u015fan \u015fof\u00f6r\u00fc itfaiye ekipleri kurtard\u0131\" data-image-description=\"&lt;p&gt;S\u0131k\u0131\u015fan \u015fof\u00f6r\u00fc itfaiye ekipleri kurtard\u0131&lt;\/p&gt; \" data-medium-file=\"https:\/\/i0.wp.com\/www.tvturk.com\/wp-content\/uploads\/2019\/03\/sikisan-soforu-itfaiye-ekipleri-kurtardi_d0e3bd5.jpg?fit=300%2C146\" data-large-file=\"https:\/\/i0.wp.com\/www.tvturk.com\/wp-content\/uploads\/2019\/03\/sikisan-soforu-itfaiye-ekipleri-kurtardi_d0e3bd5.jpg?fit=1000%2C486\" src=\"https:\/\/i0.wp.com\/www.tvturk.com\/wp-content\/uploads\/2019\/03\/sikisan-soforu-itfaiye-ekipleri-kurtardi_d0e3bd5.jpg?w=246&#038;h=120\" srcset=\"https:\/\/i0.wp.com\/www.tvturk.com\/wp-content\/uploads\/2019\/03\/sikisan-soforu-itfaiye-ekipleri-kurtardi_d0e3bd5.jpg?w=1000 1000w, https:\/\/i0.wp.com\/www.tvturk.com\/wp-content\/uploads\/2019\/03\/sikisan-soforu-itfaiye-ekipleri-kurtardi_d0e3bd5.jpg?resize=150%2C73 150w, https:\/\/i0.wp.com\/www.tvturk.com\/wp-content\/uploads\/2019\/03\/sikisan-soforu-itfaiye-ekipleri-kurtardi_d0e3bd5.jpg?resize=300%2C146 300w, https:\/\/i0.wp.com\/www.tvturk.com\/wp-content\/uploads\/2019\/03\/sikisan-soforu-itfaiye-ekipleri-kurtardi_d0e3bd5.jpg?resize=768%2C373 768w\" width=\"246\" height=\"120\" loading=\"lazy\" data-original-width=\"246\" data-original-height=\"120\" itemprop=\"http:\/\/schema.org\/image\" title=\"S\u0131k\u0131\u015fan \u015fof\u00f6r\u00fc itfaiye ekipleri kurtard\u0131\" alt=\"S\u0131k\u0131\u015fan \u015fof\u00f6r\u00fc itfaiye ekipleri kurtard\u0131\" style=\"width: 246px; height: 120px;\" \/> <\/a> <\/div> <\/div> <!-- close group --> <div class=\"gallery-group images-1\" style=\"width: 250px; height: 124px;\" data-original-width=\"250\" data-original-height=\"124\" > <div class=\"tiled-gallery-item tiled-gallery-item-small\" itemprop=\"associatedMedia\" itemscope itemtype=\"http:\/\/schema.org\/ImageObject\"> <a href=\"http:\/\/www.tvturk.com\/index.php\/sikisan-soforu-itfaiye-ekipleri-kurtardi\/sikisan-soforu-itfaiye-ekipleri-kurtardi-5\/\" border=\"0\" itemprop=\"url\"> <meta itemprop=\"width\" content=\"246\"> <meta itemprop=\"height\" content=\"120\"> <img decoding=\"async\" class=\"\" data-attachment-id=\"100200\" data-orig-file=\"http:\/\/www.tvturk.com\/wp-content\/uploads\/2019\/03\/sikisan-soforu-itfaiye-ekipleri-kurtardi_5d32157.jpg\" data-orig-size=\"1000,486\" data-comments-opened=\"\" data-image-meta=\"{&quot;aperture&quot;:&quot;0&quot;,&quot;credit&quot;:&quot;IHA&quot;,&quot;camera&quot;:&quot;&quot;,&quot;caption&quot;:&quot;ADANA\\u2019DA OTOB\\u00dcS VE KAMYONUN KARI\\u015eTI\\u011eI TRAF\\u0130K KAZASINDA SIKI\\u015eAN OTOB\\u00dcS \\u015eOF\\u00d6R\\u00dcN\\u00dc \\u0130TFA\\u0130YE ARAMA KURTARMA EK\\u0130PLER\\u0130 KURTARDI. (EL\\u0130F AY\\u015eENUR BAY\\\/ADANA-\\u0130HA)&quot;,&quot;created_timestamp&quot;:&quot;0&quot;,&quot;copyright&quot;:&quot;\\u0130HLAS HABER AJANSI, www.iha.com.tr&quot;,&quot;focal_length&quot;:&quot;0&quot;,&quot;iso&quot;:&quot;0&quot;,&quot;shutter_speed&quot;:&quot;0&quot;,&quot;title&quot;:&quot;SIKI\\u015eAN \\u015eOF\\u00d6R\\u00dc \\u0130TFA\\u0130YE EK\\u0130PLER\\u0130 KURTARDI&quot;,&quot;orientation&quot;:&quot;0&quot;}\" data-image-title=\"S\u0131k\u0131\u015fan \u015fof\u00f6r\u00fc itfaiye ekipleri kurtard\u0131\" data-image-description=\"&lt;p&gt;S\u0131k\u0131\u015fan \u015fof\u00f6r\u00fc itfaiye ekipleri kurtard\u0131&lt;\/p&gt; \" data-medium-file=\"https:\/\/i0.wp.com\/www.tvturk.com\/wp-content\/uploads\/2019\/03\/sikisan-soforu-itfaiye-ekipleri-kurtardi_5d32157.jpg?fit=300%2C146\" data-large-file=\"https:\/\/i0.wp.com\/www.tvturk.com\/wp-content\/uploads\/2019\/03\/sikisan-soforu-itfaiye-ekipleri-kurtardi_5d32157.jpg?fit=1000%2C486\" src=\"https:\/\/i0.wp.com\/www.tvturk.com\/wp-content\/uploads\/2019\/03\/sikisan-soforu-itfaiye-ekipleri-kurtardi_5d32157.jpg?w=246&#038;h=120\" srcset=\"https:\/\/i0.wp.com\/www.tvturk.com\/wp-content\/uploads\/2019\/03\/sikisan-soforu-itfaiye-ekipleri-kurtardi_5d32157.jpg?w=1000 1000w, https:\/\/i0.wp.com\/www.tvturk.com\/wp-content\/uploads\/2019\/03\/sikisan-soforu-itfaiye-ekipleri-kurtardi_5d32157.jpg?resize=150%2C73 150w, https:\/\/i0.wp.com\/www.tvturk.com\/wp-content\/uploads\/2019\/03\/sikisan-soforu-itfaiye-ekipleri-kurtardi_5d32157.jpg?resize=300%2C146 300w, https:\/\/i0.wp.com\/www.tvturk.com\/wp-content\/uploads\/2019\/03\/sikisan-soforu-itfaiye-ekipleri-kurtardi_5d32157.jpg?resize=768%2C373 768w\" width=\"246\" height=\"120\" loading=\"lazy\" data-original-width=\"246\" data-original-height=\"120\" itemprop=\"http:\/\/schema.org\/image\" title=\"S\u0131k\u0131\u015fan \u015fof\u00f6r\u00fc itfaiye ekipleri kurtard\u0131\" alt=\"S\u0131k\u0131\u015fan \u015fof\u00f6r\u00fc itfaiye ekipleri kurtard\u0131\" style=\"width: 246px; height: 120px;\" \/> <\/a> <\/div> <\/div> <!-- close group --> <\/div> <!-- close row --> <\/div><\/p>\n","protected":false},"excerpt":{"rendered":"<p>ADANA\u2019DA OTOB\u00dcS VE KAMYONUN KARI\u015eTI\u011eI TRAF\u0130K KAZASINDA SIKI\u015eAN OTOB\u00dcS \u015eOF\u00d6R\u00dcN\u00dc \u0130TFA\u0130YE ARAMA KURTARMA EK\u0130PLER\u0130 KURTARDI.<\/p>\n","protected":false},"author":1,"featured_media":100197,"comment_status":"closed","ping_status":"open","sticky":false,"template":"","format":"standard","meta":{"jetpack_post_was_ever_published":false,"_jetpack_newsletter_access":"","_jetpack_dont_email_post_to_subs":false,"_jetpack_newsletter_tier_id":0,"_jetpack_memberships_contains_paywalled_content":false,"_jetpack_memberships_contains_paid_content":false,"footnotes":"","jetpack_publicize_message":"","jetpack_publicize_feature_enabled":true,"jetpack_social_post_already_shared":true,"jetpack_social_options":{"image_generator_settings":{"template":"highway","default_image_id":0,"font":"","enabled":false},"version":2}},"categories":[655],"tags":[859,764,477,2322,2709],"class_list":["post-100196","post","type-post","status-publish","format-standard","has-post-thumbnail","hentry","category-son-dakika","tag-ekipleri","tag-itfaiye","tag-kurtardi","tag-sikisan","tag-soforu"],"jetpack_publicize_connections":[],"jetpack_featured_media_url":"https:\/\/i0.wp.com\/www.tvturk.com\/wp-content\/uploads\/2019\/03\/sikisan-soforu-itfaiye-ekipleri-kurtardi_385eb67.jpg?fit=1000%2C486","jetpack_sharing_enabled":true,"jetpack_shortlink":"https:\/\/wp.me\/paKIfm-q44","_links":{"self":[{"href":"http:\/\/www.tvturk.com\/index.php\/wp-json\/wp\/v2\/posts\/100196","targetHints":{"allow":["GET"]}}],"collection":[{"href":"http:\/\/www.tvturk.com\/index.php\/wp-json\/wp\/v2\/posts"}],"about":[{"href":"http:\/\/www.tvturk.com\/index.php\/wp-json\/wp\/v2\/types\/post"}],"author":[{"embeddable":true,"href":"http:\/\/www.tvturk.com\/index.php\/wp-json\/wp\/v2\/users\/1"}],"replies":[{"embeddable":true,"href":"http:\/\/www.tvturk.com\/index.php\/wp-json\/wp\/v2\/comments?post=100196"}],"version-history":[{"count":1,"href":"http:\/\/www.tvturk.com\/index.php\/wp-json\/wp\/v2\/posts\/100196\/revisions"}],"predecessor-version":[{"id":100201,"href":"http:\/\/www.tvturk.com\/index.php\/wp-json\/wp\/v2\/posts\/100196\/revisions\/100201"}],"wp:featuredmedia":[{"embeddable":true,"href":"http:\/\/www.tvturk.com\/index.php\/wp-json\/wp\/v2\/media\/100197"}],"wp:attachment":[{"href":"http:\/\/www.tvturk.com\/index.php\/wp-json\/wp\/v2\/media?parent=100196"}],"wp:term":[{"taxonomy":"category","embeddable":true,"href":"http:\/\/www.tvturk.com\/index.php\/wp-json\/wp\/v2\/categories?post=100196"},{"taxonomy":"post_tag","embeddable":true,"href":"http:\/\/www.tvturk.com\/index.php\/wp-json\/wp\/v2\/tags?post=100196"}],"curies":[{"name":"wp","href":"https:\/\/api.w.org\/{rel}","templated":true}]}}