{"id":10023,"date":"2019-02-07T17:53:53","date_gmt":"2019-02-07T14:53:53","guid":{"rendered":"http:\/\/www.tvturk.com\/index.php\/giresunda-apartmanin-cati-katinda-cikan-yangin-korkuttu\/"},"modified":"2019-02-07T17:53:53","modified_gmt":"2019-02-07T14:53:53","slug":"giresunda-apartmanin-cati-katinda-cikan-yangin-korkuttu","status":"publish","type":"post","link":"http:\/\/www.tvturk.com\/index.php\/giresunda-apartmanin-cati-katinda-cikan-yangin-korkuttu\/","title":{"rendered":"Giresun\u2019da apartman\u0131n \u00e7at\u0131 kat\u0131nda \u00e7\u0131kan yang\u0131n korkuttu"},"content":{"rendered":"<p>Giresun\u2019un Tirebolu il\u00e7esinde bir apartman\u0131n \u00e7at\u0131 kat\u0131nda \u00e7\u0131kan yang\u0131n itfaiye ekiplerince s\u00f6nd\u00fcr\u00fcld\u00fc.<\/p>\n<p>Edinilen bilgiye g\u00f6re, Tirebolu il\u00e7esinde bir apartman\u0131n \u00e7at\u0131 kat\u0131nda yang\u0131n \u00e7\u0131kt\u0131. Yang\u0131n itfaiye ekiplerinin 1 saat s\u00fcren \u00e7al\u0131\u015fmalar\u0131 sonucu s\u00f6nd\u00fcr\u00fcld\u00fc. Ev kullan\u0131lmaz hale gelirken, yang\u0131n esnas\u0131nda evde kimsenin olmamas\u0131 can kayb\u0131n\u0131n \u00f6n\u00fcne ge\u00e7ti. \u0130tfaiye yang\u0131n\u0131n \u00e7\u0131k\u0131\u015f nedenini ara\u015ft\u0131r\u0131yor.<\/p>\n","protected":false},"excerpt":{"rendered":"<p>G\u0130RESUN\u2019UN T\u0130REBOLU \u0130L\u00c7ES\u0130NDE B\u0130R APARTMANIN \u00c7ATI KATINDA \u00c7IKAN YANGIN, \u0130TFA\u0130YE EK\u0130PLER\u0130NCE S\u00d6ND\u00dcR\u00dcLD\u00dc.<\/p>\n","protected":false},"author":1,"featured_media":10024,"comment_status":"closed","ping_status":"open","sticky":false,"template":"","format":"standard","meta":{"jetpack_post_was_ever_published":false,"_jetpack_newsletter_access":"","_jetpack_dont_email_post_to_subs":false,"_jetpack_newsletter_tier_id":0,"_jetpack_memberships_contains_paywalled_content":false,"_jetpack_memberships_contains_paid_content":false,"footnotes":"","jetpack_publicize_message":"","jetpack_publicize_feature_enabled":true,"jetpack_social_post_already_shared":false,"jetpack_social_options":{"image_generator_settings":{"template":"highway","default_image_id":0,"font":"","enabled":false},"version":2}},"categories":[655],"tags":[5280,5073,2114,850,5074,4877,1617],"class_list":["post-10023","post","type-post","status-publish","format-standard","has-post-thumbnail","hentry","category-son-dakika","tag-apartmanin","tag-cati","tag-cikan","tag-giresunda","tag-katinda","tag-korkuttu","tag-yangin"],"jetpack_publicize_connections":[],"jetpack_featured_media_url":"https:\/\/i0.wp.com\/www.tvturk.com\/wp-content\/uploads\/2019\/02\/giresunda-apartmanin-cati-katinda-cikan-yangin-korkuttu_880003e.jpg?fit=756%2C567","jetpack_sharing_enabled":true,"jetpack_shortlink":"https:\/\/wp.me\/paKIfm-2BF","_links":{"self":[{"href":"http:\/\/www.tvturk.com\/index.php\/wp-json\/wp\/v2\/posts\/10023","targetHints":{"allow":["GET"]}}],"collection":[{"href":"http:\/\/www.tvturk.com\/index.php\/wp-json\/wp\/v2\/posts"}],"about":[{"href":"http:\/\/www.tvturk.com\/index.php\/wp-json\/wp\/v2\/types\/post"}],"author":[{"embeddable":true,"href":"http:\/\/www.tvturk.com\/index.php\/wp-json\/wp\/v2\/users\/1"}],"replies":[{"embeddable":true,"href":"http:\/\/www.tvturk.com\/index.php\/wp-json\/wp\/v2\/comments?post=10023"}],"version-history":[{"count":0,"href":"http:\/\/www.tvturk.com\/index.php\/wp-json\/wp\/v2\/posts\/10023\/revisions"}],"wp:featuredmedia":[{"embeddable":true,"href":"http:\/\/www.tvturk.com\/index.php\/wp-json\/wp\/v2\/media\/10024"}],"wp:attachment":[{"href":"http:\/\/www.tvturk.com\/index.php\/wp-json\/wp\/v2\/media?parent=10023"}],"wp:term":[{"taxonomy":"category","embeddable":true,"href":"http:\/\/www.tvturk.com\/index.php\/wp-json\/wp\/v2\/categories?post=10023"},{"taxonomy":"post_tag","embeddable":true,"href":"http:\/\/www.tvturk.com\/index.php\/wp-json\/wp\/v2\/tags?post=10023"}],"curies":[{"name":"wp","href":"https:\/\/api.w.org\/{rel}","templated":true}]}}