{"id":100250,"date":"2019-03-18T16:39:41","date_gmt":"2019-03-18T13:39:41","guid":{"rendered":"http:\/\/www.tvturk.com\/index.php\/senol-gunes-hepimiz-burada-ulkenin-birer-askeri-olacagiz\/"},"modified":"2019-03-18T16:39:43","modified_gmt":"2019-03-18T13:39:43","slug":"senol-gunes-hepimiz-burada-ulkenin-birer-askeri-olacagiz","status":"publish","type":"post","link":"http:\/\/www.tvturk.com\/index.php\/senol-gunes-hepimiz-burada-ulkenin-birer-askeri-olacagiz\/","title":{"rendered":"\u015eenol G\u00fcne\u015f: \u201cHepimiz burada \u00fclkenin birer askeri olaca\u011f\u0131z\u201d"},"content":{"rendered":"<p>A Milli Futbol Tak\u0131m\u0131 Teknik Direkt\u00f6r\u00fc \u015eenol G\u00fcne\u015f, \u201cHerkes milli tak\u0131m\u0131n ba\u015far\u0131s\u0131n\u0131 istiyor. Bu sadece benim i\u015fim olmayacak, herkesin i\u015fi olacak. Biz do\u011frudan yanay\u0131z, burada da en iyisini yapaca\u011f\u0131z. Hepimiz burada \u00fclkenin birer askeri olaca\u011f\u0131z\u201d dedi. Milli tak\u0131mda birlik ve beraberlik \u00e7a\u011fr\u0131s\u0131 yapan G\u00fcne\u015f, \u201cE\u011fer milli tak\u0131m ortak bir de\u011ferse gelin birlikte \u00e7al\u0131\u015fal\u0131m ve yar\u0131n\u0131 beraber planlayal\u0131m. Tart\u0131\u015fmalar\u0131m\u0131z\u0131 kavga etmeden yapal\u0131m ve do\u011frularda bulu\u015fal\u0131m\u201d diye konu\u015ftu.<\/p>\n<p>A Milli Tak\u0131m Teknik Direkt\u00f6r\u00fc \u015eenol G\u00fcne\u015f, 2020 Avrupa \u015eampiyonas\u0131 Elemeleri\u2019nde Arnavutluk ve Moldova ile oynanacak kar\u015f\u0131la\u015fmalar \u00f6ncesi Riva\u2019daki TFF Hasan Do\u011fan Milli Tak\u0131mlar Kamp ve E\u011fitim Tesisleri\u2019nde bas\u0131n toplant\u0131s\u0131 d\u00fczenledi. \u00c7anakkale \u015eehitleri\u2019ni anarak s\u00f6ze ba\u015flayan G\u00fcne\u015f, \u201cVatan\u0131n ba\u011f\u0131ms\u0131zl\u0131\u011f\u0131 i\u00e7in kendilerini feda eden \u015fehitlerimizi rahmetle an\u0131yorum. \u00dclkemizde huzurla ya\u015f\u0131yorsak onlar\u0131n sayesindedir. Milli tak\u0131m\u0131m\u0131zda yeni bir d\u00f6nem ba\u015fl\u0131yor. \u0130lk hedefimiz 2020\u2019ye kat\u0131lmakt\u0131r. Eski ba\u015fkanlara, Lucescu da dahil eski teknik adamlara, personellere ve t\u00fcm eme\u011fi ge\u00e7enlere te\u015fekk\u00fcr ediyorum. Bug\u00fcn iyi bir durumda olmasak da bug\u00fcnlere onlar sayesinde geldik\u201d dedi.<\/p>\n<p>\u201cKavga etmeden, do\u011frularda bulu\u015fal\u0131m\u201d<\/p>\n<p>Milli tak\u0131m\u0131n ba\u015far\u0131s\u0131 i\u00e7in birlik ve beraberlik \u00e7a\u011fr\u0131s\u0131 yapan tecr\u00fcbeli \u00e7al\u0131\u015ft\u0131r\u0131c\u0131, \u201cE\u011fer milli tak\u0131m ortak bir de\u011ferse gelin birlikte \u00e7al\u0131\u015fal\u0131m ve yar\u0131n\u0131 beraber planlayal\u0131m. Tart\u0131\u015fmalar\u0131m\u0131z\u0131 kavga etmeden yapal\u0131m ve do\u011frularda bulu\u015fal\u0131m. 1954, 1996, 2000, 2002 ve 2008\u2019de izlediklerimizin daha b\u00fcy\u00fcklerini yapal\u0131m. Herkesin hayali vard\u0131r ama birlikte hayal edelim. Bu hayallerimizde hayata ge\u00e7irilmesi muhtemel olanlar\u0131n olmas\u0131n\u0131 isteyelim. D\u00fc\u015f kural\u0131m ama d\u00fc\u015f satmayal\u0131m. Avrupa \u015eampiyonas\u0131 ve D\u00fcnya Kupas\u0131 hedefleri i\u00e7in buraday\u0131m. \u015eu anda ge\u00e7ici bir g\u00f6revde oldu\u011fumu herkes biliyor. Her T\u00fcrk insan\u0131 gibi ben de \u00fclkem i\u00e7in \u00e7al\u0131\u015ft\u0131\u011f\u0131m i\u00e7in gurur duyuyorum. Avrupa ve D\u00fcnya \u015eampiyonas\u0131\u2019na uzaktan m\u0131 bakaca\u011f\u0131z, i\u00e7inde mi olaca\u011f\u0131z? \u0130\u00e7inde olmak, \u2018Neden \u015fampiyon olmad\u0131k\u2019 d\u00fc\u015f\u00fcncesinden daha iyidir. Sevinci de h\u00fczn\u00fc de beraber ya\u015fayal\u0131m. \u00dclkemizde \u00e7ok de\u011ferli teknik adamlar ve oyuncular var. Bilgiye verilen de\u011feri art\u0131ral\u0131m. Futbol d\u00fcnyas\u0131n\u0131n neresindeyiz ve nereye gidiyoruz. Yerimizi tespit edip y\u00f6n\u00fcm\u00fcz\u00fc \u00e7izelim. \u00c7ocuklar\u0131m\u0131za ne miras b\u0131rakaca\u011f\u0131z? Bunun i\u00e7in sorun de\u011fil \u00e7\u00f6z\u00fcm \u00fcretmek gerekir. Yeni bir heyecan ve hayalle yola \u00e7\u0131k\u0131yoruz. Herkesin gurur duyaca\u011f\u0131 bir milli tak\u0131m olmas\u0131 i\u00e7in elimden geleni yapaca\u011f\u0131ma s\u00f6z veriyorum. Ayr\u0131mc\u0131l\u0131\u011f\u0131 kesinlikle istemiyorum. Kriz de\u011fil, ba\u015far\u0131 i\u00e7in buraday\u0131z. \u00dclkemizde insanlar mutlu ve umutlu olmak istiyoruz. Futbolda bunu sa\u011flamak istiyoruz. En b\u00fcy\u00fck arzum \u00fclkedeki b\u00fct\u00fcn insanlar\u0131n y\u00fcz\u00fcn\u00fcn g\u00fclmesi. \u00d6zg\u00fcrl\u00fck ve cesaretimiz ba\u015far\u0131n\u0131n anahtar\u0131 olacak\u201d a\u00e7\u0131klamas\u0131n\u0131 yapt\u0131.<\/p>\n<p>\u201cBurada en iyisini yapaca\u011f\u0131z\u201d<\/p>\n<p>Milli tak\u0131mda gelece\u011fi d\u00fc\u015f\u00fcnerek hareket edeceklerinin alt\u0131n\u0131 \u00e7izen G\u00fcne\u015f, \u201c\u0130lk hedefimiz Arnavutluk ve Moldova ma\u00e7lar\u0131n\u0131 kazanmakt\u0131r. Bu iki ma\u00e7l\u0131k d\u00f6nemi milli hafta olarak g\u00f6r\u00fcyorum. Herkes milli tak\u0131m\u0131n ba\u015far\u0131s\u0131n\u0131 istiyor. Bu sadece benim i\u015fim olmayacak, herkesin i\u015fi olacak. Hem gen\u00e7 hem tecr\u00fcbeli oyuncular\u0131m\u0131z var. Bug\u00fcn\u00fc ve gelece\u011fi d\u00fc\u015f\u00fcnerek hareket edece\u011fiz. Milli tak\u0131mda, haz\u0131r olan b\u00fct\u00fcn futbolculara \u015fans gelecektir. Aram\u0131zda olanlar da var, aram\u0131zda olmay\u0131p ileride burada olacak olanlar da var. Biz do\u011frudan yanay\u0131z, burada da en iyisini yapaca\u011f\u0131z. Hepimiz burada \u00fclkenin birer askeri olaca\u011f\u0131z\u201d dedi.<\/p>\n<p>\u201cB\u00fct\u00fcn turnuvalarda yer almak istiyoruz\u201d<\/p>\n<p>Eksikleri tespit edip tak\u0131m olma yolunda ilerleyeceklerini belirten G\u00fcne\u015f, \u201cBu ait olma duygusu olmad\u0131\u011f\u0131 zaman, profesyonelce yap\u0131lan i\u015f bizi ba\u015far\u0131ya g\u00f6t\u00fcrm\u00fcyor. Kendi oyuncu yetene\u011fini bir \u00fcst seviyede kulland\u0131\u011f\u0131n\u0131z aland\u0131r milli tak\u0131m. \u00d6rnekleri ge\u00e7mi\u015fte var. Ba\u015far\u0131l\u0131 olmak i\u00e7in eksiklerimizi tespit edip iyi bir tak\u0131m olaca\u011f\u0131z. Mehmet Topal\u2019\u0131n tedavisi i\u00e7in aram\u0131zdan ayr\u0131lmas\u0131 gerekiyor. Aram\u0131zda olmas\u0131n\u0131 istemi\u015ftim. Oynamasa da tak\u0131m\u0131n par\u00e7as\u0131 oldu\u011funu g\u00f6stermesini istedim ancak tedavi olmas\u0131 gerekti\u011fi i\u00e7in aram\u0131zdan ayr\u0131ld\u0131. Bug\u00fcn yolda olan Cenk Tosun, Sinan Bolat ve Hakan \u00c7alhano\u011flu da tak\u0131ma kat\u0131lacaklar. Bunun d\u0131\u015f\u0131nda herhangi bir eksi\u011fimiz yok. Buradaki kalabal\u0131\u011f\u0131 umar\u0131m Avrupa ve D\u00fcnya \u015eampiyonas\u0131\u2019nda da g\u00f6r\u00fcr\u00fcz. B\u00fct\u00fcn d\u00fcnya bas\u0131n\u0131n oldu\u011fu turnuvalarda bu \u015fekilde yer almak istiyoruz\u201d de\u011ferlendirmesinde bulundu.<\/p>\n<p>\u201cEle\u015ftirilerinizi her zaman dinleyece\u011fim\u201d<\/p>\n<p>G\u00fcne\u015f, Arnavutluk ve Moldova ma\u00e7lar\u0131n\u0131n \u00f6nemine dikkat \u00e7ekerek, \u201cArnavutluk ve Moldova ma\u00e7lar\u0131n\u0131 kazan\u0131rsak Fransa ve \u0130zlanda ma\u00e7lar\u0131n\u0131n \u00f6nemi daha da artar. Bug\u00fcnden Avrupa \u015eampiyonas\u0131\u2019n\u0131 g\u00f6rme durumunday\u0131z. Bug\u00fcn aram\u0131zda bulunan oyunculara bakt\u0131\u011f\u0131m\u0131zda Emre, Burak, G\u00f6khan, Mahmut, Hasan Ali, bizimle olmayan Sel\u00e7uk \u0130nan, Arda, Caner, hepsi milli tak\u0131m i\u00e7in heyecan duymal\u0131. Aram\u0131zda olmayan Rize kalecisi G\u00f6khan, Konyaspor kalecisi Serkan, mutlaka aram\u0131zda olacakt\u0131r. Okan Y\u0131lmaz\u2019\u0131 2 sene gol kral\u0131 oldu\u011funda almad\u0131k, daha sonra ald\u0131k. \u00c7ok yetenekli ve gen\u00e7 arkada\u015flar\u0131m\u0131z var ama \u015fu anda futbol ad\u0131na s\u0131k\u0131nt\u0131l\u0131lar. Ya\u015f\u0131 itibariyle tecr\u00fcbeli olan arkada\u015flar\u0131m\u0131z var kadroda. Ele\u015ftirilerinizi her zaman dinleyece\u011fim. Herkesin g\u00f6r\u00fc\u015f\u00fc farkl\u0131d\u0131r ve sonunda karar\u0131 ben verece\u011fim. Ama do\u011fru karar\u0131 vermem i\u00e7in hepinizin d\u00fc\u015f\u00fcnceleri \u00f6nemli\u201d yorumunu yapt\u0131.<div class=\"tiled-gallery type-rectangular tiled-gallery-unresized\" data-original-width=\"500\" data-carousel-extra='null' itemscope itemtype=\"http:\/\/schema.org\/ImageGallery\" > <div class=\"gallery-row\" style=\"width: 500px; height: 169px;\" data-original-width=\"500\" data-original-height=\"169\" > <div class=\"gallery-group images-1\" style=\"width: 220px; height: 169px;\" data-original-width=\"220\" data-original-height=\"169\" > <div class=\"tiled-gallery-item tiled-gallery-item-small\" itemprop=\"associatedMedia\" itemscope itemtype=\"http:\/\/schema.org\/ImageObject\"> <a href=\"http:\/\/www.tvturk.com\/index.php\/senol-gunes-hepimiz-burada-ulkenin-birer-askeri-olacagiz\/senol-gunes-hepimiz-burada-ulkenin-birer-askeri-olacagiz-3\/\" border=\"0\" itemprop=\"url\"> <meta itemprop=\"width\" content=\"216\"> <meta itemprop=\"height\" content=\"165\"> <img decoding=\"async\" class=\"\" data-attachment-id=\"100252\" data-orig-file=\"http:\/\/www.tvturk.com\/wp-content\/uploads\/2019\/03\/senol-gunes-hepimiz-burada-ulkenin-birer-askeri-olacagiz_4567e1b.jpg\" data-orig-size=\"1000,766\" data-comments-opened=\"\" data-image-meta=\"{&quot;aperture&quot;:&quot;0&quot;,&quot;credit&quot;:&quot;IHA&quot;,&quot;camera&quot;:&quot;&quot;,&quot;caption&quot;:&quot;A M\\u0130LL\\u0130 FUTBOL TAKIMI TEKN\\u0130K D\\u0130REKT\\u00d6R\\u00dc \\u015eENOL G\\u00dcNE\\u015e, \\u201cHERKES M\\u0130LL\\u0130 TAKIMIN BA\\u015eARISINI \\u0130ST\\u0130YOR. BU SADECE BEN\\u0130M \\u0130\\u015e\\u0130M OLMAYACAK, HERKES\\u0130N \\u0130\\u015e\\u0130 OLACAK. B\\u0130Z DO\\u011eRUDAN YANAYIZ, BURADA DA EN \\u0130Y\\u0130S\\u0130N\\u0130 YAPACA\\u011eIZ. HEP\\u0130M\\u0130Z BURADA \\u00dcLKEN\\u0130N B\\u0130RER ASKER\\u0130 OLACA\\u011eIZ\\u201d DED\\u0130. M\\u0130LL\\u0130 TAKIMDA B\\u0130RL\\u0130K VE BERABERL\\u0130K \\u00c7A\\u011eRISI YAPAN G\\u00dcNE\\u015e, \\u201cE\\u011eER M\\u0130LL\\u0130 TAKIM ORTAK B\\u0130R DE\\u011eERSE GEL\\u0130N B\\u0130RL\\u0130KTE \\u00c7ALI\\u015eALIM VE YARINI BERABER PLANLAYALIM. TARTI\\u015eMALARIMIZI KAVGA ETMEDEN YAPALIM VE DO\\u011eRULARDA BULU\\u015eALIM\\u201d D\\u0130YE KONU\\u015eTU. (G\\u00dcVEN MERT ERCAN\\\/\\u0130STANBUL-\\u0130HA)&quot;,&quot;created_timestamp&quot;:&quot;0&quot;,&quot;copyright&quot;:&quot;\\u0130HLAS HABER AJANSI, www.iha.com.tr&quot;,&quot;focal_length&quot;:&quot;0&quot;,&quot;iso&quot;:&quot;0&quot;,&quot;shutter_speed&quot;:&quot;0&quot;,&quot;title&quot;:&quot;\\u015eENOL G\\u00dcNE\\u015e: \\u201cHEP\\u0130M\\u0130Z BURADA \\u00dcLKEN\\u0130N B\\u0130RER ASKER\\u0130 OLACA\\u011eIZ\\u201d A M\\u0130LL\\u0130 FUTBOL TAKIMI TEKN\\u0130K D\\u0130REKT\\u00d6R\\u00dc \\u015eENOL G\\u00dcNE\\u015e: \\u201cGEL\\u0130N B\\u0130RL\\u0130KTE \\u00c7ALI\\u015eALIM VE YARINI BERABER PLANLAYALIM\\u201d \\u201cB\\u0130Z DO\\u011eRUDAN YANAYIZ, BURADA DA EN \\u0130Y\\u0130S\\u0130N\\u0130 YAPACA\\u011eIZ\\u201d \\u201cB\\u00dcT\\u00dcN TURNUVALARDA YER ALMAK \\u0130ST\\u0130YORUZ\\u201d&quot;,&quot;orientation&quot;:&quot;0&quot;}\" data-image-title=\"\u015eenol G\u00fcne\u015f: \u201cHepimiz burada \u00fclkenin birer askeri olaca\u011f\u0131z\u201d\" data-image-description=\"&lt;p&gt;\u015eenol G\u00fcne\u015f: \u201cHepimiz burada \u00fclkenin birer askeri olaca\u011f\u0131z\u201d&lt;\/p&gt; \" data-medium-file=\"https:\/\/i0.wp.com\/www.tvturk.com\/wp-content\/uploads\/2019\/03\/senol-gunes-hepimiz-burada-ulkenin-birer-askeri-olacagiz_4567e1b.jpg?fit=300%2C230\" data-large-file=\"https:\/\/i0.wp.com\/www.tvturk.com\/wp-content\/uploads\/2019\/03\/senol-gunes-hepimiz-burada-ulkenin-birer-askeri-olacagiz_4567e1b.jpg?fit=1000%2C766\" src=\"https:\/\/i0.wp.com\/www.tvturk.com\/wp-content\/uploads\/2019\/03\/senol-gunes-hepimiz-burada-ulkenin-birer-askeri-olacagiz_4567e1b.jpg?w=216&#038;h=165\" srcset=\"https:\/\/i0.wp.com\/www.tvturk.com\/wp-content\/uploads\/2019\/03\/senol-gunes-hepimiz-burada-ulkenin-birer-askeri-olacagiz_4567e1b.jpg?w=1000 1000w, https:\/\/i0.wp.com\/www.tvturk.com\/wp-content\/uploads\/2019\/03\/senol-gunes-hepimiz-burada-ulkenin-birer-askeri-olacagiz_4567e1b.jpg?resize=150%2C115 150w, https:\/\/i0.wp.com\/www.tvturk.com\/wp-content\/uploads\/2019\/03\/senol-gunes-hepimiz-burada-ulkenin-birer-askeri-olacagiz_4567e1b.jpg?resize=300%2C230 300w, https:\/\/i0.wp.com\/www.tvturk.com\/wp-content\/uploads\/2019\/03\/senol-gunes-hepimiz-burada-ulkenin-birer-askeri-olacagiz_4567e1b.jpg?resize=768%2C588 768w\" width=\"216\" height=\"165\" loading=\"lazy\" data-original-width=\"216\" data-original-height=\"165\" itemprop=\"http:\/\/schema.org\/image\" title=\"\u015eenol G\u00fcne\u015f: \u201cHepimiz burada \u00fclkenin birer askeri olaca\u011f\u0131z\u201d\" alt=\"\u015eenol G\u00fcne\u015f: \u201cHepimiz burada \u00fclkenin birer askeri olaca\u011f\u0131z\u201d\" style=\"width: 216px; height: 165px;\" \/> <\/a> <\/div> <\/div> <!-- close group --> <div class=\"gallery-group images-1\" style=\"width: 280px; height: 169px;\" data-original-width=\"280\" data-original-height=\"169\" > <div class=\"tiled-gallery-item tiled-gallery-item-large\" itemprop=\"associatedMedia\" itemscope itemtype=\"http:\/\/schema.org\/ImageObject\"> <a href=\"http:\/\/www.tvturk.com\/index.php\/senol-gunes-hepimiz-burada-ulkenin-birer-askeri-olacagiz\/senol-gunes-hepimiz-burada-ulkenin-birer-askeri-olacagiz-4\/\" border=\"0\" itemprop=\"url\"> <meta itemprop=\"width\" content=\"276\"> <meta itemprop=\"height\" content=\"165\"> <img decoding=\"async\" class=\"\" data-attachment-id=\"100253\" data-orig-file=\"http:\/\/www.tvturk.com\/wp-content\/uploads\/2019\/03\/senol-gunes-hepimiz-burada-ulkenin-birer-askeri-olacagiz_ab37566.jpg\" data-orig-size=\"1000,598\" data-comments-opened=\"\" data-image-meta=\"{&quot;aperture&quot;:&quot;0&quot;,&quot;credit&quot;:&quot;IHA&quot;,&quot;camera&quot;:&quot;&quot;,&quot;caption&quot;:&quot;A M\\u0130LL\\u0130 FUTBOL TAKIMI TEKN\\u0130K D\\u0130REKT\\u00d6R\\u00dc \\u015eENOL G\\u00dcNE\\u015e, \\u201cHERKES M\\u0130LL\\u0130 TAKIMIN BA\\u015eARISINI \\u0130ST\\u0130YOR. BU SADECE BEN\\u0130M \\u0130\\u015e\\u0130M OLMAYACAK, HERKES\\u0130N \\u0130\\u015e\\u0130 OLACAK. B\\u0130Z DO\\u011eRUDAN YANAYIZ, BURADA DA EN \\u0130Y\\u0130S\\u0130N\\u0130 YAPACA\\u011eIZ. HEP\\u0130M\\u0130Z BURADA \\u00dcLKEN\\u0130N B\\u0130RER ASKER\\u0130 OLACA\\u011eIZ\\u201d DED\\u0130. M\\u0130LL\\u0130 TAKIMDA B\\u0130RL\\u0130K VE BERABERL\\u0130K \\u00c7A\\u011eRISI YAPAN G\\u00dcNE\\u015e, \\u201cE\\u011eER M\\u0130LL\\u0130 TAKIM ORTAK B\\u0130R DE\\u011eERSE GEL\\u0130N B\\u0130RL\\u0130KTE \\u00c7ALI\\u015eALIM VE YARINI BERABER PLANLAYALIM. TARTI\\u015eMALARIMIZI KAVGA ETMEDEN YAPALIM VE DO\\u011eRULARDA BULU\\u015eALIM\\u201d D\\u0130YE KONU\\u015eTU. (G\\u00dcVEN MERT ERCAN\\\/\\u0130STANBUL-\\u0130HA)&quot;,&quot;created_timestamp&quot;:&quot;0&quot;,&quot;copyright&quot;:&quot;\\u0130HLAS HABER AJANSI, www.iha.com.tr&quot;,&quot;focal_length&quot;:&quot;0&quot;,&quot;iso&quot;:&quot;0&quot;,&quot;shutter_speed&quot;:&quot;0&quot;,&quot;title&quot;:&quot;\\u015eENOL G\\u00dcNE\\u015e: \\u201cHEP\\u0130M\\u0130Z BURADA \\u00dcLKEN\\u0130N B\\u0130RER ASKER\\u0130 OLACA\\u011eIZ\\u201d A M\\u0130LL\\u0130 FUTBOL TAKIMI TEKN\\u0130K D\\u0130REKT\\u00d6R\\u00dc \\u015eENOL G\\u00dcNE\\u015e: \\u201cGEL\\u0130N B\\u0130RL\\u0130KTE \\u00c7ALI\\u015eALIM VE YARINI BERABER PLANLAYALIM\\u201d \\u201cB\\u0130Z DO\\u011eRUDAN YANAYIZ, BURADA DA EN \\u0130Y\\u0130S\\u0130N\\u0130 YAPACA\\u011eIZ\\u201d \\u201cB\\u00dcT\\u00dcN TURNUVALARDA YER ALMAK \\u0130ST\\u0130YORUZ\\u201d&quot;,&quot;orientation&quot;:&quot;0&quot;}\" data-image-title=\"\u015eenol G\u00fcne\u015f: \u201cHepimiz burada \u00fclkenin birer askeri olaca\u011f\u0131z\u201d\" data-image-description=\"&lt;p&gt;\u015eenol G\u00fcne\u015f: \u201cHepimiz burada \u00fclkenin birer askeri olaca\u011f\u0131z\u201d&lt;\/p&gt; \" data-medium-file=\"https:\/\/i0.wp.com\/www.tvturk.com\/wp-content\/uploads\/2019\/03\/senol-gunes-hepimiz-burada-ulkenin-birer-askeri-olacagiz_ab37566.jpg?fit=300%2C179\" data-large-file=\"https:\/\/i0.wp.com\/www.tvturk.com\/wp-content\/uploads\/2019\/03\/senol-gunes-hepimiz-burada-ulkenin-birer-askeri-olacagiz_ab37566.jpg?fit=1000%2C598\" src=\"https:\/\/i0.wp.com\/www.tvturk.com\/wp-content\/uploads\/2019\/03\/senol-gunes-hepimiz-burada-ulkenin-birer-askeri-olacagiz_ab37566.jpg?w=276&#038;h=165\" srcset=\"https:\/\/i0.wp.com\/www.tvturk.com\/wp-content\/uploads\/2019\/03\/senol-gunes-hepimiz-burada-ulkenin-birer-askeri-olacagiz_ab37566.jpg?w=1000 1000w, https:\/\/i0.wp.com\/www.tvturk.com\/wp-content\/uploads\/2019\/03\/senol-gunes-hepimiz-burada-ulkenin-birer-askeri-olacagiz_ab37566.jpg?resize=150%2C90 150w, https:\/\/i0.wp.com\/www.tvturk.com\/wp-content\/uploads\/2019\/03\/senol-gunes-hepimiz-burada-ulkenin-birer-askeri-olacagiz_ab37566.jpg?resize=300%2C179 300w, https:\/\/i0.wp.com\/www.tvturk.com\/wp-content\/uploads\/2019\/03\/senol-gunes-hepimiz-burada-ulkenin-birer-askeri-olacagiz_ab37566.jpg?resize=768%2C459 768w, https:\/\/i0.wp.com\/www.tvturk.com\/wp-content\/uploads\/2019\/03\/senol-gunes-hepimiz-burada-ulkenin-birer-askeri-olacagiz_ab37566.jpg?resize=187%2C113 187w\" width=\"276\" height=\"165\" loading=\"lazy\" data-original-width=\"276\" data-original-height=\"165\" itemprop=\"http:\/\/schema.org\/image\" title=\"\u015eenol G\u00fcne\u015f: \u201cHepimiz burada \u00fclkenin birer askeri olaca\u011f\u0131z\u201d\" alt=\"\u015eenol G\u00fcne\u015f: \u201cHepimiz burada \u00fclkenin birer askeri olaca\u011f\u0131z\u201d\" style=\"width: 276px; height: 165px;\" \/> <\/a> <\/div> <\/div> <!-- close group --> <\/div> <!-- close row --> <\/div><\/p>\n","protected":false},"excerpt":{"rendered":"<p>A M\u0130LL\u0130 FUTBOL TAKIMI TEKN\u0130K D\u0130REKT\u00d6R\u00dc \u015eENOL G\u00dcNE\u015e, \u201cHERKES M\u0130LL\u0130 TAKIMIN BA\u015eARISINI \u0130ST\u0130YOR. BU SADECE BEN\u0130M \u0130\u015e\u0130M OLMAYACAK, HERKES\u0130N \u0130\u015e\u0130 OLACAK. B\u0130Z DO\u011eRUDAN YANAYIZ, BURADA DA EN \u0130Y\u0130S\u0130N\u0130 YAPACA\u011eIZ. HEP\u0130M\u0130Z BURADA \u00dcLKEN\u0130N B\u0130RER ASKER\u0130 OLACA\u011eIZ\u201d DED\u0130. M\u0130LL\u0130 TAKIMDA B\u0130RL\u0130K VE BERABERL\u0130K \u00c7A\u011eRISI YAPAN G\u00dcNE\u015e, \u201cE\u011eER M\u0130LL\u0130 TAKIM ORTAK B\u0130R DE\u011eERSE GEL\u0130N B\u0130RL\u0130KTE \u00c7ALI\u015eALIM VE YARINI BERABER PLANLAYALIM. TARTI\u015eMALARIMIZI KAVGA ETMEDEN YAPALIM VE DO\u011eRULARDA BULU\u015eALIM\u201d D\u0130YE KONU\u015eTU.<\/p>\n","protected":false},"author":1,"featured_media":100251,"comment_status":"closed","ping_status":"open","sticky":false,"template":"","format":"standard","meta":{"jetpack_post_was_ever_published":false,"_jetpack_newsletter_access":"","_jetpack_dont_email_post_to_subs":false,"_jetpack_newsletter_tier_id":0,"_jetpack_memberships_contains_paywalled_content":false,"_jetpack_memberships_contains_paid_content":false,"footnotes":"","jetpack_publicize_message":"","jetpack_publicize_feature_enabled":true,"jetpack_social_post_already_shared":true,"jetpack_social_options":{"image_generator_settings":{"template":"highway","default_image_id":0,"font":"","enabled":false},"version":2}},"categories":[657],"tags":[1170,17334,25906,10815,1386,2373,7695,4938],"class_list":["post-100250","post","type-post","status-publish","format-standard","has-post-thumbnail","hentry","category-spor","tag-askeri","tag-hepimiz","tag-birer","tag-burada","tag-gunes","tag-olacagiz","tag-senol","tag-ulkenin"],"jetpack_publicize_connections":[],"jetpack_featured_media_url":"https:\/\/i0.wp.com\/www.tvturk.com\/wp-content\/uploads\/2019\/03\/senol-gunes-hepimiz-burada-ulkenin-birer-askeri-olacagiz_1915a81.jpg?fit=1000%2C588","jetpack_sharing_enabled":true,"jetpack_shortlink":"https:\/\/wp.me\/paKIfm-q4W","_links":{"self":[{"href":"http:\/\/www.tvturk.com\/index.php\/wp-json\/wp\/v2\/posts\/100250","targetHints":{"allow":["GET"]}}],"collection":[{"href":"http:\/\/www.tvturk.com\/index.php\/wp-json\/wp\/v2\/posts"}],"about":[{"href":"http:\/\/www.tvturk.com\/index.php\/wp-json\/wp\/v2\/types\/post"}],"author":[{"embeddable":true,"href":"http:\/\/www.tvturk.com\/index.php\/wp-json\/wp\/v2\/users\/1"}],"replies":[{"embeddable":true,"href":"http:\/\/www.tvturk.com\/index.php\/wp-json\/wp\/v2\/comments?post=100250"}],"version-history":[{"count":1,"href":"http:\/\/www.tvturk.com\/index.php\/wp-json\/wp\/v2\/posts\/100250\/revisions"}],"predecessor-version":[{"id":100254,"href":"http:\/\/www.tvturk.com\/index.php\/wp-json\/wp\/v2\/posts\/100250\/revisions\/100254"}],"wp:featuredmedia":[{"embeddable":true,"href":"http:\/\/www.tvturk.com\/index.php\/wp-json\/wp\/v2\/media\/100251"}],"wp:attachment":[{"href":"http:\/\/www.tvturk.com\/index.php\/wp-json\/wp\/v2\/media?parent=100250"}],"wp:term":[{"taxonomy":"category","embeddable":true,"href":"http:\/\/www.tvturk.com\/index.php\/wp-json\/wp\/v2\/categories?post=100250"},{"taxonomy":"post_tag","embeddable":true,"href":"http:\/\/www.tvturk.com\/index.php\/wp-json\/wp\/v2\/tags?post=100250"}],"curies":[{"name":"wp","href":"https:\/\/api.w.org\/{rel}","templated":true}]}}