{"id":100298,"date":"2019-03-18T16:56:50","date_gmt":"2019-03-18T13:56:50","guid":{"rendered":"http:\/\/www.tvturk.com\/index.php\/senol-gunes-once-avrupa-sampiyonasina-sonra-dunya-kupasina-gitmek-istiyoruz\/"},"modified":"2019-03-18T16:56:53","modified_gmt":"2019-03-18T13:56:53","slug":"senol-gunes-once-avrupa-sampiyonasina-sonra-dunya-kupasina-gitmek-istiyoruz","status":"publish","type":"post","link":"http:\/\/www.tvturk.com\/index.php\/senol-gunes-once-avrupa-sampiyonasina-sonra-dunya-kupasina-gitmek-istiyoruz\/","title":{"rendered":"\u015eenol G\u00fcne\u015f: \u201c\u00d6nce Avrupa \u015eampiyonas\u0131\u2019na sonra D\u00fcnya Kupas\u0131\u2019na gitmek istiyoruz\u201d"},"content":{"rendered":"<p>A Milli Tak\u0131m Teknik Direkt\u00f6r\u00fc \u015eenol G\u00fcne\u015f, Milli Tak\u0131m\u2019\u0131n ba\u015far\u0131l\u0131 olmas\u0131 i\u00e7in ilk ad\u0131m\u0131 Arnavutluk ma\u00e7\u0131yla atacaklar\u0131n\u0131 belirterek, \u00f6nce Avrupa \u015eampiyonas\u0131\u2019na ard\u0131ndan da D\u00fcnya Kupas\u0131\u2019na gitmek istediklerini s\u00f6yledi. Kadroda olmayan isimlere de de\u011finen G\u00fcne\u015f, &#8220;\u015eu anda kadroda olmayanlar, kadroya girecekmi\u015f gibi haz\u0131r olmal\u0131&#8221; dedi.<\/p>\n<p>A Milli Tak\u0131m Teknik Direkt\u00f6r\u00fc \u015eenol G\u00fcne\u015f, Avrupa \u015eampiyonas\u0131 Elemeleri H Grubu\u2019nda oynanacak olan Arnavutluk ve Moldova kar\u015f\u0131la\u015fmalar\u0131 \u00f6ncesinde Riva\u2019da bulunan Hasan Do\u011fan Milli Tak\u0131mlar Kamp ve E\u011fitim Tesisleri\u2019nde bas\u0131n toplant\u0131s\u0131 d\u00fczenledi. Ge\u00e7mi\u015f d\u00f6nemde milli tak\u0131ma al\u0131nan oyuncularla ilgili sorulan soruyu yan\u0131tlayan G\u00fcne\u015f, \u201c1996\u2019da Trabzon\u2019dan fazla oyuncu vard\u0131, 2002\u2019de Galatasaray\u2019dan fazla oyuncu vard\u0131. Uluslararas\u0131 arenada g\u00fcven yakalam\u0131\u015f oyuncular\u0131n olmas\u0131 \u00e7ok \u00f6nemli. Emre Bel\u00f6zo\u011flu 20 ya\u015f\u0131nda A Milli Tak\u0131m\u2019da yer alm\u0131\u015ft\u0131, \u015fimdi bir D\u00fcnya Kupas\u0131 daha oynarsa b\u00fcy\u00fck i\u015f yapar. Bug\u00fcn oyun olarak da \u00e7ok verimli oldu\u011funu d\u00fc\u015f\u00fcn\u00fcyorum. Oyuncu kalitesi, zamanla olacak bir \u015feydir. Yeni bir d\u00f6neme ba\u015fl\u0131yoruz. Uluslararas\u0131 arenada oynayan oyuncular\u0131m\u0131z var. E\u011fer bu grup kendi ad\u0131na oyunculuklar\u0131n\u0131 birbirine ge\u00e7irebilirse, o zaman \u00e7ok daha iyi olaca\u011f\u0131m\u0131z\u0131 d\u00fc\u015f\u00fcn\u00fcyorum. D\u00fcnya Kupas\u0131\u2019nda 3. oldu\u011fumuz d\u00f6nemdeki gibi, 2008\u2019de son 4\u2019e kald\u0131\u011f\u0131m\u0131z gibi hepsinde en iyisini arad\u0131k. Bug\u00fcn o g\u00fcnlerden \u00e7ok daha iyi durumday\u0131z. Ama var olan de\u011ferlerimizi iyi kullanma konusunda s\u0131k\u0131nt\u0131lar\u0131m\u0131z var. Buray\u0131 a\u015facak durumda oldu\u011fumuzu d\u00fc\u015f\u00fcn\u00fcyorum. 2000 senesi bir sonu\u00e7tu ve 2002 de bir sonu\u00e7tur. Merdivenin ba\u015f\u0131nday\u0131z ve ilk ad\u0131m\u0131 Arnavutluk ma\u00e7\u0131nda ataca\u011f\u0131z. Ge\u00e7mi\u015fte kalamay\u0131z ve ge\u00e7mi\u015fin ba\u015far\u0131s\u0131yla \u00f6v\u00fcnemeyiz\u201d diye konu\u015ftu.<\/p>\n<p>\u201cAmac\u0131m\u0131z ilk 10 i\u00e7inde olmak\u201d<\/p>\n<p>Milli tak\u0131m\u0131n FIFA s\u0131ralamas\u0131nda yukar\u0131lara \u00e7\u0131kmas\u0131 gerekti\u011fini s\u00f6yleyerek s\u00f6zlerini s\u00fcrd\u00fcren G\u00fcne\u015f, \u201c\u0130lk g\u00f6reve geldi\u011fimde 30\u2019uncuyduk, 7. s\u0131raya kadar geldik. \u015eimdi hedefimiz ilk 10 i\u00e7inde olmak. Bunu da ba\u015farmal\u0131y\u0131z. Ama bu kolay m\u0131? Ne yapaca\u011f\u0131m\u0131z\u0131 ortaya koymal\u0131y\u0131z. Hayal kural\u0131m ama hayal satmayal\u0131m. Sorunlar\u0131m\u0131z\u0131 tart\u0131\u015fal\u0131m ve ge\u00e7mi\u015fte kalmayal\u0131m. Ge\u00e7mi\u015f ba\u015far\u0131larla \u00f6v\u00fcnenlere sayg\u0131 duyal\u0131m ama yeni bir yar\u0131\u015fa giriyoruz. Burada yer alan oyuncular yerini garanti g\u00f6rmesin, al\u0131nmayan oyuncular da milli tak\u0131ma gelmek i\u00e7in haz\u0131r durumda olsun\u201d dedi.<\/p>\n<p>Kadroda olan ve olmayan isimlerle ilgili konu\u015fmas\u0131n\u0131 s\u00fcrd\u00fcren G\u00fcne\u015f, \u201cCaner sakatl\u0131\u011f\u0131 nedeniyle burada de\u011fil. Bursasporlu Umut Mera\u015f\u2019\u0131 da d\u00fc\u015f\u00fcnm\u00fc\u015ft\u00fcm. Solda Hasan Ali var. Emre Ta\u015fdemir\u2019i sakatl\u0131\u011f\u0131 ge\u00e7tikten sonra alabilece\u011fimi d\u00fc\u015f\u00fcnd\u00fcm. B\u00fct\u00fcn hocalarla konu\u015ftum. Takip etti\u011fim bir oyuncu Emre Ta\u015fdemir. Sivas\u2019taki Emre K\u0131l\u0131n\u00e7 da var takip etti\u011fim. \u0130yi bir Emre, fiziksel \u00f6zellikleriyle solda iyi i\u015fler yapacakt\u0131r. O\u011fuzhan, benim oynatmad\u0131\u011f\u0131m bir oyuncu. Ne g\u00fczel bir malzeme \u00e7\u0131kartt\u0131m. \u00c7ok be\u011fendi\u011fim bir oyuncu ve milli tak\u0131m\u0131n do\u011fal bir par\u00e7as\u0131 olarak g\u00f6r\u00fcyorum. O\u011fuzhan kay\u0131p bir y\u0131l ge\u00e7irdi. Sel\u00e7uk ve Mehmet Topal\u2019\u0131n da burada olmas\u0131n\u0131 istedim. Baz\u0131 oyuncular\u0131 tak\u0131m i\u00e7inde dinamikler i\u00e7in buraya \u00e7a\u011f\u0131rd\u0131m. Burada \u015fu anda yard\u0131mc\u0131m yok, bu i\u015fi oyuncularla \u00e7\u00f6zmeye \u00e7al\u0131\u015ft\u0131m. Emre Bel\u00f6zo\u011flu da bu katk\u0131y\u0131 yapacakt\u0131r. O\u011fuzhan\u2019\u0131, bana biraz ele\u015ftiriniz olsun diye kadroya ald\u0131m\u201d a\u00e7\u0131klamas\u0131n\u0131 yapt\u0131.<\/p>\n<p>\u201c\u00d6n\u00fcm\u00fczdeki 4 sene i\u00e7in hayallerim var\u201d<\/p>\n<p>Yabanc\u0131 konusunun yeniden de\u011fi\u015fmesinin g\u00fcndemde olmas\u0131yla ilgili sorulan soruya yan\u0131t veren \u015eenol G\u00fcne\u015f, \u201cYabanc\u0131 konusunun \u015fu anda g\u00fcndemde olmas\u0131n\u0131 do\u011fru bulmuyorum. Bu konudan daha \u00f6nemli sorunlar\u0131m\u0131z var. Kul\u00fcplerin idari yap\u0131s\u0131 var. Bundan \u00f6nce al\u0131nacak her karar, revizyon isteyen kararlar olacakt\u0131r. Futbolcular ve antren\u00f6rler \u00f6n\u00fcm\u00fczdeki seneden itibaren vergi vermeli. Kanun olarak \u00e7\u0131kmal\u0131 bu. Parayla ba\u015flayan olay g\u00fcvenden \u00e7\u0131kar. Biz yanl\u0131\u015f yollara sap\u0131yoruz. Bug\u00fcn kul\u00fcplerin en b\u00fcy\u00fck sorunu yabanc\u0131 oyuncu de\u011fil ekonomik sorunlard\u0131r\u201d diye konu\u015ftu.<\/p>\n<p>&#8220;Yer i\u015fgal etmeye de\u011fil, i\u015f yapmaya geldim&#8221;<\/p>\n<p>G\u00fcne\u015f, \u015fu anda Milli Tak\u0131m\u2019a ge\u00e7ici g\u00f6rev i\u00e7in geldi\u011fini ve bu nedenle herhangi bir yard\u0131mc\u0131 olmadan g\u00f6revde oldu\u011funu dile getirerek, \u201c\u015eu anda tek ba\u015f\u0131ma geldim. Sadece analize ihtiyac\u0131m vard\u0131. Federasyondan bir arkada\u015ftan destek ald\u0131m. \u015eu anda herkes bana yard\u0131m ediyor, bu nedenle yard\u0131mc\u0131ya ihtiyac\u0131m yok. Yard\u0131mc\u0131y\u0131 bana ald\u0131r\u0131yorlar, sonra bana kavga ettiriyorlar. Tayfur var ve benim talebem. Onu da ne zaman sahaya koymaya \u00e7al\u0131\u015fsam gol yerdim. \u015eimdi yard\u0131mc\u0131 olarak burada. Burada yer i\u015fgal etmeye de\u011fil i\u015f yapmaya geldim. \u00d6n\u00fcm\u00fczdeki 4 sene i\u00e7in benim de hayallerim var. Avrupa \u015eampiyonas\u0131\u2019na gitmeyi son anda ka\u00e7\u0131rm\u0131\u015ft\u0131k. D\u00fcnya Kupas\u0131\u2019nda \u015fampiyon olamad\u0131k. Birbirini tamamlayan, futbol ad\u0131na do\u011frular\u0131 uygulayan bir ekip olu\u015fturmak istiyoruz. Zaten yetenekli oyuncular var ama ba\u015fka s\u0131k\u0131nt\u0131lar vard\u0131. Ge\u00e7mi\u015fte bir kadromuz vard\u0131 ve yine al\u0131nmayan oyuncular \u00fczerinden tart\u0131\u015fma oluyordu. \u015eimdi de oluyor. Gen\u00e7 oyuncular\u0131m\u0131z var, onlar\u0131n iyi niyetleri var katk\u0131lar\u0131 var ama beklenen ba\u015far\u0131 gelmeyince g\u00fcvensizlikleri var. Milli tak\u0131m\u0131 tarif ederken gol atan tak\u0131m\u0131 m\u0131 tarif edersiniz, savunma yapan bir tak\u0131m m\u0131 tarif edersiniz. \u0130lk g\u00f6reve geldi\u011fimde 3-5-2 oynatm\u0131\u015ft\u0131m ve sonras\u0131nda ikili savunmaya d\u00f6nd\u00fcm. Alpay-B\u00fclent vard\u0131 ve bu beni \u00e7ok rahatlatt\u0131. Mesela benim her haz\u0131rl\u0131k ma\u00e7\u0131nda kay\u0131plar\u0131m vard\u0131r ve asl\u0131nda hep kazan\u00e7lar\u0131m olmu\u015ftur. Hep bir oyuncu g\u00f6rme \u015fans\u0131m olmu\u015ftur. Ama \u015fimdi \u00f6yle bir durum yok. K\u0131sa zamanda sonu\u00e7 al\u0131rsak i\u015fimizi kolayla\u015ft\u0131r\u0131r\u0131z. Bu 2 ma\u00e7taki kullanaca\u011f\u0131m oyuncu kadrosunun performans\u0131yla Fransa ve \u0130zlanda ma\u00e7\u0131na gidebiliriz\u201d de\u011ferlendirmesini yapt\u0131.<\/p>\n<p>\u201cKul\u00fcplerimizin hassas olmas\u0131 bizi mutlu ediyor\u201d<\/p>\n<p>Milli tak\u0131m kadrosunun a\u00e7\u0131klanmas\u0131n\u0131n ard\u0131ndan baz\u0131 kul\u00fcplerin ele\u015ftiride bulunan a\u00e7\u0131klamalar yapmas\u0131n\u0131 yorumlayan \u015eenol G\u00fcne\u015f, \u201cKul\u00fcplerimizin hassas \u015fekilde oyuncular\u0131 ve milli tak\u0131mla ilgilenmesi bizi mutlu ediyor. Sa\u011f bekte Sangare\u2019nin T\u00fcrk m\u00fc yoksa yabanc\u0131 stat\u00fcs\u00fcnde mi oldu\u011funu bilmiyordum. Bu benim eksi\u011fimdi. B\u00fclent hocadan \u00f6\u011frendim ben bunu. Elimizde G\u00f6khan G\u00f6n\u00fcl ve Zeki var. Stoperde Ka\u011fan var. Naz\u0131m Sangare ile ilgili ele\u015ftiri geldi. Ama bir bakars\u0131n\u0131z seneye Naz\u0131m gelebilir ve formay\u0131 alabilir. Rizespor\u2019daki G\u00f6khan\u2019\u0131 be\u011feniyorum. Elimizde Sinan Bolat diye oynayan bir kaleci var. Serkan, Sinan\u2019a alternatif. Bunun d\u0131\u015f\u0131nda ligde ba\u015far\u0131l\u0131 olan bir kaleci var, Mert. Bu k\u0131sa d\u00f6nemi olabildi\u011fince h\u0131zl\u0131 ge\u00e7mek istiyoruz. Bu kolay bir \u015fey de\u011fil. 2 antrenman yapaca\u011f\u0131z. Al\u0131nmayan kalecilerden Serkan, ligde bize kar\u015f\u0131 \u00e7ok iyi oynad\u0131. Al\u0131nan kalecilerden 2\u2019si tecr\u00fcbeli, di\u011fer 2\u2019si gen\u00e7. Muhammed ve U\u011furcan ba\u015far\u0131lar\u0131n\u0131 devam ettirmeli. Buraya gelen her kaleci de kadroya giremeyebilir. Yeniden yap\u0131lanma slogan\u0131 yerine, yeniden aya\u011fa kalkt\u0131\u011f\u0131m\u0131z bir d\u00f6nemden bahsediyorum. Hizmet eden arkada\u015flar bir yere getirdiler, ben de bir \u015feyler yapmak istiyorum. Ben burada bir g\u00f6revliyim. Bunun medya aya\u011f\u0131 var, oyuncu aya\u011f\u0131 var. Benim hayalime g\u00f6re, sizin hayalinize g\u00f6re ve oyuncuya g\u00f6re bir \u015feyler s\u00f6yl\u00fcyorum. Elimizde Ka\u011fan\u2019la \u00c7a\u011flar vard\u0131 stoper olarak. Ama \u015fimdi Ozan\u2019la Merih de var. Onlar m\u0131, bunlar m\u0131? Burak ve Cenk var forvette. \u0130kisi de olabilir. \u00d6nemli olan \u00fc\u00e7\u00fcnc\u00fc ki\u015finin kim olaca\u011f\u0131n\u0131 d\u00fc\u015f\u00fcnmek. Bizim yapmam\u0131z gereken oyuncular\u0131 geli\u015ftirmek ve sonra tak\u0131ma dahil etmek. \u015eu anda \u00f6nemli olan Ba\u015fak\u015fehir\u2019in orta sahas\u0131ndaki oyuncular\u0131 m\u0131 oynatmak, yoksa uyumu sa\u011flay\u0131p o \u015fekilde mi oynatmak? Her ne kadar birbirimizi tan\u0131sak da k\u00fc\u00e7\u00fck ayr\u0131nt\u0131lar \u00f6nemli. Milli tak\u0131m\u0131n ba\u015f\u0131nda olup olmamam \u00f6nemli de\u011fil. Biz oyuncu \u00fcreten bir \u00fclke olmal\u0131y\u0131z. Arda, Emre, Burak ya da \u00c7a\u011flar. Bu arkada\u015flar\u0131n say\u0131lar\u0131n\u0131n fazla olmas\u0131, ekonomik olarak \u00fclkeye katk\u0131 sa\u011fl\u0131yor. Ama oyuncular\u0131n davran\u0131\u015flar\u0131n\u0131 farkl\u0131 etkenler bozuyor. O zaman oyuncu, y\u00f6netici gibi dola\u015f\u0131yor. \u015eu anda Arda ya da eskiden al\u0131nan oyuncular\u0131n herhangi bir hukuken su\u00e7 unsuru var m\u0131, yok. Ben kimsenin ya\u015f\u0131na da bakmam, al\u0131r oynat\u0131r\u0131m. Ben inan\u0131yorum ki Arda \u00fczerinden spek\u00fclasyon da yap\u0131ld\u0131, \u00f6vg\u00fc de yap\u0131ld\u0131, su\u00e7lama da yap\u0131ld\u0131. Arda, T\u00fcrkiye Cumhuriyeti\u2019nin bireyidir. Benim de \u00f6nceden bu yana be\u011fendi\u011fim bir oyuncudur. Tart\u0131\u015fmay\u0131 oyuncu \u00fczerinden yapmak do\u011fru de\u011fildir, tak\u0131m \u00fczerinde hi\u00e7bir oyuncu yoktur. Emre\u2019yi tak\u0131ma al\u0131nmas\u0131 gerekti\u011fi i\u00e7in ald\u0131m kadroya\u201d ifadelerini kulland\u0131.<\/p>\n<p>\u201cT\u00fcrkiye\u2019nin her sahas\u0131 bizimdir\u201d<\/p>\n<p>A Milli Tak\u0131m\u2019\u0131n ma\u00e7lar\u0131n\u0131 \u0130stanbul\u2019da oynamamas\u0131n\u0131 da de\u011ferlendiren G\u00fcne\u015f, \u201cBu konu \u00e7ok spek\u00fcle edildi. T\u00fcrkiye\u2019nin her sahas\u0131 bizim saham\u0131zd\u0131r. O s\u00f6z\u00fc kullanmak bile yanl\u0131\u015f. Neden Fenerbah\u00e7e\u2019nin, Be\u015fikta\u015f\u2019\u0131n, Galatasaray\u2019\u0131n ya da Trabzonspor\u2019un sahas\u0131na gitmeyece\u011fiz? Taraftar diyor ki, \u2019Sen gidersen, orada g\u00f6r\u00fcrs\u00fcn?\u2019 Bu su\u00e7tur. Zaten \u00fclkemizde ter\u00f6r s\u0131k\u0131nt\u0131lar\u0131 var. Mardin\u2019e gidiyoruz, her yere gidiyoruz, \u0130stanbul\u2019un g\u00f6be\u011fine mi gelemeyece\u011fiz. Kul\u00fcplerin \u00fczerinde olan bir milli tak\u0131m var. Her camia da \u00f6nemlidir. Sizin bir camia ve ki\u015filerle ilgili g\u00f6r\u00fc\u015fleriniz olabilir. Bana bir sald\u0131r\u0131 olursa ho\u015fg\u00f6r\u00fcy\u00fc yapan benim. 4 b\u00fcy\u00fckler aras\u0131ndaki rekabet her zaman olacakt\u0131r ama burada bitmi\u015ftir. Burada Milli Tak\u0131m vard\u0131r\u201d dedi.<\/p>\n<p>Yabanc\u0131 hakem konusuna da de\u011finen G\u00fcne\u015f, \u201cYabanc\u0131 hakem tart\u0131\u015fmalar\u0131 olabilir. Ama \u2018hakemleri be\u011fenmiyorum, medyay\u0131 be\u011fenmiyorum\u2019 gibi bir c\u00fcmle, d\u00fcnya g\u00f6r\u00fc\u015f\u00fcd\u00fcr. Hakem bir karar vermi\u015f, o anda tepkin olabilir. Ne kadar e\u011fitebilirsin o kadar iyi. Mesela bana g\u00f6re y\u00fczde 100 faul olan faul\u00fc vermedi\u011fi zaman, bunu ne kadar terbiye edebilece\u011fim \u00f6nemlidir. Param\u0131 alamad\u0131m oynam\u0131yorum diyorlar, ama sonras\u0131nda her \u015fey iyi oldu\u011fu zaman sonu\u00e7lar gelmeyince soruyorlar, neden b\u00f6yle diye. O zaman ne diyece\u011fiz. Yabanc\u0131 hakem de olabilir, yabanc\u0131 y\u00f6netici de olabilir. D\u00fcnyaya a\u00e7\u0131lal\u0131m. Bu dedi\u011fimiz buz da\u011f\u0131n\u0131n \u00fczerindeki k\u00fc\u00e7\u00fck bir g\u00f6r\u00fcnt\u00fcd\u00fcr. Biz bu sene geride kald\u0131k ama uzun zamand\u0131r hakem konu\u015fmuyoruz. VAR sistemi ve yabanc\u0131 konusunda s\u00f6ylediklerim, bug\u00fcn ger\u00e7e\u011fi yans\u0131tt\u0131. VAR\u2019\u0131 tart\u0131\u015fmay\u0131 durdurmak i\u00e7in getiriyorsan\u0131z, tart\u0131\u015fma durmaz ve artar. \u00c7\u00fcnk\u00fc insanlar g\u00fcvensiz. Hakem bask\u0131 alt\u0131nda kal\u0131yor\u201d a\u00e7\u0131klamas\u0131nda bulundu.<\/p>\n<p>\u201cTesis m\u00fckemmel, her \u015fey d\u00f6rt d\u00f6rtl\u00fck\u201d<\/p>\n<p>Kadroda olan b\u00fct\u00fcn futbolcular\u0131n tak\u0131m\u0131 ate\u015fleyece\u011fini s\u00f6yleyerek s\u00f6zlerini s\u00fcrd\u00fcren G\u00fcne\u015f, \u201cAit olma duygusu olacakt\u0131r. Emre Bel\u00f6zo\u011flu ya da Burak, Milli tak\u0131m\u0131 aya\u011fa kald\u0131rmak i\u00e7in heyecan duyarken, onu g\u00f6ren gen\u00e7 oyuncu da ba\u015fka bir heyecan duyacak. Ge\u00e7en haftaya kadar resmi olarak bir heyecana girmemi\u015ftim ama \u015fimdi yeni bir heyecan\u0131m oldu\u011funu d\u00fc\u015f\u00fcn\u00fcyorum. Buraya ilk kez d\u00fcn geldim. Tesis m\u00fckemmel, her \u015fey d\u00f6rt d\u00f6rtl\u00fck ve imkanlar\u0131m\u0131z fazla. Bu bas\u0131n toplant\u0131s\u0131 benim i\u00e7in \u00e7ok \u00f6nemliydi. \u015eimdi heyecan\u0131m\u0131 ba\u015fka bir boyuta ta\u015f\u0131yaca\u011f\u0131m ve \u015fimdi kendimi eskiye g\u00f6re daha g\u00fc\u00e7l\u00fc hissediyorum. Eskiden ele\u015ftiriler al\u0131yordum ve alt\u0131nda ezildi\u011fim d\u00f6nemler de oldu. Bug\u00fcn daha g\u00fc\u00e7l\u00fc hissediyorum. Ama bu g\u00fcce ra\u011fmen kendimi \u00fcstte g\u00f6rm\u00fcyorum. Kadro olarak da bakarsak, bug\u00fcn ilk idmana \u00e7\u0131kaca\u011f\u0131m. Zaman zaman iyi i\u015fler yap\u0131ld\u0131 benim olmad\u0131\u011f\u0131m d\u00f6nemde. Dalgalanmalar oldu, b\u00fcy\u00fcme sanc\u0131lar\u0131 oldu. \u00dclke olarak b\u00fcy\u00fcmeyi de bilmiyoruz ve b\u00fcy\u00fcd\u00fc\u011f\u00fcm\u00fcz zaman kaybediyoruz\u201d dedi.<\/p>\n<p>Milli Tak\u0131mdaki unvan\u0131n\u0131n teknik direkt\u00f6r ya da futbol direkt\u00f6r\u00fc m\u00fc olaca\u011f\u0131 sorulan G\u00fcne\u015f, \u201c\u015eu anda ge\u00e7ici olarak Milli Tak\u0131m Teknik Direkt\u00f6r\u00fcy\u00fcm. Haziran ay\u0131nda g\u00f6reve ba\u015flayaca\u011f\u0131m ve o zaman da yine bir \u015fekilde a\u00e7\u0131klar\u0131z\u201d diye konu\u015ftu.<\/p>\n<p>\u201cYabanc\u0131 konusunda karar\u0131m olmaz, fikrim olur\u201d<\/p>\n<p>Milli Tak\u0131m\u2019\u0131n nas\u0131l bir futbol oynayaca\u011f\u0131yla ilgili olarak sorulan soruyu yan\u0131tlayan \u015eenol G\u00fcne\u015f, \u201cVaatten \u00e7ok sizin ne istedi\u011finizi biliyorum. H\u00fccum eden, rakibi bask\u0131 alt\u0131na alan, \u00e7ok pozisyon alan bir tak\u0131m i\u00e7in oynayaca\u011f\u0131z. Bunun i\u00e7in oynamayacaksan oynama. Biz oynuyoruz ama gole gidemiyoruz diyorlar. O zaman zaten oynama. Ya atacaks\u0131n ya yemeyeceksin. Bari ikisinden birini yap. Rakibe kar\u015f\u0131 kendi oyununu kabul ettirmek i\u00e7in \u00e7al\u0131\u015facaks\u0131n. \u2018Ben kadroya girmedim ve dar\u0131ld\u0131m\u2019 diye bir \u015fey de yok. Herkesin oynad\u0131\u011f\u0131 oyunla gurur duyaca\u011f\u0131 bir tak\u0131m istiyoruz. Ama \u015fu 2 ma\u00e7ta \u00f6nemli olan sonu\u00e7 olacakt\u0131r\u201d dedi. Yabanc\u0131 konusu ile ilgili Fatih Terim gibi konuya m\u00fcdahil olup olmayaca\u011f\u0131 sorusunu da yan\u0131tlayan tecr\u00fcbeli teknik adam, \u201cFatih Hoca\u2019yla d\u00fcn ak\u015fam konu\u015ftuk. Yabanc\u0131 konusunda m\u00fcdahil de\u011fil, direkt kendisinin bunu \u00e7\u0131kard\u0131\u011f\u0131n\u0131 s\u00f6yledi. Ama benim bir karar\u0131m olmaz, benim fikrim olur bu konuda\u201d cevab\u0131n\u0131 verdi.<\/p>\n<p>\u201cAlaca\u011f\u0131n\u0131z sonu\u00e7lar s\u00fcrekli olmal\u0131\u201d<\/p>\n<p>G\u00fcne\u015f, \u00fclke olarak her \u015feyin bir arada istendi\u011fini ifade ederek, \u015funlar\u0131 s\u00f6yledi:<\/p>\n<p>&#8220;Ma\u00e7\u0131 kazanacaks\u0131n, az para kazanacaks\u0131n gibi her \u015feyi bir arada istiyoruz. Biz d\u00fcnya futbolunda \u00fc\u00e7\u00fcnc\u00fc de\u011filiz, d\u00fcnya futbolunda neredeyiz? Alaca\u011f\u0131n\u0131z sonu\u00e7lar\u0131n s\u00fcrekli olabilmesi i\u00e7in s\u00fcrd\u00fcr\u00fclebilir hale d\u00f6n\u00fc\u015fmesi gerekir. Bu kadronun Konfederasyon Kupas\u0131\u2019ndan daha ba\u015far\u0131l\u0131 olaca\u011f\u0131n\u0131 d\u00fc\u015f\u00fcn\u00fcyorum. Ben konum itibariyle \u00e7ok fazla medyada yer almak zorunday\u0131m. Bu benim i\u00e7in \u00f6nemli de\u011fil. Benim oyuncum sahnedeyse, benim i\u00e7in bu \u00f6nemlidir. Ben Milli Tak\u0131m\u2019a geldi\u011fimde \u00dcnal Hoca oyuncuydu, j\u00fcbile yapmadan hocal\u0131k yapmaya ba\u015flad\u0131. \u015eu anda b\u0131rakacak olan oyunculara s\u00f6yl\u00fcyorum, gelsinler milli tak\u0131mda \u00e7al\u0131\u015fs\u0131nlar\u201d diye konu\u015ftu. Medyadaki geli\u015fimlere de de\u011finen G\u00fcne\u015f, \u201cMedya \u00e7a\u011f atlad\u0131 \u00e7\u00fcnk\u00fc teknolojik de\u011fi\u015fimler var. Ben Kore\u2019deyken, bug\u00fcnk\u00fc sosyal medya o d\u00f6nemde orada vard\u0131. Sosyal medya insanlar\u0131 orada intihara g\u00f6t\u00fcr\u00fcyor, o kadar etkili. Sizin kendi prensipleriniz olacak ama do\u011fru fikirlere kapal\u0131 olmamak gerekir. Medyay\u0131 do\u011fru kullanarak olumlu \u015fekilde faydalanal\u0131m. Bu hafta i\u00e7inde b\u00fct\u00fcn gazetelerin tak\u0131mla birlikte heyecan\u0131 art\u0131ran bir d\u00f6nem ya\u015famas\u0131n\u0131 isterim. T\u00fcrkiye\u2019de futbol \u00e7ok b\u00fcy\u00fck bir i\u015f alan\u0131.&#8221;<\/p>\n<p>\u201cLucescu, yanl\u0131\u015f anla\u015f\u0131lmamak i\u00e7in tak\u0131mla konu\u015fma yapmad\u0131\u201d<\/p>\n<p>Turnuva tak\u0131m\u0131 olmak i\u00e7in \u00e7ok \u00e7al\u0131\u015facaklar\u0131n\u0131n alt\u0131n\u0131 \u00e7izen A Milli Tak\u0131m Teknik Direkt\u00f6r\u00fc \u015eenol G\u00fcne\u015f, \u201cSizin bug\u00fcnk\u00fc kat\u0131l\u0131m\u0131n\u0131z, iyi niyetli \u00e7al\u0131\u015fma, bunu ba\u015farmak i\u00e7in elimizden geleni yapaca\u011f\u0131m\u0131z\u0131n ba\u015flang\u0131c\u0131d\u0131r. Lucescu\u2019yla bir araya geldim. Tak\u0131mla konu\u015fmak da istedi ancak yanl\u0131\u015f anla\u015f\u0131lma olmamas\u0131 i\u00e7in s\u0131cak bakmad\u0131 duruma. Faydal\u0131 bir g\u00f6r\u00fc\u015fme oldu, kendisine te\u015fekk\u00fcr ederim. Milli birliktelik durup dururken olmuyor. Herkesin birlikte yapaca\u011f\u0131 bir i\u015ftir bu. Bunun do\u011fru oldu\u011funu ve devam edece\u011fini d\u00fc\u015f\u00fcn\u00fcyorum. \u015eu anda sizin benden fark\u0131n\u0131z yok. Ben tak\u0131mdan sorumluyum, oyuncu da sahadaki en yetkili ki\u015fi, oyunu o oynuyor. Hepimiz ad\u0131mlar\u0131n\u0131 do\u011fru atmal\u0131, ba\u015far\u0131 durup dururken gelmiyor. Kul\u00fcplerin yap\u0131s\u0131 ayr\u0131ca g\u00f6zden ge\u00e7irilir. Kul\u00fcpler Birli\u011fi, Antren\u00f6rler Birli\u011fi, STK\u2019lar devreye girmeli bu konuda. Ben \u015fu anda milli tak\u0131m\u0131n saha sonucu almas\u0131 i\u00e7in \u00e7abalayaca\u011f\u0131m. Kul\u00fcplerin durumunu da sonra konu\u015faca\u011f\u0131z. Ama kul\u00fcplerin ekonomik krize girmesi de durup dururken olmad\u0131. Ben bunlar\u0131 daha \u00f6nceden s\u00f6ylemi\u015ftim ama daha g\u00fcr sesli olmak gerekiyormu\u015f. D\u00fcnya Kupas\u0131\u2019nda o d\u00f6nemde o \u015fartlarda gitmemiz b\u00fcy\u00fck ba\u015far\u0131d\u0131r\u201d \u015feklinde konu\u015ftu.<\/p>\n<p>1 Haziran\u2019da ba\u015flayacak olan kontrat\u0131yla ilgili olarak alaca\u011f\u0131 \u00fccret ve tazminat konusunda cevap vermeyen G\u00fcne\u015f, ge\u00e7ici g\u00f6rev yapaca\u011f\u0131 ma\u00e7lar i\u00e7in ise \u00fccret almayaca\u011f\u0131n\u0131 a\u00e7\u0131klad\u0131.<\/p>\n<p>\u201cFransa ma\u00e7lar\u0131n\u0131n birini kazan\u0131rsak \u00f6ne ge\u00e7eriz\u201d<\/p>\n<p>Grupta bulunan rakiplerden Fransa\u2019n\u0131n \u00e7ok kuvvetli oldu\u011funu vurgulayan tecr\u00fcbeli \u00e7al\u0131\u015ft\u0131r\u0131c\u0131, \u201cFransa, D\u00fcnya Kupas\u0131\u2019n\u0131 kazanmas\u0131yla bunu g\u00f6sterdi. Frans\u0131z arkada\u015flar vard\u0131, \u2019Birinci olduk ama bunu koruyabilecek miyiz?! diye sordular. \u00dcreten ve yar\u0131\u015fan bir tak\u0131m Fransa. Biz de onlar gibi olmal\u0131y\u0131z. \u0130zlanda \u00e7ok farkl\u0131 bir boyutta. Hi\u00e7 tan\u0131mad\u0131\u011f\u0131m\u0131z bir \u00fclkeydi. Bizim zaman\u0131m\u0131zda \u0130zmir\u2019de bir ma\u00e7\u0131m\u0131z oldu ve 4-0 kazanm\u0131\u015ft\u0131k. Ondan beridir kazanam\u0131yoruz. Arnavutluk ma\u00e7\u0131n\u0131n k\u0131ran k\u0131rana olaca\u011f\u0131n\u0131 d\u00fc\u015f\u00fcn\u00fcyorum. \u0130lk ma\u00e7\u0131 iyi sonu\u00e7la ge\u00e7ersek iyi olacakt\u0131r bizim i\u00e7in. Ka\u011f\u0131t \u00fczerinde Arnavutluk\u2019tan iyi olmam\u0131z \u00f6nemli de\u011fil, saha i\u00e7inde daha iyi olmam\u0131z \u00f6nemli. E\u011fer bu iki ma\u00e7\u0131 ve Fransa ma\u00e7lar\u0131ndan birisini kazan\u0131rsak di\u011fer tak\u0131mlardan bir ad\u0131m \u00f6ne ge\u00e7ece\u011fimizi d\u00fc\u015f\u00fcn\u00fcyorum\u201d de\u011ferlendirmesini yapt\u0131.<\/p>\n<p>Tak\u0131mda gen\u00e7 oyuncular\u0131n oldu\u011funu ve kendilerini g\u00f6sterme zaman\u0131 olaca\u011f\u0131n\u0131 s\u00f6yleyen \u015eenol G\u00fcne\u015f, \u201cGen\u00e7lerin kendilerini g\u00f6sterme \u015fans\u0131 geldi\u011fi zaman g\u00f6stermeliler. Bunu zaman g\u00f6stersin. Ben daha tak\u0131m\u0131 yapm\u0131\u015f de\u011filim. Arnavutluk ve Moldova ma\u00e7lar\u0131yla ba\u015flayaca\u011f\u0131z ama Fransa ile ba\u015flamak benim daha i\u015fime gelirdi. Tak\u0131m\u0131n durumunu g\u00f6rmek a\u00e7\u0131s\u0131ndan bu daha \u00f6nemliydi. Rakip olarak ka\u011f\u0131t \u00fczerinde Fransa ve \u0130zlanda\u2019y\u0131 g\u00f6r\u00fcyoruz. Nihayetinde b\u00fct\u00fcn tak\u0131mlarla ma\u00e7 yapaca\u011f\u0131z. \u015eu anda \u00e7\u0131k\u0131p Arnavutluk\u2019a kar\u015f\u0131 \u00fcst\u00fcn olmak zorunday\u0131z. Hedef gruptan \u00e7\u0131kmak tabii ki. Forvette say\u0131sal bir azl\u0131\u011f\u0131m\u0131z var. Kenan da al\u0131nabilirdi. Ama Cenk ve Burak var. G\u00fcven\u2019i tan\u0131d\u0131\u011f\u0131m i\u00e7in ald\u0131m. Oynayaca\u011f\u0131m\u0131z oyuna g\u00f6re de\u011fi\u015fiklik olabilir. Benim kadrom \u015fu anda oturmad\u0131, de\u011fi\u015fiklik olabilir\u201d diyerek s\u00f6zlerini tamamlad\u0131.<div class=\"tiled-gallery type-rectangular tiled-gallery-unresized\" data-original-width=\"500\" data-carousel-extra='null' itemscope itemtype=\"http:\/\/schema.org\/ImageGallery\" > <div class=\"gallery-row\" style=\"width: 500px; height: 169px;\" data-original-width=\"500\" data-original-height=\"169\" > <div class=\"gallery-group images-1\" style=\"width: 253px; height: 169px;\" data-original-width=\"253\" data-original-height=\"169\" > <div class=\"tiled-gallery-item tiled-gallery-item-small\" itemprop=\"associatedMedia\" itemscope itemtype=\"http:\/\/schema.org\/ImageObject\"> <a href=\"http:\/\/www.tvturk.com\/index.php\/senol-gunes-once-avrupa-sampiyonasina-sonra-dunya-kupasina-gitmek-istiyoruz\/senol-gunes-once-avrupa-sampiyonasina-sonra-dunya-kupasina-gitmek-istiyoruz-3\/\" border=\"0\" itemprop=\"url\"> <meta itemprop=\"width\" content=\"249\"> <meta itemprop=\"height\" content=\"165\"> <img decoding=\"async\" class=\"\" data-attachment-id=\"100300\" data-orig-file=\"http:\/\/www.tvturk.com\/wp-content\/uploads\/2019\/03\/senol-gunes-once-avrupa-sampiyonasina-sonra-dunya-kupasina-gitmek-istiyoruz_d7db9af.jpg\" data-orig-size=\"1000,663\" data-comments-opened=\"\" data-image-meta=\"{&quot;aperture&quot;:&quot;0&quot;,&quot;credit&quot;:&quot;IHA&quot;,&quot;camera&quot;:&quot;&quot;,&quot;caption&quot;:&quot;A M\\u0130LL\\u0130 TAKIM TEKN\\u0130K D\\u0130REKT\\u00d6R\\u00dc \\u015eENOL G\\u00dcNE\\u015e, M\\u0130LL\\u0130 TAKIM\\u0027IN BA\\u015eARILI OLMASI \\u0130\\u00c7\\u0130N \\u0130LK ADIMI ARNAVUTLUK MA\\u00c7IYLA ATACAKLARINI BEL\\u0130RTEREK, \\u00d6NCE AVRUPA \\u015eAMP\\u0130YONASI\\u2019NA ARDINDAN DA D\\u00dcNYA KUPASI\\u2019NA G\\u0130TMEK \\u0130STED\\u0130KLER\\u0130N\\u0130 S\\u00d6YLED\\u0130. KADRODA OLMAYAN \\u0130S\\u0130MLERE DE DE\\u011e\\u0130NEN G\\u00dcNE\\u015e, \\u0022\\u015eU ANDA KADRODA OLMAYANLAR, KADROYA G\\u0130RECEKM\\u0130\\u015e G\\u0130B\\u0130 HAZIR OLMALI\\u0022 DED\\u0130. (G\\u00dcVEN MERT ERCAN\\\/\\u0130STANBUL-\\u0130HA)&quot;,&quot;created_timestamp&quot;:&quot;0&quot;,&quot;copyright&quot;:&quot;\\u0130HLAS HABER AJANSI, www.iha.com.tr&quot;,&quot;focal_length&quot;:&quot;0&quot;,&quot;iso&quot;:&quot;0&quot;,&quot;shutter_speed&quot;:&quot;0&quot;,&quot;title&quot;:&quot;\\u015eENOL G\\u00dcNE\\u015e: \\u201c\\u00d6NCE AVRUPA \\u015eAMP\\u0130YONASI\\u2019NA SONRA D\\u00dcNYA KUPASI\\u2019NA G\\u0130TMEK \\u0130ST\\u0130YORUZ\\u201d A M\\u0130LL\\u0130 TAKIM TEKN\\u0130K D\\u0130REKT\\u00d6R\\u00dc \\u015eENOL G\\u00dcNE\\u015e: \\u201cFIFA SIRALAMASINDA M\\u0130LL\\u0130 TAKIM\\u2019IN \\u0130LK 10\\u2019DA OLMASINI \\u0130ST\\u0130YORUM\\u201d \\u0022KADRODA OLMAYANLAR, KADROYA G\\u0130RECEKM\\u0130\\u015e G\\u0130B\\u0130 HAZIR OLMALI\\u0022 \\u201c\\u0130LK ADIMI ARNAVUTLUK MA\\u00c7IYLA ATACA\\u011eIZ\\u201d&quot;,&quot;orientation&quot;:&quot;0&quot;}\" data-image-title=\"\u015eenol G\u00fcne\u015f: \u201c\u00d6nce Avrupa \u015eampiyonas\u0131\u2019na sonra D\u00fcnya Kupas\u0131\u2019na gitmek istiyoruz\u201d\" data-image-description=\"&lt;p&gt;\u015eenol G\u00fcne\u015f: \u201c\u00d6nce Avrupa \u015eampiyonas\u0131\u2019na sonra D\u00fcnya Kupas\u0131\u2019na gitmek istiyoruz\u201d&lt;\/p&gt; \" data-medium-file=\"https:\/\/i0.wp.com\/www.tvturk.com\/wp-content\/uploads\/2019\/03\/senol-gunes-once-avrupa-sampiyonasina-sonra-dunya-kupasina-gitmek-istiyoruz_d7db9af.jpg?fit=300%2C199\" data-large-file=\"https:\/\/i0.wp.com\/www.tvturk.com\/wp-content\/uploads\/2019\/03\/senol-gunes-once-avrupa-sampiyonasina-sonra-dunya-kupasina-gitmek-istiyoruz_d7db9af.jpg?fit=1000%2C663\" src=\"https:\/\/i0.wp.com\/www.tvturk.com\/wp-content\/uploads\/2019\/03\/senol-gunes-once-avrupa-sampiyonasina-sonra-dunya-kupasina-gitmek-istiyoruz_d7db9af.jpg?w=249&#038;h=165\" srcset=\"https:\/\/i0.wp.com\/www.tvturk.com\/wp-content\/uploads\/2019\/03\/senol-gunes-once-avrupa-sampiyonasina-sonra-dunya-kupasina-gitmek-istiyoruz_d7db9af.jpg?w=1000 1000w, https:\/\/i0.wp.com\/www.tvturk.com\/wp-content\/uploads\/2019\/03\/senol-gunes-once-avrupa-sampiyonasina-sonra-dunya-kupasina-gitmek-istiyoruz_d7db9af.jpg?resize=150%2C99 150w, https:\/\/i0.wp.com\/www.tvturk.com\/wp-content\/uploads\/2019\/03\/senol-gunes-once-avrupa-sampiyonasina-sonra-dunya-kupasina-gitmek-istiyoruz_d7db9af.jpg?resize=300%2C200 300w, https:\/\/i0.wp.com\/www.tvturk.com\/wp-content\/uploads\/2019\/03\/senol-gunes-once-avrupa-sampiyonasina-sonra-dunya-kupasina-gitmek-istiyoruz_d7db9af.jpg?resize=768%2C509 768w, https:\/\/i0.wp.com\/www.tvturk.com\/wp-content\/uploads\/2019\/03\/senol-gunes-once-avrupa-sampiyonasina-sonra-dunya-kupasina-gitmek-istiyoruz_d7db9af.jpg?resize=170%2C113 170w, https:\/\/i0.wp.com\/www.tvturk.com\/wp-content\/uploads\/2019\/03\/senol-gunes-once-avrupa-sampiyonasina-sonra-dunya-kupasina-gitmek-istiyoruz_d7db9af.jpg?resize=120%2C80 120w\" width=\"249\" height=\"165\" loading=\"lazy\" data-original-width=\"249\" data-original-height=\"165\" itemprop=\"http:\/\/schema.org\/image\" title=\"\u015eenol G\u00fcne\u015f: \u201c\u00d6nce Avrupa \u015eampiyonas\u0131\u2019na sonra D\u00fcnya Kupas\u0131\u2019na gitmek istiyoruz\u201d\" alt=\"\u015eenol G\u00fcne\u015f: \u201c\u00d6nce Avrupa \u015eampiyonas\u0131\u2019na sonra D\u00fcnya Kupas\u0131\u2019na gitmek istiyoruz\u201d\" style=\"width: 249px; height: 165px;\" \/> <\/a> <\/div> <\/div> <!-- close group --> <div class=\"gallery-group images-1\" style=\"width: 247px; height: 169px;\" data-original-width=\"247\" data-original-height=\"169\" > <div class=\"tiled-gallery-item tiled-gallery-item-small\" itemprop=\"associatedMedia\" itemscope itemtype=\"http:\/\/schema.org\/ImageObject\"> <a href=\"http:\/\/www.tvturk.com\/index.php\/senol-gunes-once-avrupa-sampiyonasina-sonra-dunya-kupasina-gitmek-istiyoruz\/senol-gunes-once-avrupa-sampiyonasina-sonra-dunya-kupasina-gitmek-istiyoruz-4\/\" border=\"0\" itemprop=\"url\"> <meta itemprop=\"width\" content=\"243\"> <meta itemprop=\"height\" content=\"165\"> <img decoding=\"async\" class=\"\" data-attachment-id=\"100301\" data-orig-file=\"http:\/\/www.tvturk.com\/wp-content\/uploads\/2019\/03\/senol-gunes-once-avrupa-sampiyonasina-sonra-dunya-kupasina-gitmek-istiyoruz_456e2fe.jpg\" data-orig-size=\"1000,677\" data-comments-opened=\"\" data-image-meta=\"{&quot;aperture&quot;:&quot;0&quot;,&quot;credit&quot;:&quot;IHA&quot;,&quot;camera&quot;:&quot;&quot;,&quot;caption&quot;:&quot;A M\\u0130LL\\u0130 TAKIM TEKN\\u0130K D\\u0130REKT\\u00d6R\\u00dc \\u015eENOL G\\u00dcNE\\u015e, M\\u0130LL\\u0130 TAKIM\\u0027IN BA\\u015eARILI OLMASI \\u0130\\u00c7\\u0130N \\u0130LK ADIMI ARNAVUTLUK MA\\u00c7IYLA ATACAKLARINI BEL\\u0130RTEREK, \\u00d6NCE AVRUPA \\u015eAMP\\u0130YONASI\\u2019NA ARDINDAN DA D\\u00dcNYA KUPASI\\u2019NA G\\u0130TMEK \\u0130STED\\u0130KLER\\u0130N\\u0130 S\\u00d6YLED\\u0130. KADRODA OLMAYAN \\u0130S\\u0130MLERE DE DE\\u011e\\u0130NEN G\\u00dcNE\\u015e, \\u0022\\u015eU ANDA KADRODA OLMAYANLAR, KADROYA G\\u0130RECEKM\\u0130\\u015e G\\u0130B\\u0130 HAZIR OLMALI\\u0022 DED\\u0130. (G\\u00dcVEN MERT ERCAN\\\/\\u0130STANBUL-\\u0130HA)&quot;,&quot;created_timestamp&quot;:&quot;0&quot;,&quot;copyright&quot;:&quot;\\u0130HLAS HABER AJANSI, www.iha.com.tr&quot;,&quot;focal_length&quot;:&quot;0&quot;,&quot;iso&quot;:&quot;0&quot;,&quot;shutter_speed&quot;:&quot;0&quot;,&quot;title&quot;:&quot;\\u015eENOL G\\u00dcNE\\u015e: \\u201c\\u00d6NCE AVRUPA \\u015eAMP\\u0130YONASI\\u2019NA SONRA D\\u00dcNYA KUPASI\\u2019NA G\\u0130TMEK \\u0130ST\\u0130YORUZ\\u201d A M\\u0130LL\\u0130 TAKIM TEKN\\u0130K D\\u0130REKT\\u00d6R\\u00dc \\u015eENOL G\\u00dcNE\\u015e: \\u201cFIFA SIRALAMASINDA M\\u0130LL\\u0130 TAKIM\\u2019IN \\u0130LK 10\\u2019DA OLMASINI \\u0130ST\\u0130YORUM\\u201d \\u0022KADRODA OLMAYANLAR, KADROYA G\\u0130RECEKM\\u0130\\u015e G\\u0130B\\u0130 HAZIR OLMALI\\u0022 \\u201c\\u0130LK ADIMI ARNAVUTLUK MA\\u00c7IYLA ATACA\\u011eIZ\\u201d&quot;,&quot;orientation&quot;:&quot;0&quot;}\" data-image-title=\"\u015eenol G\u00fcne\u015f: \u201c\u00d6nce Avrupa \u015eampiyonas\u0131\u2019na sonra D\u00fcnya Kupas\u0131\u2019na gitmek istiyoruz\u201d\" data-image-description=\"&lt;p&gt;\u015eenol G\u00fcne\u015f: \u201c\u00d6nce Avrupa \u015eampiyonas\u0131\u2019na sonra D\u00fcnya Kupas\u0131\u2019na gitmek istiyoruz\u201d&lt;\/p&gt; \" data-medium-file=\"https:\/\/i0.wp.com\/www.tvturk.com\/wp-content\/uploads\/2019\/03\/senol-gunes-once-avrupa-sampiyonasina-sonra-dunya-kupasina-gitmek-istiyoruz_456e2fe.jpg?fit=300%2C203\" data-large-file=\"https:\/\/i0.wp.com\/www.tvturk.com\/wp-content\/uploads\/2019\/03\/senol-gunes-once-avrupa-sampiyonasina-sonra-dunya-kupasina-gitmek-istiyoruz_456e2fe.jpg?fit=1000%2C677\" src=\"https:\/\/i0.wp.com\/www.tvturk.com\/wp-content\/uploads\/2019\/03\/senol-gunes-once-avrupa-sampiyonasina-sonra-dunya-kupasina-gitmek-istiyoruz_456e2fe.jpg?w=243&#038;h=165\" srcset=\"https:\/\/i0.wp.com\/www.tvturk.com\/wp-content\/uploads\/2019\/03\/senol-gunes-once-avrupa-sampiyonasina-sonra-dunya-kupasina-gitmek-istiyoruz_456e2fe.jpg?w=1000 1000w, https:\/\/i0.wp.com\/www.tvturk.com\/wp-content\/uploads\/2019\/03\/senol-gunes-once-avrupa-sampiyonasina-sonra-dunya-kupasina-gitmek-istiyoruz_456e2fe.jpg?resize=150%2C102 150w, https:\/\/i0.wp.com\/www.tvturk.com\/wp-content\/uploads\/2019\/03\/senol-gunes-once-avrupa-sampiyonasina-sonra-dunya-kupasina-gitmek-istiyoruz_456e2fe.jpg?resize=300%2C203 300w, https:\/\/i0.wp.com\/www.tvturk.com\/wp-content\/uploads\/2019\/03\/senol-gunes-once-avrupa-sampiyonasina-sonra-dunya-kupasina-gitmek-istiyoruz_456e2fe.jpg?resize=768%2C520 768w, https:\/\/i0.wp.com\/www.tvturk.com\/wp-content\/uploads\/2019\/03\/senol-gunes-once-avrupa-sampiyonasina-sonra-dunya-kupasina-gitmek-istiyoruz_456e2fe.jpg?resize=120%2C80 120w, https:\/\/i0.wp.com\/www.tvturk.com\/wp-content\/uploads\/2019\/03\/senol-gunes-once-avrupa-sampiyonasina-sonra-dunya-kupasina-gitmek-istiyoruz_456e2fe.jpg?resize=80%2C55 80w\" width=\"243\" height=\"165\" loading=\"lazy\" data-original-width=\"243\" data-original-height=\"165\" itemprop=\"http:\/\/schema.org\/image\" title=\"\u015eenol G\u00fcne\u015f: \u201c\u00d6nce Avrupa \u015eampiyonas\u0131\u2019na sonra D\u00fcnya Kupas\u0131\u2019na gitmek istiyoruz\u201d\" alt=\"\u015eenol G\u00fcne\u015f: \u201c\u00d6nce Avrupa \u015eampiyonas\u0131\u2019na sonra D\u00fcnya Kupas\u0131\u2019na gitmek istiyoruz\u201d\" style=\"width: 243px; height: 165px;\" \/> <\/a> <\/div> <\/div> <!-- close group --> <\/div> <!-- close row --> <div class=\"gallery-row\" style=\"width: 500px; height: 249px;\" data-original-width=\"500\" data-original-height=\"249\" > <div class=\"gallery-group images-1\" style=\"width: 500px; height: 249px;\" data-original-width=\"500\" data-original-height=\"249\" > <div class=\"tiled-gallery-item tiled-gallery-item-large\" itemprop=\"associatedMedia\" itemscope itemtype=\"http:\/\/schema.org\/ImageObject\"> <a href=\"http:\/\/www.tvturk.com\/index.php\/senol-gunes-once-avrupa-sampiyonasina-sonra-dunya-kupasina-gitmek-istiyoruz\/senol-gunes-once-avrupa-sampiyonasina-sonra-dunya-kupasina-gitmek-istiyoruz-5\/\" border=\"0\" itemprop=\"url\"> <meta itemprop=\"width\" content=\"496\"> <meta itemprop=\"height\" content=\"245\"> <img decoding=\"async\" class=\"\" data-attachment-id=\"100302\" data-orig-file=\"http:\/\/www.tvturk.com\/wp-content\/uploads\/2019\/03\/senol-gunes-once-avrupa-sampiyonasina-sonra-dunya-kupasina-gitmek-istiyoruz_7a4f017.jpg\" data-orig-size=\"1000,494\" data-comments-opened=\"\" data-image-meta=\"{&quot;aperture&quot;:&quot;0&quot;,&quot;credit&quot;:&quot;IHA&quot;,&quot;camera&quot;:&quot;&quot;,&quot;caption&quot;:&quot;A M\\u0130LL\\u0130 TAKIM TEKN\\u0130K D\\u0130REKT\\u00d6R\\u00dc \\u015eENOL G\\u00dcNE\\u015e, ARNAVUTLUK VE MOLDOVA KAR\\u015eILA\\u015eMALARI \\u00d6NCES\\u0130NDE A\\u00c7IKLAMALARDA BULUNDU. M\\u0130LL\\u0130 TAKIMIN BA\\u015eARILI OLMASI \\u0130\\u00c7\\u0130N \\u0130LK ADIMI ARNAVUTLUK MA\\u00c7IYLA ATACAKLARINI S\\u00d6YLEYEN G\\u00dcNE\\u015e, \\u00d6NCE AVRUPA \\u015eAMP\\u0130YONASI\\u2019NA ARDINDAN DA D\\u00dcNYA KUPASI\\u2019NA G\\u0130TMEK \\u0130STED\\u0130KLER\\u0130N\\u0130 S\\u00d6YLED\\u0130. KADRODA OLMAYAN \\u0130S\\u0130MLERE DE DE\\u011e\\u0130NEN G\\u00dcNE\\u015e, \\u0022\\u015eU ANDA KADRODA OLMAYANLAR, KADROYA G\\u0130RECEKM\\u0130\\u015e G\\u0130B\\u0130 HAZIR OLMALI\\u0022 \\u0130FADELER\\u0130N\\u0130 KULLANDI. (G\\u00dcVEN MERT ERCAN\\\/\\u0130STANBUL-\\u0130HA)&quot;,&quot;created_timestamp&quot;:&quot;0&quot;,&quot;copyright&quot;:&quot;\\u0130HLAS HABER AJANSI, www.iha.com.tr&quot;,&quot;focal_length&quot;:&quot;0&quot;,&quot;iso&quot;:&quot;0&quot;,&quot;shutter_speed&quot;:&quot;0&quot;,&quot;title&quot;:&quot;\\u015eENOL G\\u00dcNE\\u015e: \\u201c\\u00d6NCE AVRUPA \\u015eAMP\\u0130YONASI\\u2019NA SONRA D\\u00dcNYA KUPASI\\u2019NA G\\u0130TMEK \\u0130ST\\u0130YORUZ\\u201d A M\\u0130LL\\u0130 TAKIM TEKN\\u0130K D\\u0130REKT\\u00d6R\\u00dc \\u015eENOL G\\u00dcNE\\u015e: \\u201cFIFA SIRALAMASINDA M\\u0130LL\\u0130 TAKIM\\u2019IN \\u0130LK 10\\u2019DA OLMASINI \\u0130ST\\u0130YORUM\\u201d \\u0022KADRODA OLMAYANLAR, KADROYA G\\u0130RECEKM\\u0130\\u015e G\\u0130B\\u0130 HAZIR OLMALI\\u0022 \\u201c\\u0130LK ADIMI ARNAVUTLUK MA\\u00c7IYLA ATACA\\u011eIZ\\u201d&quot;,&quot;orientation&quot;:&quot;0&quot;}\" data-image-title=\"\u015eenol G\u00fcne\u015f: \u201c\u00d6nce Avrupa \u015eampiyonas\u0131\u2019na sonra D\u00fcnya Kupas\u0131\u2019na gitmek istiyoruz\u201d\" data-image-description=\"&lt;p&gt;\u015eenol G\u00fcne\u015f: \u201c\u00d6nce Avrupa \u015eampiyonas\u0131\u2019na sonra D\u00fcnya Kupas\u0131\u2019na gitmek istiyoruz\u201d&lt;\/p&gt; \" data-medium-file=\"https:\/\/i0.wp.com\/www.tvturk.com\/wp-content\/uploads\/2019\/03\/senol-gunes-once-avrupa-sampiyonasina-sonra-dunya-kupasina-gitmek-istiyoruz_7a4f017.jpg?fit=300%2C148\" data-large-file=\"https:\/\/i0.wp.com\/www.tvturk.com\/wp-content\/uploads\/2019\/03\/senol-gunes-once-avrupa-sampiyonasina-sonra-dunya-kupasina-gitmek-istiyoruz_7a4f017.jpg?fit=1000%2C494\" src=\"https:\/\/i0.wp.com\/www.tvturk.com\/wp-content\/uploads\/2019\/03\/senol-gunes-once-avrupa-sampiyonasina-sonra-dunya-kupasina-gitmek-istiyoruz_7a4f017.jpg?w=496&#038;h=245\" srcset=\"https:\/\/i0.wp.com\/www.tvturk.com\/wp-content\/uploads\/2019\/03\/senol-gunes-once-avrupa-sampiyonasina-sonra-dunya-kupasina-gitmek-istiyoruz_7a4f017.jpg?w=1000 1000w, https:\/\/i0.wp.com\/www.tvturk.com\/wp-content\/uploads\/2019\/03\/senol-gunes-once-avrupa-sampiyonasina-sonra-dunya-kupasina-gitmek-istiyoruz_7a4f017.jpg?resize=150%2C74 150w, https:\/\/i0.wp.com\/www.tvturk.com\/wp-content\/uploads\/2019\/03\/senol-gunes-once-avrupa-sampiyonasina-sonra-dunya-kupasina-gitmek-istiyoruz_7a4f017.jpg?resize=300%2C148 300w, https:\/\/i0.wp.com\/www.tvturk.com\/wp-content\/uploads\/2019\/03\/senol-gunes-once-avrupa-sampiyonasina-sonra-dunya-kupasina-gitmek-istiyoruz_7a4f017.jpg?resize=768%2C379 768w\" width=\"496\" height=\"245\" loading=\"lazy\" data-original-width=\"496\" data-original-height=\"245\" itemprop=\"http:\/\/schema.org\/image\" title=\"\u015eenol G\u00fcne\u015f: \u201c\u00d6nce Avrupa \u015eampiyonas\u0131\u2019na sonra D\u00fcnya Kupas\u0131\u2019na gitmek istiyoruz\u201d\" alt=\"\u015eenol G\u00fcne\u015f: \u201c\u00d6nce Avrupa \u015eampiyonas\u0131\u2019na sonra D\u00fcnya Kupas\u0131\u2019na gitmek istiyoruz\u201d\" style=\"width: 496px; height: 245px;\" \/> <\/a> <\/div> <\/div> <!-- close group --> <\/div> <!-- close row --> <\/div><\/p>\n","protected":false},"excerpt":{"rendered":"<p>A M\u0130LL\u0130 TAKIM TEKN\u0130K D\u0130REKT\u00d6R\u00dc \u015eENOL G\u00dcNE\u015e, M\u0130LL\u0130 TAKIM&#8217;IN BA\u015eARILI OLMASI \u0130\u00c7\u0130N \u0130LK ADIMI ARNAVUTLUK MA\u00c7IYLA ATACAKLARINI BEL\u0130RTEREK, \u00d6NCE AVRUPA \u015eAMP\u0130YONASI\u2019NA ARDINDAN DA D\u00dcNYA KUPASI\u2019NA G\u0130TMEK \u0130STED\u0130KLER\u0130N\u0130 S\u00d6YLED\u0130. KADRODA OLMAYAN \u0130S\u0130MLERE DE DE\u011e\u0130NEN G\u00dcNE\u015e, &#8220;\u015eU ANDA KADRODA OLMAYANLAR, KADROYA G\u0130RECEKM\u0130\u015e G\u0130B\u0130 HAZIR OLMALI&#8221; DED\u0130.<\/p>\n","protected":false},"author":1,"featured_media":100299,"comment_status":"closed","ping_status":"open","sticky":false,"template":"","format":"standard","meta":{"jetpack_post_was_ever_published":false,"_jetpack_newsletter_access":"","_jetpack_dont_email_post_to_subs":false,"_jetpack_newsletter_tier_id":0,"_jetpack_memberships_contains_paywalled_content":false,"_jetpack_memberships_contains_paid_content":false,"footnotes":"","jetpack_publicize_message":"","jetpack_publicize_feature_enabled":true,"jetpack_social_post_already_shared":true,"jetpack_social_options":{"image_generator_settings":{"template":"highway","default_image_id":0,"font":"","enabled":false},"version":2}},"categories":[657],"tags":[349,392,7375,1386,2674,5253,232,6842,7695,2022],"class_list":["post-100298","post","type-post","status-publish","format-standard","has-post-thumbnail","hentry","category-spor","tag-dunya","tag-avrupa","tag-gitmek","tag-gunes","tag-istiyoruz","tag-kupasina","tag-once","tag-sampiyonasina","tag-senol","tag-sonra"],"jetpack_publicize_connections":[],"jetpack_featured_media_url":"https:\/\/i0.wp.com\/www.tvturk.com\/wp-content\/uploads\/2019\/03\/senol-gunes-once-avrupa-sampiyonasina-sonra-dunya-kupasina-gitmek-istiyoruz_b001c13.jpg?fit=1000%2C759","jetpack_sharing_enabled":true,"jetpack_shortlink":"https:\/\/wp.me\/paKIfm-q5I","_links":{"self":[{"href":"http:\/\/www.tvturk.com\/index.php\/wp-json\/wp\/v2\/posts\/100298","targetHints":{"allow":["GET"]}}],"collection":[{"href":"http:\/\/www.tvturk.com\/index.php\/wp-json\/wp\/v2\/posts"}],"about":[{"href":"http:\/\/www.tvturk.com\/index.php\/wp-json\/wp\/v2\/types\/post"}],"author":[{"embeddable":true,"href":"http:\/\/www.tvturk.com\/index.php\/wp-json\/wp\/v2\/users\/1"}],"replies":[{"embeddable":true,"href":"http:\/\/www.tvturk.com\/index.php\/wp-json\/wp\/v2\/comments?post=100298"}],"version-history":[{"count":1,"href":"http:\/\/www.tvturk.com\/index.php\/wp-json\/wp\/v2\/posts\/100298\/revisions"}],"predecessor-version":[{"id":100303,"href":"http:\/\/www.tvturk.com\/index.php\/wp-json\/wp\/v2\/posts\/100298\/revisions\/100303"}],"wp:featuredmedia":[{"embeddable":true,"href":"http:\/\/www.tvturk.com\/index.php\/wp-json\/wp\/v2\/media\/100299"}],"wp:attachment":[{"href":"http:\/\/www.tvturk.com\/index.php\/wp-json\/wp\/v2\/media?parent=100298"}],"wp:term":[{"taxonomy":"category","embeddable":true,"href":"http:\/\/www.tvturk.com\/index.php\/wp-json\/wp\/v2\/categories?post=100298"},{"taxonomy":"post_tag","embeddable":true,"href":"http:\/\/www.tvturk.com\/index.php\/wp-json\/wp\/v2\/tags?post=100298"}],"curies":[{"name":"wp","href":"https:\/\/api.w.org\/{rel}","templated":true}]}}