{"id":100335,"date":"2019-03-18T17:12:18","date_gmt":"2019-03-18T14:12:18","guid":{"rendered":"http:\/\/www.tvturk.com\/index.php\/kamu-basdenetcisi-malkoc-2018de-17-bin-815-muracaat-geldi-verdigimiz-karar-17-bin-545\/"},"modified":"2019-03-18T17:12:21","modified_gmt":"2019-03-18T14:12:21","slug":"kamu-basdenetcisi-malkoc-2018de-17-bin-815-muracaat-geldi-verdigimiz-karar-17-bin-545","status":"publish","type":"post","link":"http:\/\/www.tvturk.com\/index.php\/kamu-basdenetcisi-malkoc-2018de-17-bin-815-muracaat-geldi-verdigimiz-karar-17-bin-545\/","title":{"rendered":"Kamu Ba\u015fdenet\u00e7isi Malko\u00e7: \u201c2018\u2019de 17 bin 815 m\u00fcracaat geldi, verdi\u011fimiz karar 17 bin 545\u201d"},"content":{"rendered":"<p>Kamu Ba\u015fdenet\u00e7isi (Ombudsman) \u015eeref Malko\u00e7, Sakarya \u00dcniversitesinde yapt\u0131\u011f\u0131 konu\u015fmada, 2018 y\u0131l\u0131nda Kamu Denetim Kurumuna 17 bin 815 m\u00fcracaat geldi\u011fini 17 bin 545\u2019nin karara ba\u011fland\u0131\u011f\u0131n\u0131 s\u00f6yledi.<\/p>\n<p>Bir dizi ziyaretler i\u00e7in Sakarya\u2019ya gelen Kamu Ba\u015fdenet\u00e7isi (Ombudsman) \u015eeref Malko\u00e7, ilk olarak Sakarya \u00dcniversite Rekt\u00f6r\u00fc Fatih Sava\u015fan\u2019\u0131 makam\u0131nda ziyaret etti. Daha sonra Malko\u00e7, SA\u00dc Hukuk Fak\u00fcltesi Konferans salonunda \u2018Adelet, Ombudsmanl\u0131k ve \u00dcniversiteler\u2019 konulu konferans kat\u0131ld\u0131. Kamu Ba\u015fdenet\u00e7isi konferansta \u00e7ok h\u0131zl\u0131 \u00e7al\u0131\u015fmak zorunda olduklar\u0131n\u0131 ve 6 ay i\u00e7erisinde m\u00fcracaatlar\u0131 sonu\u00e7land\u0131rd\u0131klar\u0131n\u0131 belirtildi.<\/p>\n<p>\u201c\u00c7\u00f6z\u00fcmlerimiz dosthane\u201d<\/p>\n<p>Kamu Ba\u015fdenet\u00e7isi (Ombudsman) \u015eeref Malko\u00e7 yapt\u0131\u011f\u0131 a\u00e7\u0131klamada, \u201cKamu Denetim Kurumu devlet ile vatanda\u015f aras\u0131nda ya\u015fanan ili\u015fkilerde devlet g\u00fc\u00e7l\u00fc. Devletin kurumlar\u0131 g\u00fc\u00e7l\u00fc karar al\u0131c\u0131 onlar\u0131n ald\u0131\u011f\u0131 kararlar vatanda\u015f\u0131n aleyhineyse, onun uygulanmas\u0131 vatanda\u015f\u0131n aleyhineyse, hukuka ayk\u0131r\u0131ysa bunu kucaklayacak kurumlardan birisi kamu denetim kurumudur. \u00c7ok yeni bir kurum, biz 6 y\u0131ll\u0131k bir kurumuz. Bizi Meclis se\u00e7iyor, 4 y\u0131ll\u0131\u011f\u0131na se\u00e7iyor. \u0130dareye kar\u015f\u0131 vatanda\u015f\u0131n avukatl\u0131\u011f\u0131n\u0131 yapaca\u011f\u0131m\u0131z i\u00e7in b\u00f6yle sa\u011flamla\u015fm\u0131\u015f bir kurum. Bize ba\u015fvurular \u00e7ok kolay, elektronik ortamdan ba\u015fvurular yap\u0131labiliyor. T\u00fcrkiye\u2019de belediye hizmetlerinden, e\u011fitime, sa\u011fl\u0131\u011fa b\u00fct\u00fcn hizmetlere kadar kamu hizmetlerinin kalitesinin art\u0131r\u0131lmas\u0131na \u00e7al\u0131\u015f\u0131yoruz. Bize yap\u0131lan m\u00fcracaatlar\u0131 6 ay i\u00e7erisinde sonu\u00e7land\u0131r\u0131yoruz. 2018\u2019de 17 bin 815 m\u00fcracaat geldi, 2018\u2019de verdi\u011fimiz karar 17 bin 545. \u00c7\u00fcnk\u00fc \u00e7ok h\u0131zl\u0131 \u00e7al\u0131\u015fmak durumunday\u0131z, kanun 6 ay s\u00fcre vermi\u015f. \u00c7\u00f6z\u00fcmlerimiz dosthane\u201d dedi.<div class=\"tiled-gallery type-rectangular tiled-gallery-unresized\" data-original-width=\"500\" data-carousel-extra='null' itemscope itemtype=\"http:\/\/schema.org\/ImageGallery\" > <div class=\"gallery-row\" style=\"width: 500px; height: 168px;\" data-original-width=\"500\" data-original-height=\"168\" > <div class=\"gallery-group images-1\" style=\"width: 250px; height: 168px;\" data-original-width=\"250\" data-original-height=\"168\" > <div class=\"tiled-gallery-item tiled-gallery-item-small\" itemprop=\"associatedMedia\" itemscope itemtype=\"http:\/\/schema.org\/ImageObject\"> <a href=\"http:\/\/www.tvturk.com\/index.php\/kamu-basdenetcisi-malkoc-2018de-17-bin-815-muracaat-geldi-verdigimiz-karar-17-bin-545\/kamu-basdenetcisi-malkoc-2018de-17-bin-815-muracaat-geldi-verdigimiz-karar-17-bin-545-3\/\" border=\"0\" itemprop=\"url\"> <meta itemprop=\"width\" content=\"246\"> <meta itemprop=\"height\" content=\"164\"> <img decoding=\"async\" class=\"\" data-attachment-id=\"100337\" data-orig-file=\"http:\/\/www.tvturk.com\/wp-content\/uploads\/2019\/03\/kamu-basdenetcisi-malkoc-2018de-17-bin-815-muracaat-geldi-verdigimiz-karar-17-bin-545_de74a8f.jpg\" data-orig-size=\"1000,666\" data-comments-opened=\"\" data-image-meta=\"{&quot;aperture&quot;:&quot;0&quot;,&quot;credit&quot;:&quot;IHA&quot;,&quot;camera&quot;:&quot;&quot;,&quot;caption&quot;:&quot;B\\u0130R D\\u0130Z\\u0130 Z\\u0130YARETLER \\u0130\\u00c7\\u0130N SAKARYA\\u2019YA GELEN KAMU BA\\u015eDENET\\u00c7\\u0130S\\u0130 (OMBUDSMAN) \\u015eEREF MALKO\\u00c7, \\u0130LK OLARAK SAKARYA \\u00dcN\\u0130VERS\\u0130TE REKT\\u00d6R\\u00dc FAT\\u0130H SAVA\\u015eAN\\u2019I MAKAMINDA Z\\u0130YARET ETT\\u0130. DAHA SONRA MALKO\\u00c7, SA\\u00dc HUKUK FAK\\u00dcLTES\\u0130 KONFERANS SALONUNDA \\u2018ADELET, OMBUDSMANLIK VE \\u00dcN\\u0130VERS\\u0130TELER\\u2019 KONULU KONFERANS KATILDI. KAMU BA\\u015eDENET\\u00c7\\u0130S\\u0130 KONFERANSTA \\u00c7OK HIZLI \\u00c7ALI\\u015eMAK ZORUNDA OLDUKLARINI VE 6 AY \\u0130\\u00c7ER\\u0130S\\u0130NDE M\\u00dcRAACATLARI SONU\\u00c7LANDIRDIKLARINI BEL\\u0130RT\\u0130LD\\u0130. (BURAK CAN TOKY\\u00dcREK - REMZ\\u0130 \\u015e\\u0130M\\u015eEK\\\/SAKARYA-\\u0130HA)&quot;,&quot;created_timestamp&quot;:&quot;0&quot;,&quot;copyright&quot;:&quot;\\u0130HLAS HABER AJANSI, www.iha.com.tr&quot;,&quot;focal_length&quot;:&quot;0&quot;,&quot;iso&quot;:&quot;0&quot;,&quot;shutter_speed&quot;:&quot;0&quot;,&quot;title&quot;:&quot;KAMU BA\\u015eDENET\\u00c7\\u0130S\\u0130 MALKO\\u00c7: \\u201c2018\\u2019DE 17 B\\u0130N 815 M\\u00dcRACAAT GELD\\u0130, VERD\\u0130\\u011e\\u0130M\\u0130Z KARAR 17 B\\u0130N 545\\u201d&quot;,&quot;orientation&quot;:&quot;0&quot;}\" data-image-title=\"Kamu Ba\u015fdenet\u00e7isi Malko\u00e7: \u201c2018\u2019de 17 bin 815 m\u00fcracaat geldi, verdi\u011fimiz karar 17 bin 545\u201d\" data-image-description=\"&lt;p&gt;Kamu Ba\u015fdenet\u00e7isi Malko\u00e7: \u201c2018\u2019de 17 bin 815 m\u00fcracaat geldi, verdi\u011fimiz karar 17 bin 545\u201d&lt;\/p&gt; \" data-medium-file=\"https:\/\/i0.wp.com\/www.tvturk.com\/wp-content\/uploads\/2019\/03\/kamu-basdenetcisi-malkoc-2018de-17-bin-815-muracaat-geldi-verdigimiz-karar-17-bin-545_de74a8f.jpg?fit=300%2C200\" data-large-file=\"https:\/\/i0.wp.com\/www.tvturk.com\/wp-content\/uploads\/2019\/03\/kamu-basdenetcisi-malkoc-2018de-17-bin-815-muracaat-geldi-verdigimiz-karar-17-bin-545_de74a8f.jpg?fit=1000%2C666\" src=\"https:\/\/i0.wp.com\/www.tvturk.com\/wp-content\/uploads\/2019\/03\/kamu-basdenetcisi-malkoc-2018de-17-bin-815-muracaat-geldi-verdigimiz-karar-17-bin-545_de74a8f.jpg?w=246&#038;h=164\" srcset=\"https:\/\/i0.wp.com\/www.tvturk.com\/wp-content\/uploads\/2019\/03\/kamu-basdenetcisi-malkoc-2018de-17-bin-815-muracaat-geldi-verdigimiz-karar-17-bin-545_de74a8f.jpg?w=1000 1000w, https:\/\/i0.wp.com\/www.tvturk.com\/wp-content\/uploads\/2019\/03\/kamu-basdenetcisi-malkoc-2018de-17-bin-815-muracaat-geldi-verdigimiz-karar-17-bin-545_de74a8f.jpg?resize=150%2C100 150w, https:\/\/i0.wp.com\/www.tvturk.com\/wp-content\/uploads\/2019\/03\/kamu-basdenetcisi-malkoc-2018de-17-bin-815-muracaat-geldi-verdigimiz-karar-17-bin-545_de74a8f.jpg?resize=300%2C200 300w, https:\/\/i0.wp.com\/www.tvturk.com\/wp-content\/uploads\/2019\/03\/kamu-basdenetcisi-malkoc-2018de-17-bin-815-muracaat-geldi-verdigimiz-karar-17-bin-545_de74a8f.jpg?resize=768%2C511 768w, https:\/\/i0.wp.com\/www.tvturk.com\/wp-content\/uploads\/2019\/03\/kamu-basdenetcisi-malkoc-2018de-17-bin-815-muracaat-geldi-verdigimiz-karar-17-bin-545_de74a8f.jpg?resize=170%2C113 170w, https:\/\/i0.wp.com\/www.tvturk.com\/wp-content\/uploads\/2019\/03\/kamu-basdenetcisi-malkoc-2018de-17-bin-815-muracaat-geldi-verdigimiz-karar-17-bin-545_de74a8f.jpg?resize=120%2C80 120w\" width=\"246\" height=\"164\" loading=\"lazy\" data-original-width=\"246\" data-original-height=\"164\" itemprop=\"http:\/\/schema.org\/image\" title=\"Kamu Ba\u015fdenet\u00e7isi Malko\u00e7: \u201c2018\u2019de 17 bin 815 m\u00fcracaat geldi, verdi\u011fimiz karar 17 bin 545\u201d\" alt=\"Kamu Ba\u015fdenet\u00e7isi Malko\u00e7: \u201c2018\u2019de 17 bin 815 m\u00fcracaat geldi, verdi\u011fimiz karar 17 bin 545\u201d\" style=\"width: 246px; height: 164px;\" \/> <\/a> <\/div> <\/div> <!-- close group --> <div class=\"gallery-group images-1\" style=\"width: 250px; height: 168px;\" data-original-width=\"250\" data-original-height=\"168\" > <div class=\"tiled-gallery-item tiled-gallery-item-small\" itemprop=\"associatedMedia\" itemscope itemtype=\"http:\/\/schema.org\/ImageObject\"> <a href=\"http:\/\/www.tvturk.com\/index.php\/kamu-basdenetcisi-malkoc-2018de-17-bin-815-muracaat-geldi-verdigimiz-karar-17-bin-545\/kamu-basdenetcisi-malkoc-2018de-17-bin-815-muracaat-geldi-verdigimiz-karar-17-bin-545-4\/\" border=\"0\" itemprop=\"url\"> <meta itemprop=\"width\" content=\"246\"> <meta itemprop=\"height\" content=\"164\"> <img decoding=\"async\" class=\"\" data-attachment-id=\"100338\" data-orig-file=\"http:\/\/www.tvturk.com\/wp-content\/uploads\/2019\/03\/kamu-basdenetcisi-malkoc-2018de-17-bin-815-muracaat-geldi-verdigimiz-karar-17-bin-545_7a7a5ec.jpg\" data-orig-size=\"1000,666\" data-comments-opened=\"\" data-image-meta=\"{&quot;aperture&quot;:&quot;0&quot;,&quot;credit&quot;:&quot;IHA&quot;,&quot;camera&quot;:&quot;&quot;,&quot;caption&quot;:&quot;B\\u0130R D\\u0130Z\\u0130 Z\\u0130YARETLER \\u0130\\u00c7\\u0130N SAKARYA\\u2019YA GELEN KAMU BA\\u015eDENET\\u00c7\\u0130S\\u0130 (OMBUDSMAN) \\u015eEREF MALKO\\u00c7, \\u0130LK OLARAK SAKARYA \\u00dcN\\u0130VERS\\u0130TE REKT\\u00d6R\\u00dc FAT\\u0130H SAVA\\u015eAN\\u2019I MAKAMINDA Z\\u0130YARET ETT\\u0130. DAHA SONRA MALKO\\u00c7, SA\\u00dc HUKUK FAK\\u00dcLTES\\u0130 KONFERANS SALONUNDA \\u2018ADELET, OMBUDSMANLIK VE \\u00dcN\\u0130VERS\\u0130TELER\\u2019 KONULU KONFERANS KATILDI. KAMU BA\\u015eDENET\\u00c7\\u0130S\\u0130 KONFERANSTA \\u00c7OK HIZLI \\u00c7ALI\\u015eMAK ZORUNDA OLDUKLARINI VE 6 AY \\u0130\\u00c7ER\\u0130S\\u0130NDE M\\u00dcRAACATLARI SONU\\u00c7LANDIRDIKLARINI BEL\\u0130RT\\u0130LD\\u0130. (BURAK CAN TOKY\\u00dcREK - REMZ\\u0130 \\u015e\\u0130M\\u015eEK\\\/SAKARYA-\\u0130HA)&quot;,&quot;created_timestamp&quot;:&quot;0&quot;,&quot;copyright&quot;:&quot;\\u0130HLAS HABER AJANSI, www.iha.com.tr&quot;,&quot;focal_length&quot;:&quot;0&quot;,&quot;iso&quot;:&quot;0&quot;,&quot;shutter_speed&quot;:&quot;0&quot;,&quot;title&quot;:&quot;KAMU BA\\u015eDENET\\u00c7\\u0130S\\u0130 MALKO\\u00c7: \\u201c2018\\u2019DE 17 B\\u0130N 815 M\\u00dcRACAAT GELD\\u0130, VERD\\u0130\\u011e\\u0130M\\u0130Z KARAR 17 B\\u0130N 545\\u201d&quot;,&quot;orientation&quot;:&quot;0&quot;}\" data-image-title=\"Kamu Ba\u015fdenet\u00e7isi Malko\u00e7: \u201c2018\u2019de 17 bin 815 m\u00fcracaat geldi, verdi\u011fimiz karar 17 bin 545\u201d\" data-image-description=\"&lt;p&gt;Kamu Ba\u015fdenet\u00e7isi Malko\u00e7: \u201c2018\u2019de 17 bin 815 m\u00fcracaat geldi, verdi\u011fimiz karar 17 bin 545\u201d&lt;\/p&gt; \" data-medium-file=\"https:\/\/i0.wp.com\/www.tvturk.com\/wp-content\/uploads\/2019\/03\/kamu-basdenetcisi-malkoc-2018de-17-bin-815-muracaat-geldi-verdigimiz-karar-17-bin-545_7a7a5ec.jpg?fit=300%2C200\" data-large-file=\"https:\/\/i0.wp.com\/www.tvturk.com\/wp-content\/uploads\/2019\/03\/kamu-basdenetcisi-malkoc-2018de-17-bin-815-muracaat-geldi-verdigimiz-karar-17-bin-545_7a7a5ec.jpg?fit=1000%2C666\" src=\"https:\/\/i0.wp.com\/www.tvturk.com\/wp-content\/uploads\/2019\/03\/kamu-basdenetcisi-malkoc-2018de-17-bin-815-muracaat-geldi-verdigimiz-karar-17-bin-545_7a7a5ec.jpg?w=246&#038;h=164\" srcset=\"https:\/\/i0.wp.com\/www.tvturk.com\/wp-content\/uploads\/2019\/03\/kamu-basdenetcisi-malkoc-2018de-17-bin-815-muracaat-geldi-verdigimiz-karar-17-bin-545_7a7a5ec.jpg?w=1000 1000w, https:\/\/i0.wp.com\/www.tvturk.com\/wp-content\/uploads\/2019\/03\/kamu-basdenetcisi-malkoc-2018de-17-bin-815-muracaat-geldi-verdigimiz-karar-17-bin-545_7a7a5ec.jpg?resize=150%2C100 150w, https:\/\/i0.wp.com\/www.tvturk.com\/wp-content\/uploads\/2019\/03\/kamu-basdenetcisi-malkoc-2018de-17-bin-815-muracaat-geldi-verdigimiz-karar-17-bin-545_7a7a5ec.jpg?resize=300%2C200 300w, https:\/\/i0.wp.com\/www.tvturk.com\/wp-content\/uploads\/2019\/03\/kamu-basdenetcisi-malkoc-2018de-17-bin-815-muracaat-geldi-verdigimiz-karar-17-bin-545_7a7a5ec.jpg?resize=768%2C511 768w, https:\/\/i0.wp.com\/www.tvturk.com\/wp-content\/uploads\/2019\/03\/kamu-basdenetcisi-malkoc-2018de-17-bin-815-muracaat-geldi-verdigimiz-karar-17-bin-545_7a7a5ec.jpg?resize=170%2C113 170w, https:\/\/i0.wp.com\/www.tvturk.com\/wp-content\/uploads\/2019\/03\/kamu-basdenetcisi-malkoc-2018de-17-bin-815-muracaat-geldi-verdigimiz-karar-17-bin-545_7a7a5ec.jpg?resize=120%2C80 120w\" width=\"246\" height=\"164\" loading=\"lazy\" data-original-width=\"246\" data-original-height=\"164\" itemprop=\"http:\/\/schema.org\/image\" title=\"Kamu Ba\u015fdenet\u00e7isi Malko\u00e7: \u201c2018\u2019de 17 bin 815 m\u00fcracaat geldi, verdi\u011fimiz karar 17 bin 545\u201d\" alt=\"Kamu Ba\u015fdenet\u00e7isi Malko\u00e7: \u201c2018\u2019de 17 bin 815 m\u00fcracaat geldi, verdi\u011fimiz karar 17 bin 545\u201d\" style=\"width: 246px; height: 164px;\" \/> <\/a> <\/div> <\/div> <!-- close group --> <\/div> <!-- close row --> <\/div><\/p>\n","protected":false},"excerpt":{"rendered":"<p>KAMU BA\u015eDENET\u00c7\u0130S\u0130 (OMBUDSMAN) \u015eEREF MALKO\u00c7, SAKARYA \u00dcN\u0130VERS\u0130TES\u0130NDE YAPTI\u011eI KONU\u015eMADA, \u201c2018\u2019DE 17 B\u0130N 815 M\u00dcRACAAT GELD\u0130, 2018\u2019DE VERD\u0130\u011e\u0130M\u0130Z KARAR 17 B\u0130N 545\u201d DED\u0130.<\/p>\n","protected":false},"author":1,"featured_media":100336,"comment_status":"closed","ping_status":"open","sticky":false,"template":"","format":"standard","meta":{"jetpack_post_was_ever_published":false,"_jetpack_newsletter_access":"","_jetpack_dont_email_post_to_subs":false,"_jetpack_newsletter_tier_id":0,"_jetpack_memberships_contains_paywalled_content":false,"_jetpack_memberships_contains_paid_content":false,"footnotes":"","jetpack_publicize_message":"","jetpack_publicize_feature_enabled":true,"jetpack_social_post_already_shared":true,"jetpack_social_options":{"image_generator_settings":{"template":"highway","default_image_id":0,"font":"","enabled":false},"version":2}},"categories":[1],"tags":[4517,25923,25921,25919,213,127,226,2110,25920,19624,25922],"class_list":["post-100335","post","type-post","status-publish","format-standard","has-post-thumbnail","hentry","category-genel","tag-2018de","tag-25923","tag-25921","tag-basdenetcisi","tag-bin","tag-geldi","tag-kamu","tag-karar","tag-malkoc","tag-muracaat","tag-verdigimiz"],"jetpack_publicize_connections":[],"jetpack_featured_media_url":"https:\/\/i0.wp.com\/www.tvturk.com\/wp-content\/uploads\/2019\/03\/kamu-basdenetcisi-malkoc-2018de-17-bin-815-muracaat-geldi-verdigimiz-karar-17-bin-545_2a2b272.jpg?fit=1000%2C666","jetpack_sharing_enabled":true,"jetpack_shortlink":"https:\/\/wp.me\/paKIfm-q6j","_links":{"self":[{"href":"http:\/\/www.tvturk.com\/index.php\/wp-json\/wp\/v2\/posts\/100335","targetHints":{"allow":["GET"]}}],"collection":[{"href":"http:\/\/www.tvturk.com\/index.php\/wp-json\/wp\/v2\/posts"}],"about":[{"href":"http:\/\/www.tvturk.com\/index.php\/wp-json\/wp\/v2\/types\/post"}],"author":[{"embeddable":true,"href":"http:\/\/www.tvturk.com\/index.php\/wp-json\/wp\/v2\/users\/1"}],"replies":[{"embeddable":true,"href":"http:\/\/www.tvturk.com\/index.php\/wp-json\/wp\/v2\/comments?post=100335"}],"version-history":[{"count":1,"href":"http:\/\/www.tvturk.com\/index.php\/wp-json\/wp\/v2\/posts\/100335\/revisions"}],"predecessor-version":[{"id":100339,"href":"http:\/\/www.tvturk.com\/index.php\/wp-json\/wp\/v2\/posts\/100335\/revisions\/100339"}],"wp:featuredmedia":[{"embeddable":true,"href":"http:\/\/www.tvturk.com\/index.php\/wp-json\/wp\/v2\/media\/100336"}],"wp:attachment":[{"href":"http:\/\/www.tvturk.com\/index.php\/wp-json\/wp\/v2\/media?parent=100335"}],"wp:term":[{"taxonomy":"category","embeddable":true,"href":"http:\/\/www.tvturk.com\/index.php\/wp-json\/wp\/v2\/categories?post=100335"},{"taxonomy":"post_tag","embeddable":true,"href":"http:\/\/www.tvturk.com\/index.php\/wp-json\/wp\/v2\/tags?post=100335"}],"curies":[{"name":"wp","href":"https:\/\/api.w.org\/{rel}","templated":true}]}}