{"id":100364,"date":"2019-03-18T17:23:56","date_gmt":"2019-03-18T14:23:56","guid":{"rendered":"http:\/\/www.tvturk.com\/index.php\/cim-bicme-gorevlisi-parkta-maganda-sacmasiyla-yaralandi\/"},"modified":"2019-03-18T17:24:00","modified_gmt":"2019-03-18T14:24:00","slug":"cim-bicme-gorevlisi-parkta-maganda-sacmasiyla-yaralandi","status":"publish","type":"post","link":"http:\/\/www.tvturk.com\/index.php\/cim-bicme-gorevlisi-parkta-maganda-sacmasiyla-yaralandi\/","title":{"rendered":"\u00c7im bi\u00e7me g\u00f6revlisi parkta maganda sa\u00e7mas\u0131yla yaraland\u0131"},"content":{"rendered":"<p>Adana\u2019da parkta \u00e7im bi\u00e7mekle g\u00f6revli bir ki\u015fi arkada\u015flar\u0131 taraf\u0131ndan, nereden geldi\u011fi belli olmayan sa\u00e7ma ile ba\u015f\u0131ndan vurulmu\u015f halde bulunarak hastaneye kald\u0131r\u0131ld\u0131.<\/p>\n<p>Edinilen bilgiye g\u00f6re, olay Y\u00fcre\u011fir il\u00e7esine ba\u011fl\u0131 Selahattin Eyyubi Mahallesi\u2019nde meydana geldi. Y\u00fcre\u011fir Belediyesi Park ve Bah\u00e7eler M\u00fcd\u00fcrl\u00fc\u011f\u00fcnde \u00e7im bi\u00e7me i\u015f\u00e7isi olarak \u00e7al\u0131\u015fan Ali Ekici, mahalledeki bir park\u0131n \u00e7imlerini bi\u00e7tikten sonra gitmeye haz\u0131rlan\u0131rken birden yere d\u00fc\u015ft\u00fc. Arkada\u015flar\u0131 yan\u0131na geldi\u011finde i\u015f\u00e7inin ba\u015f\u0131ndan yaraland\u0131\u011f\u0131n\u0131 fark etti. Ali Ekici, olay yerine \u00e7a\u011fr\u0131lan ambulans ile Ekici Adana \u015eehir Hastanesine kald\u0131r\u0131ld\u0131. Yap\u0131lan ilk m\u00fcdahalede Ekici\u2019nin kafas\u0131nda sa\u00e7ma oldu\u011fu tespit edildi. Ekici\u2019nin hayati tehlikesi olmad\u0131\u011f\u0131 belirlendi. Polis ise nereden geldi\u011fi belli olmayan sa\u00e7may\u0131 atan \u015fahs\u0131 bulmak i\u00e7in \u00e7al\u0131\u015fma ba\u015flatt\u0131.<\/p>\n<p>Parka geldi\u011finde arkada\u015f\u0131n\u0131 yerde g\u00f6rd\u00fc\u011f\u00fcn\u00fc s\u00f6yleyen bir ki\u015fi ise &#8220;Bir ses gelmi\u015f sonra Ali yere d\u00fc\u015fm\u00fc\u015f ondan sonra da ben geldim. Daha sonra da Ali hastaneye kald\u0131r\u0131ld\u0131&#8221; dedi.<div class=\"tiled-gallery type-rectangular tiled-gallery-unresized\" data-original-width=\"500\" data-carousel-extra='null' itemscope itemtype=\"http:\/\/schema.org\/ImageGallery\" > <div class=\"gallery-row\" style=\"width: 500px; height: 251px;\" data-original-width=\"500\" data-original-height=\"251\" > <div class=\"gallery-group images-1\" style=\"width: 332px; height: 251px;\" data-original-width=\"332\" data-original-height=\"251\" > <div class=\"tiled-gallery-item tiled-gallery-item-large\" itemprop=\"associatedMedia\" itemscope itemtype=\"http:\/\/schema.org\/ImageObject\"> <a href=\"http:\/\/www.tvturk.com\/index.php\/cim-bicme-gorevlisi-parkta-maganda-sacmasiyla-yaralandi\/cim-bicme-gorevlisi-parkta-maganda-sacmasiyla-yaralandi-3\/\" border=\"0\" itemprop=\"url\"> <meta itemprop=\"width\" content=\"328\"> <meta itemprop=\"height\" content=\"247\"> <img decoding=\"async\" class=\"\" data-attachment-id=\"100366\" data-orig-file=\"http:\/\/www.tvturk.com\/wp-content\/uploads\/2019\/03\/cim-bicme-gorevlisi-parkta-maganda-sacmasiyla-yaralandi_939d674.jpg\" data-orig-size=\"1000,752\" data-comments-opened=\"\" data-image-meta=\"{&quot;aperture&quot;:&quot;0&quot;,&quot;credit&quot;:&quot;IHA&quot;,&quot;camera&quot;:&quot;&quot;,&quot;caption&quot;:&quot;ADANA\\u0027DA PARKTA \\u00c7\\u0130M B\\u0130\\u00c7MEKLE G\\u00d6REVL\\u0130 B\\u0130R K\\u0130\\u015e\\u0130 ARKADA\\u015eLARI TARAFINDAN NEREDEN GELD\\u0130\\u011e\\u0130 BELL\\u0130 OLMAYAN SA\\u00c7MA \\u0130LE BA\\u015eINDAN VURULMU\\u015e HALDE BULUNDU (FAT\\u0130H KE\\u00c7E - SERKAN \\u00c7ET\\u0130NKAYA\\\/ADANA-\\u0130HA)&quot;,&quot;created_timestamp&quot;:&quot;0&quot;,&quot;copyright&quot;:&quot;\\u0130HLAS HABER AJANSI, www.iha.com.tr&quot;,&quot;focal_length&quot;:&quot;0&quot;,&quot;iso&quot;:&quot;0&quot;,&quot;shutter_speed&quot;:&quot;0&quot;,&quot;title&quot;:&quot;\\u00c7\\u0130M B\\u0130\\u00c7ME G\\u00d6REVL\\u0130S\\u0130 PARKTA MAGANDA SA\\u00c7MASIYLA YARALANDI ADANA\\u0027DA PARKTA \\u00c7\\u0130M B\\u0130\\u00c7MEKLE G\\u00d6REVL\\u0130 B\\u0130R K\\u0130\\u015e\\u0130 NEREDEN GELD\\u0130\\u011e\\u0130 BELL\\u0130 OLMAYAN SA\\u00c7MA \\u0130LE BA\\u015eINDAN VURULMU\\u015e HALDE BULUNDU ADANA \\u015eEH\\u0130R HASTANES\\u0130NE KALDIRILAN \\u0130\\u015e\\u00c7\\u0130N\\u0130N HAYAT\\u0130 TEHL\\u0130KES\\u0130N\\u0130N OLMADI\\u011eI \\u00d6\\u011eREN\\u0130LD\\u0130&quot;,&quot;orientation&quot;:&quot;0&quot;}\" data-image-title=\"\u00c7im bi\u00e7me g\u00f6revlisi parkta maganda sa\u00e7mas\u0131yla yaraland\u0131\" data-image-description=\"&lt;p&gt;\u00c7im bi\u00e7me g\u00f6revlisi parkta maganda sa\u00e7mas\u0131yla yaraland\u0131&lt;\/p&gt; \" data-medium-file=\"https:\/\/i0.wp.com\/www.tvturk.com\/wp-content\/uploads\/2019\/03\/cim-bicme-gorevlisi-parkta-maganda-sacmasiyla-yaralandi_939d674.jpg?fit=300%2C226\" data-large-file=\"https:\/\/i0.wp.com\/www.tvturk.com\/wp-content\/uploads\/2019\/03\/cim-bicme-gorevlisi-parkta-maganda-sacmasiyla-yaralandi_939d674.jpg?fit=1000%2C752\" src=\"https:\/\/i0.wp.com\/www.tvturk.com\/wp-content\/uploads\/2019\/03\/cim-bicme-gorevlisi-parkta-maganda-sacmasiyla-yaralandi_939d674.jpg?w=328&#038;h=247\" srcset=\"https:\/\/i0.wp.com\/www.tvturk.com\/wp-content\/uploads\/2019\/03\/cim-bicme-gorevlisi-parkta-maganda-sacmasiyla-yaralandi_939d674.jpg?w=1000 1000w, https:\/\/i0.wp.com\/www.tvturk.com\/wp-content\/uploads\/2019\/03\/cim-bicme-gorevlisi-parkta-maganda-sacmasiyla-yaralandi_939d674.jpg?resize=150%2C113 150w, https:\/\/i0.wp.com\/www.tvturk.com\/wp-content\/uploads\/2019\/03\/cim-bicme-gorevlisi-parkta-maganda-sacmasiyla-yaralandi_939d674.jpg?resize=300%2C226 300w, https:\/\/i0.wp.com\/www.tvturk.com\/wp-content\/uploads\/2019\/03\/cim-bicme-gorevlisi-parkta-maganda-sacmasiyla-yaralandi_939d674.jpg?resize=768%2C578 768w\" width=\"328\" height=\"247\" loading=\"lazy\" data-original-width=\"328\" data-original-height=\"247\" itemprop=\"http:\/\/schema.org\/image\" title=\"\u00c7im bi\u00e7me g\u00f6revlisi parkta maganda sa\u00e7mas\u0131yla yaraland\u0131\" alt=\"\u00c7im bi\u00e7me g\u00f6revlisi parkta maganda sa\u00e7mas\u0131yla yaraland\u0131\" style=\"width: 328px; height: 247px;\" \/> <\/a> <\/div> <\/div> <!-- close group --> <div class=\"gallery-group images-2\" style=\"width: 168px; height: 251px;\" data-original-width=\"168\" data-original-height=\"251\" > <div class=\"tiled-gallery-item tiled-gallery-item-small\" itemprop=\"associatedMedia\" itemscope itemtype=\"http:\/\/schema.org\/ImageObject\"> <a href=\"http:\/\/www.tvturk.com\/index.php\/cim-bicme-gorevlisi-parkta-maganda-sacmasiyla-yaralandi\/cim-bicme-gorevlisi-parkta-maganda-sacmasiyla-yaralandi-4\/\" border=\"0\" itemprop=\"url\"> <meta itemprop=\"width\" content=\"164\"> <meta itemprop=\"height\" content=\"106\"> <img decoding=\"async\" class=\"\" data-attachment-id=\"100367\" data-orig-file=\"http:\/\/www.tvturk.com\/wp-content\/uploads\/2019\/03\/cim-bicme-gorevlisi-parkta-maganda-sacmasiyla-yaralandi_fcd754a.jpg\" data-orig-size=\"1000,647\" data-comments-opened=\"\" data-image-meta=\"{&quot;aperture&quot;:&quot;0&quot;,&quot;credit&quot;:&quot;IHA&quot;,&quot;camera&quot;:&quot;&quot;,&quot;caption&quot;:&quot;ADANA\\u0027DA PARKTA \\u00c7\\u0130M B\\u0130\\u00c7MEKLE G\\u00d6REVL\\u0130 B\\u0130R K\\u0130\\u015e\\u0130 ARKADA\\u015eLARI TARAFINDAN NEREDEN GELD\\u0130\\u011e\\u0130 BELL\\u0130 OLMAYAN SA\\u00c7MA \\u0130LE BA\\u015eINDAN VURULMU\\u015e HALDE BULUNDU (FAT\\u0130H KE\\u00c7E - SERKAN \\u00c7ET\\u0130NKAYA\\\/ADANA-\\u0130HA)&quot;,&quot;created_timestamp&quot;:&quot;0&quot;,&quot;copyright&quot;:&quot;\\u0130HLAS HABER AJANSI, www.iha.com.tr&quot;,&quot;focal_length&quot;:&quot;0&quot;,&quot;iso&quot;:&quot;0&quot;,&quot;shutter_speed&quot;:&quot;0&quot;,&quot;title&quot;:&quot;\\u00c7\\u0130M B\\u0130\\u00c7ME G\\u00d6REVL\\u0130S\\u0130 PARKTA MAGANDA SA\\u00c7MASIYLA YARALANDI ADANA\\u0027DA PARKTA \\u00c7\\u0130M B\\u0130\\u00c7MEKLE G\\u00d6REVL\\u0130 B\\u0130R K\\u0130\\u015e\\u0130 NEREDEN GELD\\u0130\\u011e\\u0130 BELL\\u0130 OLMAYAN SA\\u00c7MA \\u0130LE BA\\u015eINDAN VURULMU\\u015e HALDE BULUNDU ADANA \\u015eEH\\u0130R HASTANES\\u0130NE KALDIRILAN \\u0130\\u015e\\u00c7\\u0130N\\u0130N HAYAT\\u0130 TEHL\\u0130KES\\u0130N\\u0130N OLMADI\\u011eI \\u00d6\\u011eREN\\u0130LD\\u0130&quot;,&quot;orientation&quot;:&quot;0&quot;}\" data-image-title=\"\u00c7im bi\u00e7me g\u00f6revlisi parkta maganda sa\u00e7mas\u0131yla yaraland\u0131\" data-image-description=\"&lt;p&gt;\u00c7im bi\u00e7me g\u00f6revlisi parkta maganda sa\u00e7mas\u0131yla yaraland\u0131&lt;\/p&gt; \" data-medium-file=\"https:\/\/i0.wp.com\/www.tvturk.com\/wp-content\/uploads\/2019\/03\/cim-bicme-gorevlisi-parkta-maganda-sacmasiyla-yaralandi_fcd754a.jpg?fit=300%2C194\" data-large-file=\"https:\/\/i0.wp.com\/www.tvturk.com\/wp-content\/uploads\/2019\/03\/cim-bicme-gorevlisi-parkta-maganda-sacmasiyla-yaralandi_fcd754a.jpg?fit=1000%2C647\" src=\"https:\/\/i0.wp.com\/www.tvturk.com\/wp-content\/uploads\/2019\/03\/cim-bicme-gorevlisi-parkta-maganda-sacmasiyla-yaralandi_fcd754a.jpg?w=164&#038;h=106\" srcset=\"https:\/\/i0.wp.com\/www.tvturk.com\/wp-content\/uploads\/2019\/03\/cim-bicme-gorevlisi-parkta-maganda-sacmasiyla-yaralandi_fcd754a.jpg?w=1000 1000w, https:\/\/i0.wp.com\/www.tvturk.com\/wp-content\/uploads\/2019\/03\/cim-bicme-gorevlisi-parkta-maganda-sacmasiyla-yaralandi_fcd754a.jpg?resize=150%2C97 150w, https:\/\/i0.wp.com\/www.tvturk.com\/wp-content\/uploads\/2019\/03\/cim-bicme-gorevlisi-parkta-maganda-sacmasiyla-yaralandi_fcd754a.jpg?resize=300%2C194 300w, https:\/\/i0.wp.com\/www.tvturk.com\/wp-content\/uploads\/2019\/03\/cim-bicme-gorevlisi-parkta-maganda-sacmasiyla-yaralandi_fcd754a.jpg?resize=768%2C497 768w, https:\/\/i0.wp.com\/www.tvturk.com\/wp-content\/uploads\/2019\/03\/cim-bicme-gorevlisi-parkta-maganda-sacmasiyla-yaralandi_fcd754a.jpg?resize=510%2C330 510w\" width=\"164\" height=\"106\" loading=\"lazy\" data-original-width=\"164\" data-original-height=\"106\" itemprop=\"http:\/\/schema.org\/image\" title=\"\u00c7im bi\u00e7me g\u00f6revlisi parkta maganda sa\u00e7mas\u0131yla yaraland\u0131\" alt=\"\u00c7im bi\u00e7me g\u00f6revlisi parkta maganda sa\u00e7mas\u0131yla yaraland\u0131\" style=\"width: 164px; height: 106px;\" \/> <\/a> <\/div> <div class=\"tiled-gallery-item tiled-gallery-item-small\" itemprop=\"associatedMedia\" itemscope itemtype=\"http:\/\/schema.org\/ImageObject\"> <a href=\"http:\/\/www.tvturk.com\/index.php\/cim-bicme-gorevlisi-parkta-maganda-sacmasiyla-yaralandi\/cim-bicme-gorevlisi-parkta-maganda-sacmasiyla-yaralandi-5\/\" border=\"0\" itemprop=\"url\"> <meta itemprop=\"width\" content=\"164\"> <meta itemprop=\"height\" content=\"137\"> <img decoding=\"async\" class=\"\" data-attachment-id=\"100368\" data-orig-file=\"http:\/\/www.tvturk.com\/wp-content\/uploads\/2019\/03\/cim-bicme-gorevlisi-parkta-maganda-sacmasiyla-yaralandi_32849d2.jpg\" data-orig-size=\"1000,832\" data-comments-opened=\"\" data-image-meta=\"{&quot;aperture&quot;:&quot;0&quot;,&quot;credit&quot;:&quot;IHA&quot;,&quot;camera&quot;:&quot;&quot;,&quot;caption&quot;:&quot;AL\\u0130 EK\\u0130C\\u0130\\u0027N\\u0130N ARKADA\\u015eI PARKA GELD\\u0130\\u011e\\u0130NDE AL\\u0130\\u0027N\\u0130N YERDE YATTI\\u011eINI S\\u00d6YLED\\u0130 (FAT\\u0130H KE\\u00c7E - SERKAN \\u00c7ET\\u0130NKAYA\\\/ADANA-\\u0130HA)&quot;,&quot;created_timestamp&quot;:&quot;0&quot;,&quot;copyright&quot;:&quot;\\u0130HLAS HABER AJANSI, www.iha.com.tr&quot;,&quot;focal_length&quot;:&quot;0&quot;,&quot;iso&quot;:&quot;0&quot;,&quot;shutter_speed&quot;:&quot;0&quot;,&quot;title&quot;:&quot;\\u00c7\\u0130M B\\u0130\\u00c7ME G\\u00d6REVL\\u0130S\\u0130 PARKTA MAGANDA SA\\u00c7MASIYLA YARALANDI ADANA\\u0027DA PARKTA \\u00c7\\u0130M B\\u0130\\u00c7MEKLE G\\u00d6REVL\\u0130 B\\u0130R K\\u0130\\u015e\\u0130 NEREDEN GELD\\u0130\\u011e\\u0130 BELL\\u0130 OLMAYAN SA\\u00c7MA \\u0130LE BA\\u015eINDAN VURULMU\\u015e HALDE BULUNDU ADANA \\u015eEH\\u0130R HASTANES\\u0130NE KALDIRILAN \\u0130\\u015e\\u00c7\\u0130N\\u0130N HAYAT\\u0130 TEHL\\u0130KES\\u0130N\\u0130N OLMADI\\u011eI \\u00d6\\u011eREN\\u0130LD\\u0130&quot;,&quot;orientation&quot;:&quot;0&quot;}\" data-image-title=\"\u00c7im bi\u00e7me g\u00f6revlisi parkta maganda sa\u00e7mas\u0131yla yaraland\u0131\" data-image-description=\"&lt;p&gt;\u00c7im bi\u00e7me g\u00f6revlisi parkta maganda sa\u00e7mas\u0131yla yaraland\u0131&lt;\/p&gt; \" data-medium-file=\"https:\/\/i0.wp.com\/www.tvturk.com\/wp-content\/uploads\/2019\/03\/cim-bicme-gorevlisi-parkta-maganda-sacmasiyla-yaralandi_32849d2.jpg?fit=300%2C250\" data-large-file=\"https:\/\/i0.wp.com\/www.tvturk.com\/wp-content\/uploads\/2019\/03\/cim-bicme-gorevlisi-parkta-maganda-sacmasiyla-yaralandi_32849d2.jpg?fit=1000%2C832\" src=\"https:\/\/i0.wp.com\/www.tvturk.com\/wp-content\/uploads\/2019\/03\/cim-bicme-gorevlisi-parkta-maganda-sacmasiyla-yaralandi_32849d2.jpg?w=164&#038;h=137\" srcset=\"https:\/\/i0.wp.com\/www.tvturk.com\/wp-content\/uploads\/2019\/03\/cim-bicme-gorevlisi-parkta-maganda-sacmasiyla-yaralandi_32849d2.jpg?w=1000 1000w, https:\/\/i0.wp.com\/www.tvturk.com\/wp-content\/uploads\/2019\/03\/cim-bicme-gorevlisi-parkta-maganda-sacmasiyla-yaralandi_32849d2.jpg?resize=150%2C125 150w, https:\/\/i0.wp.com\/www.tvturk.com\/wp-content\/uploads\/2019\/03\/cim-bicme-gorevlisi-parkta-maganda-sacmasiyla-yaralandi_32849d2.jpg?resize=300%2C250 300w, https:\/\/i0.wp.com\/www.tvturk.com\/wp-content\/uploads\/2019\/03\/cim-bicme-gorevlisi-parkta-maganda-sacmasiyla-yaralandi_32849d2.jpg?resize=768%2C639 768w\" width=\"164\" height=\"137\" loading=\"lazy\" data-original-width=\"164\" data-original-height=\"137\" itemprop=\"http:\/\/schema.org\/image\" title=\"\u00c7im bi\u00e7me g\u00f6revlisi parkta maganda sa\u00e7mas\u0131yla yaraland\u0131\" alt=\"\u00c7im bi\u00e7me g\u00f6revlisi parkta maganda sa\u00e7mas\u0131yla yaraland\u0131\" style=\"width: 164px; height: 137px;\" \/> <\/a> <\/div> <\/div> <!-- close group --> <\/div> <!-- close row --> <div class=\"gallery-row\" style=\"width: 500px; height: 334px;\" data-original-width=\"500\" data-original-height=\"334\" > <div class=\"gallery-group images-1\" style=\"width: 500px; height: 334px;\" data-original-width=\"500\" data-original-height=\"334\" > <div class=\"tiled-gallery-item tiled-gallery-item-large\" itemprop=\"associatedMedia\" itemscope itemtype=\"http:\/\/schema.org\/ImageObject\"> <a href=\"http:\/\/www.tvturk.com\/index.php\/cim-bicme-gorevlisi-parkta-maganda-sacmasiyla-yaralandi\/cim-bicme-gorevlisi-parkta-maganda-sacmasiyla-yaralandi-6\/\" border=\"0\" itemprop=\"url\"> <meta itemprop=\"width\" content=\"496\"> <meta itemprop=\"height\" content=\"330\"> <img decoding=\"async\" class=\"\" data-attachment-id=\"100369\" data-orig-file=\"http:\/\/www.tvturk.com\/wp-content\/uploads\/2019\/03\/cim-bicme-gorevlisi-parkta-maganda-sacmasiyla-yaralandi_ac23b95.jpg\" data-orig-size=\"1000,666\" data-comments-opened=\"\" data-image-meta=\"{&quot;aperture&quot;:&quot;0&quot;,&quot;credit&quot;:&quot;IHA&quot;,&quot;camera&quot;:&quot;&quot;,&quot;caption&quot;:&quot;ADANA\\u0027DA PARKTA \\u00c7\\u0130M B\\u0130\\u00c7MEKLE G\\u00d6REVL\\u0130 B\\u0130R K\\u0130\\u015e\\u0130 ARKADA\\u015eLARI TARAFINDAN NEREDEN GELD\\u0130\\u011e\\u0130 BELL\\u0130 OLMAYAN SA\\u00c7MA \\u0130LE BA\\u015eINDAN VURULMU\\u015e HALDE BULUNDU (FAT\\u0130H KE\\u00c7E - SERKAN \\u00c7ET\\u0130NKAYA\\\/ADANA-\\u0130HA)&quot;,&quot;created_timestamp&quot;:&quot;0&quot;,&quot;copyright&quot;:&quot;\\u0130HLAS HABER AJANSI, www.iha.com.tr&quot;,&quot;focal_length&quot;:&quot;0&quot;,&quot;iso&quot;:&quot;0&quot;,&quot;shutter_speed&quot;:&quot;0&quot;,&quot;title&quot;:&quot;\\u00c7\\u0130M B\\u0130\\u00c7ME G\\u00d6REVL\\u0130S\\u0130 PARKTA MAGANDA SA\\u00c7MASIYLA YARALANDI ADANA\\u0027DA PARKTA \\u00c7\\u0130M B\\u0130\\u00c7MEKLE G\\u00d6REVL\\u0130 B\\u0130R K\\u0130\\u015e\\u0130 NEREDEN GELD\\u0130\\u011e\\u0130 BELL\\u0130 OLMAYAN SA\\u00c7MA \\u0130LE BA\\u015eINDAN VURULMU\\u015e HALDE BULUNDU ADANA \\u015eEH\\u0130R HASTANES\\u0130NE KALDIRILAN \\u0130\\u015e\\u00c7\\u0130N\\u0130N HAYAT\\u0130 TEHL\\u0130KES\\u0130N\\u0130N OLMADI\\u011eI \\u00d6\\u011eREN\\u0130LD\\u0130&quot;,&quot;orientation&quot;:&quot;0&quot;}\" data-image-title=\"\u00c7im bi\u00e7me g\u00f6revlisi parkta maganda sa\u00e7mas\u0131yla yaraland\u0131\" data-image-description=\"&lt;p&gt;\u00c7im bi\u00e7me g\u00f6revlisi parkta maganda sa\u00e7mas\u0131yla yaraland\u0131&lt;\/p&gt; \" data-medium-file=\"https:\/\/i0.wp.com\/www.tvturk.com\/wp-content\/uploads\/2019\/03\/cim-bicme-gorevlisi-parkta-maganda-sacmasiyla-yaralandi_ac23b95.jpg?fit=300%2C200\" data-large-file=\"https:\/\/i0.wp.com\/www.tvturk.com\/wp-content\/uploads\/2019\/03\/cim-bicme-gorevlisi-parkta-maganda-sacmasiyla-yaralandi_ac23b95.jpg?fit=1000%2C666\" src=\"https:\/\/i0.wp.com\/www.tvturk.com\/wp-content\/uploads\/2019\/03\/cim-bicme-gorevlisi-parkta-maganda-sacmasiyla-yaralandi_ac23b95.jpg?w=496&#038;h=330\" srcset=\"https:\/\/i0.wp.com\/www.tvturk.com\/wp-content\/uploads\/2019\/03\/cim-bicme-gorevlisi-parkta-maganda-sacmasiyla-yaralandi_ac23b95.jpg?w=1000 1000w, https:\/\/i0.wp.com\/www.tvturk.com\/wp-content\/uploads\/2019\/03\/cim-bicme-gorevlisi-parkta-maganda-sacmasiyla-yaralandi_ac23b95.jpg?resize=150%2C100 150w, https:\/\/i0.wp.com\/www.tvturk.com\/wp-content\/uploads\/2019\/03\/cim-bicme-gorevlisi-parkta-maganda-sacmasiyla-yaralandi_ac23b95.jpg?resize=300%2C200 300w, https:\/\/i0.wp.com\/www.tvturk.com\/wp-content\/uploads\/2019\/03\/cim-bicme-gorevlisi-parkta-maganda-sacmasiyla-yaralandi_ac23b95.jpg?resize=768%2C511 768w, https:\/\/i0.wp.com\/www.tvturk.com\/wp-content\/uploads\/2019\/03\/cim-bicme-gorevlisi-parkta-maganda-sacmasiyla-yaralandi_ac23b95.jpg?resize=170%2C113 170w, https:\/\/i0.wp.com\/www.tvturk.com\/wp-content\/uploads\/2019\/03\/cim-bicme-gorevlisi-parkta-maganda-sacmasiyla-yaralandi_ac23b95.jpg?resize=120%2C80 120w\" width=\"496\" height=\"330\" loading=\"lazy\" data-original-width=\"496\" data-original-height=\"330\" itemprop=\"http:\/\/schema.org\/image\" title=\"\u00c7im bi\u00e7me g\u00f6revlisi parkta maganda sa\u00e7mas\u0131yla yaraland\u0131\" alt=\"\u00c7im bi\u00e7me g\u00f6revlisi parkta maganda sa\u00e7mas\u0131yla yaraland\u0131\" style=\"width: 496px; height: 330px;\" \/> <\/a> <\/div> <\/div> <!-- close group --> <\/div> <!-- close row --> <\/div><\/p>\n","protected":false},"excerpt":{"rendered":"<p>ADANA&#8217;DA PARKTA \u00c7\u0130M B\u0130\u00c7MEKLE G\u00d6REVL\u0130 B\u0130R K\u0130\u015e\u0130 ARKADA\u015eLARI TARAFINDAN NEREDEN GELD\u0130\u011e\u0130 BELL\u0130 OLMAYAN SA\u00c7MA \u0130LE BA\u015eINDAN VURULMU\u015e HALDE BULUNDU<\/p>\n","protected":false},"author":1,"featured_media":100365,"comment_status":"closed","ping_status":"open","sticky":false,"template":"","format":"standard","meta":{"jetpack_post_was_ever_published":false,"_jetpack_newsletter_access":"","_jetpack_dont_email_post_to_subs":false,"_jetpack_newsletter_tier_id":0,"_jetpack_memberships_contains_paywalled_content":false,"_jetpack_memberships_contains_paid_content":false,"footnotes":"","jetpack_publicize_message":"","jetpack_publicize_feature_enabled":true,"jetpack_social_post_already_shared":true,"jetpack_social_options":{"image_generator_settings":{"template":"highway","default_image_id":0,"font":"","enabled":false},"version":2}},"categories":[655],"tags":[21803,25926,1886,21343,338,25927,6701],"class_list":["post-100364","post","type-post","status-publish","format-standard","has-post-thumbnail","hentry","category-son-dakika","tag-bicme","tag-cim","tag-gorevlisi","tag-maganda","tag-parkta","tag-sacmasiyla","tag-yaralandi"],"jetpack_publicize_connections":[],"jetpack_featured_media_url":"https:\/\/i0.wp.com\/www.tvturk.com\/wp-content\/uploads\/2019\/03\/cim-bicme-gorevlisi-parkta-maganda-sacmasiyla-yaralandi_5179677.jpg?fit=1000%2C635","jetpack_sharing_enabled":true,"jetpack_shortlink":"https:\/\/wp.me\/paKIfm-q6M","_links":{"self":[{"href":"http:\/\/www.tvturk.com\/index.php\/wp-json\/wp\/v2\/posts\/100364","targetHints":{"allow":["GET"]}}],"collection":[{"href":"http:\/\/www.tvturk.com\/index.php\/wp-json\/wp\/v2\/posts"}],"about":[{"href":"http:\/\/www.tvturk.com\/index.php\/wp-json\/wp\/v2\/types\/post"}],"author":[{"embeddable":true,"href":"http:\/\/www.tvturk.com\/index.php\/wp-json\/wp\/v2\/users\/1"}],"replies":[{"embeddable":true,"href":"http:\/\/www.tvturk.com\/index.php\/wp-json\/wp\/v2\/comments?post=100364"}],"version-history":[{"count":1,"href":"http:\/\/www.tvturk.com\/index.php\/wp-json\/wp\/v2\/posts\/100364\/revisions"}],"predecessor-version":[{"id":100370,"href":"http:\/\/www.tvturk.com\/index.php\/wp-json\/wp\/v2\/posts\/100364\/revisions\/100370"}],"wp:featuredmedia":[{"embeddable":true,"href":"http:\/\/www.tvturk.com\/index.php\/wp-json\/wp\/v2\/media\/100365"}],"wp:attachment":[{"href":"http:\/\/www.tvturk.com\/index.php\/wp-json\/wp\/v2\/media?parent=100364"}],"wp:term":[{"taxonomy":"category","embeddable":true,"href":"http:\/\/www.tvturk.com\/index.php\/wp-json\/wp\/v2\/categories?post=100364"},{"taxonomy":"post_tag","embeddable":true,"href":"http:\/\/www.tvturk.com\/index.php\/wp-json\/wp\/v2\/tags?post=100364"}],"curies":[{"name":"wp","href":"https:\/\/api.w.org\/{rel}","templated":true}]}}