{"id":100450,"date":"2019-03-18T18:09:54","date_gmt":"2019-03-18T15:09:54","guid":{"rendered":"http:\/\/www.tvturk.com\/index.php\/sanliurfada-yakalanan-2-deas-uyesi-tutuklandi\/"},"modified":"2019-03-18T18:09:56","modified_gmt":"2019-03-18T15:09:56","slug":"sanliurfada-yakalanan-2-deas-uyesi-tutuklandi","status":"publish","type":"post","link":"http:\/\/www.tvturk.com\/index.php\/sanliurfada-yakalanan-2-deas-uyesi-tutuklandi\/","title":{"rendered":"\u015eanl\u0131urfa\u2019da yakalanan 2 DEA\u015e \u00fcyesi tutukland\u0131"},"content":{"rendered":"<p>\u015eanl\u0131urfa\u2019n\u0131n Ak\u00e7akale il\u00e7esinde g\u00f6zalt\u0131na al\u0131nan ter\u00f6r \u00f6rg\u00fct\u00fc DEA\u015e \u00fcyesi 2 ki\u015fi, sevk edildi\u011fi mahkemece tutukland\u0131.<\/p>\n<p>Edinilen bilgiye g\u00f6re, Ak\u00e7akale\u2019de yol uygulamas\u0131 yapan jandarma ekipleri \u015f\u00fcphe \u00fczerine bir arac\u0131 durdurarak arama yapt\u0131. Yap\u0131lan arama sonras\u0131 ara\u00e7ta bulunan 2 \u015fah\u0131s, kimlik kontrol\u00fcnden ge\u00e7irildi. \u015eah\u0131slar ter\u00f6r \u00f6rg\u00fct\u00fc DEA\u015e \u00fcyesi oldu\u011fu gerek\u00e7esiyle g\u00f6zalt\u0131na al\u0131nd\u0131. \u0130\u015flemlerinin ard\u0131ndan adliyeye sevk edilen U.H.M. ve A.E.H. tutuklanarak cezaevine g\u00f6nderildi.<div class=\"tiled-gallery type-rectangular tiled-gallery-unresized\" data-original-width=\"500\" data-carousel-extra='null' itemscope itemtype=\"http:\/\/schema.org\/ImageGallery\" > <div class=\"gallery-row\" style=\"width: 500px; height: 213px;\" data-original-width=\"500\" data-original-height=\"213\" > <div class=\"gallery-group images-1\" style=\"width: 339px; height: 213px;\" data-original-width=\"339\" data-original-height=\"213\" > <div class=\"tiled-gallery-item tiled-gallery-item-large\" itemprop=\"associatedMedia\" itemscope itemtype=\"http:\/\/schema.org\/ImageObject\"> <a href=\"http:\/\/www.tvturk.com\/index.php\/sanliurfada-yakalanan-2-deas-uyesi-tutuklandi\/sanliurfada-yakalanan-2-deas-uyesi-tutuklandi-3\/\" border=\"0\" itemprop=\"url\"> <meta itemprop=\"width\" content=\"335\"> <meta itemprop=\"height\" content=\"209\"> <img decoding=\"async\" class=\"\" data-attachment-id=\"100452\" data-orig-file=\"http:\/\/www.tvturk.com\/wp-content\/uploads\/2019\/03\/sanliurfada-yakalanan-2-deas-uyesi-tutuklandi_590cd58.jpg\" data-orig-size=\"1000,624\" data-comments-opened=\"\" data-image-meta=\"{&quot;aperture&quot;:&quot;0&quot;,&quot;credit&quot;:&quot;IHA&quot;,&quot;camera&quot;:&quot;&quot;,&quot;caption&quot;:&quot;\\u015eANLIURFA\\u2019NIN AK\\u00c7AKALE \\u0130L\\u00c7ES\\u0130NDE G\\u00d6ZALTINA ALINAN TER\\u00d6R \\u00d6RG\\u00dcT\\u00dc DEA\\u015e \\u00dcYES\\u0130 2 K\\u0130\\u015e\\u0130, SEVK ED\\u0130LD\\u0130\\u011e\\u0130 MAHKEMECE TUTUKLANDI. (MEHMET D\\u0130KE\\u00c7\\\/\\u015eANLIURFA-\\u0130HA)&quot;,&quot;created_timestamp&quot;:&quot;0&quot;,&quot;copyright&quot;:&quot;\\u0130HLAS HABER AJANSI, www.iha.com.tr&quot;,&quot;focal_length&quot;:&quot;0&quot;,&quot;iso&quot;:&quot;0&quot;,&quot;shutter_speed&quot;:&quot;0&quot;,&quot;title&quot;:&quot;\\u015eANLIURFA\\u2019DA YAKALANAN 2 DEA\\u015e \\u00dcYES\\u0130 TUTUKLANDI&quot;,&quot;orientation&quot;:&quot;0&quot;}\" data-image-title=\"\u015eanl\u0131urfa\u2019da yakalanan 2 DEA\u015e \u00fcyesi tutukland\u0131\" data-image-description=\"&lt;p&gt;\u015eanl\u0131urfa\u2019da yakalanan 2 DEA\u015e \u00fcyesi tutukland\u0131&lt;\/p&gt; \" data-medium-file=\"https:\/\/i0.wp.com\/www.tvturk.com\/wp-content\/uploads\/2019\/03\/sanliurfada-yakalanan-2-deas-uyesi-tutuklandi_590cd58.jpg?fit=300%2C187\" data-large-file=\"https:\/\/i0.wp.com\/www.tvturk.com\/wp-content\/uploads\/2019\/03\/sanliurfada-yakalanan-2-deas-uyesi-tutuklandi_590cd58.jpg?fit=1000%2C624\" src=\"https:\/\/i0.wp.com\/www.tvturk.com\/wp-content\/uploads\/2019\/03\/sanliurfada-yakalanan-2-deas-uyesi-tutuklandi_590cd58.jpg?w=335&#038;h=209\" srcset=\"https:\/\/i0.wp.com\/www.tvturk.com\/wp-content\/uploads\/2019\/03\/sanliurfada-yakalanan-2-deas-uyesi-tutuklandi_590cd58.jpg?w=1000 1000w, https:\/\/i0.wp.com\/www.tvturk.com\/wp-content\/uploads\/2019\/03\/sanliurfada-yakalanan-2-deas-uyesi-tutuklandi_590cd58.jpg?resize=150%2C94 150w, https:\/\/i0.wp.com\/www.tvturk.com\/wp-content\/uploads\/2019\/03\/sanliurfada-yakalanan-2-deas-uyesi-tutuklandi_590cd58.jpg?resize=300%2C187 300w, https:\/\/i0.wp.com\/www.tvturk.com\/wp-content\/uploads\/2019\/03\/sanliurfada-yakalanan-2-deas-uyesi-tutuklandi_590cd58.jpg?resize=768%2C479 768w\" width=\"335\" height=\"209\" loading=\"lazy\" data-original-width=\"335\" data-original-height=\"209\" itemprop=\"http:\/\/schema.org\/image\" title=\"\u015eanl\u0131urfa\u2019da yakalanan 2 DEA\u015e \u00fcyesi tutukland\u0131\" alt=\"\u015eanl\u0131urfa\u2019da yakalanan 2 DEA\u015e \u00fcyesi tutukland\u0131\" style=\"width: 335px; height: 209px;\" \/> <\/a> <\/div> <\/div> <!-- close group --> <div class=\"gallery-group images-1\" style=\"width: 161px; height: 213px;\" data-original-width=\"161\" data-original-height=\"213\" > <div class=\"tiled-gallery-item tiled-gallery-item-small\" itemprop=\"associatedMedia\" itemscope itemtype=\"http:\/\/schema.org\/ImageObject\"> <a href=\"http:\/\/www.tvturk.com\/index.php\/sanliurfada-yakalanan-2-deas-uyesi-tutuklandi\/sanliurfada-yakalanan-2-deas-uyesi-tutuklandi-4\/\" border=\"0\" itemprop=\"url\"> <meta itemprop=\"width\" content=\"157\"> <meta itemprop=\"height\" content=\"209\"> <img decoding=\"async\" class=\"\" data-attachment-id=\"100453\" data-orig-file=\"http:\/\/www.tvturk.com\/wp-content\/uploads\/2019\/03\/sanliurfada-yakalanan-2-deas-uyesi-tutuklandi_8103a39.jpg\" data-orig-size=\"750,1000\" data-comments-opened=\"\" data-image-meta=\"{&quot;aperture&quot;:&quot;0&quot;,&quot;credit&quot;:&quot;IHA&quot;,&quot;camera&quot;:&quot;&quot;,&quot;caption&quot;:&quot;\\u015eANLIURFA\\u2019NIN AK\\u00c7AKALE \\u0130L\\u00c7ES\\u0130NDE G\\u00d6ZALTINA ALINAN TER\\u00d6R \\u00d6RG\\u00dcT\\u00dc DEA\\u015e \\u00dcYES\\u0130 2 K\\u0130\\u015e\\u0130, SEVK ED\\u0130LD\\u0130\\u011e\\u0130 MAHKEMECE TUTUKLANDI. (MEHMET D\\u0130KE\\u00c7\\\/\\u015eANLIURFA-\\u0130HA)&quot;,&quot;created_timestamp&quot;:&quot;0&quot;,&quot;copyright&quot;:&quot;\\u0130HLAS HABER AJANSI, www.iha.com.tr&quot;,&quot;focal_length&quot;:&quot;0&quot;,&quot;iso&quot;:&quot;0&quot;,&quot;shutter_speed&quot;:&quot;0&quot;,&quot;title&quot;:&quot;\\u015eANLIURFA\\u2019DA YAKALANAN 2 DEA\\u015e \\u00dcYES\\u0130 TUTUKLANDI&quot;,&quot;orientation&quot;:&quot;0&quot;}\" data-image-title=\"\u015eanl\u0131urfa\u2019da yakalanan 2 DEA\u015e \u00fcyesi tutukland\u0131\" data-image-description=\"&lt;p&gt;\u015eanl\u0131urfa\u2019da yakalanan 2 DEA\u015e \u00fcyesi tutukland\u0131&lt;\/p&gt; \" data-medium-file=\"https:\/\/i0.wp.com\/www.tvturk.com\/wp-content\/uploads\/2019\/03\/sanliurfada-yakalanan-2-deas-uyesi-tutuklandi_8103a39.jpg?fit=225%2C300\" data-large-file=\"https:\/\/i0.wp.com\/www.tvturk.com\/wp-content\/uploads\/2019\/03\/sanliurfada-yakalanan-2-deas-uyesi-tutuklandi_8103a39.jpg?fit=750%2C1000\" src=\"https:\/\/i0.wp.com\/www.tvturk.com\/wp-content\/uploads\/2019\/03\/sanliurfada-yakalanan-2-deas-uyesi-tutuklandi_8103a39.jpg?w=157&#038;h=209\" srcset=\"https:\/\/i0.wp.com\/www.tvturk.com\/wp-content\/uploads\/2019\/03\/sanliurfada-yakalanan-2-deas-uyesi-tutuklandi_8103a39.jpg?w=750 750w, https:\/\/i0.wp.com\/www.tvturk.com\/wp-content\/uploads\/2019\/03\/sanliurfada-yakalanan-2-deas-uyesi-tutuklandi_8103a39.jpg?resize=113%2C150 113w, https:\/\/i0.wp.com\/www.tvturk.com\/wp-content\/uploads\/2019\/03\/sanliurfada-yakalanan-2-deas-uyesi-tutuklandi_8103a39.jpg?resize=225%2C300 225w\" width=\"157\" height=\"209\" loading=\"lazy\" data-original-width=\"157\" data-original-height=\"209\" itemprop=\"http:\/\/schema.org\/image\" title=\"\u015eanl\u0131urfa\u2019da yakalanan 2 DEA\u015e \u00fcyesi tutukland\u0131\" alt=\"\u015eanl\u0131urfa\u2019da yakalanan 2 DEA\u015e \u00fcyesi tutukland\u0131\" style=\"width: 157px; height: 209px;\" \/> <\/a> <\/div> <\/div> <!-- close group --> <\/div> <!-- close row --> <div class=\"gallery-row\" style=\"width: 500px; height: 665px;\" data-original-width=\"500\" data-original-height=\"665\" > <div class=\"gallery-group images-1\" style=\"width: 500px; height: 665px;\" data-original-width=\"500\" data-original-height=\"665\" > <div class=\"tiled-gallery-item tiled-gallery-item-large\" itemprop=\"associatedMedia\" itemscope itemtype=\"http:\/\/schema.org\/ImageObject\"> <a href=\"http:\/\/www.tvturk.com\/index.php\/sanliurfada-yakalanan-2-deas-uyesi-tutuklandi\/sanliurfada-yakalanan-2-deas-uyesi-tutuklandi-5\/\" border=\"0\" itemprop=\"url\"> <meta itemprop=\"width\" content=\"496\"> <meta itemprop=\"height\" content=\"661\"> <img decoding=\"async\" class=\"\" data-attachment-id=\"100454\" data-orig-file=\"http:\/\/www.tvturk.com\/wp-content\/uploads\/2019\/03\/sanliurfada-yakalanan-2-deas-uyesi-tutuklandi_fb40a68.jpg\" data-orig-size=\"750,1000\" data-comments-opened=\"\" data-image-meta=\"{&quot;aperture&quot;:&quot;0&quot;,&quot;credit&quot;:&quot;IHA&quot;,&quot;camera&quot;:&quot;&quot;,&quot;caption&quot;:&quot;\\u015eANLIURFA\\u2019NIN AK\\u00c7AKALE \\u0130L\\u00c7ES\\u0130NDE G\\u00d6ZALTINA ALINAN TER\\u00d6R \\u00d6RG\\u00dcT\\u00dc DEA\\u015e \\u00dcYES\\u0130 2 K\\u0130\\u015e\\u0130, SEVK ED\\u0130LD\\u0130\\u011e\\u0130 MAHKEMECE TUTUKLANDI. (MEHMET D\\u0130KE\\u00c7\\\/\\u015eANLIURFA-\\u0130HA)&quot;,&quot;created_timestamp&quot;:&quot;0&quot;,&quot;copyright&quot;:&quot;\\u0130HLAS HABER AJANSI, www.iha.com.tr&quot;,&quot;focal_length&quot;:&quot;0&quot;,&quot;iso&quot;:&quot;0&quot;,&quot;shutter_speed&quot;:&quot;0&quot;,&quot;title&quot;:&quot;\\u015eANLIURFA\\u2019DA YAKALANAN 2 DEA\\u015e \\u00dcYES\\u0130 TUTUKLANDI&quot;,&quot;orientation&quot;:&quot;0&quot;}\" data-image-title=\"\u015eanl\u0131urfa\u2019da yakalanan 2 DEA\u015e \u00fcyesi tutukland\u0131\" data-image-description=\"&lt;p&gt;\u015eanl\u0131urfa\u2019da yakalanan 2 DEA\u015e \u00fcyesi tutukland\u0131&lt;\/p&gt; \" data-medium-file=\"https:\/\/i0.wp.com\/www.tvturk.com\/wp-content\/uploads\/2019\/03\/sanliurfada-yakalanan-2-deas-uyesi-tutuklandi_fb40a68.jpg?fit=225%2C300\" data-large-file=\"https:\/\/i0.wp.com\/www.tvturk.com\/wp-content\/uploads\/2019\/03\/sanliurfada-yakalanan-2-deas-uyesi-tutuklandi_fb40a68.jpg?fit=750%2C1000\" src=\"https:\/\/i0.wp.com\/www.tvturk.com\/wp-content\/uploads\/2019\/03\/sanliurfada-yakalanan-2-deas-uyesi-tutuklandi_fb40a68.jpg?w=496&#038;h=661\" srcset=\"https:\/\/i0.wp.com\/www.tvturk.com\/wp-content\/uploads\/2019\/03\/sanliurfada-yakalanan-2-deas-uyesi-tutuklandi_fb40a68.jpg?w=750 750w, https:\/\/i0.wp.com\/www.tvturk.com\/wp-content\/uploads\/2019\/03\/sanliurfada-yakalanan-2-deas-uyesi-tutuklandi_fb40a68.jpg?resize=113%2C150 113w, https:\/\/i0.wp.com\/www.tvturk.com\/wp-content\/uploads\/2019\/03\/sanliurfada-yakalanan-2-deas-uyesi-tutuklandi_fb40a68.jpg?resize=225%2C300 225w\" width=\"496\" height=\"661\" loading=\"lazy\" data-original-width=\"496\" data-original-height=\"661\" itemprop=\"http:\/\/schema.org\/image\" title=\"\u015eanl\u0131urfa\u2019da yakalanan 2 DEA\u015e \u00fcyesi tutukland\u0131\" alt=\"\u015eanl\u0131urfa\u2019da yakalanan 2 DEA\u015e \u00fcyesi tutukland\u0131\" style=\"width: 496px; height: 661px;\" \/> <\/a> <\/div> <\/div> <!-- close group --> <\/div> <!-- close row --> <\/div><\/p>\n","protected":false},"excerpt":{"rendered":"<p>\u015eANLIURFA\u2019NIN AK\u00c7AKALE \u0130L\u00c7ES\u0130NDE G\u00d6ZALTINA ALINAN TER\u00d6R \u00d6RG\u00dcT\u00dc DEA\u015e \u00dcYES\u0130 2 K\u0130\u015e\u0130, SEVK ED\u0130LD\u0130\u011e\u0130 MAHKEMECE TUTUKLANDI.<\/p>\n","protected":false},"author":1,"featured_media":100451,"comment_status":"closed","ping_status":"open","sticky":false,"template":"","format":"standard","meta":{"jetpack_post_was_ever_published":false,"_jetpack_newsletter_access":"","_jetpack_dont_email_post_to_subs":false,"_jetpack_newsletter_tier_id":0,"_jetpack_memberships_contains_paywalled_content":false,"_jetpack_memberships_contains_paid_content":false,"footnotes":"","jetpack_publicize_message":"","jetpack_publicize_feature_enabled":true,"jetpack_social_post_already_shared":true,"jetpack_social_options":{"image_generator_settings":{"template":"highway","default_image_id":0,"font":"","enabled":false},"version":2}},"categories":[655],"tags":[14563,1294,1804,1941,2309],"class_list":["post-100450","post","type-post","status-publish","format-standard","has-post-thumbnail","hentry","category-son-dakika","tag-deas","tag-sanliurfada","tag-tutuklandi","tag-uyesi","tag-yakalanan"],"jetpack_publicize_connections":[],"jetpack_featured_media_url":"https:\/\/i0.wp.com\/www.tvturk.com\/wp-content\/uploads\/2019\/03\/sanliurfada-yakalanan-2-deas-uyesi-tutuklandi_b9d935d.jpg?fit=1000%2C577","jetpack_sharing_enabled":true,"jetpack_shortlink":"https:\/\/wp.me\/paKIfm-q8a","_links":{"self":[{"href":"http:\/\/www.tvturk.com\/index.php\/wp-json\/wp\/v2\/posts\/100450","targetHints":{"allow":["GET"]}}],"collection":[{"href":"http:\/\/www.tvturk.com\/index.php\/wp-json\/wp\/v2\/posts"}],"about":[{"href":"http:\/\/www.tvturk.com\/index.php\/wp-json\/wp\/v2\/types\/post"}],"author":[{"embeddable":true,"href":"http:\/\/www.tvturk.com\/index.php\/wp-json\/wp\/v2\/users\/1"}],"replies":[{"embeddable":true,"href":"http:\/\/www.tvturk.com\/index.php\/wp-json\/wp\/v2\/comments?post=100450"}],"version-history":[{"count":1,"href":"http:\/\/www.tvturk.com\/index.php\/wp-json\/wp\/v2\/posts\/100450\/revisions"}],"predecessor-version":[{"id":100455,"href":"http:\/\/www.tvturk.com\/index.php\/wp-json\/wp\/v2\/posts\/100450\/revisions\/100455"}],"wp:featuredmedia":[{"embeddable":true,"href":"http:\/\/www.tvturk.com\/index.php\/wp-json\/wp\/v2\/media\/100451"}],"wp:attachment":[{"href":"http:\/\/www.tvturk.com\/index.php\/wp-json\/wp\/v2\/media?parent=100450"}],"wp:term":[{"taxonomy":"category","embeddable":true,"href":"http:\/\/www.tvturk.com\/index.php\/wp-json\/wp\/v2\/categories?post=100450"},{"taxonomy":"post_tag","embeddable":true,"href":"http:\/\/www.tvturk.com\/index.php\/wp-json\/wp\/v2\/tags?post=100450"}],"curies":[{"name":"wp","href":"https:\/\/api.w.org\/{rel}","templated":true}]}}