{"id":10047,"date":"2019-02-07T18:04:57","date_gmt":"2019-02-07T15:04:57","guid":{"rendered":"http:\/\/www.tvturk.com\/index.php\/celed-usaglardan-yusuf-kilica-destek-ziyareti\/"},"modified":"2019-02-07T18:05:00","modified_gmt":"2019-02-07T15:05:00","slug":"celed-usaglardan-yusuf-kilica-destek-ziyareti","status":"publish","type":"post","link":"http:\/\/www.tvturk.com\/index.php\/celed-usaglardan-yusuf-kilica-destek-ziyareti\/","title":{"rendered":"\u00c7eled U\u015faglar\u2019dan, Yusuf K\u0131l\u0131\u00e7\u2019a destek ziyareti"},"content":{"rendered":"<p>Orhan Uslu \u00f6nderli\u011finde g\u00f6n\u00fcll\u00fc oyuncularla 2009 y\u0131l\u0131nda kurulan ve sahnede sergiledikleri performansla t\u00fcm T\u00fcrkiye\u2019de g\u00f6n\u00fcllerde taht kuran  \u201c\u00c7eled U\u015faglar\u201d tiyatro grubu Gaziler Mahallesi Muhtar aday\u0131 Yusuf K\u0131l\u0131\u00e7\u2019\u0131 ziyaret ederek ba\u015far\u0131 dileklerinde bulundu.<\/p>\n<p>\u00c7eled U\u015faglar tiyatro grubu oyuncular\u0131 evinde ziyaret ettikleri Yusuf K\u0131l\u0131\u00e7\u2019\u0131n se\u00e7im vaatleri aras\u0131nda yer alan Sa\u011fl\u0131k merkezi, Kad\u0131n ve \u00e7ocuklar\u0131n bo\u015f zamanlar\u0131n\u0131 de\u011ferlendirebilecekleri Sosyal Tesis, Taziye Evi, Kapal\u0131 Pazar yeri, \u00c7ocuklara y\u00f6nelik spor alanlar\u0131n\u0131n yap\u0131lmas\u0131n\u0131n yan\u0131 s\u0131ra, Sosyal Sorumluluk Projeleri aras\u0131nda en \u00f6nemli yeri alan \u201c Muhtarl\u0131k maa\u015f\u0131n\u0131 Mahallede e\u011fitimlerine devam eden K\u0131z \u00c7ocuklar\u0131na Burs olarak da\u011f\u0131taca\u011f\u0131n\u0131\u201d ifade etmesi \u00fczerine, do\u011fa\u00e7lama olarak k\u0131sa bir ske\u00e7 ger\u00e7ekle\u015ftirdiler.<\/p>\n<p>\u00c7eled U\u015faglar tiyatro grubu kurucusu Orhan Uslu, Muhtar aday\u0131 Yusuf K\u0131l\u0131\u00e7\u2019\u0131n sosyal sorumluluk projeleri aras\u0131nda yer alan maa\u015f\u0131n\u0131 k\u0131z \u00e7ocuklar\u0131na burs olarak da\u011f\u0131taca\u011f\u0131n\u0131 duydu\u011funda \u00e7ok heyecanland\u0131\u011f\u0131n\u0131 belirterek,\u201dUzun y\u0131llar bas\u0131n camias\u0131n\u0131n i\u00e7erisinde yapt\u0131\u011f\u0131 haberlerle \u00f6nemli ba\u015far\u0131larak imza atan Yusuf K\u0131l\u0131\u00e7\u2019\u0131n Mahallesine Muhtar aday\u0131 oldu\u011funu ve se\u00e7im vaatleri aras\u0131nda Muhtarl\u0131k maa\u015f\u0131n\u0131 e\u011fitimlerine devam eden K\u0131z \u00c7ocuklar\u0131na Burs olarak da\u011f\u0131taca\u011f\u0131n\u0131 duyunca \u00e7ok heyecanland\u0131k ve Gaziantepli sanat\u00e7\u0131lar olarak kendisini ziyaret ederek bu d\u00fc\u015f\u00fcncesinden dolay\u0131 tebrik ettik.  \u00c7ok g\u00fczel bir sosyal sorumluluk projesine imza atm\u0131\u015f. Se\u00e7ildi\u011fi takdirde in\u015fallah bu sosyal sorumluluk projesi \u015fehrimiz ve \u00fclkemiz ad\u0131na \u00f6rnek te\u015fkil eder ve t\u00fcm T\u00fcrkiye\u2019de yayg\u0131nla\u015f\u0131r. \u00c7e\u015fitli sebeplerden dolay\u0131 okula gidemeyen bir k\u0131z \u00e7ocu\u011fumuzu okuluna yeniden kazand\u0131rabilirse, bu hem \u00fclkemiz i\u00e7in, hem \u015fehrimiz i\u00e7in bir kazan\u00e7 olacakt\u0131r. Bu d\u00fc\u015f\u00fcncesinden dolay\u0131 kendisine te\u015fekk\u00fcr ediyorum\u201d dedi.<\/p>\n<p>Gaziler Mahallesi Muhtar aday\u0131 Yusuf K\u0131l\u0131\u00e7 ise, Orhan Uslu ve arkada\u015flar\u0131n\u0131n ziyaretlerinden b\u00fcy\u00fck mutluluk duydu\u011funu, \u00f6nemli bir g\u00f6rev i\u00e7in \u00e7\u0131kt\u0131klar\u0131 yolda b\u00f6ylesine desteklerin heyecanlar\u0131n\u0131 art\u0131rd\u0131\u011f\u0131n\u0131 ifade ederek,\u201d Sevgili karde\u015fim Orhan Uslu ve \u00c7eled U\u015faglar tiyatro grubu oyuncular\u0131na te\u015fekk\u00fcr ederim. Se\u00e7im vaatlerimiz aras\u0131nda yer alan se\u00e7ildi\u011fimiz takdirde maa\u015f\u0131m\u0131z\u0131 k\u0131z \u00e7ocuklar\u0131na burs olarak da\u011f\u0131taca\u011f\u0131m\u0131z projesi, se\u00e7ildi\u011fimiz takdirde uygulamaya sokaca\u011f\u0131m\u0131z sosyal sorumluluk projelerimizden bir tanesi. Bu proje ile k\u0131z \u00e7ocuklar\u0131m\u0131z\u0131n e\u011fitimine okyanusta bir damla kadar da olsa katk\u0131da bulunabilirsek \u00e7ok mutlu olaca\u011f\u0131z. Biz bu ad\u0131m\u0131 ataca\u011f\u0131z, in\u015fallah dalga dalga yay\u0131l\u0131r ve \u00e7e\u015fitli sebeplerle okullar\u0131ndan ayr\u0131 kalan k\u0131z \u00e7ocuklar\u0131m\u0131z okul s\u0131ralar\u0131na, e\u011fitimlerine kavu\u015furlar\u201d diye konu\u015ftu.<div class=\"tiled-gallery type-rectangular tiled-gallery-unresized\" data-original-width=\"500\" data-carousel-extra='null' itemscope itemtype=\"http:\/\/schema.org\/ImageGallery\" > <div class=\"gallery-row\" style=\"width: 500px; height: 179px;\" data-original-width=\"500\" data-original-height=\"179\" > <div class=\"gallery-group images-1\" style=\"width: 258px; height: 179px;\" data-original-width=\"258\" data-original-height=\"179\" > <div class=\"tiled-gallery-item tiled-gallery-item-large\" itemprop=\"associatedMedia\" itemscope itemtype=\"http:\/\/schema.org\/ImageObject\"> <a href=\"http:\/\/www.tvturk.com\/index.php\/celed-usaglardan-yusuf-kilica-destek-ziyareti\/celed-usaglardan-yusuf-kilica-destek-ziyareti-3\/\" border=\"0\" itemprop=\"url\"> <meta itemprop=\"width\" content=\"254\"> <meta itemprop=\"height\" content=\"175\"> <img decoding=\"async\" class=\"\" data-attachment-id=\"10049\" data-orig-file=\"http:\/\/www.tvturk.com\/wp-content\/uploads\/2019\/02\/celed-usaglardan-yusuf-kilica-destek-ziyareti_52e9102.jpg\" data-orig-size=\"1000,691\" data-comments-opened=\"\" data-image-meta=\"{&quot;aperture&quot;:&quot;0&quot;,&quot;credit&quot;:&quot;IHA&quot;,&quot;camera&quot;:&quot;&quot;,&quot;caption&quot;:&quot;\\u00c7ELED U\\u015eAGLAR\\u2019DAN, YUSUF KILI\\u00c7\\u2019A DESTEK Z\\u0130YARET\\u0130 (\\u0130HA\\\/GAZ\\u0130ANTEP-\\u0130HA)&quot;,&quot;created_timestamp&quot;:&quot;0&quot;,&quot;copyright&quot;:&quot;\\u0130HLAS HABER AJANSI, www.iha.com.tr&quot;,&quot;focal_length&quot;:&quot;0&quot;,&quot;iso&quot;:&quot;0&quot;,&quot;shutter_speed&quot;:&quot;0&quot;,&quot;title&quot;:&quot;\\u00c7ELED U\\u015eAGLAR\\u2019DAN, YUSUF KILI\\u00c7\\u2019A DESTEK Z\\u0130YARET\\u0130&quot;,&quot;orientation&quot;:&quot;0&quot;}\" data-image-title=\"\u00c7eled U\u015faglar\u2019dan, Yusuf K\u0131l\u0131\u00e7\u2019a destek ziyareti\" data-image-description=\"&lt;p&gt;\u00c7eled U\u015faglar\u2019dan, Yusuf K\u0131l\u0131\u00e7\u2019a destek ziyareti&lt;\/p&gt; \" data-medium-file=\"https:\/\/i0.wp.com\/www.tvturk.com\/wp-content\/uploads\/2019\/02\/celed-usaglardan-yusuf-kilica-destek-ziyareti_52e9102.jpg?fit=300%2C207\" data-large-file=\"https:\/\/i0.wp.com\/www.tvturk.com\/wp-content\/uploads\/2019\/02\/celed-usaglardan-yusuf-kilica-destek-ziyareti_52e9102.jpg?fit=1000%2C691\" src=\"https:\/\/i0.wp.com\/www.tvturk.com\/wp-content\/uploads\/2019\/02\/celed-usaglardan-yusuf-kilica-destek-ziyareti_52e9102.jpg?w=254&#038;h=175\" srcset=\"https:\/\/i0.wp.com\/www.tvturk.com\/wp-content\/uploads\/2019\/02\/celed-usaglardan-yusuf-kilica-destek-ziyareti_52e9102.jpg?w=1000 1000w, https:\/\/i0.wp.com\/www.tvturk.com\/wp-content\/uploads\/2019\/02\/celed-usaglardan-yusuf-kilica-destek-ziyareti_52e9102.jpg?resize=150%2C104 150w, https:\/\/i0.wp.com\/www.tvturk.com\/wp-content\/uploads\/2019\/02\/celed-usaglardan-yusuf-kilica-destek-ziyareti_52e9102.jpg?resize=300%2C207 300w, https:\/\/i0.wp.com\/www.tvturk.com\/wp-content\/uploads\/2019\/02\/celed-usaglardan-yusuf-kilica-destek-ziyareti_52e9102.jpg?resize=768%2C531 768w, https:\/\/i0.wp.com\/www.tvturk.com\/wp-content\/uploads\/2019\/02\/celed-usaglardan-yusuf-kilica-destek-ziyareti_52e9102.jpg?resize=80%2C55 80w\" width=\"254\" height=\"175\" loading=\"lazy\" data-original-width=\"254\" data-original-height=\"175\" itemprop=\"http:\/\/schema.org\/image\" title=\"\u00c7eled U\u015faglar\u2019dan, Yusuf K\u0131l\u0131\u00e7\u2019a destek ziyareti\" alt=\"\u00c7eled U\u015faglar\u2019dan, Yusuf K\u0131l\u0131\u00e7\u2019a destek ziyareti\" style=\"width: 254px; height: 175px;\" \/> <\/a> <\/div> <\/div> <!-- close group --> <div class=\"gallery-group images-1\" style=\"width: 242px; height: 179px;\" data-original-width=\"242\" data-original-height=\"179\" > <div class=\"tiled-gallery-item tiled-gallery-item-small\" itemprop=\"associatedMedia\" itemscope itemtype=\"http:\/\/schema.org\/ImageObject\"> <a href=\"http:\/\/www.tvturk.com\/index.php\/celed-usaglardan-yusuf-kilica-destek-ziyareti\/celed-usaglardan-yusuf-kilica-destek-ziyareti-4\/\" border=\"0\" itemprop=\"url\"> <meta itemprop=\"width\" content=\"238\"> <meta itemprop=\"height\" content=\"175\"> <img decoding=\"async\" class=\"\" data-attachment-id=\"10050\" data-orig-file=\"http:\/\/www.tvturk.com\/wp-content\/uploads\/2019\/02\/celed-usaglardan-yusuf-kilica-destek-ziyareti_e2590b6.jpg\" data-orig-size=\"1000,737\" data-comments-opened=\"\" data-image-meta=\"{&quot;aperture&quot;:&quot;0&quot;,&quot;credit&quot;:&quot;IHA&quot;,&quot;camera&quot;:&quot;&quot;,&quot;caption&quot;:&quot;\\u00c7ELED U\\u015eAGLAR\\u2019DAN, YUSUF KILI\\u00c7\\u2019A DESTEK Z\\u0130YARET\\u0130 (\\u0130HA\\\/GAZ\\u0130ANTEP-\\u0130HA)&quot;,&quot;created_timestamp&quot;:&quot;0&quot;,&quot;copyright&quot;:&quot;\\u0130HLAS HABER AJANSI, www.iha.com.tr&quot;,&quot;focal_length&quot;:&quot;0&quot;,&quot;iso&quot;:&quot;0&quot;,&quot;shutter_speed&quot;:&quot;0&quot;,&quot;title&quot;:&quot;\\u00c7ELED U\\u015eAGLAR\\u2019DAN, YUSUF KILI\\u00c7\\u2019A DESTEK Z\\u0130YARET\\u0130&quot;,&quot;orientation&quot;:&quot;0&quot;}\" data-image-title=\"\u00c7eled U\u015faglar\u2019dan, Yusuf K\u0131l\u0131\u00e7\u2019a destek ziyareti\" data-image-description=\"&lt;p&gt;\u00c7eled U\u015faglar\u2019dan, Yusuf K\u0131l\u0131\u00e7\u2019a destek ziyareti&lt;\/p&gt; \" data-medium-file=\"https:\/\/i0.wp.com\/www.tvturk.com\/wp-content\/uploads\/2019\/02\/celed-usaglardan-yusuf-kilica-destek-ziyareti_e2590b6.jpg?fit=300%2C221\" data-large-file=\"https:\/\/i0.wp.com\/www.tvturk.com\/wp-content\/uploads\/2019\/02\/celed-usaglardan-yusuf-kilica-destek-ziyareti_e2590b6.jpg?fit=1000%2C737\" src=\"https:\/\/i0.wp.com\/www.tvturk.com\/wp-content\/uploads\/2019\/02\/celed-usaglardan-yusuf-kilica-destek-ziyareti_e2590b6.jpg?w=238&#038;h=175\" srcset=\"https:\/\/i0.wp.com\/www.tvturk.com\/wp-content\/uploads\/2019\/02\/celed-usaglardan-yusuf-kilica-destek-ziyareti_e2590b6.jpg?w=1000 1000w, https:\/\/i0.wp.com\/www.tvturk.com\/wp-content\/uploads\/2019\/02\/celed-usaglardan-yusuf-kilica-destek-ziyareti_e2590b6.jpg?resize=150%2C111 150w, https:\/\/i0.wp.com\/www.tvturk.com\/wp-content\/uploads\/2019\/02\/celed-usaglardan-yusuf-kilica-destek-ziyareti_e2590b6.jpg?resize=300%2C221 300w, https:\/\/i0.wp.com\/www.tvturk.com\/wp-content\/uploads\/2019\/02\/celed-usaglardan-yusuf-kilica-destek-ziyareti_e2590b6.jpg?resize=768%2C566 768w\" width=\"238\" height=\"175\" loading=\"lazy\" data-original-width=\"238\" data-original-height=\"175\" itemprop=\"http:\/\/schema.org\/image\" title=\"\u00c7eled U\u015faglar\u2019dan, Yusuf K\u0131l\u0131\u00e7\u2019a destek ziyareti\" alt=\"\u00c7eled U\u015faglar\u2019dan, Yusuf K\u0131l\u0131\u00e7\u2019a destek ziyareti\" style=\"width: 238px; height: 175px;\" \/> <\/a> <\/div> <\/div> <!-- close group --> <\/div> <!-- close row --> <\/div><\/p>\n","protected":false},"excerpt":{"rendered":"<p>\u00c7ELED U\u015eAGLAR\u2019DAN, YUSUF KILI\u00c7\u2019A DESTEK Z\u0130YARET\u0130<\/p>\n","protected":false},"author":1,"featured_media":10048,"comment_status":"closed","ping_status":"open","sticky":false,"template":"","format":"standard","meta":{"jetpack_post_was_ever_published":false,"_jetpack_newsletter_access":"","_jetpack_dont_email_post_to_subs":false,"_jetpack_newsletter_tier_id":0,"_jetpack_memberships_contains_paywalled_content":false,"_jetpack_memberships_contains_paid_content":false,"footnotes":"","jetpack_publicize_message":"","jetpack_publicize_feature_enabled":true,"jetpack_social_post_already_shared":false,"jetpack_social_options":{"image_generator_settings":{"template":"highway","default_image_id":0,"font":"","enabled":false},"version":2}},"categories":[655],"tags":[1513,61,5293,5291,5292,1730],"class_list":["post-10047","post","type-post","status-publish","format-standard","has-post-thumbnail","hentry","category-son-dakika","tag-celed","tag-destek","tag-kilica","tag-usaglardan","tag-yusuf","tag-ziyareti"],"jetpack_publicize_connections":[],"jetpack_featured_media_url":"https:\/\/i0.wp.com\/www.tvturk.com\/wp-content\/uploads\/2019\/02\/celed-usaglardan-yusuf-kilica-destek-ziyareti_b069659.jpg?fit=1000%2C666","jetpack_sharing_enabled":true,"jetpack_shortlink":"https:\/\/wp.me\/paKIfm-2C3","_links":{"self":[{"href":"http:\/\/www.tvturk.com\/index.php\/wp-json\/wp\/v2\/posts\/10047","targetHints":{"allow":["GET"]}}],"collection":[{"href":"http:\/\/www.tvturk.com\/index.php\/wp-json\/wp\/v2\/posts"}],"about":[{"href":"http:\/\/www.tvturk.com\/index.php\/wp-json\/wp\/v2\/types\/post"}],"author":[{"embeddable":true,"href":"http:\/\/www.tvturk.com\/index.php\/wp-json\/wp\/v2\/users\/1"}],"replies":[{"embeddable":true,"href":"http:\/\/www.tvturk.com\/index.php\/wp-json\/wp\/v2\/comments?post=10047"}],"version-history":[{"count":1,"href":"http:\/\/www.tvturk.com\/index.php\/wp-json\/wp\/v2\/posts\/10047\/revisions"}],"predecessor-version":[{"id":10051,"href":"http:\/\/www.tvturk.com\/index.php\/wp-json\/wp\/v2\/posts\/10047\/revisions\/10051"}],"wp:featuredmedia":[{"embeddable":true,"href":"http:\/\/www.tvturk.com\/index.php\/wp-json\/wp\/v2\/media\/10048"}],"wp:attachment":[{"href":"http:\/\/www.tvturk.com\/index.php\/wp-json\/wp\/v2\/media?parent=10047"}],"wp:term":[{"taxonomy":"category","embeddable":true,"href":"http:\/\/www.tvturk.com\/index.php\/wp-json\/wp\/v2\/categories?post=10047"},{"taxonomy":"post_tag","embeddable":true,"href":"http:\/\/www.tvturk.com\/index.php\/wp-json\/wp\/v2\/tags?post=10047"}],"curies":[{"name":"wp","href":"https:\/\/api.w.org\/{rel}","templated":true}]}}