{"id":10052,"date":"2019-02-07T18:07:02","date_gmt":"2019-02-07T15:07:02","guid":{"rendered":"http:\/\/www.tvturk.com\/index.php\/bilecik-valisi-bilal-senturk-yenipazarda\/"},"modified":"2019-02-07T18:07:05","modified_gmt":"2019-02-07T15:07:05","slug":"bilecik-valisi-bilal-senturk-yenipazarda","status":"publish","type":"post","link":"http:\/\/www.tvturk.com\/index.php\/bilecik-valisi-bilal-senturk-yenipazarda\/","title":{"rendered":"Bilecik Valisi Bilal \u015eent\u00fcrk Yenipazar\u2019da"},"content":{"rendered":"<p>Bilecik Valisi Bilal \u015eent\u00fcrk, Yenipazar il\u00e7esini ziyaret etti.<\/p>\n<p>Son kararname ile Bilecik\u2019e atanan Vali Bilal \u015eent\u00fcrk, il\u00e7eleri tan\u0131mak i\u00e7in \u00e7\u0131kt\u0131\u011f\u0131 yolda yeni dura\u011f\u0131 Yenipazar oldu. Yenipazar H\u00fck\u00fcmet Kona\u011f\u0131 \u00f6n\u00fcnde Vali \u015eent\u00fcrk\u2019\u00fc Kaymakam Yavuz Kartal, Belediye Ba\u015fkan\u0131 \u0130lhan \u00d6zden, \u0130l Genel Meclis \u00dcyeleri Necati Keser, Osman Varolu ve di\u011fer yetkililer kar\u015f\u0131lad\u0131.<\/p>\n<p>Bilecik Valisi Bilal \u015eent\u00fcr\u2019e ilgililer taraf\u0131ndan tarihi ve do\u011fal g\u00fczelliklerin yan\u0131 s\u0131ra il\u00e7e hakk\u0131nda bilgiler verildi.<div class=\"tiled-gallery type-rectangular tiled-gallery-unresized\" data-original-width=\"500\" data-carousel-extra='null' itemscope itemtype=\"http:\/\/schema.org\/ImageGallery\" > <div class=\"gallery-row\" style=\"width: 500px; height: 232px;\" data-original-width=\"500\" data-original-height=\"232\" > <div class=\"gallery-group images-1\" style=\"width: 328px; height: 232px;\" data-original-width=\"328\" data-original-height=\"232\" > <div class=\"tiled-gallery-item tiled-gallery-item-large\" itemprop=\"associatedMedia\" itemscope itemtype=\"http:\/\/schema.org\/ImageObject\"> <a href=\"http:\/\/www.tvturk.com\/index.php\/bilecik-valisi-bilal-senturk-yenipazarda\/bilecik-valisi-bilal-senturk-yenipazarda-3\/\" border=\"0\" itemprop=\"url\"> <meta itemprop=\"width\" content=\"324\"> <meta itemprop=\"height\" content=\"228\"> <img decoding=\"async\" class=\"\" data-attachment-id=\"10054\" data-orig-file=\"http:\/\/www.tvturk.com\/wp-content\/uploads\/2019\/02\/bilecik-valisi-bilal-senturk-yenipazarda_f495e87.jpg\" data-orig-size=\"1000,703\" data-comments-opened=\"\" data-image-meta=\"{&quot;aperture&quot;:&quot;0&quot;,&quot;credit&quot;:&quot;IHA&quot;,&quot;camera&quot;:&quot;&quot;,&quot;caption&quot;:&quot;B\\u0130LEC\\u0130K VAL\\u0130S\\u0130 \\u015eENT\\u00dcRK YEN\\u0130PAZAR\\u0027I Z\\u0130YARET ETT\\u0130. (\\u00d6ZLEM \\u00d6ZMEN\\\/B\\u0130LEC\\u0130K-\\u0130HA)&quot;,&quot;created_timestamp&quot;:&quot;0&quot;,&quot;copyright&quot;:&quot;\\u0130HLAS HABER AJANSI, www.iha.com.tr&quot;,&quot;focal_length&quot;:&quot;0&quot;,&quot;iso&quot;:&quot;0&quot;,&quot;shutter_speed&quot;:&quot;0&quot;,&quot;title&quot;:&quot;B\\u0130LEC\\u0130K VAL\\u0130S\\u0130 B\\u0130LAL \\u015eENT\\u00dcRK YEN\\u0130PAZAR\\u2019DA&quot;,&quot;orientation&quot;:&quot;0&quot;}\" data-image-title=\"Bilecik Valisi Bilal \u015eent\u00fcrk Yenipazar\u2019da\" data-image-description=\"&lt;p&gt;Bilecik Valisi Bilal \u015eent\u00fcrk Yenipazar\u2019da&lt;\/p&gt; \" data-medium-file=\"https:\/\/i0.wp.com\/www.tvturk.com\/wp-content\/uploads\/2019\/02\/bilecik-valisi-bilal-senturk-yenipazarda_f495e87.jpg?fit=300%2C211\" data-large-file=\"https:\/\/i0.wp.com\/www.tvturk.com\/wp-content\/uploads\/2019\/02\/bilecik-valisi-bilal-senturk-yenipazarda_f495e87.jpg?fit=1000%2C703\" src=\"https:\/\/i0.wp.com\/www.tvturk.com\/wp-content\/uploads\/2019\/02\/bilecik-valisi-bilal-senturk-yenipazarda_f495e87.jpg?w=324&#038;h=228\" srcset=\"https:\/\/i0.wp.com\/www.tvturk.com\/wp-content\/uploads\/2019\/02\/bilecik-valisi-bilal-senturk-yenipazarda_f495e87.jpg?w=1000 1000w, https:\/\/i0.wp.com\/www.tvturk.com\/wp-content\/uploads\/2019\/02\/bilecik-valisi-bilal-senturk-yenipazarda_f495e87.jpg?resize=150%2C105 150w, https:\/\/i0.wp.com\/www.tvturk.com\/wp-content\/uploads\/2019\/02\/bilecik-valisi-bilal-senturk-yenipazarda_f495e87.jpg?resize=300%2C211 300w, https:\/\/i0.wp.com\/www.tvturk.com\/wp-content\/uploads\/2019\/02\/bilecik-valisi-bilal-senturk-yenipazarda_f495e87.jpg?resize=768%2C540 768w, https:\/\/i0.wp.com\/www.tvturk.com\/wp-content\/uploads\/2019\/02\/bilecik-valisi-bilal-senturk-yenipazarda_f495e87.jpg?resize=80%2C55 80w\" width=\"324\" height=\"228\" loading=\"lazy\" data-original-width=\"324\" data-original-height=\"228\" itemprop=\"http:\/\/schema.org\/image\" title=\"Bilecik Valisi Bilal \u015eent\u00fcrk Yenipazar\u2019da\" alt=\"Bilecik Valisi Bilal \u015eent\u00fcrk Yenipazar\u2019da\" style=\"width: 324px; height: 228px;\" \/> <\/a> <\/div> <\/div> <!-- close group --> <div class=\"gallery-group images-2\" style=\"width: 172px; height: 232px;\" data-original-width=\"172\" data-original-height=\"232\" > <div class=\"tiled-gallery-item tiled-gallery-item-small\" itemprop=\"associatedMedia\" itemscope itemtype=\"http:\/\/schema.org\/ImageObject\"> <a href=\"http:\/\/www.tvturk.com\/index.php\/bilecik-valisi-bilal-senturk-yenipazarda\/bilecik-valisi-bilal-senturk-yenipazarda-4\/\" border=\"0\" itemprop=\"url\"> <meta itemprop=\"width\" content=\"168\"> <meta itemprop=\"height\" content=\"112\"> <img decoding=\"async\" class=\"\" data-attachment-id=\"10055\" data-orig-file=\"http:\/\/www.tvturk.com\/wp-content\/uploads\/2019\/02\/bilecik-valisi-bilal-senturk-yenipazarda_d5353c5.jpg\" data-orig-size=\"1000,666\" data-comments-opened=\"\" data-image-meta=\"{&quot;aperture&quot;:&quot;0&quot;,&quot;credit&quot;:&quot;IHA&quot;,&quot;camera&quot;:&quot;&quot;,&quot;caption&quot;:&quot;B\\u0130LEC\\u0130K VAL\\u0130S\\u0130 \\u015eENT\\u00dcRK YEN\\u0130PAZAR\\u0027I Z\\u0130YARET ETT\\u0130. (\\u00d6ZLEM \\u00d6ZMEN\\\/B\\u0130LEC\\u0130K-\\u0130HA)&quot;,&quot;created_timestamp&quot;:&quot;0&quot;,&quot;copyright&quot;:&quot;\\u0130HLAS HABER AJANSI, www.iha.com.tr&quot;,&quot;focal_length&quot;:&quot;0&quot;,&quot;iso&quot;:&quot;0&quot;,&quot;shutter_speed&quot;:&quot;0&quot;,&quot;title&quot;:&quot;B\\u0130LEC\\u0130K VAL\\u0130S\\u0130 B\\u0130LAL \\u015eENT\\u00dcRK YEN\\u0130PAZAR\\u2019DA&quot;,&quot;orientation&quot;:&quot;0&quot;}\" data-image-title=\"Bilecik Valisi Bilal \u015eent\u00fcrk Yenipazar\u2019da\" data-image-description=\"&lt;p&gt;Bilecik Valisi Bilal \u015eent\u00fcrk Yenipazar\u2019da&lt;\/p&gt; \" data-medium-file=\"https:\/\/i0.wp.com\/www.tvturk.com\/wp-content\/uploads\/2019\/02\/bilecik-valisi-bilal-senturk-yenipazarda_d5353c5.jpg?fit=300%2C200\" data-large-file=\"https:\/\/i0.wp.com\/www.tvturk.com\/wp-content\/uploads\/2019\/02\/bilecik-valisi-bilal-senturk-yenipazarda_d5353c5.jpg?fit=1000%2C666\" src=\"https:\/\/i0.wp.com\/www.tvturk.com\/wp-content\/uploads\/2019\/02\/bilecik-valisi-bilal-senturk-yenipazarda_d5353c5.jpg?w=168&#038;h=112\" srcset=\"https:\/\/i0.wp.com\/www.tvturk.com\/wp-content\/uploads\/2019\/02\/bilecik-valisi-bilal-senturk-yenipazarda_d5353c5.jpg?w=1000 1000w, https:\/\/i0.wp.com\/www.tvturk.com\/wp-content\/uploads\/2019\/02\/bilecik-valisi-bilal-senturk-yenipazarda_d5353c5.jpg?resize=150%2C100 150w, https:\/\/i0.wp.com\/www.tvturk.com\/wp-content\/uploads\/2019\/02\/bilecik-valisi-bilal-senturk-yenipazarda_d5353c5.jpg?resize=300%2C200 300w, https:\/\/i0.wp.com\/www.tvturk.com\/wp-content\/uploads\/2019\/02\/bilecik-valisi-bilal-senturk-yenipazarda_d5353c5.jpg?resize=768%2C511 768w, https:\/\/i0.wp.com\/www.tvturk.com\/wp-content\/uploads\/2019\/02\/bilecik-valisi-bilal-senturk-yenipazarda_d5353c5.jpg?resize=170%2C113 170w, https:\/\/i0.wp.com\/www.tvturk.com\/wp-content\/uploads\/2019\/02\/bilecik-valisi-bilal-senturk-yenipazarda_d5353c5.jpg?resize=120%2C80 120w\" width=\"168\" height=\"112\" loading=\"lazy\" data-original-width=\"168\" data-original-height=\"112\" itemprop=\"http:\/\/schema.org\/image\" title=\"Bilecik Valisi Bilal \u015eent\u00fcrk Yenipazar\u2019da\" alt=\"Bilecik Valisi Bilal \u015eent\u00fcrk Yenipazar\u2019da\" style=\"width: 168px; height: 112px;\" \/> <\/a> <\/div> <div class=\"tiled-gallery-item tiled-gallery-item-small\" itemprop=\"associatedMedia\" itemscope itemtype=\"http:\/\/schema.org\/ImageObject\"> <a href=\"http:\/\/www.tvturk.com\/index.php\/bilecik-valisi-bilal-senturk-yenipazarda\/bilecik-valisi-bilal-senturk-yenipazarda-5\/\" border=\"0\" itemprop=\"url\"> <meta itemprop=\"width\" content=\"168\"> <meta itemprop=\"height\" content=\"112\"> <img decoding=\"async\" class=\"\" data-attachment-id=\"10056\" data-orig-file=\"http:\/\/www.tvturk.com\/wp-content\/uploads\/2019\/02\/bilecik-valisi-bilal-senturk-yenipazarda_793a140.jpg\" data-orig-size=\"1000,666\" data-comments-opened=\"\" data-image-meta=\"{&quot;aperture&quot;:&quot;0&quot;,&quot;credit&quot;:&quot;IHA&quot;,&quot;camera&quot;:&quot;&quot;,&quot;caption&quot;:&quot;B\\u0130LEC\\u0130K VAL\\u0130S\\u0130 \\u015eENT\\u00dcRK YEN\\u0130PAZAR\\u0027I Z\\u0130YARET ETT\\u0130. (\\u00d6ZLEM \\u00d6ZMEN\\\/B\\u0130LEC\\u0130K-\\u0130HA)&quot;,&quot;created_timestamp&quot;:&quot;0&quot;,&quot;copyright&quot;:&quot;\\u0130HLAS HABER AJANSI, www.iha.com.tr&quot;,&quot;focal_length&quot;:&quot;0&quot;,&quot;iso&quot;:&quot;0&quot;,&quot;shutter_speed&quot;:&quot;0&quot;,&quot;title&quot;:&quot;B\\u0130LEC\\u0130K VAL\\u0130S\\u0130 B\\u0130LAL \\u015eENT\\u00dcRK YEN\\u0130PAZAR\\u2019DA&quot;,&quot;orientation&quot;:&quot;0&quot;}\" data-image-title=\"Bilecik Valisi Bilal \u015eent\u00fcrk Yenipazar\u2019da\" data-image-description=\"&lt;p&gt;Bilecik Valisi Bilal \u015eent\u00fcrk Yenipazar\u2019da&lt;\/p&gt; \" data-medium-file=\"https:\/\/i0.wp.com\/www.tvturk.com\/wp-content\/uploads\/2019\/02\/bilecik-valisi-bilal-senturk-yenipazarda_793a140.jpg?fit=300%2C200\" data-large-file=\"https:\/\/i0.wp.com\/www.tvturk.com\/wp-content\/uploads\/2019\/02\/bilecik-valisi-bilal-senturk-yenipazarda_793a140.jpg?fit=1000%2C666\" src=\"https:\/\/i0.wp.com\/www.tvturk.com\/wp-content\/uploads\/2019\/02\/bilecik-valisi-bilal-senturk-yenipazarda_793a140.jpg?w=168&#038;h=112\" srcset=\"https:\/\/i0.wp.com\/www.tvturk.com\/wp-content\/uploads\/2019\/02\/bilecik-valisi-bilal-senturk-yenipazarda_793a140.jpg?w=1000 1000w, https:\/\/i0.wp.com\/www.tvturk.com\/wp-content\/uploads\/2019\/02\/bilecik-valisi-bilal-senturk-yenipazarda_793a140.jpg?resize=150%2C100 150w, https:\/\/i0.wp.com\/www.tvturk.com\/wp-content\/uploads\/2019\/02\/bilecik-valisi-bilal-senturk-yenipazarda_793a140.jpg?resize=300%2C200 300w, https:\/\/i0.wp.com\/www.tvturk.com\/wp-content\/uploads\/2019\/02\/bilecik-valisi-bilal-senturk-yenipazarda_793a140.jpg?resize=768%2C511 768w, https:\/\/i0.wp.com\/www.tvturk.com\/wp-content\/uploads\/2019\/02\/bilecik-valisi-bilal-senturk-yenipazarda_793a140.jpg?resize=170%2C113 170w, https:\/\/i0.wp.com\/www.tvturk.com\/wp-content\/uploads\/2019\/02\/bilecik-valisi-bilal-senturk-yenipazarda_793a140.jpg?resize=120%2C80 120w\" width=\"168\" height=\"112\" loading=\"lazy\" data-original-width=\"168\" data-original-height=\"112\" itemprop=\"http:\/\/schema.org\/image\" title=\"Bilecik Valisi Bilal \u015eent\u00fcrk Yenipazar\u2019da\" alt=\"Bilecik Valisi Bilal \u015eent\u00fcrk Yenipazar\u2019da\" style=\"width: 168px; height: 112px;\" \/> <\/a> <\/div> <\/div> <!-- close group --> <\/div> <!-- close row --> <\/div><\/p>\n","protected":false},"excerpt":{"rendered":"<p>B\u0130LEC\u0130K VAL\u0130S\u0130 \u015eENT\u00dcRK YEN\u0130PAZAR&#8217;I Z\u0130YARET ETT\u0130.<\/p>\n","protected":false},"author":1,"featured_media":10053,"comment_status":"closed","ping_status":"open","sticky":false,"template":"","format":"standard","meta":{"jetpack_post_was_ever_published":false,"_jetpack_newsletter_access":"","_jetpack_dont_email_post_to_subs":false,"_jetpack_newsletter_tier_id":0,"_jetpack_memberships_contains_paywalled_content":false,"_jetpack_memberships_contains_paid_content":false,"footnotes":"","jetpack_publicize_message":"","jetpack_publicize_feature_enabled":true,"jetpack_social_post_already_shared":false,"jetpack_social_options":{"image_generator_settings":{"template":"highway","default_image_id":0,"font":"","enabled":false},"version":2}},"categories":[655],"tags":[5295,5294,5296,639,2753],"class_list":["post-10052","post","type-post","status-publish","format-standard","has-post-thumbnail","hentry","category-son-dakika","tag-bilal","tag-bilecik","tag-senturk","tag-valisi","tag-yenipazarda"],"jetpack_publicize_connections":[],"jetpack_featured_media_url":"https:\/\/i0.wp.com\/www.tvturk.com\/wp-content\/uploads\/2019\/02\/bilecik-valisi-bilal-senturk-yenipazarda_f75ad23.jpg?fit=1000%2C666","jetpack_sharing_enabled":true,"jetpack_shortlink":"https:\/\/wp.me\/paKIfm-2C8","_links":{"self":[{"href":"http:\/\/www.tvturk.com\/index.php\/wp-json\/wp\/v2\/posts\/10052","targetHints":{"allow":["GET"]}}],"collection":[{"href":"http:\/\/www.tvturk.com\/index.php\/wp-json\/wp\/v2\/posts"}],"about":[{"href":"http:\/\/www.tvturk.com\/index.php\/wp-json\/wp\/v2\/types\/post"}],"author":[{"embeddable":true,"href":"http:\/\/www.tvturk.com\/index.php\/wp-json\/wp\/v2\/users\/1"}],"replies":[{"embeddable":true,"href":"http:\/\/www.tvturk.com\/index.php\/wp-json\/wp\/v2\/comments?post=10052"}],"version-history":[{"count":1,"href":"http:\/\/www.tvturk.com\/index.php\/wp-json\/wp\/v2\/posts\/10052\/revisions"}],"predecessor-version":[{"id":10057,"href":"http:\/\/www.tvturk.com\/index.php\/wp-json\/wp\/v2\/posts\/10052\/revisions\/10057"}],"wp:featuredmedia":[{"embeddable":true,"href":"http:\/\/www.tvturk.com\/index.php\/wp-json\/wp\/v2\/media\/10053"}],"wp:attachment":[{"href":"http:\/\/www.tvturk.com\/index.php\/wp-json\/wp\/v2\/media?parent=10052"}],"wp:term":[{"taxonomy":"category","embeddable":true,"href":"http:\/\/www.tvturk.com\/index.php\/wp-json\/wp\/v2\/categories?post=10052"},{"taxonomy":"post_tag","embeddable":true,"href":"http:\/\/www.tvturk.com\/index.php\/wp-json\/wp\/v2\/tags?post=10052"}],"curies":[{"name":"wp","href":"https:\/\/api.w.org\/{rel}","templated":true}]}}