{"id":100762,"date":"2019-03-18T21:13:56","date_gmt":"2019-03-18T18:13:56","guid":{"rendered":"http:\/\/www.tvturk.com\/index.php\/direksiyon-basinda-kalp-krizi-geciren-surucu-hayatini-kaybetti\/"},"modified":"2019-03-18T21:13:56","modified_gmt":"2019-03-18T18:13:56","slug":"direksiyon-basinda-kalp-krizi-geciren-surucu-hayatini-kaybetti","status":"publish","type":"post","link":"http:\/\/www.tvturk.com\/index.php\/direksiyon-basinda-kalp-krizi-geciren-surucu-hayatini-kaybetti\/","title":{"rendered":"Direksiyon ba\u015f\u0131nda kalp krizi ge\u00e7iren s\u00fcr\u00fcc\u00fc hayat\u0131n\u0131 kaybetti"},"content":{"rendered":"<p>Malatya\u2019n\u0131n Ak\u00e7ada\u011f il\u00e7esinde greyder kullan\u0131rken kalp krizi ge\u00e7iren s\u00fcr\u00fcc\u00fc ya\u015fam\u0131n\u0131 yitirdi.<\/p>\n<p>Edinilen bilgilere g\u00f6re, Ak\u00e7ada\u011f il\u00e7es\u2019ne ba\u011fl\u0131 Kolk\u00f6y\u00fc Mahallesi\u2019nde greyderle yol a\u00e7ma \u00e7al\u0131\u015fmas\u0131 yapan Tevfik Ko\u015far , direksiyon ba\u015f\u0131nda kalp krizi ge\u00e7irdi. \u0130\u015f makinesinin yolda kontrols\u00fcz \u015fekilde ilerledi\u011fini g\u00f6ren vatanda\u015flar arac\u0131 durdururken, Ko\u015far\u2019\u0131n direksiyon ba\u015f\u0131nda y\u0131\u011f\u0131l\u0131p kald\u0131\u011f\u0131n\u0131 fark etti. Durumun sa\u011fl\u0131k ekiplerine bildirilmesi \u00fczerine olay yerine gelen sa\u011fl\u0131k ekipleri, yapt\u0131klar\u0131 kontrolde greyder operat\u00f6r\u00fc Ko\u015far\u2019\u0131n hayat\u0131n\u0131 kaybetti\u011fini belirledi. Ko\u015far\u2019\u0131n cenazesi  Ak\u00e7ada\u011f \u015eehit G\u00f6khan Aslan Devlet Hastanesi morguna kald\u0131r\u0131ld\u0131.<\/p>\n","protected":false},"excerpt":{"rendered":"<p>D\u0130REKS\u0130YON BA\u015eINDA KALP KR\u0130Z\u0130 GE\u00c7\u0130REN S\u00dcR\u00dcC\u00dc HAYATINI KAYBETT\u0130.<\/p>\n","protected":false},"author":1,"featured_media":100763,"comment_status":"closed","ping_status":"open","sticky":false,"template":"","format":"standard","meta":{"jetpack_post_was_ever_published":false,"_jetpack_newsletter_access":"","_jetpack_dont_email_post_to_subs":false,"_jetpack_newsletter_tier_id":0,"_jetpack_memberships_contains_paywalled_content":false,"_jetpack_memberships_contains_paid_content":false,"footnotes":"","jetpack_publicize_message":"","jetpack_publicize_feature_enabled":true,"jetpack_social_post_already_shared":true,"jetpack_social_options":{"image_generator_settings":{"template":"highway","default_image_id":0,"font":"","enabled":false},"version":2}},"categories":[655],"tags":[240,7034,8455,848,2120,849,2121,313],"class_list":["post-100762","post","type-post","status-publish","format-standard","has-post-thumbnail","hentry","category-son-dakika","tag-basinda","tag-direksiyon","tag-geciren","tag-hayatini","tag-kalp","tag-kaybetti","tag-krizi","tag-surucu"],"jetpack_publicize_connections":[],"jetpack_featured_media_url":"https:\/\/i0.wp.com\/www.tvturk.com\/wp-content\/uploads\/2019\/03\/direksiyon-basinda-kalp-krizi-geciren-surucu-hayatini-kaybetti_52e9102.jpg?fit=1000%2C750","jetpack_sharing_enabled":true,"jetpack_shortlink":"https:\/\/wp.me\/paKIfm-qdc","_links":{"self":[{"href":"http:\/\/www.tvturk.com\/index.php\/wp-json\/wp\/v2\/posts\/100762","targetHints":{"allow":["GET"]}}],"collection":[{"href":"http:\/\/www.tvturk.com\/index.php\/wp-json\/wp\/v2\/posts"}],"about":[{"href":"http:\/\/www.tvturk.com\/index.php\/wp-json\/wp\/v2\/types\/post"}],"author":[{"embeddable":true,"href":"http:\/\/www.tvturk.com\/index.php\/wp-json\/wp\/v2\/users\/1"}],"replies":[{"embeddable":true,"href":"http:\/\/www.tvturk.com\/index.php\/wp-json\/wp\/v2\/comments?post=100762"}],"version-history":[{"count":0,"href":"http:\/\/www.tvturk.com\/index.php\/wp-json\/wp\/v2\/posts\/100762\/revisions"}],"wp:featuredmedia":[{"embeddable":true,"href":"http:\/\/www.tvturk.com\/index.php\/wp-json\/wp\/v2\/media\/100763"}],"wp:attachment":[{"href":"http:\/\/www.tvturk.com\/index.php\/wp-json\/wp\/v2\/media?parent=100762"}],"wp:term":[{"taxonomy":"category","embeddable":true,"href":"http:\/\/www.tvturk.com\/index.php\/wp-json\/wp\/v2\/categories?post=100762"},{"taxonomy":"post_tag","embeddable":true,"href":"http:\/\/www.tvturk.com\/index.php\/wp-json\/wp\/v2\/tags?post=100762"}],"curies":[{"name":"wp","href":"https:\/\/api.w.org\/{rel}","templated":true}]}}