{"id":100874,"date":"2019-03-19T01:51:05","date_gmt":"2019-03-18T22:51:05","guid":{"rendered":"http:\/\/www.tvturk.com\/index.php\/seyir-halindeki-arabanin-yanma-ani-kameralara-yansidi\/"},"modified":"2019-03-19T01:51:05","modified_gmt":"2019-03-18T22:51:05","slug":"seyir-halindeki-arabanin-yanma-ani-kameralara-yansidi","status":"publish","type":"post","link":"http:\/\/www.tvturk.com\/index.php\/seyir-halindeki-arabanin-yanma-ani-kameralara-yansidi\/","title":{"rendered":"Seyir halindeki araban\u0131n yanma an\u0131 kameralara yans\u0131d\u0131"},"content":{"rendered":"<p>Adana\u2019da bir otomobil seyir halindeyken alevlere teslim oldu. Olayda yaralanan olmazken itfaiye ekipleri k\u0131sa s\u00fcrede yang\u0131n\u0131 s\u00f6nd\u00fcrd\u00fc.<\/p>\n<p>Al\u0131nan bilgiye g\u00f6re, \u0130smail Menendiz\u2019in kulland\u0131\u011f\u0131 33 CVJ 08 plakal\u0131 otomobil ile Mithat \u00d6zsan Bulvar\u0131\u2019nda seyir halindeyken arac\u0131 birden alev ald\u0131. Yang\u0131n\u0131 g\u00f6ren vatanda\u015flar durumu itfaiye ekiplerine bildirdi. Olay yerine gelen itfaiye ekipleri yang\u0131n\u0131 k\u0131sa s\u00fcrede s\u00f6nd\u00fcrd\u00fc. Ara\u00e7ta maddi hasar meydana geldi.<\/p>\n","protected":false},"excerpt":{"rendered":"<p>ADANA\u2019DA B\u0130R OTOMOB\u0130L SEY\u0130R HAL\u0130NDEYKEN ALEVLERE TESL\u0130M OLDU. OLAYDA YARALANAN OLMAZKEN \u0130TFA\u0130YE EK\u0130PLER\u0130 KISA S\u00dcREDE YANGINI S\u00d6ND\u00dcRD\u00dc.<\/p>\n","protected":false},"author":1,"featured_media":100875,"comment_status":"closed","ping_status":"open","sticky":false,"template":"","format":"standard","meta":{"jetpack_post_was_ever_published":false,"_jetpack_newsletter_access":"","_jetpack_dont_email_post_to_subs":false,"_jetpack_newsletter_tier_id":0,"_jetpack_memberships_contains_paywalled_content":false,"_jetpack_memberships_contains_paid_content":false,"footnotes":"","jetpack_publicize_message":"","jetpack_publicize_feature_enabled":true,"jetpack_social_post_already_shared":true,"jetpack_social_options":{"image_generator_settings":{"template":"highway","default_image_id":0,"font":"","enabled":false},"version":2}},"categories":[655],"tags":[3320,16269,1615,6032,3487,25993,1948],"class_list":["post-100874","post","type-post","status-publish","format-standard","has-post-thumbnail","hentry","category-son-dakika","tag-ani","tag-arabanin","tag-halindeki","tag-kameralara","tag-seyir","tag-yanma","tag-yansidi"],"jetpack_publicize_connections":[],"jetpack_featured_media_url":"https:\/\/i0.wp.com\/www.tvturk.com\/wp-content\/uploads\/2019\/03\/seyir-halindeki-arabanin-yanma-ani-kameralara-yansidi_f75ad23.jpg?fit=359%2C229","jetpack_sharing_enabled":true,"jetpack_shortlink":"https:\/\/wp.me\/paKIfm-qf0","_links":{"self":[{"href":"http:\/\/www.tvturk.com\/index.php\/wp-json\/wp\/v2\/posts\/100874","targetHints":{"allow":["GET"]}}],"collection":[{"href":"http:\/\/www.tvturk.com\/index.php\/wp-json\/wp\/v2\/posts"}],"about":[{"href":"http:\/\/www.tvturk.com\/index.php\/wp-json\/wp\/v2\/types\/post"}],"author":[{"embeddable":true,"href":"http:\/\/www.tvturk.com\/index.php\/wp-json\/wp\/v2\/users\/1"}],"replies":[{"embeddable":true,"href":"http:\/\/www.tvturk.com\/index.php\/wp-json\/wp\/v2\/comments?post=100874"}],"version-history":[{"count":0,"href":"http:\/\/www.tvturk.com\/index.php\/wp-json\/wp\/v2\/posts\/100874\/revisions"}],"wp:featuredmedia":[{"embeddable":true,"href":"http:\/\/www.tvturk.com\/index.php\/wp-json\/wp\/v2\/media\/100875"}],"wp:attachment":[{"href":"http:\/\/www.tvturk.com\/index.php\/wp-json\/wp\/v2\/media?parent=100874"}],"wp:term":[{"taxonomy":"category","embeddable":true,"href":"http:\/\/www.tvturk.com\/index.php\/wp-json\/wp\/v2\/categories?post=100874"},{"taxonomy":"post_tag","embeddable":true,"href":"http:\/\/www.tvturk.com\/index.php\/wp-json\/wp\/v2\/tags?post=100874"}],"curies":[{"name":"wp","href":"https:\/\/api.w.org\/{rel}","templated":true}]}}