{"id":100924,"date":"2019-03-19T09:11:05","date_gmt":"2019-03-19T06:11:05","guid":{"rendered":"http:\/\/www.tvturk.com\/index.php\/ypgli-teroristi-narkoz-ele-verdi\/"},"modified":"2019-03-19T09:11:05","modified_gmt":"2019-03-19T06:11:05","slug":"ypgli-teroristi-narkoz-ele-verdi","status":"publish","type":"post","link":"http:\/\/www.tvturk.com\/index.php\/ypgli-teroristi-narkoz-ele-verdi\/","title":{"rendered":"YPG\u2019li ter\u00f6risti narkoz ele verdi"},"content":{"rendered":"<p>T\u00fcrkiye\u2019nin Suriye\u2019de ge\u00e7en y\u0131l ger\u00e7ekle\u015ftirdi\u011fi \u2018Zeytin Dal\u0131 Operasyonu\u2019nda ter\u00f6r \u00f6rg\u00fct\u00fc PKK\u2019n\u0131n uzant\u0131s\u0131 olan \u2018YPG\/PYD\u2019 ad\u0131na istihbarat toplarken, hava sald\u0131r\u0131s\u0131nda a\u011f\u0131r yaralanan 20 ya\u015f\u0131ndaki Riyad Alu, tedavi i\u00e7in yasad\u0131\u015f\u0131 yollarla \u00fclkeye girdikten sonra Adana\u2019da yakalan\u0131p tutukland\u0131.<\/p>\n<p>T\u00fcrkiye, s\u0131n\u0131rlar\u0131nda g\u00fcvenlik ve istikrar\u0131n sa\u011flanmas\u0131 i\u00e7in 2018 y\u0131l\u0131 Ocak ay\u0131nda Suriye\u2019nin Halep kentine ba\u011fl\u0131 Afrin\u2019in Tel R\u0131f\u2019at b\u00f6lgesinde \u2018Zeytin Dal\u0131 Operasyonu\u2019 ba\u015flatt\u0131. T\u00fcrk Silahl\u0131 Kuvvetleri\u2019nin (TSK), \u00d6zg\u00fcr Suriye Ordusu (\u00d6SO) ile birlikte ger\u00e7ekle\u015ftirdi\u011fi operasyonda b\u00f6l\u00fcc\u00fc ter\u00f6r \u00f6rg\u00fct\u00fc PKK ve onun Suriye uzant\u0131s\u0131 \u2018YPG\/PYD\u2019ye de darbe vuruldu.<\/p>\n<p>S\u00f6z konusu operasyonda \u2018YPG\/PYD\u2019 ad\u0131na b\u00f6lgede kar\u015f\u0131 istihbarat toplayarak, TSK\u2019n\u0131n ilerleyi\u015fi ve mevzileriyle ilgili bilgileri \u00f6rg\u00fcte aktaran Suriyeli Riyap Alu, Afrin\u2019e y\u00f6nelik hava harekat\u0131nda a\u011f\u0131r yaraland\u0131. V\u00fccudunun b\u00fcy\u00fck bir b\u00f6l\u00fcm\u00fc yanan Alu, 23 \u015eubat 2018 tarihinde yasad\u0131\u015f\u0131 yollarla T\u00fcrkiye\u2019ye ge\u00e7ip, kendisini de \u2018\u00d6SO \u00fcyesi\u2019 olarak tan\u0131t\u0131p, Adana\u2019daki bir hastanede tedavi alt\u0131na al\u0131nd\u0131.<\/p>\n<p>Burada ger\u00e7ekle\u015ftirilen ameliyattan sonra yo\u011fun bak\u0131m \u00fcnitesinde g\u00f6zetim alt\u0131nda tutulan Alu, narkozun etkisiyle Arap\u00e7a olarak \u2018YPG\u2019 ad\u0131n\u0131 an\u0131p say\u0131klay\u0131nca g\u00f6revli hem\u015firenin dikkatini \u00e7ekti. \u0130hbar \u00fczerine Adana Emniyet M\u00fcd\u00fcrl\u00fc\u011f\u00fc Ter\u00f6rle M\u00fccadele \u015eube M\u00fcd\u00fcrl\u00fc\u011f\u00fc\u2019ne ba\u011fl\u0131 ekipler, tedavisinin ard\u0131ndan Alu\u2019yu g\u00f6zalt\u0131na ald\u0131. Yap\u0131lan ara\u015ft\u0131rmada da Alu\u2019nun sadece kar\u015f\u0131 istihbarat toplamakla kalmay\u0131p, \u00f6rg\u00fcte kat\u0131l\u0131mlar\u0131 listeleyip takip etti\u011fi \u00f6\u011frenildi.<\/p>\n<p>Silahl\u0131 e\u011fitim yerine ideolojik e\u011fitim alarak, \u00f6rg\u00fcte \u2018Zeytin Dal\u0131 Operasyonu\u2019 kapsam\u0131nda TSK unsurlar\u0131n\u0131n ilerleyi\u015finin yan\u0131 s\u0131ra mevzileriyle birlikte asker ve m\u00fchimmatlar\u0131 hakk\u0131nda istihbarat verdi\u011fi tespit edilen Alu, ifadesinde hakk\u0131ndaki su\u00e7lamalar\u0131 kabul etmedi. Adliyeye sevk edilen zanl\u0131 n\u00f6bet\u00e7i sulh ceza hakimli\u011fi taraf\u0131nda tutukland\u0131. Alu hakk\u0131nda da Adana 12. A\u011f\u0131r Ceza Mahkemesinde \u2018silahl\u0131 ter\u00f6r \u00f6rg\u00fct\u00fc \u00fcyesi olmak\u2019 su\u00e7undan da 15 y\u0131la kadar hapsi istemiyle dava a\u00e7\u0131ld\u0131.<\/p>\n","protected":false},"excerpt":{"rendered":"<p>T\u00dcRK\u0130YE\u2019N\u0130N SUR\u0130YE\u2019DE GE\u00c7EN YIL GER\u00c7EKLE\u015eT\u0130RD\u0130\u011e\u0130; \u2018ZEYT\u0130N DALI OPERASYONUNDA  TER\u00d6R \u00d6RG\u00dcT\u00dc PKK\u2019NIN UZANTISI OLAN; \u2018YPG\/PYD\u2019 ADINA \u0130ST\u0130HBARAT TOPLARKEN, HAVA SALDIRISINDA A\u011eIR YARALANAN 20 YA\u015eINDAK\u0130 R\u0130YAD ALU, TEDAV\u0130 \u0130\u00c7\u0130N YASADI\u015eI YOLLARLA SI\u011eINDI\u011eI ADANA&#8217;DA YAKALANIP TUTUKLANDI.<\/p>\n","protected":false},"author":1,"featured_media":100925,"comment_status":"closed","ping_status":"open","sticky":false,"template":"","format":"standard","meta":{"jetpack_post_was_ever_published":false,"_jetpack_newsletter_access":"","_jetpack_dont_email_post_to_subs":false,"_jetpack_newsletter_tier_id":0,"_jetpack_memberships_contains_paywalled_content":false,"_jetpack_memberships_contains_paid_content":false,"footnotes":"","jetpack_publicize_message":"","jetpack_publicize_feature_enabled":true,"jetpack_social_post_already_shared":true,"jetpack_social_options":{"image_generator_settings":{"template":"highway","default_image_id":0,"font":"","enabled":false},"version":2}},"categories":[655],"tags":[385,26001,17959,386,26000],"class_list":["post-100924","post","type-post","status-publish","format-standard","has-post-thumbnail","hentry","category-son-dakika","tag-ele","tag-narkoz","tag-teroristi","tag-verdi","tag-ypgli"],"jetpack_publicize_connections":[],"jetpack_featured_media_url":"https:\/\/i0.wp.com\/www.tvturk.com\/wp-content\/uploads\/2019\/03\/ypgli-teroristi-narkoz-ele-verdi_32849d2.jpg?fit=764%2C1000","jetpack_sharing_enabled":true,"jetpack_shortlink":"https:\/\/wp.me\/paKIfm-qfO","_links":{"self":[{"href":"http:\/\/www.tvturk.com\/index.php\/wp-json\/wp\/v2\/posts\/100924","targetHints":{"allow":["GET"]}}],"collection":[{"href":"http:\/\/www.tvturk.com\/index.php\/wp-json\/wp\/v2\/posts"}],"about":[{"href":"http:\/\/www.tvturk.com\/index.php\/wp-json\/wp\/v2\/types\/post"}],"author":[{"embeddable":true,"href":"http:\/\/www.tvturk.com\/index.php\/wp-json\/wp\/v2\/users\/1"}],"replies":[{"embeddable":true,"href":"http:\/\/www.tvturk.com\/index.php\/wp-json\/wp\/v2\/comments?post=100924"}],"version-history":[{"count":0,"href":"http:\/\/www.tvturk.com\/index.php\/wp-json\/wp\/v2\/posts\/100924\/revisions"}],"wp:featuredmedia":[{"embeddable":true,"href":"http:\/\/www.tvturk.com\/index.php\/wp-json\/wp\/v2\/media\/100925"}],"wp:attachment":[{"href":"http:\/\/www.tvturk.com\/index.php\/wp-json\/wp\/v2\/media?parent=100924"}],"wp:term":[{"taxonomy":"category","embeddable":true,"href":"http:\/\/www.tvturk.com\/index.php\/wp-json\/wp\/v2\/categories?post=100924"},{"taxonomy":"post_tag","embeddable":true,"href":"http:\/\/www.tvturk.com\/index.php\/wp-json\/wp\/v2\/tags?post=100924"}],"curies":[{"name":"wp","href":"https:\/\/api.w.org\/{rel}","templated":true}]}}