{"id":101002,"date":"2019-03-19T09:23:53","date_gmt":"2019-03-19T06:23:53","guid":{"rendered":"http:\/\/www.tvturk.com\/index.php\/esenyurtta-yasli-adam-cocuktan-dusen-100-lirayi-alip-kacti\/"},"modified":"2019-03-19T09:23:53","modified_gmt":"2019-03-19T06:23:53","slug":"esenyurtta-yasli-adam-cocuktan-dusen-100-lirayi-alip-kacti","status":"publish","type":"post","link":"http:\/\/www.tvturk.com\/index.php\/esenyurtta-yasli-adam-cocuktan-dusen-100-lirayi-alip-kacti\/","title":{"rendered":"Esenyurt\u2019ta ya\u015fl\u0131 adam \u00e7ocuktan d\u00fc\u015fen 100 liray\u0131 al\u0131p ka\u00e7t\u0131"},"content":{"rendered":"<p>Esenyurt\u2019ta bir markete al\u0131\u015fveri\u015f i\u00e7in gelen 10 ya\u015f\u0131ndaki \u00e7ocuk reyonlar\u0131n aras\u0131nda gezerken, cebindeki 100 liras\u0131n\u0131 d\u00fc\u015f\u00fcrd\u00fc. Tam o s\u0131rada arkas\u0131nda bulunan ya\u015fl\u0131 bir adam yava\u015f\u00e7a paray\u0131 alarak ka\u00e7t\u0131. Bu kadar\u0131na da pes art\u0131k dedirten o anlar g\u00fcvenlik kameras\u0131na saniye saniye yans\u0131d\u0131.<\/p>\n<p>Olay, ge\u00e7ti\u011fimiz g\u00fcnlerde Esenyurt\u2019ta bulunan bir markette meydana geldi. Edinilen bilgilere g\u00f6re, markete al\u0131\u015fveri\u015f yapmak i\u00e7in gelen 10 ya\u015f\u0131ndaki bir \u00e7ocuk reyonlar\u0131 dola\u015f\u0131rken, cebinde bulunan 100 liray\u0131 d\u00fc\u015f\u00fcrd\u00fc. O s\u0131rada \u00e7ocu\u011fun arkas\u0131nda olan bir adam paray\u0131 g\u00f6rd\u00fc. Kimseye s\u00f6ylemeden aya\u011f\u0131n\u0131 ka\u015f\u0131r gibi yapan ya\u015fl\u0131 adam paray\u0131 yerden alarak cebine koyup olay yerinden uzakla\u015ft\u0131. Bir s\u00fcre sonra paras\u0131n\u0131 d\u00fc\u015f\u00fcrd\u00fc\u011f\u00fcn\u00fc fark eden \u00e7ocuk panik i\u00e7inde 100 liras\u0131n\u0131 aramaya ba\u015flad\u0131. Bu kadar\u0131na pes dedirten o anlar ise saniye saniye g\u00fcvenlik kameras\u0131na yans\u0131d\u0131.<\/p>\n","protected":false},"excerpt":{"rendered":"<p>ESENYURT&#8217;TA B\u0130R MARKETE ALI\u015eVER\u0130\u015e \u0130\u00c7\u0130N GELEN 10 YA\u015eINDAK\u0130 \u00c7OCUK REYONLARIN ARASINDA GEZERKEN, CEB\u0130NDEK\u0130 100 L\u0130RASINI D\u00dc\u015e\u00dcRD\u00dc. TAM O SIRADA ARKASINDA BULUNAN YA\u015eLI B\u0130R ADAM YAVA\u015e\u00c7A PARAYI ALARAK KA\u00c7TI. BU KADARINA DA PES ARTIK DED\u0130RTEN O ANLAR G\u00dcVENL\u0130K KAMERASINA SAN\u0130YE SAN\u0130YE YANSIDI.<\/p>\n","protected":false},"author":1,"featured_media":101003,"comment_status":"closed","ping_status":"open","sticky":false,"template":"","format":"standard","meta":{"jetpack_post_was_ever_published":false,"_jetpack_newsletter_access":"","_jetpack_dont_email_post_to_subs":false,"_jetpack_newsletter_tier_id":0,"_jetpack_memberships_contains_paywalled_content":false,"_jetpack_memberships_contains_paid_content":false,"footnotes":"","jetpack_publicize_message":"","jetpack_publicize_feature_enabled":true,"jetpack_social_post_already_shared":true,"jetpack_social_options":{"image_generator_settings":{"template":"highway","default_image_id":0,"font":"","enabled":false},"version":2}},"categories":[655],"tags":[2127,5386,7045,21199,762,18290,4907,21462,1051],"class_list":["post-101002","post","type-post","status-publish","format-standard","has-post-thumbnail","hentry","category-son-dakika","tag-2127","tag-adam","tag-alip","tag-cocuktan","tag-dusen","tag-esenyurtta","tag-kacti","tag-lirayi","tag-yasli"],"jetpack_publicize_connections":[],"jetpack_featured_media_url":"https:\/\/i0.wp.com\/www.tvturk.com\/wp-content\/uploads\/2019\/03\/esenyurtta-yasli-adam-cocuktan-dusen-100-lirayi-alip-kacti_8fe6ef3.jpg?fit=352%2C616","jetpack_sharing_enabled":true,"jetpack_shortlink":"https:\/\/wp.me\/paKIfm-qh4","_links":{"self":[{"href":"http:\/\/www.tvturk.com\/index.php\/wp-json\/wp\/v2\/posts\/101002","targetHints":{"allow":["GET"]}}],"collection":[{"href":"http:\/\/www.tvturk.com\/index.php\/wp-json\/wp\/v2\/posts"}],"about":[{"href":"http:\/\/www.tvturk.com\/index.php\/wp-json\/wp\/v2\/types\/post"}],"author":[{"embeddable":true,"href":"http:\/\/www.tvturk.com\/index.php\/wp-json\/wp\/v2\/users\/1"}],"replies":[{"embeddable":true,"href":"http:\/\/www.tvturk.com\/index.php\/wp-json\/wp\/v2\/comments?post=101002"}],"version-history":[{"count":0,"href":"http:\/\/www.tvturk.com\/index.php\/wp-json\/wp\/v2\/posts\/101002\/revisions"}],"wp:featuredmedia":[{"embeddable":true,"href":"http:\/\/www.tvturk.com\/index.php\/wp-json\/wp\/v2\/media\/101003"}],"wp:attachment":[{"href":"http:\/\/www.tvturk.com\/index.php\/wp-json\/wp\/v2\/media?parent=101002"}],"wp:term":[{"taxonomy":"category","embeddable":true,"href":"http:\/\/www.tvturk.com\/index.php\/wp-json\/wp\/v2\/categories?post=101002"},{"taxonomy":"post_tag","embeddable":true,"href":"http:\/\/www.tvturk.com\/index.php\/wp-json\/wp\/v2\/tags?post=101002"}],"curies":[{"name":"wp","href":"https:\/\/api.w.org\/{rel}","templated":true}]}}