{"id":101114,"date":"2019-03-19T10:18:10","date_gmt":"2019-03-19T07:18:10","guid":{"rendered":"http:\/\/www.tvturk.com\/index.php\/canakkale-sehidine-vefa\/"},"modified":"2019-03-19T10:18:16","modified_gmt":"2019-03-19T07:18:16","slug":"canakkale-sehidine-vefa","status":"publish","type":"post","link":"http:\/\/www.tvturk.com\/index.php\/canakkale-sehidine-vefa\/","title":{"rendered":"\u00c7anakkale \u015fehidine vefa"},"content":{"rendered":"<p>\u015eanl\u0131urfa\u2019n\u0131n Siverek il\u00e7esinde, \u00c7anakkale Sava\u015f\u0131\u2019nda \u015fehit olan Te\u011fmen \u0130brahim Naci ad\u0131na k\u00fct\u00fcphane a\u00e7\u0131ld\u0131.<\/p>\n<p>\u015eanl\u0131urfa\u2019n\u0131n Siverek il\u00e7esine ba\u011fl\u0131 Hamam\u00f6ren k\u0131rsal Mahallesi \u015eehit Kemal Karakayal\u0131 Ortaokulu T\u00fcrk\u00e7e \u00d6\u011fretmeni Ceren Bayraktar ve Okul M\u00fcd\u00fcr\u00fc Umut Bu\u011fdayc\u0131 taraf\u0131ndan d\u00fczenlenen kampanya \u00e7er\u00e7evesinde, iki ay i\u00e7erisinde T\u00fcrkiye\u2019nin d\u00f6rt bir yan\u0131ndan kitap ba\u011f\u0131\u015f\u0131nda bulunan vatanda\u015flar\u0131n deste\u011fiyle \u00c7anakkale \u015eehidi Te\u011fmen \u0130brahim Naci ad\u0131na k\u00fct\u00fcphane a\u00e7\u0131ld\u0131.<\/p>\n<p>Okul bah\u00e7esinde k\u00fct\u00fcphane a\u00e7\u0131l\u0131\u015f\u0131 i\u00e7in t\u00f6ren d\u00fczenlendi. \u015eahitler i\u00e7in yap\u0131lan bir dakikal\u0131k sayg\u0131 duru\u015funda bulunularak \u0130stiklal Mar\u015f\u0131 okundu. Ard\u0131ndan g\u00fcn\u00fcn anlam ve \u00f6nemi \u00fczerine konu\u015fmalar yap\u0131ld\u0131.<\/p>\n<p>Siverek \u0130l\u00e7e Milli E\u011fitim M\u00fcd\u00fcr\u00fc Nuri Kapano\u011flu, k\u00fct\u00fcphanenin kurulmas\u0131nda b\u00fcy\u00fck eme\u011fi olan Ceren Bayraktar, Umut Bu\u011fdayc\u0131 ve misafirlerle a\u00e7\u0131l\u0131\u015f kurdelesini keserek k\u00fct\u00fcphaneyi \u00f6\u011frencilerin hizmetine a\u00e7t\u0131.<\/p>\n<p>18 Mart \u00c7anakkale Zaferi ve \u015eehitleri Anma G\u00fcn\u00fc\u2019nde, \u00c7anakkale \u015fehidi ad\u0131na k\u00fct\u00fcphane kurman\u0131n gururunu ya\u015fad\u0131klar\u0131n\u0131 belirten T\u00fcrk\u00e7e \u00d6\u011fretmeni Ceren Bayraktar, &#8220;Atand\u0131\u011f\u0131m okulda ilk ba\u015flarda k\u00fct\u00fcphane yoktu, ben de sosyal medyadan k\u00fct\u00fcphane i\u00e7in bir proje ba\u015flatt\u0131m, sa\u011folsun duyarl\u0131 insanlar ula\u015ft\u0131 bana, sonras\u0131 karde\u015f okul projesiyle kendi okulumda 4 bine yak\u0131n bir kitap say\u0131s\u0131na ula\u015ft\u0131k ve bu k\u00fct\u00fcphanemizi Kas\u0131m ay\u0131nda a\u00e7\u0131l\u0131\u015f\u0131n\u0131 ger\u00e7ekle\u015ftirdik ve 7 Temmuz\u2019da A\u011fr\u0131\u2019da \u015fehit d\u00fc\u015fen \u015eehit Piyade Uzman \u00c7avu\u015f Semih Korkut ad\u0131na a\u00e7t\u0131. \u0130kinci k\u00fct\u00fcphanemizi a\u00e7al\u0131m dedik ve bunun i\u00e7in k\u00fct\u00fcphane ihtiyac\u0131 olan bir okul ve \u00f6\u011frencilerin kolayl\u0131kla ula\u015famad\u0131klar\u0131 bir yer olsun ki orada kuraca\u011f\u0131m\u0131z k\u00fct\u00fcphanenin de\u011feri daha iyi bilinsin istedik ve Siverek il\u00e7emize ba\u011fl\u0131 Y\u00fccelen k\u00f6y\u00fcnde kurmaya karar verdik. Bu k\u00fct\u00fcphanemize de \u00c7anakkale \u015fehidi olan Te\u011fmen \u0130brahim Naci ismini verdik ve bu k\u00fct\u00fcphanemizi 18 Mart \u00c7anakkale Deniz Zaferi ve \u015eehitleri Anma G\u00fcn\u00fc\u2019nde a\u00e7man\u0131n gururunu ya\u015f\u0131yoruz\u201d diye konu\u015ftu<div class=\"tiled-gallery type-rectangular tiled-gallery-unresized\" data-original-width=\"500\" data-carousel-extra='null' itemscope itemtype=\"http:\/\/schema.org\/ImageGallery\" > <div class=\"gallery-row\" style=\"width: 500px; height: 223px;\" data-original-width=\"500\" data-original-height=\"223\" > <div class=\"gallery-group images-1\" style=\"width: 334px; height: 223px;\" data-original-width=\"334\" data-original-height=\"223\" > <div class=\"tiled-gallery-item tiled-gallery-item-large\" itemprop=\"associatedMedia\" itemscope itemtype=\"http:\/\/schema.org\/ImageObject\"> <a href=\"http:\/\/www.tvturk.com\/index.php\/canakkale-sehidine-vefa\/canakkale-sehidine-vefa-3\/\" border=\"0\" itemprop=\"url\"> <meta itemprop=\"width\" content=\"330\"> <meta itemprop=\"height\" content=\"219\"> <img decoding=\"async\" class=\"\" data-attachment-id=\"101116\" data-orig-file=\"http:\/\/www.tvturk.com\/wp-content\/uploads\/2019\/03\/canakkale-sehidine-vefa_5e5f339.jpg\" data-orig-size=\"1000,664\" data-comments-opened=\"\" data-image-meta=\"{&quot;aperture&quot;:&quot;0&quot;,&quot;credit&quot;:&quot;IHA&quot;,&quot;camera&quot;:&quot;&quot;,&quot;caption&quot;:&quot;\\u015eANLIURFA\\u2019NIN S\\u0130VEREK \\u0130L\\u00c7ES\\u0130NDE, \\u00c7ANAKKALE SAVA\\u015eI\\u0027NDA \\u015eEH\\u0130T OLAN TE\\u011eMEN \\u0130BRAH\\u0130M NAC\\u0130 ADINA K\\u00dcT\\u00dcPHANE A\\u00c7ILDI. (MEVL\\u00dcT BAYRAKTAR\\\/\\u015eANLIURFA-\\u0130HA)&quot;,&quot;created_timestamp&quot;:&quot;0&quot;,&quot;copyright&quot;:&quot;\\u0130HLAS HABER AJANSI, www.iha.com.tr&quot;,&quot;focal_length&quot;:&quot;0&quot;,&quot;iso&quot;:&quot;0&quot;,&quot;shutter_speed&quot;:&quot;0&quot;,&quot;title&quot;:&quot;\\u00c7ANAKKALE \\u015eEH\\u0130D\\u0130NE VEFA&quot;,&quot;orientation&quot;:&quot;0&quot;}\" data-image-title=\"\u00c7anakkale \u015fehidine vefa\" data-image-description=\"&lt;p&gt;\u00c7anakkale \u015fehidine vefa&lt;\/p&gt; \" data-medium-file=\"https:\/\/i0.wp.com\/www.tvturk.com\/wp-content\/uploads\/2019\/03\/canakkale-sehidine-vefa_5e5f339.jpg?fit=300%2C199\" data-large-file=\"https:\/\/i0.wp.com\/www.tvturk.com\/wp-content\/uploads\/2019\/03\/canakkale-sehidine-vefa_5e5f339.jpg?fit=1000%2C664\" src=\"https:\/\/i0.wp.com\/www.tvturk.com\/wp-content\/uploads\/2019\/03\/canakkale-sehidine-vefa_5e5f339.jpg?w=330&#038;h=219\" srcset=\"https:\/\/i0.wp.com\/www.tvturk.com\/wp-content\/uploads\/2019\/03\/canakkale-sehidine-vefa_5e5f339.jpg?w=1000 1000w, https:\/\/i0.wp.com\/www.tvturk.com\/wp-content\/uploads\/2019\/03\/canakkale-sehidine-vefa_5e5f339.jpg?resize=150%2C100 150w, https:\/\/i0.wp.com\/www.tvturk.com\/wp-content\/uploads\/2019\/03\/canakkale-sehidine-vefa_5e5f339.jpg?resize=300%2C200 300w, https:\/\/i0.wp.com\/www.tvturk.com\/wp-content\/uploads\/2019\/03\/canakkale-sehidine-vefa_5e5f339.jpg?resize=768%2C510 768w, https:\/\/i0.wp.com\/www.tvturk.com\/wp-content\/uploads\/2019\/03\/canakkale-sehidine-vefa_5e5f339.jpg?resize=170%2C113 170w, https:\/\/i0.wp.com\/www.tvturk.com\/wp-content\/uploads\/2019\/03\/canakkale-sehidine-vefa_5e5f339.jpg?resize=120%2C80 120w\" width=\"330\" height=\"219\" loading=\"lazy\" data-original-width=\"330\" data-original-height=\"219\" itemprop=\"http:\/\/schema.org\/image\" title=\"\u00c7anakkale \u015fehidine vefa\" alt=\"\u00c7anakkale \u015fehidine vefa\" style=\"width: 330px; height: 219px;\" \/> <\/a> <\/div> <\/div> <!-- close group --> <div class=\"gallery-group images-2\" style=\"width: 166px; height: 223px;\" data-original-width=\"166\" data-original-height=\"223\" > <div class=\"tiled-gallery-item tiled-gallery-item-small\" itemprop=\"associatedMedia\" itemscope itemtype=\"http:\/\/schema.org\/ImageObject\"> <a href=\"http:\/\/www.tvturk.com\/index.php\/canakkale-sehidine-vefa\/canakkale-sehidine-vefa-4\/\" border=\"0\" itemprop=\"url\"> <meta itemprop=\"width\" content=\"162\"> <meta itemprop=\"height\" content=\"108\"> <img decoding=\"async\" class=\"\" data-attachment-id=\"101117\" data-orig-file=\"http:\/\/www.tvturk.com\/wp-content\/uploads\/2019\/03\/canakkale-sehidine-vefa_b5c6e93.jpg\" data-orig-size=\"1000,664\" data-comments-opened=\"\" data-image-meta=\"{&quot;aperture&quot;:&quot;0&quot;,&quot;credit&quot;:&quot;IHA&quot;,&quot;camera&quot;:&quot;&quot;,&quot;caption&quot;:&quot;\\u015eANLIURFA\\u2019NIN S\\u0130VEREK \\u0130L\\u00c7ES\\u0130NDE, \\u00c7ANAKKALE SAVA\\u015eI\\u0027NDA \\u015eEH\\u0130T OLAN TE\\u011eMEN \\u0130BRAH\\u0130M NAC\\u0130 ADINA K\\u00dcT\\u00dcPHANE A\\u00c7ILDI. (MEVL\\u00dcT BAYRAKTAR\\\/\\u015eANLIURFA-\\u0130HA)&quot;,&quot;created_timestamp&quot;:&quot;0&quot;,&quot;copyright&quot;:&quot;\\u0130HLAS HABER AJANSI, www.iha.com.tr&quot;,&quot;focal_length&quot;:&quot;0&quot;,&quot;iso&quot;:&quot;0&quot;,&quot;shutter_speed&quot;:&quot;0&quot;,&quot;title&quot;:&quot;\\u00c7ANAKKALE \\u015eEH\\u0130D\\u0130NE VEFA&quot;,&quot;orientation&quot;:&quot;0&quot;}\" data-image-title=\"\u00c7anakkale \u015fehidine vefa\" data-image-description=\"&lt;p&gt;\u00c7anakkale \u015fehidine vefa&lt;\/p&gt; \" data-medium-file=\"https:\/\/i0.wp.com\/www.tvturk.com\/wp-content\/uploads\/2019\/03\/canakkale-sehidine-vefa_b5c6e93.jpg?fit=300%2C199\" data-large-file=\"https:\/\/i0.wp.com\/www.tvturk.com\/wp-content\/uploads\/2019\/03\/canakkale-sehidine-vefa_b5c6e93.jpg?fit=1000%2C664\" src=\"https:\/\/i0.wp.com\/www.tvturk.com\/wp-content\/uploads\/2019\/03\/canakkale-sehidine-vefa_b5c6e93.jpg?w=162&#038;h=108\" srcset=\"https:\/\/i0.wp.com\/www.tvturk.com\/wp-content\/uploads\/2019\/03\/canakkale-sehidine-vefa_b5c6e93.jpg?w=1000 1000w, https:\/\/i0.wp.com\/www.tvturk.com\/wp-content\/uploads\/2019\/03\/canakkale-sehidine-vefa_b5c6e93.jpg?resize=150%2C100 150w, https:\/\/i0.wp.com\/www.tvturk.com\/wp-content\/uploads\/2019\/03\/canakkale-sehidine-vefa_b5c6e93.jpg?resize=300%2C200 300w, https:\/\/i0.wp.com\/www.tvturk.com\/wp-content\/uploads\/2019\/03\/canakkale-sehidine-vefa_b5c6e93.jpg?resize=768%2C510 768w, https:\/\/i0.wp.com\/www.tvturk.com\/wp-content\/uploads\/2019\/03\/canakkale-sehidine-vefa_b5c6e93.jpg?resize=170%2C113 170w, https:\/\/i0.wp.com\/www.tvturk.com\/wp-content\/uploads\/2019\/03\/canakkale-sehidine-vefa_b5c6e93.jpg?resize=120%2C80 120w\" width=\"162\" height=\"108\" loading=\"lazy\" data-original-width=\"162\" data-original-height=\"108\" itemprop=\"http:\/\/schema.org\/image\" title=\"\u00c7anakkale \u015fehidine vefa\" alt=\"\u00c7anakkale \u015fehidine vefa\" style=\"width: 162px; height: 108px;\" \/> <\/a> <\/div> <div class=\"tiled-gallery-item tiled-gallery-item-small\" itemprop=\"associatedMedia\" itemscope itemtype=\"http:\/\/schema.org\/ImageObject\"> <a href=\"http:\/\/www.tvturk.com\/index.php\/canakkale-sehidine-vefa\/canakkale-sehidine-vefa-5\/\" border=\"0\" itemprop=\"url\"> <meta itemprop=\"width\" content=\"162\"> <meta itemprop=\"height\" content=\"107\"> <img decoding=\"async\" class=\"\" data-attachment-id=\"101118\" data-orig-file=\"http:\/\/www.tvturk.com\/wp-content\/uploads\/2019\/03\/canakkale-sehidine-vefa_c0ff022.jpg\" data-orig-size=\"1000,664\" data-comments-opened=\"\" data-image-meta=\"{&quot;aperture&quot;:&quot;0&quot;,&quot;credit&quot;:&quot;IHA&quot;,&quot;camera&quot;:&quot;&quot;,&quot;caption&quot;:&quot;\\u015eANLIURFA\\u2019NIN S\\u0130VEREK \\u0130L\\u00c7ES\\u0130NDE, \\u00c7ANAKKALE SAVA\\u015eI\\u0027NDA \\u015eEH\\u0130T OLAN TE\\u011eMEN \\u0130BRAH\\u0130M NAC\\u0130 ADINA K\\u00dcT\\u00dcPHANE A\\u00c7ILDI. (MEVL\\u00dcT BAYRAKTAR\\\/\\u015eANLIURFA-\\u0130HA)&quot;,&quot;created_timestamp&quot;:&quot;0&quot;,&quot;copyright&quot;:&quot;\\u0130HLAS HABER AJANSI, www.iha.com.tr&quot;,&quot;focal_length&quot;:&quot;0&quot;,&quot;iso&quot;:&quot;0&quot;,&quot;shutter_speed&quot;:&quot;0&quot;,&quot;title&quot;:&quot;\\u00c7ANAKKALE \\u015eEH\\u0130D\\u0130NE VEFA&quot;,&quot;orientation&quot;:&quot;0&quot;}\" data-image-title=\"\u00c7anakkale \u015fehidine vefa\" data-image-description=\"&lt;p&gt;\u00c7anakkale \u015fehidine vefa&lt;\/p&gt; \" data-medium-file=\"https:\/\/i0.wp.com\/www.tvturk.com\/wp-content\/uploads\/2019\/03\/canakkale-sehidine-vefa_c0ff022.jpg?fit=300%2C199\" data-large-file=\"https:\/\/i0.wp.com\/www.tvturk.com\/wp-content\/uploads\/2019\/03\/canakkale-sehidine-vefa_c0ff022.jpg?fit=1000%2C664\" src=\"https:\/\/i0.wp.com\/www.tvturk.com\/wp-content\/uploads\/2019\/03\/canakkale-sehidine-vefa_c0ff022.jpg?w=162&#038;h=107\" srcset=\"https:\/\/i0.wp.com\/www.tvturk.com\/wp-content\/uploads\/2019\/03\/canakkale-sehidine-vefa_c0ff022.jpg?w=1000 1000w, https:\/\/i0.wp.com\/www.tvturk.com\/wp-content\/uploads\/2019\/03\/canakkale-sehidine-vefa_c0ff022.jpg?resize=150%2C100 150w, https:\/\/i0.wp.com\/www.tvturk.com\/wp-content\/uploads\/2019\/03\/canakkale-sehidine-vefa_c0ff022.jpg?resize=300%2C200 300w, https:\/\/i0.wp.com\/www.tvturk.com\/wp-content\/uploads\/2019\/03\/canakkale-sehidine-vefa_c0ff022.jpg?resize=768%2C510 768w, https:\/\/i0.wp.com\/www.tvturk.com\/wp-content\/uploads\/2019\/03\/canakkale-sehidine-vefa_c0ff022.jpg?resize=170%2C113 170w, https:\/\/i0.wp.com\/www.tvturk.com\/wp-content\/uploads\/2019\/03\/canakkale-sehidine-vefa_c0ff022.jpg?resize=120%2C80 120w\" width=\"162\" height=\"107\" loading=\"lazy\" data-original-width=\"162\" data-original-height=\"107\" itemprop=\"http:\/\/schema.org\/image\" title=\"\u00c7anakkale \u015fehidine vefa\" alt=\"\u00c7anakkale \u015fehidine vefa\" style=\"width: 162px; height: 107px;\" \/> <\/a> <\/div> <\/div> <!-- close group --> <\/div> <!-- close row --> <div class=\"gallery-row\" style=\"width: 500px; height: 112px;\" data-original-width=\"500\" data-original-height=\"112\" > <div class=\"gallery-group images-1\" style=\"width: 167px; height: 112px;\" data-original-width=\"167\" data-original-height=\"112\" > <div class=\"tiled-gallery-item tiled-gallery-item-small\" itemprop=\"associatedMedia\" itemscope itemtype=\"http:\/\/schema.org\/ImageObject\"> <a href=\"http:\/\/www.tvturk.com\/index.php\/canakkale-sehidine-vefa\/canakkale-sehidine-vefa-6\/\" border=\"0\" itemprop=\"url\"> <meta itemprop=\"width\" content=\"163\"> <meta itemprop=\"height\" content=\"108\"> <img decoding=\"async\" class=\"\" data-attachment-id=\"101119\" data-orig-file=\"http:\/\/www.tvturk.com\/wp-content\/uploads\/2019\/03\/canakkale-sehidine-vefa_e3a5f46.jpg\" data-orig-size=\"1000,664\" data-comments-opened=\"\" data-image-meta=\"{&quot;aperture&quot;:&quot;0&quot;,&quot;credit&quot;:&quot;IHA&quot;,&quot;camera&quot;:&quot;&quot;,&quot;caption&quot;:&quot;\\u015eANLIURFA\\u2019NIN S\\u0130VEREK \\u0130L\\u00c7ES\\u0130NDE, \\u00c7ANAKKALE SAVA\\u015eI\\u0027NDA \\u015eEH\\u0130T OLAN TE\\u011eMEN \\u0130BRAH\\u0130M NAC\\u0130 ADINA K\\u00dcT\\u00dcPHANE A\\u00c7ILDI. (MEVL\\u00dcT BAYRAKTAR\\\/\\u015eANLIURFA-\\u0130HA)&quot;,&quot;created_timestamp&quot;:&quot;0&quot;,&quot;copyright&quot;:&quot;\\u0130HLAS HABER AJANSI, www.iha.com.tr&quot;,&quot;focal_length&quot;:&quot;0&quot;,&quot;iso&quot;:&quot;0&quot;,&quot;shutter_speed&quot;:&quot;0&quot;,&quot;title&quot;:&quot;\\u00c7ANAKKALE \\u015eEH\\u0130D\\u0130NE VEFA&quot;,&quot;orientation&quot;:&quot;0&quot;}\" data-image-title=\"\u00c7anakkale \u015fehidine vefa\" data-image-description=\"&lt;p&gt;\u00c7anakkale \u015fehidine vefa&lt;\/p&gt; \" data-medium-file=\"https:\/\/i0.wp.com\/www.tvturk.com\/wp-content\/uploads\/2019\/03\/canakkale-sehidine-vefa_e3a5f46.jpg?fit=300%2C199\" data-large-file=\"https:\/\/i0.wp.com\/www.tvturk.com\/wp-content\/uploads\/2019\/03\/canakkale-sehidine-vefa_e3a5f46.jpg?fit=1000%2C664\" src=\"https:\/\/i0.wp.com\/www.tvturk.com\/wp-content\/uploads\/2019\/03\/canakkale-sehidine-vefa_e3a5f46.jpg?w=163&#038;h=108\" srcset=\"https:\/\/i0.wp.com\/www.tvturk.com\/wp-content\/uploads\/2019\/03\/canakkale-sehidine-vefa_e3a5f46.jpg?w=1000 1000w, https:\/\/i0.wp.com\/www.tvturk.com\/wp-content\/uploads\/2019\/03\/canakkale-sehidine-vefa_e3a5f46.jpg?resize=150%2C100 150w, https:\/\/i0.wp.com\/www.tvturk.com\/wp-content\/uploads\/2019\/03\/canakkale-sehidine-vefa_e3a5f46.jpg?resize=300%2C200 300w, https:\/\/i0.wp.com\/www.tvturk.com\/wp-content\/uploads\/2019\/03\/canakkale-sehidine-vefa_e3a5f46.jpg?resize=768%2C510 768w, https:\/\/i0.wp.com\/www.tvturk.com\/wp-content\/uploads\/2019\/03\/canakkale-sehidine-vefa_e3a5f46.jpg?resize=170%2C113 170w, https:\/\/i0.wp.com\/www.tvturk.com\/wp-content\/uploads\/2019\/03\/canakkale-sehidine-vefa_e3a5f46.jpg?resize=120%2C80 120w\" width=\"163\" height=\"108\" loading=\"lazy\" data-original-width=\"163\" data-original-height=\"108\" itemprop=\"http:\/\/schema.org\/image\" title=\"\u00c7anakkale \u015fehidine vefa\" alt=\"\u00c7anakkale \u015fehidine vefa\" style=\"width: 163px; height: 108px;\" \/> <\/a> <\/div> <\/div> <!-- close group --> <div class=\"gallery-group images-1\" style=\"width: 167px; height: 112px;\" data-original-width=\"167\" data-original-height=\"112\" > <div class=\"tiled-gallery-item tiled-gallery-item-small\" itemprop=\"associatedMedia\" itemscope itemtype=\"http:\/\/schema.org\/ImageObject\"> <a href=\"http:\/\/www.tvturk.com\/index.php\/canakkale-sehidine-vefa\/canakkale-sehidine-vefa-7\/\" border=\"0\" itemprop=\"url\"> <meta itemprop=\"width\" content=\"163\"> <meta itemprop=\"height\" content=\"108\"> <img decoding=\"async\" class=\"\" data-attachment-id=\"101120\" data-orig-file=\"http:\/\/www.tvturk.com\/wp-content\/uploads\/2019\/03\/canakkale-sehidine-vefa_5b73a8d.jpg\" data-orig-size=\"1000,664\" data-comments-opened=\"\" data-image-meta=\"{&quot;aperture&quot;:&quot;0&quot;,&quot;credit&quot;:&quot;IHA&quot;,&quot;camera&quot;:&quot;&quot;,&quot;caption&quot;:&quot;\\u015eANLIURFA\\u2019NIN S\\u0130VEREK \\u0130L\\u00c7ES\\u0130NDE, \\u00c7ANAKKALE SAVA\\u015eI\\u0027NDA \\u015eEH\\u0130T OLAN TE\\u011eMEN \\u0130BRAH\\u0130M NAC\\u0130 ADINA K\\u00dcT\\u00dcPHANE A\\u00c7ILDI. (MEVL\\u00dcT BAYRAKTAR\\\/\\u015eANLIURFA-\\u0130HA)&quot;,&quot;created_timestamp&quot;:&quot;0&quot;,&quot;copyright&quot;:&quot;\\u0130HLAS HABER AJANSI, www.iha.com.tr&quot;,&quot;focal_length&quot;:&quot;0&quot;,&quot;iso&quot;:&quot;0&quot;,&quot;shutter_speed&quot;:&quot;0&quot;,&quot;title&quot;:&quot;\\u00c7ANAKKALE \\u015eEH\\u0130D\\u0130NE VEFA&quot;,&quot;orientation&quot;:&quot;0&quot;}\" data-image-title=\"\u00c7anakkale \u015fehidine vefa\" data-image-description=\"&lt;p&gt;\u00c7anakkale \u015fehidine vefa&lt;\/p&gt; \" data-medium-file=\"https:\/\/i0.wp.com\/www.tvturk.com\/wp-content\/uploads\/2019\/03\/canakkale-sehidine-vefa_5b73a8d.jpg?fit=300%2C199\" data-large-file=\"https:\/\/i0.wp.com\/www.tvturk.com\/wp-content\/uploads\/2019\/03\/canakkale-sehidine-vefa_5b73a8d.jpg?fit=1000%2C664\" src=\"https:\/\/i0.wp.com\/www.tvturk.com\/wp-content\/uploads\/2019\/03\/canakkale-sehidine-vefa_5b73a8d.jpg?w=163&#038;h=108\" srcset=\"https:\/\/i0.wp.com\/www.tvturk.com\/wp-content\/uploads\/2019\/03\/canakkale-sehidine-vefa_5b73a8d.jpg?w=1000 1000w, https:\/\/i0.wp.com\/www.tvturk.com\/wp-content\/uploads\/2019\/03\/canakkale-sehidine-vefa_5b73a8d.jpg?resize=150%2C100 150w, https:\/\/i0.wp.com\/www.tvturk.com\/wp-content\/uploads\/2019\/03\/canakkale-sehidine-vefa_5b73a8d.jpg?resize=300%2C200 300w, https:\/\/i0.wp.com\/www.tvturk.com\/wp-content\/uploads\/2019\/03\/canakkale-sehidine-vefa_5b73a8d.jpg?resize=768%2C510 768w, https:\/\/i0.wp.com\/www.tvturk.com\/wp-content\/uploads\/2019\/03\/canakkale-sehidine-vefa_5b73a8d.jpg?resize=170%2C113 170w, https:\/\/i0.wp.com\/www.tvturk.com\/wp-content\/uploads\/2019\/03\/canakkale-sehidine-vefa_5b73a8d.jpg?resize=120%2C80 120w\" width=\"163\" height=\"108\" loading=\"lazy\" data-original-width=\"163\" data-original-height=\"108\" itemprop=\"http:\/\/schema.org\/image\" title=\"\u00c7anakkale \u015fehidine vefa\" alt=\"\u00c7anakkale \u015fehidine vefa\" style=\"width: 163px; height: 108px;\" \/> <\/a> <\/div> <\/div> <!-- close group --> <div class=\"gallery-group images-1\" style=\"width: 166px; height: 112px;\" data-original-width=\"166\" data-original-height=\"112\" > <div class=\"tiled-gallery-item tiled-gallery-item-small\" itemprop=\"associatedMedia\" itemscope itemtype=\"http:\/\/schema.org\/ImageObject\"> <a href=\"http:\/\/www.tvturk.com\/index.php\/canakkale-sehidine-vefa\/canakkale-sehidine-vefa-8\/\" border=\"0\" itemprop=\"url\"> <meta itemprop=\"width\" content=\"162\"> <meta itemprop=\"height\" content=\"108\"> <img decoding=\"async\" class=\"\" data-attachment-id=\"101121\" data-orig-file=\"http:\/\/www.tvturk.com\/wp-content\/uploads\/2019\/03\/canakkale-sehidine-vefa_0de1de8.jpg\" data-orig-size=\"1000,664\" data-comments-opened=\"\" data-image-meta=\"{&quot;aperture&quot;:&quot;0&quot;,&quot;credit&quot;:&quot;IHA&quot;,&quot;camera&quot;:&quot;&quot;,&quot;caption&quot;:&quot;T\\u00dcRK\\u00c7E \\u00d6\\u011eRETMEN\\u0130 CEREN BAYRAKTAR, 18 MART \\u00c7ANAKKALE ZAFER\\u0130 VE \\u015eEH\\u0130TLER\\u0130 ANMA G\\u00dcN\\u00dc\\u0027NDE, \\u00c7ANAKKALE \\u015eEH\\u0130D\\u0130 ADINA K\\u00dcT\\u00dcPHANE KURMANIN GURURUNU YA\\u015eADIKLARINI BEL\\u0130RTT\\u0130. (MEVL\\u00dcT BAYRAKTAR\\\/\\u015eANLIURFA-\\u0130HA)&quot;,&quot;created_timestamp&quot;:&quot;0&quot;,&quot;copyright&quot;:&quot;\\u0130HLAS HABER AJANSI, www.iha.com.tr&quot;,&quot;focal_length&quot;:&quot;0&quot;,&quot;iso&quot;:&quot;0&quot;,&quot;shutter_speed&quot;:&quot;0&quot;,&quot;title&quot;:&quot;\\u00c7ANAKKALE \\u015eEH\\u0130D\\u0130NE VEFA&quot;,&quot;orientation&quot;:&quot;0&quot;}\" data-image-title=\"\u00c7anakkale \u015fehidine vefa\" data-image-description=\"&lt;p&gt;\u00c7anakkale \u015fehidine vefa&lt;\/p&gt; \" data-medium-file=\"https:\/\/i0.wp.com\/www.tvturk.com\/wp-content\/uploads\/2019\/03\/canakkale-sehidine-vefa_0de1de8.jpg?fit=300%2C199\" data-large-file=\"https:\/\/i0.wp.com\/www.tvturk.com\/wp-content\/uploads\/2019\/03\/canakkale-sehidine-vefa_0de1de8.jpg?fit=1000%2C664\" src=\"https:\/\/i0.wp.com\/www.tvturk.com\/wp-content\/uploads\/2019\/03\/canakkale-sehidine-vefa_0de1de8.jpg?w=162&#038;h=108\" srcset=\"https:\/\/i0.wp.com\/www.tvturk.com\/wp-content\/uploads\/2019\/03\/canakkale-sehidine-vefa_0de1de8.jpg?w=1000 1000w, https:\/\/i0.wp.com\/www.tvturk.com\/wp-content\/uploads\/2019\/03\/canakkale-sehidine-vefa_0de1de8.jpg?resize=150%2C100 150w, https:\/\/i0.wp.com\/www.tvturk.com\/wp-content\/uploads\/2019\/03\/canakkale-sehidine-vefa_0de1de8.jpg?resize=300%2C200 300w, https:\/\/i0.wp.com\/www.tvturk.com\/wp-content\/uploads\/2019\/03\/canakkale-sehidine-vefa_0de1de8.jpg?resize=768%2C510 768w, https:\/\/i0.wp.com\/www.tvturk.com\/wp-content\/uploads\/2019\/03\/canakkale-sehidine-vefa_0de1de8.jpg?resize=170%2C113 170w, https:\/\/i0.wp.com\/www.tvturk.com\/wp-content\/uploads\/2019\/03\/canakkale-sehidine-vefa_0de1de8.jpg?resize=120%2C80 120w\" width=\"162\" height=\"108\" loading=\"lazy\" data-original-width=\"162\" data-original-height=\"108\" itemprop=\"http:\/\/schema.org\/image\" title=\"\u00c7anakkale \u015fehidine vefa\" alt=\"\u00c7anakkale \u015fehidine vefa\" style=\"width: 162px; height: 108px;\" \/> <\/a> <\/div> <\/div> <!-- close group --> <\/div> <!-- close row --> <div class=\"gallery-row\" style=\"width: 500px; height: 167px;\" data-original-width=\"500\" data-original-height=\"167\" > <div class=\"gallery-group images-1\" style=\"width: 250px; height: 167px;\" data-original-width=\"250\" data-original-height=\"167\" > <div class=\"tiled-gallery-item tiled-gallery-item-small\" itemprop=\"associatedMedia\" itemscope itemtype=\"http:\/\/schema.org\/ImageObject\"> <a href=\"http:\/\/www.tvturk.com\/index.php\/canakkale-sehidine-vefa\/canakkale-sehidine-vefa-9\/\" border=\"0\" itemprop=\"url\"> <meta itemprop=\"width\" content=\"246\"> <meta itemprop=\"height\" content=\"163\"> <img decoding=\"async\" class=\"\" data-attachment-id=\"101122\" data-orig-file=\"http:\/\/www.tvturk.com\/wp-content\/uploads\/2019\/03\/canakkale-sehidine-vefa_1928425.jpg\" data-orig-size=\"1000,664\" data-comments-opened=\"\" data-image-meta=\"{&quot;aperture&quot;:&quot;0&quot;,&quot;credit&quot;:&quot;IHA&quot;,&quot;camera&quot;:&quot;&quot;,&quot;caption&quot;:&quot;\\u015eANLIURFA\\u2019NIN S\\u0130VEREK \\u0130L\\u00c7ES\\u0130NDE, \\u00c7ANAKKALE SAVA\\u015eI\\u0027NDA \\u015eEH\\u0130T OLAN TE\\u011eMEN \\u0130BRAH\\u0130M NAC\\u0130 ADINA K\\u00dcT\\u00dcPHANE A\\u00c7ILDI. (MEVL\\u00dcT BAYRAKTAR\\\/\\u015eANLIURFA-\\u0130HA)&quot;,&quot;created_timestamp&quot;:&quot;0&quot;,&quot;copyright&quot;:&quot;\\u0130HLAS HABER AJANSI, www.iha.com.tr&quot;,&quot;focal_length&quot;:&quot;0&quot;,&quot;iso&quot;:&quot;0&quot;,&quot;shutter_speed&quot;:&quot;0&quot;,&quot;title&quot;:&quot;\\u00c7ANAKKALE \\u015eEH\\u0130D\\u0130NE VEFA&quot;,&quot;orientation&quot;:&quot;0&quot;}\" data-image-title=\"\u00c7anakkale \u015fehidine vefa\" data-image-description=\"&lt;p&gt;\u00c7anakkale \u015fehidine vefa&lt;\/p&gt; \" data-medium-file=\"https:\/\/i0.wp.com\/www.tvturk.com\/wp-content\/uploads\/2019\/03\/canakkale-sehidine-vefa_1928425.jpg?fit=300%2C199\" data-large-file=\"https:\/\/i0.wp.com\/www.tvturk.com\/wp-content\/uploads\/2019\/03\/canakkale-sehidine-vefa_1928425.jpg?fit=1000%2C664\" src=\"https:\/\/i0.wp.com\/www.tvturk.com\/wp-content\/uploads\/2019\/03\/canakkale-sehidine-vefa_1928425.jpg?w=246&#038;h=163\" srcset=\"https:\/\/i0.wp.com\/www.tvturk.com\/wp-content\/uploads\/2019\/03\/canakkale-sehidine-vefa_1928425.jpg?w=1000 1000w, https:\/\/i0.wp.com\/www.tvturk.com\/wp-content\/uploads\/2019\/03\/canakkale-sehidine-vefa_1928425.jpg?resize=150%2C100 150w, https:\/\/i0.wp.com\/www.tvturk.com\/wp-content\/uploads\/2019\/03\/canakkale-sehidine-vefa_1928425.jpg?resize=300%2C200 300w, https:\/\/i0.wp.com\/www.tvturk.com\/wp-content\/uploads\/2019\/03\/canakkale-sehidine-vefa_1928425.jpg?resize=768%2C510 768w, https:\/\/i0.wp.com\/www.tvturk.com\/wp-content\/uploads\/2019\/03\/canakkale-sehidine-vefa_1928425.jpg?resize=170%2C113 170w, https:\/\/i0.wp.com\/www.tvturk.com\/wp-content\/uploads\/2019\/03\/canakkale-sehidine-vefa_1928425.jpg?resize=120%2C80 120w\" width=\"246\" height=\"163\" loading=\"lazy\" data-original-width=\"246\" data-original-height=\"163\" itemprop=\"http:\/\/schema.org\/image\" title=\"\u00c7anakkale \u015fehidine vefa\" alt=\"\u00c7anakkale \u015fehidine vefa\" style=\"width: 246px; height: 163px;\" \/> <\/a> <\/div> <\/div> <!-- close group --> <div class=\"gallery-group images-1\" style=\"width: 250px; height: 167px;\" data-original-width=\"250\" data-original-height=\"167\" > <div class=\"tiled-gallery-item tiled-gallery-item-small\" itemprop=\"associatedMedia\" itemscope itemtype=\"http:\/\/schema.org\/ImageObject\"> <a href=\"http:\/\/www.tvturk.com\/index.php\/canakkale-sehidine-vefa\/canakkale-sehidine-vefa-10\/\" border=\"0\" itemprop=\"url\"> <meta itemprop=\"width\" content=\"246\"> <meta itemprop=\"height\" content=\"163\"> <img decoding=\"async\" class=\"\" data-attachment-id=\"101123\" data-orig-file=\"http:\/\/www.tvturk.com\/wp-content\/uploads\/2019\/03\/canakkale-sehidine-vefa_860e83a.jpg\" data-orig-size=\"1000,664\" data-comments-opened=\"\" data-image-meta=\"{&quot;aperture&quot;:&quot;0&quot;,&quot;credit&quot;:&quot;IHA&quot;,&quot;camera&quot;:&quot;&quot;,&quot;caption&quot;:&quot;\\u015eANLIURFA\\u2019NIN S\\u0130VEREK \\u0130L\\u00c7ES\\u0130NDE, \\u00c7ANAKKALE SAVA\\u015eI\\u0027NDA \\u015eEH\\u0130T OLAN TE\\u011eMEN \\u0130BRAH\\u0130M NAC\\u0130 ADINA K\\u00dcT\\u00dcPHANE A\\u00c7ILDI. (MEVL\\u00dcT BAYRAKTAR\\\/\\u015eANLIURFA-\\u0130HA)&quot;,&quot;created_timestamp&quot;:&quot;0&quot;,&quot;copyright&quot;:&quot;\\u0130HLAS HABER AJANSI, www.iha.com.tr&quot;,&quot;focal_length&quot;:&quot;0&quot;,&quot;iso&quot;:&quot;0&quot;,&quot;shutter_speed&quot;:&quot;0&quot;,&quot;title&quot;:&quot;\\u00c7ANAKKALE \\u015eEH\\u0130D\\u0130NE VEFA&quot;,&quot;orientation&quot;:&quot;0&quot;}\" data-image-title=\"\u00c7anakkale \u015fehidine vefa\" data-image-description=\"&lt;p&gt;\u00c7anakkale \u015fehidine vefa&lt;\/p&gt; \" data-medium-file=\"https:\/\/i0.wp.com\/www.tvturk.com\/wp-content\/uploads\/2019\/03\/canakkale-sehidine-vefa_860e83a.jpg?fit=300%2C199\" data-large-file=\"https:\/\/i0.wp.com\/www.tvturk.com\/wp-content\/uploads\/2019\/03\/canakkale-sehidine-vefa_860e83a.jpg?fit=1000%2C664\" src=\"https:\/\/i0.wp.com\/www.tvturk.com\/wp-content\/uploads\/2019\/03\/canakkale-sehidine-vefa_860e83a.jpg?w=246&#038;h=163\" srcset=\"https:\/\/i0.wp.com\/www.tvturk.com\/wp-content\/uploads\/2019\/03\/canakkale-sehidine-vefa_860e83a.jpg?w=1000 1000w, https:\/\/i0.wp.com\/www.tvturk.com\/wp-content\/uploads\/2019\/03\/canakkale-sehidine-vefa_860e83a.jpg?resize=150%2C100 150w, https:\/\/i0.wp.com\/www.tvturk.com\/wp-content\/uploads\/2019\/03\/canakkale-sehidine-vefa_860e83a.jpg?resize=300%2C200 300w, https:\/\/i0.wp.com\/www.tvturk.com\/wp-content\/uploads\/2019\/03\/canakkale-sehidine-vefa_860e83a.jpg?resize=768%2C510 768w, https:\/\/i0.wp.com\/www.tvturk.com\/wp-content\/uploads\/2019\/03\/canakkale-sehidine-vefa_860e83a.jpg?resize=170%2C113 170w, https:\/\/i0.wp.com\/www.tvturk.com\/wp-content\/uploads\/2019\/03\/canakkale-sehidine-vefa_860e83a.jpg?resize=120%2C80 120w\" width=\"246\" height=\"163\" loading=\"lazy\" data-original-width=\"246\" data-original-height=\"163\" itemprop=\"http:\/\/schema.org\/image\" title=\"\u00c7anakkale \u015fehidine vefa\" alt=\"\u00c7anakkale \u015fehidine vefa\" style=\"width: 246px; height: 163px;\" \/> <\/a> <\/div> <\/div> <!-- close group --> <\/div> <!-- close row --> <\/div><\/p>\n","protected":false},"excerpt":{"rendered":"<p>T\u00dcRK\u00c7E \u00d6\u011eRETMEN\u0130 CEREN BAYRAKTAR, 18 MART \u00c7ANAKKALE ZAFER\u0130 VE \u015eEH\u0130TLER\u0130 ANMA G\u00dcN\u00dc&#8217;NDE, \u00c7ANAKKALE \u015eEH\u0130D\u0130 ADINA K\u00dcT\u00dcPHANE KURMANIN GURURUNU YA\u015eADIKLARINI BEL\u0130RTT\u0130.<\/p>\n","protected":false},"author":1,"featured_media":101115,"comment_status":"closed","ping_status":"open","sticky":false,"template":"","format":"standard","meta":{"jetpack_post_was_ever_published":false,"_jetpack_newsletter_access":"","_jetpack_dont_email_post_to_subs":false,"_jetpack_newsletter_tier_id":0,"_jetpack_memberships_contains_paywalled_content":false,"_jetpack_memberships_contains_paid_content":false,"footnotes":"","jetpack_publicize_message":"","jetpack_publicize_feature_enabled":true,"jetpack_social_post_already_shared":true,"jetpack_social_options":{"image_generator_settings":{"template":"highway","default_image_id":0,"font":"","enabled":false},"version":2}},"categories":[1],"tags":[1264,15672,546],"class_list":["post-101114","post","type-post","status-publish","format-standard","has-post-thumbnail","hentry","category-genel","tag-canakkale","tag-sehidine","tag-vefa"],"jetpack_publicize_connections":[],"jetpack_featured_media_url":"https:\/\/i0.wp.com\/www.tvturk.com\/wp-content\/uploads\/2019\/03\/canakkale-sehidine-vefa_3c407f8.jpg?fit=1000%2C664","jetpack_sharing_enabled":true,"jetpack_shortlink":"https:\/\/wp.me\/paKIfm-qiS","_links":{"self":[{"href":"http:\/\/www.tvturk.com\/index.php\/wp-json\/wp\/v2\/posts\/101114","targetHints":{"allow":["GET"]}}],"collection":[{"href":"http:\/\/www.tvturk.com\/index.php\/wp-json\/wp\/v2\/posts"}],"about":[{"href":"http:\/\/www.tvturk.com\/index.php\/wp-json\/wp\/v2\/types\/post"}],"author":[{"embeddable":true,"href":"http:\/\/www.tvturk.com\/index.php\/wp-json\/wp\/v2\/users\/1"}],"replies":[{"embeddable":true,"href":"http:\/\/www.tvturk.com\/index.php\/wp-json\/wp\/v2\/comments?post=101114"}],"version-history":[{"count":1,"href":"http:\/\/www.tvturk.com\/index.php\/wp-json\/wp\/v2\/posts\/101114\/revisions"}],"predecessor-version":[{"id":101124,"href":"http:\/\/www.tvturk.com\/index.php\/wp-json\/wp\/v2\/posts\/101114\/revisions\/101124"}],"wp:featuredmedia":[{"embeddable":true,"href":"http:\/\/www.tvturk.com\/index.php\/wp-json\/wp\/v2\/media\/101115"}],"wp:attachment":[{"href":"http:\/\/www.tvturk.com\/index.php\/wp-json\/wp\/v2\/media?parent=101114"}],"wp:term":[{"taxonomy":"category","embeddable":true,"href":"http:\/\/www.tvturk.com\/index.php\/wp-json\/wp\/v2\/categories?post=101114"},{"taxonomy":"post_tag","embeddable":true,"href":"http:\/\/www.tvturk.com\/index.php\/wp-json\/wp\/v2\/tags?post=101114"}],"curies":[{"name":"wp","href":"https:\/\/api.w.org\/{rel}","templated":true}]}}