{"id":101193,"date":"2019-03-19T10:38:29","date_gmt":"2019-03-19T07:38:29","guid":{"rendered":"http:\/\/www.tvturk.com\/index.php\/ugurcan-cakir-onuru-aratmiyor\/"},"modified":"2019-03-19T10:38:29","modified_gmt":"2019-03-19T07:38:29","slug":"ugurcan-cakir-onuru-aratmiyor","status":"publish","type":"post","link":"http:\/\/www.tvturk.com\/index.php\/ugurcan-cakir-onuru-aratmiyor\/","title":{"rendered":"U\u011furcan \u00c7ak\u0131r, Onur\u2019u aratm\u0131yor"},"content":{"rendered":"<p>A Milli Tak\u0131m kadrosuna davet edilen Trabzonspor kalecisi U\u011furcan \u00c7ak\u0131r, Onur Recep K\u0131vrak\u2019\u0131 aratm\u0131yor.<\/p>\n<p>Trabzonspor\u2019un Spor Toto S\u00fcper Lig\u2019in 12. haftas\u0131nda deplasmanda Evkur Yeni Malatyaspor\u2019a 5-0 ma\u011flup oldu\u011fu ma\u00e7\u0131n ard\u0131ndan bordo-mavili tak\u0131mda kadro d\u0131\u015f\u0131 b\u0131rak\u0131lan Onur Recep K\u0131vrak\u2019tan kaleyi devralan U\u011furcan \u00c7ak\u0131r, fark\u0131n\u0131 hissettiriyor. Onur, bu sezon forma giydi\u011fi 12 ma\u00e7ta kalesinde 18 gol  g\u00f6r\u00fcrken, U\u011furcan \u00c7ak\u0131r bu sezon forma giydi\u011fi 12 ma\u00e7ta kalesinde 13 gol g\u00f6rd\u00fc. Bordo-mavili tak\u0131mda iki ma\u00e7ta kaleyi koruyan Arda Akbulut ise 5 gole engel olamad\u0131.<\/p>\n<p>4 ma\u00e7ta kalesini gole kapad\u0131<\/p>\n<p>Trabzonspor\u2019un 23 ya\u015f\u0131ndaki kalecisi U\u011furcan \u00c7ak\u0131r, bu sezon forma giydi\u011fi 12 ma\u00e7\u0131n 4\u2019\u00fcnde kalesini gole kapad\u0131. Bordo-mavililerin sahadan galip ayr\u0131ld\u0131\u011f\u0131 Kayserispor, Atiker Konyaspor, MKE Ankarag\u00fcc\u00fc ve B\u00fcy\u00fck\u015fehir Belediye Erzurumspor ma\u00e7lar\u0131nda kalesini gole kapatan y\u0131ld\u0131z oyuncu, yapt\u0131\u011f\u0131 kurtar\u0131\u015flarla galibiyetlerde \u00f6nemli rol oynad\u0131.<\/p>\n<p>\u0130statistiklerde \u00fcst\u00fcnl\u00fck kurdu<\/p>\n<p>Ma\u00e7 ba\u015f\u0131na gol ortalamas\u0131 g\u00f6z \u00f6n\u00fcnde bulunduruldu\u011funda ise U\u011furcan \u00c7ak\u0131r, kaleyi devrald\u0131\u011f\u0131 Onur Recep K\u0131vrak\u2019a g\u00f6re daha ba\u015far\u0131l\u0131 bir performans sergiledi. Bu sezon ligde \u00e7\u0131kt\u0131\u011f\u0131 12 ma\u00e7ta 18 gol yiyen Onur, ma\u00e7 ba\u015f\u0131na 1.50 gol ortalamas\u0131 ile m\u00fccadele ederken, 12 lig ma\u00e7\u0131nda 13 gol yiyen U\u011furcan \u00c7ak\u0131r\u2019\u0131n ise ma\u00e7 ba\u015f\u0131na gol ortalamas\u0131 1.08 oldu. Dakika baz\u0131nda de\u011ferlendirildi\u011finde Onur her 60 dakikada bir, U\u011furcan \u00c7ak\u0131r ise her 83  dakikada bir kalesinde gol g\u00f6rd\u00fc.<\/p>\n<p>\u0130lk kez A Milli Tak\u0131m\u2019da<\/p>\n<p>U19, U20 ve U21 Milli tak\u0131mlar\u0131nda forma giyen ve ba\u015far\u0131l\u0131 ma\u00e7lar \u00e7\u0131kartan U\u011furcan \u00c7ak\u0131r, ilk kez A Milli Tak\u0131m kadrosuna \u00e7a\u011fr\u0131ld\u0131. Teknik Direkt\u00f6r \u015eenol G\u00fcne\u015f\u2019in A Milli Tak\u0131m\u2019\u0131n ba\u015f\u0131na ge\u00e7mesiyle birlikte Arnavutluk ve Moldova ile oynanacak kar\u015f\u0131la\u015fmalar\u0131n aday kadrosuna \u00e7a\u011fr\u0131lan ba\u015far\u0131l\u0131 eldiven, burada Mert G\u00fcnok, Muhammed \u015eengezer ve Sinan Bolat\u2019tan kaleyi devralmak i\u00e7in tatl\u0131 bir rekabetin i\u00e7ine girecek.<\/p>\n","protected":false},"excerpt":{"rendered":"<p>A M\u0130LL\u0130 TAKIM KADROSUNA DAVET ED\u0130LEN U\u011eURCAN \u00c7AKIR, ONUR RECEP KIVRAK&#8217;I ARATMIYOR.<\/p>\n","protected":false},"author":1,"featured_media":101194,"comment_status":"closed","ping_status":"open","sticky":false,"template":"","format":"standard","meta":{"jetpack_post_was_ever_published":false,"_jetpack_newsletter_access":"","_jetpack_dont_email_post_to_subs":false,"_jetpack_newsletter_tier_id":0,"_jetpack_memberships_contains_paywalled_content":false,"_jetpack_memberships_contains_paid_content":false,"footnotes":"","jetpack_publicize_message":"","jetpack_publicize_feature_enabled":true,"jetpack_social_post_already_shared":true,"jetpack_social_options":{"image_generator_settings":{"template":"highway","default_image_id":0,"font":"","enabled":false},"version":2}},"categories":[657],"tags":[26035,368,26034,26033],"class_list":["post-101193","post","type-post","status-publish","format-standard","has-post-thumbnail","hentry","category-spor","tag-aratmiyor","tag-cakir","tag-onuru","tag-ugurcan"],"jetpack_publicize_connections":[],"jetpack_featured_media_url":"https:\/\/i0.wp.com\/www.tvturk.com\/wp-content\/uploads\/2019\/03\/ugurcan-cakir-onuru-aratmiyor_3727917.jpg?fit=1000%2C666","jetpack_sharing_enabled":true,"jetpack_shortlink":"https:\/\/wp.me\/paKIfm-qk9","_links":{"self":[{"href":"http:\/\/www.tvturk.com\/index.php\/wp-json\/wp\/v2\/posts\/101193","targetHints":{"allow":["GET"]}}],"collection":[{"href":"http:\/\/www.tvturk.com\/index.php\/wp-json\/wp\/v2\/posts"}],"about":[{"href":"http:\/\/www.tvturk.com\/index.php\/wp-json\/wp\/v2\/types\/post"}],"author":[{"embeddable":true,"href":"http:\/\/www.tvturk.com\/index.php\/wp-json\/wp\/v2\/users\/1"}],"replies":[{"embeddable":true,"href":"http:\/\/www.tvturk.com\/index.php\/wp-json\/wp\/v2\/comments?post=101193"}],"version-history":[{"count":0,"href":"http:\/\/www.tvturk.com\/index.php\/wp-json\/wp\/v2\/posts\/101193\/revisions"}],"wp:featuredmedia":[{"embeddable":true,"href":"http:\/\/www.tvturk.com\/index.php\/wp-json\/wp\/v2\/media\/101194"}],"wp:attachment":[{"href":"http:\/\/www.tvturk.com\/index.php\/wp-json\/wp\/v2\/media?parent=101193"}],"wp:term":[{"taxonomy":"category","embeddable":true,"href":"http:\/\/www.tvturk.com\/index.php\/wp-json\/wp\/v2\/categories?post=101193"},{"taxonomy":"post_tag","embeddable":true,"href":"http:\/\/www.tvturk.com\/index.php\/wp-json\/wp\/v2\/tags?post=101193"}],"curies":[{"name":"wp","href":"https:\/\/api.w.org\/{rel}","templated":true}]}}