{"id":101199,"date":"2019-03-19T10:41:43","date_gmt":"2019-03-19T07:41:43","guid":{"rendered":"http:\/\/www.tvturk.com\/index.php\/ihlas-kolejinden-junior-mun-basarisi\/"},"modified":"2019-03-19T10:41:43","modified_gmt":"2019-03-19T07:41:43","slug":"ihlas-kolejinden-junior-mun-basarisi","status":"publish","type":"post","link":"http:\/\/www.tvturk.com\/index.php\/ihlas-kolejinden-junior-mun-basarisi\/","title":{"rendered":"\u0130hlas Koleji\u2019nden Junior MUN ba\u015far\u0131s\u0131"},"content":{"rendered":"<p>Ortaokul d\u00fczeyinde d\u00fczenlenen Junior MUN (K\u00fc\u00e7\u00fckler Model Birle\u015fmi\u015f Milletler) organizasyonuna kat\u0131lan \u0130hlas Koleji \u00e7e\u015fitli dallarda \u00f6d\u00fcller ald\u0131.<\/p>\n<p>\u00d6zel bir okulun ev sahipli\u011finde iki g\u00fcn s\u00fcren Junior MUN organizasyonunda \u0130hlas Koleji iki ortaokulu ile temsil edildi. Organizasyonun sonunda \u00d6zel Marmara Evleri \u0130hlas Ortaokulu \u00f6\u011frencileri Sait Berat Edemen \u201cHonorable Mention\u201d ve G\u00fcl\u015fah Tekin \u201cEn \u0130yi Delege\u201d \u00f6d\u00fcl\u00fcn\u00fc al\u0131rken, \u00d6zel Bah\u00e7elievler \u0130hlas Ortaokulu \u00f6\u011frencisi Ay\u015fe Sude Malko\u00e7 ise \u201cHonorable Mention ve En \u0130yi \u00dc\u00e7 Delegeden Biri\u201d \u00f6d\u00fcllerine lay\u0131k g\u00f6r\u00fcld\u00fc.<\/p>\n<p>Birle\u015fmi\u015f Milletler oturumlar\u0131ndan farks\u0131z olarak yap\u0131lan Junior MUN\u2019da \u00d6zel Bah\u00e7elievler \u0130hlas Koleji \u00f6\u011frencileri ve \u00d6zel Marmara Evleri \u0130hlas Ortaokulu \u00f6\u011frencileri komitelerde yer ald\u0131lar. Bu komitelerde Avrupa\u2019n\u0131n ve d\u00fcnyan\u0131n \u00e7e\u015fitli sorunlar\u0131na kar\u015f\u0131 \u00e7\u00f6z\u00fcmler \u00fcrettiler.<\/p>\n<p>\u0130lk kez ortaokul seviyesinde d\u00fczenlenen MUN organizasyonuna kat\u0131ld\u0131klar\u0131n\u0131 ifade eden \u0130hlas E\u011fitim Kurumlar\u0131 Genel M\u00fcd\u00fcr\u00fc Bedri Yeltekin, al\u0131nan \u00f6d\u00fcllerden dolay\u0131 \u00e7ok mutlu olduklar\u0131n\u0131 s\u00f6yledi.<\/p>\n<p>\u00d6\u011frencilerini ve onlar\u0131 haz\u0131rlayan \u00f6\u011fretmenlerini tebrik eden Yeltekin, \u201cMUN organizasyonlar\u0131nda daha \u00f6nce lise seviyesinde say\u0131s\u0131z ba\u015far\u0131lar alm\u0131\u015ft\u0131k. Ortaokul seviyesinde de \u00f6\u011frencilerimiz g\u00fczel bir haz\u0131rl\u0131\u011f\u0131n ard\u0131ndan bizleri mutlu eden sonu\u00e7lar elde ettiler. Tamamen \u0130ngilizce olan organizasyonda \u00f6\u011frencilerimiz yer ald\u0131klar\u0131 komitelerde fikirlerini eksiksiz olarak sundular. Anaokulundan itibaren ba\u015flatt\u0131\u011f\u0131m\u0131z yabanc\u0131 dil e\u011fitimimizin ba\u015far\u0131s\u0131n\u0131 da bir kez daha g\u00f6rm\u00fc\u015f olduk\u201d dedi.<\/p>\n","protected":false},"excerpt":{"rendered":"<p>ORTAOKUL D\u00dcZEY\u0130NDE D\u00dcZENLENEN JUN\u0130OR MUN (K\u00dc\u00c7\u00dcKLER MODEL B\u0130RLE\u015eM\u0130\u015e M\u0130LLETLER) ORGAN\u0130ZASYONUNA KATILAN \u0130HLAS KOLEJ\u0130 \u00c7E\u015e\u0130TL\u0130 DALLARDA \u00d6D\u00dcLLER ALDI.<\/p>\n","protected":false},"author":1,"featured_media":101200,"comment_status":"closed","ping_status":"open","sticky":false,"template":"","format":"standard","meta":{"jetpack_post_was_ever_published":false,"_jetpack_newsletter_access":"","_jetpack_dont_email_post_to_subs":false,"_jetpack_newsletter_tier_id":0,"_jetpack_memberships_contains_paywalled_content":false,"_jetpack_memberships_contains_paid_content":false,"footnotes":"","jetpack_publicize_message":"","jetpack_publicize_feature_enabled":true,"jetpack_social_post_already_shared":true,"jetpack_social_options":{"image_generator_settings":{"template":"highway","default_image_id":0,"font":"","enabled":false},"version":2}},"categories":[1],"tags":[2902,2814,26036,8169,26037],"class_list":["post-101199","post","type-post","status-publish","format-standard","has-post-thumbnail","hentry","category-genel","tag-basarisi","tag-ihlas","tag-junior","tag-kolejinden","tag-mun"],"jetpack_publicize_connections":[],"jetpack_featured_media_url":"https:\/\/i0.wp.com\/www.tvturk.com\/wp-content\/uploads\/2019\/03\/ihlas-kolejinden-junior-mun-basarisi_8d9c0ec.jpg?fit=750%2C1000","jetpack_sharing_enabled":true,"jetpack_shortlink":"https:\/\/wp.me\/paKIfm-qkf","_links":{"self":[{"href":"http:\/\/www.tvturk.com\/index.php\/wp-json\/wp\/v2\/posts\/101199","targetHints":{"allow":["GET"]}}],"collection":[{"href":"http:\/\/www.tvturk.com\/index.php\/wp-json\/wp\/v2\/posts"}],"about":[{"href":"http:\/\/www.tvturk.com\/index.php\/wp-json\/wp\/v2\/types\/post"}],"author":[{"embeddable":true,"href":"http:\/\/www.tvturk.com\/index.php\/wp-json\/wp\/v2\/users\/1"}],"replies":[{"embeddable":true,"href":"http:\/\/www.tvturk.com\/index.php\/wp-json\/wp\/v2\/comments?post=101199"}],"version-history":[{"count":0,"href":"http:\/\/www.tvturk.com\/index.php\/wp-json\/wp\/v2\/posts\/101199\/revisions"}],"wp:featuredmedia":[{"embeddable":true,"href":"http:\/\/www.tvturk.com\/index.php\/wp-json\/wp\/v2\/media\/101200"}],"wp:attachment":[{"href":"http:\/\/www.tvturk.com\/index.php\/wp-json\/wp\/v2\/media?parent=101199"}],"wp:term":[{"taxonomy":"category","embeddable":true,"href":"http:\/\/www.tvturk.com\/index.php\/wp-json\/wp\/v2\/categories?post=101199"},{"taxonomy":"post_tag","embeddable":true,"href":"http:\/\/www.tvturk.com\/index.php\/wp-json\/wp\/v2\/tags?post=101199"}],"curies":[{"name":"wp","href":"https:\/\/api.w.org\/{rel}","templated":true}]}}