{"id":101220,"date":"2019-03-19T10:52:35","date_gmt":"2019-03-19T07:52:35","guid":{"rendered":"http:\/\/www.tvturk.com\/index.php\/ebeveynlere-ilk-yardim-egitimi\/"},"modified":"2019-03-19T10:52:35","modified_gmt":"2019-03-19T07:52:35","slug":"ebeveynlere-ilk-yardim-egitimi","status":"publish","type":"post","link":"http:\/\/www.tvturk.com\/index.php\/ebeveynlere-ilk-yardim-egitimi\/","title":{"rendered":"Ebeveynlere ilk yard\u0131m e\u011fitimi"},"content":{"rendered":"<p>Anne adaylar\u0131na ve annelere gebelik, do\u011fum ve do\u011fum sonras\u0131 bak\u0131m konular\u0131nda e\u011fitim ve destek veren Sevim Kuru\u00e7ay \u00c7am, Ya\u015fam Akademisi\u2019nin konu\u011fu olarak 21 Mart Per\u015fembe g\u00fcn\u00fc sevenleriyle bulu\u015facak.<\/p>\n<p>Yeni do\u011fan bebek bak\u0131m\u0131, \u00e7ocuklar\u0131n beslenmesi ve ilk yard\u0131m gibi konularda deneyimli olan Sevim Kuru\u00e7ay \u00c7am, Ya\u015fam Akademisi kapsam\u0131nda Akbat\u0131 misafirleriyle bulu\u015facak. Sevim hem\u015fire, 21 Mart Per\u015fembe G\u00fcn\u00fc ger\u00e7ekle\u015ftirece\u011fi \u2018Ebeveynlere \u0130lk yard\u0131m E\u011fitimi\u2019 ba\u015fl\u0131kl\u0131 s\u00f6yle\u015fisinde anne adaylar\u0131n\u0131 ve yeni anneleri en do\u011fru \u015fekilde bilgilendirerek yol g\u00f6sterecek.<\/p>\n<p>Ebeveynlere bebek ve \u00e7ocuk bak\u0131m konular\u0131nda e\u011fitim ve destek veren Kuru\u00e7ay \u00c7am, yeni do\u011fan bebek bak\u0131m\u0131 ve ilkyard\u0131m konusunda misafirlerin merak ettiklerini de yan\u0131tlayacak.<\/p>\n<p>Sevim Kuru\u00e7ay \u00c7am kimdir?<\/p>\n<p>Lise e\u011fitimini ebe-hem\u015fire olarak, \u00f6n lisans e\u011fitimini hem\u015fire olarak tamamlayan Sevim Kuru\u00e7ay \u00c7am, 20 y\u0131l aktif olarak \u00f6zellikle yeni do\u011fan ve yeni do\u011fan yo\u011fun bak\u0131m b\u00f6l\u00fcmlerinde g\u00f6rev yapt\u0131. Anne-bebek yogas\u0131, IAIM uluslararas\u0131 bebek masaj\u0131 e\u011fitmenli\u011fi, emzirme dan\u0131\u015fmanl\u0131\u011f\u0131, gebelik ve do\u011fum sonras\u0131 e\u011fitim ko\u00e7lu\u011fu, 0-6 Ya\u015f ilkyard\u0131m bilgilendirmesi ve e\u011fitimi, bebek geli\u015fimi ve bak\u0131mlar\u0131, uyku d\u00fczeni sa\u011flama e\u011fitimi gibi konularda e\u011fitimlere kat\u0131ld\u0131. Yakla\u015f\u0131k 11 y\u0131ld\u0131r annelere gebelik, do\u011fum ve do\u011fum sonras\u0131 bak\u0131m konular\u0131nda e\u011fitim ve destek veriyor.<\/p>\n","protected":false},"excerpt":{"rendered":"<p>ANNE ADAYLARINA VE ANNELERE GEBEL\u0130K, DO\u011eUM VE DO\u011eUM SONRASI BAKIM KONULARINDA E\u011e\u0130T\u0130M VE DESTEK VEREN SEV\u0130M KURU\u00c7AY \u00c7AM, YA\u015eAM AKADEM\u0130S\u0130\u2019N\u0130N KONU\u011eU OLARAK 21 MART PER\u015eEMBE G\u00dcN\u00dc SEVENLER\u0130YLE BULU\u015eACAK.<\/p>\n","protected":false},"author":1,"featured_media":101221,"comment_status":"closed","ping_status":"open","sticky":false,"template":"","format":"standard","meta":{"jetpack_post_was_ever_published":false,"_jetpack_newsletter_access":"","_jetpack_dont_email_post_to_subs":false,"_jetpack_newsletter_tier_id":0,"_jetpack_memberships_contains_paywalled_content":false,"_jetpack_memberships_contains_paid_content":false,"footnotes":"","jetpack_publicize_message":"","jetpack_publicize_feature_enabled":true,"jetpack_social_post_already_shared":true,"jetpack_social_options":{"image_generator_settings":{"template":"highway","default_image_id":0,"font":"","enabled":false},"version":2}},"categories":[656],"tags":[8951,581,37,1736],"class_list":["post-101220","post","type-post","status-publish","format-standard","has-post-thumbnail","hentry","category-kultur-sanat","tag-ebeveynlere","tag-egitimi","tag-ilk","tag-yardim"],"jetpack_publicize_connections":[],"jetpack_featured_media_url":"https:\/\/i0.wp.com\/www.tvturk.com\/wp-content\/uploads\/2019\/03\/ebeveynlere-ilk-yardim-egitimi_876e2f8.jpg?fit=702%2C1000","jetpack_sharing_enabled":true,"jetpack_shortlink":"https:\/\/wp.me\/paKIfm-qkA","_links":{"self":[{"href":"http:\/\/www.tvturk.com\/index.php\/wp-json\/wp\/v2\/posts\/101220","targetHints":{"allow":["GET"]}}],"collection":[{"href":"http:\/\/www.tvturk.com\/index.php\/wp-json\/wp\/v2\/posts"}],"about":[{"href":"http:\/\/www.tvturk.com\/index.php\/wp-json\/wp\/v2\/types\/post"}],"author":[{"embeddable":true,"href":"http:\/\/www.tvturk.com\/index.php\/wp-json\/wp\/v2\/users\/1"}],"replies":[{"embeddable":true,"href":"http:\/\/www.tvturk.com\/index.php\/wp-json\/wp\/v2\/comments?post=101220"}],"version-history":[{"count":0,"href":"http:\/\/www.tvturk.com\/index.php\/wp-json\/wp\/v2\/posts\/101220\/revisions"}],"wp:featuredmedia":[{"embeddable":true,"href":"http:\/\/www.tvturk.com\/index.php\/wp-json\/wp\/v2\/media\/101221"}],"wp:attachment":[{"href":"http:\/\/www.tvturk.com\/index.php\/wp-json\/wp\/v2\/media?parent=101220"}],"wp:term":[{"taxonomy":"category","embeddable":true,"href":"http:\/\/www.tvturk.com\/index.php\/wp-json\/wp\/v2\/categories?post=101220"},{"taxonomy":"post_tag","embeddable":true,"href":"http:\/\/www.tvturk.com\/index.php\/wp-json\/wp\/v2\/tags?post=101220"}],"curies":[{"name":"wp","href":"https:\/\/api.w.org\/{rel}","templated":true}]}}