{"id":10135,"date":"2019-02-07T18:31:17","date_gmt":"2019-02-07T15:31:17","guid":{"rendered":"http:\/\/www.tvturk.com\/index.php\/taner-ocal-gucumuz-yettigince-mucadele-edecegiz\/"},"modified":"2019-02-07T18:45:10","modified_gmt":"2019-02-07T15:45:10","slug":"taner-ocal-gucumuz-yettigince-mucadele-edecegiz","status":"publish","type":"post","link":"http:\/\/www.tvturk.com\/index.php\/taner-ocal-gucumuz-yettigince-mucadele-edecegiz\/","title":{"rendered":"Taner \u00d6cal: \u201cG\u00fcc\u00fcm\u00fcz yetti\u011fince m\u00fccadele edece\u011fiz\u201d"},"content":{"rendered":"<p>Kardemir Karab\u00fckspor Teknik Direkt\u00f6r\u00fc Taner \u00d6cal, rakiplerinin yapt\u0131klar\u0131 transferlerle iyice kuvvetlendi\u011fini belirterek, &#8220;G\u00fcc\u00fcm\u00fcz yetti\u011fince m\u00fccadele edece\u011fiz&#8221; dedi.<\/p>\n<p>Spor Toto 1. Lig ekiplerinden Kardemir Karab\u00fckspor, hafta sonu sahas\u0131nda oynayaca\u011f\u0131 Eski\u015fehirspor ma\u00e7\u0131n\u0131n haz\u0131rl\u0131klar\u0131na ba\u015flad\u0131. Hasan Do\u011fan Tesisleri\u2019nde yap\u0131lan idman \u00f6ncesi gazetecilere a\u00e7\u0131klamalarda bulunan Teknik Direkt\u00f6r Taner \u00d6cal, rakiplerinin yapt\u0131klar\u0131 transferlerle iyice kuvvetlendi\u011fini ve g\u00fc\u00e7leri yetti\u011fince m\u00fccadele edeceklerini s\u00f6yledi. \u00d6cal, Eski\u015fehir ma\u00e7\u0131na kazanmak i\u00e7in \u00e7\u0131kacaklar\u0131n\u0131 belirterek, \u201cBiz buraya gelirken devre aras\u0131 transfer a\u00e7\u0131laca\u011f\u0131 umudumuz vard\u0131. Y\u00fczde 60-70\u2019lere varan arzu ve istek vard\u0131. Maalesef transfer tahtam\u0131z a\u00e7\u0131lmad\u0131. Mehmet ba\u015fkan yaln\u0131z kald\u0131. Transfer tahtas\u0131 kapal\u0131 olan Eski\u015fehir ve Elaz\u0131\u011f transferlerini a\u00e7t\u0131lar. A\u00e7\u0131nca aradaki makasta a\u00e7\u0131ld\u0131. Bizler de art\u0131k gen\u00e7 futbolcular\u0131m\u0131zla elimizden gelen her \u015feyi yapaca\u011f\u0131z. \u0130yi futbol oynamaya ba\u015flam\u0131\u015ft\u0131k ama Hatayspor ma\u00e7\u0131nda 3 k\u0131rm\u0131z\u0131 kart yiyen oyuncular pas trafi\u011fini sa\u011flayan yerlerdi. Onlarda olmay\u0131nca Alt\u0131nordu ma\u00e7\u0131nda 20 dakikada 5 gol yiyince \u00fcz\u00fcld\u00fck. Eski\u015fehirspor ma\u00e7\u0131nda 2 oyuncumuzun cezas\u0131 bitti ve saha da olacak. \u0130yi haz\u0131rlan\u0131yoruz ve hedefimiz iyi futbol. Bunun yan\u0131nda puan veya galibiyetle ayr\u0131lmak. \u0130yi bir ma\u00e7 olacak. Ger\u00e7ekten tak\u0131mlar ilk yar\u0131dakinden daha da kuvvetlendiler. Transferler yapt\u0131lar ve daha d\u00fczg\u00fcn tak\u0131mlar olmaya ba\u015flad\u0131lar. Art\u0131k onlarla m\u00fccadele etmek zorunday\u0131z, edece\u011fiz de. G\u00fcc\u00fcm\u00fcz yetti\u011fince m\u00fccadele edece\u011fiz. \u00c7ocuklara g\u00fcveniyorum ve en az\u0131ndan futbol anlam\u0131nda g\u00fczel \u015feyler yapaca\u011f\u0131m\u0131za inan\u0131yoruz\u201d diye konu\u015ftu.<div class=\"tiled-gallery type-rectangular tiled-gallery-unresized\" data-original-width=\"500\" data-carousel-extra='null' itemscope itemtype=\"http:\/\/schema.org\/ImageGallery\" > <div class=\"gallery-row\" style=\"width: 500px; height: 168px;\" data-original-width=\"500\" data-original-height=\"168\" > <div class=\"gallery-group images-1\" style=\"width: 250px; height: 168px;\" data-original-width=\"250\" data-original-height=\"168\" > <div class=\"tiled-gallery-item tiled-gallery-item-small\" itemprop=\"associatedMedia\" itemscope itemtype=\"http:\/\/schema.org\/ImageObject\"> <a href=\"http:\/\/www.tvturk.com\/index.php\/taner-ocal-gucumuz-yettigince-mucadele-edecegiz\/taner-ocal-gucumuz-yettigince-mucadele-edecegiz-3\/\" border=\"0\" itemprop=\"url\"> <meta itemprop=\"width\" content=\"246\"> <meta itemprop=\"height\" content=\"164\"> <img decoding=\"async\" class=\"\" data-attachment-id=\"10186\" data-orig-file=\"http:\/\/www.tvturk.com\/wp-content\/uploads\/2019\/02\/taner-ocal-gucumuz-yettigince-mucadele-edecegiz_8c873a3.jpg\" data-orig-size=\"1000,666\" data-comments-opened=\"\" data-image-meta=\"{&quot;aperture&quot;:&quot;0&quot;,&quot;credit&quot;:&quot;IHA&quot;,&quot;camera&quot;:&quot;&quot;,&quot;caption&quot;:&quot;SPOR TOTO 1. L\\u0130G EK\\u0130PLER\\u0130NDEN KARDEM\\u0130R KARAB\\u00dcKSPOR, HAFTA SONU SAHASINDA OYNAYACA\\u011eI ESK\\u0130\\u015eEH\\u0130RSPOR MA\\u00c7ININ HAZIRLIKLARINA BA\\u015eLADI. (YAS\\u0130N ERDEM\\\/KARAB\\u00dcK-\\u0130HA)&quot;,&quot;created_timestamp&quot;:&quot;0&quot;,&quot;copyright&quot;:&quot;\\u0130HLAS HABER AJANSI, www.iha.com.tr&quot;,&quot;focal_length&quot;:&quot;0&quot;,&quot;iso&quot;:&quot;0&quot;,&quot;shutter_speed&quot;:&quot;0&quot;,&quot;title&quot;:&quot;TANER \\u00d6CAL: \\u201cG\\u00dcC\\u00dcM\\u00dcZ YETT\\u0130\\u011e\\u0130NCE M\\u00dcCADELE EDECE\\u011e\\u0130Z\\u201d&quot;,&quot;orientation&quot;:&quot;0&quot;}\" data-image-title=\"Taner \u00d6cal: \u201cG\u00fcc\u00fcm\u00fcz yetti\u011fince m\u00fccadele edece\u011fiz\u201d\" data-image-description=\"&lt;p&gt;Taner \u00d6cal: \u201cG\u00fcc\u00fcm\u00fcz yetti\u011fince m\u00fccadele edece\u011fiz\u201d&lt;\/p&gt; \" data-medium-file=\"https:\/\/i0.wp.com\/www.tvturk.com\/wp-content\/uploads\/2019\/02\/taner-ocal-gucumuz-yettigince-mucadele-edecegiz_8c873a3.jpg?fit=300%2C200\" data-large-file=\"https:\/\/i0.wp.com\/www.tvturk.com\/wp-content\/uploads\/2019\/02\/taner-ocal-gucumuz-yettigince-mucadele-edecegiz_8c873a3.jpg?fit=1000%2C666\" src=\"https:\/\/i0.wp.com\/www.tvturk.com\/wp-content\/uploads\/2019\/02\/taner-ocal-gucumuz-yettigince-mucadele-edecegiz_8c873a3.jpg?w=246&#038;h=164\" srcset=\"https:\/\/i0.wp.com\/www.tvturk.com\/wp-content\/uploads\/2019\/02\/taner-ocal-gucumuz-yettigince-mucadele-edecegiz_8c873a3.jpg?w=1000 1000w, https:\/\/i0.wp.com\/www.tvturk.com\/wp-content\/uploads\/2019\/02\/taner-ocal-gucumuz-yettigince-mucadele-edecegiz_8c873a3.jpg?resize=150%2C100 150w, https:\/\/i0.wp.com\/www.tvturk.com\/wp-content\/uploads\/2019\/02\/taner-ocal-gucumuz-yettigince-mucadele-edecegiz_8c873a3.jpg?resize=300%2C200 300w, https:\/\/i0.wp.com\/www.tvturk.com\/wp-content\/uploads\/2019\/02\/taner-ocal-gucumuz-yettigince-mucadele-edecegiz_8c873a3.jpg?resize=768%2C511 768w, https:\/\/i0.wp.com\/www.tvturk.com\/wp-content\/uploads\/2019\/02\/taner-ocal-gucumuz-yettigince-mucadele-edecegiz_8c873a3.jpg?resize=170%2C113 170w, https:\/\/i0.wp.com\/www.tvturk.com\/wp-content\/uploads\/2019\/02\/taner-ocal-gucumuz-yettigince-mucadele-edecegiz_8c873a3.jpg?resize=120%2C80 120w\" width=\"246\" height=\"164\" loading=\"lazy\" data-original-width=\"246\" data-original-height=\"164\" itemprop=\"http:\/\/schema.org\/image\" title=\"Taner \u00d6cal: \u201cG\u00fcc\u00fcm\u00fcz yetti\u011fince m\u00fccadele edece\u011fiz\u201d\" alt=\"Taner \u00d6cal: \u201cG\u00fcc\u00fcm\u00fcz yetti\u011fince m\u00fccadele edece\u011fiz\u201d\" style=\"width: 246px; height: 164px;\" \/> <\/a> <\/div> <\/div> <!-- close group --> <div class=\"gallery-group images-1\" style=\"width: 250px; height: 168px;\" data-original-width=\"250\" data-original-height=\"168\" > <div class=\"tiled-gallery-item tiled-gallery-item-small\" itemprop=\"associatedMedia\" itemscope itemtype=\"http:\/\/schema.org\/ImageObject\"> <a href=\"http:\/\/www.tvturk.com\/index.php\/taner-ocal-gucumuz-yettigince-mucadele-edecegiz\/taner-ocal-gucumuz-yettigince-mucadele-edecegiz-4\/\" border=\"0\" itemprop=\"url\"> <meta itemprop=\"width\" content=\"246\"> <meta itemprop=\"height\" content=\"164\"> <img decoding=\"async\" class=\"\" data-attachment-id=\"10187\" data-orig-file=\"http:\/\/www.tvturk.com\/wp-content\/uploads\/2019\/02\/taner-ocal-gucumuz-yettigince-mucadele-edecegiz_71a78ce.jpg\" data-orig-size=\"1000,666\" data-comments-opened=\"\" data-image-meta=\"{&quot;aperture&quot;:&quot;0&quot;,&quot;credit&quot;:&quot;IHA&quot;,&quot;camera&quot;:&quot;&quot;,&quot;caption&quot;:&quot;SPOR TOTO 1. L\\u0130G EK\\u0130PLER\\u0130NDEN KARDEM\\u0130R KARAB\\u00dcKSPOR, HAFTA SONU SAHASINDA OYNAYACA\\u011eI ESK\\u0130\\u015eEH\\u0130RSPOR MA\\u00c7ININ HAZIRLIKLARINA BA\\u015eLADI. (YAS\\u0130N ERDEM\\\/KARAB\\u00dcK-\\u0130HA)&quot;,&quot;created_timestamp&quot;:&quot;0&quot;,&quot;copyright&quot;:&quot;\\u0130HLAS HABER AJANSI, www.iha.com.tr&quot;,&quot;focal_length&quot;:&quot;0&quot;,&quot;iso&quot;:&quot;0&quot;,&quot;shutter_speed&quot;:&quot;0&quot;,&quot;title&quot;:&quot;TANER \\u00d6CAL: \\u201cG\\u00dcC\\u00dcM\\u00dcZ YETT\\u0130\\u011e\\u0130NCE M\\u00dcCADELE EDECE\\u011e\\u0130Z\\u201d&quot;,&quot;orientation&quot;:&quot;0&quot;}\" data-image-title=\"Taner \u00d6cal: \u201cG\u00fcc\u00fcm\u00fcz yetti\u011fince m\u00fccadele edece\u011fiz\u201d\" data-image-description=\"&lt;p&gt;Taner \u00d6cal: \u201cG\u00fcc\u00fcm\u00fcz yetti\u011fince m\u00fccadele edece\u011fiz\u201d&lt;\/p&gt; \" data-medium-file=\"https:\/\/i0.wp.com\/www.tvturk.com\/wp-content\/uploads\/2019\/02\/taner-ocal-gucumuz-yettigince-mucadele-edecegiz_71a78ce.jpg?fit=300%2C200\" data-large-file=\"https:\/\/i0.wp.com\/www.tvturk.com\/wp-content\/uploads\/2019\/02\/taner-ocal-gucumuz-yettigince-mucadele-edecegiz_71a78ce.jpg?fit=1000%2C666\" src=\"https:\/\/i0.wp.com\/www.tvturk.com\/wp-content\/uploads\/2019\/02\/taner-ocal-gucumuz-yettigince-mucadele-edecegiz_71a78ce.jpg?w=246&#038;h=164\" srcset=\"https:\/\/i0.wp.com\/www.tvturk.com\/wp-content\/uploads\/2019\/02\/taner-ocal-gucumuz-yettigince-mucadele-edecegiz_71a78ce.jpg?w=1000 1000w, https:\/\/i0.wp.com\/www.tvturk.com\/wp-content\/uploads\/2019\/02\/taner-ocal-gucumuz-yettigince-mucadele-edecegiz_71a78ce.jpg?resize=150%2C100 150w, https:\/\/i0.wp.com\/www.tvturk.com\/wp-content\/uploads\/2019\/02\/taner-ocal-gucumuz-yettigince-mucadele-edecegiz_71a78ce.jpg?resize=300%2C200 300w, https:\/\/i0.wp.com\/www.tvturk.com\/wp-content\/uploads\/2019\/02\/taner-ocal-gucumuz-yettigince-mucadele-edecegiz_71a78ce.jpg?resize=768%2C511 768w, https:\/\/i0.wp.com\/www.tvturk.com\/wp-content\/uploads\/2019\/02\/taner-ocal-gucumuz-yettigince-mucadele-edecegiz_71a78ce.jpg?resize=170%2C113 170w, https:\/\/i0.wp.com\/www.tvturk.com\/wp-content\/uploads\/2019\/02\/taner-ocal-gucumuz-yettigince-mucadele-edecegiz_71a78ce.jpg?resize=120%2C80 120w\" width=\"246\" height=\"164\" loading=\"lazy\" data-original-width=\"246\" data-original-height=\"164\" itemprop=\"http:\/\/schema.org\/image\" title=\"Taner \u00d6cal: \u201cG\u00fcc\u00fcm\u00fcz yetti\u011fince m\u00fccadele edece\u011fiz\u201d\" alt=\"Taner \u00d6cal: \u201cG\u00fcc\u00fcm\u00fcz yetti\u011fince m\u00fccadele edece\u011fiz\u201d\" style=\"width: 246px; height: 164px;\" \/> <\/a> <\/div> <\/div> <!-- close group --> <\/div> <!-- close row --> <\/div><\/p>\n","protected":false},"excerpt":{"rendered":"<p>KARDEM\u0130R KARAB\u00dcKSPOR TEKN\u0130K D\u0130REKT\u00d6R\u00dc TANER \u00d6CAL, RAK\u0130PLER\u0130N\u0130N YAPTIKLARI TRANSFERLERLE \u0130Y\u0130CE KUVVETLEND\u0130\u011e\u0130N\u0130 BEL\u0130RTEREK, &#8220;G\u00dcC\u00dcM\u00dcZ YETT\u0130\u011e\u0130NCE M\u00dcCADELE EDECE\u011e\u0130Z&#8221; DED\u0130.<\/p>\n","protected":false},"author":1,"featured_media":10185,"comment_status":"closed","ping_status":"open","sticky":false,"template":"","format":"standard","meta":{"jetpack_post_was_ever_published":false,"_jetpack_newsletter_access":"","_jetpack_dont_email_post_to_subs":false,"_jetpack_newsletter_tier_id":0,"_jetpack_memberships_contains_paywalled_content":false,"_jetpack_memberships_contains_paid_content":false,"footnotes":"","jetpack_publicize_message":"","jetpack_publicize_feature_enabled":true,"jetpack_social_post_already_shared":false,"jetpack_social_options":{"image_generator_settings":{"template":"highway","default_image_id":0,"font":"","enabled":false},"version":2}},"categories":[657],"tags":[5321,4901,888,5320,5319,5322],"class_list":["post-10135","post","type-post","status-publish","format-standard","has-post-thumbnail","hentry","category-spor","tag-gucumuz","tag-edecegiz","tag-mucadele","tag-ocal","tag-taner","tag-yettigince"],"jetpack_publicize_connections":[],"jetpack_featured_media_url":"https:\/\/i0.wp.com\/www.tvturk.com\/wp-content\/uploads\/2019\/02\/taner-ocal-gucumuz-yettigince-mucadele-edecegiz_cea8526.jpg?fit=1000%2C666","jetpack_sharing_enabled":true,"jetpack_shortlink":"https:\/\/wp.me\/paKIfm-2Dt","_links":{"self":[{"href":"http:\/\/www.tvturk.com\/index.php\/wp-json\/wp\/v2\/posts\/10135","targetHints":{"allow":["GET"]}}],"collection":[{"href":"http:\/\/www.tvturk.com\/index.php\/wp-json\/wp\/v2\/posts"}],"about":[{"href":"http:\/\/www.tvturk.com\/index.php\/wp-json\/wp\/v2\/types\/post"}],"author":[{"embeddable":true,"href":"http:\/\/www.tvturk.com\/index.php\/wp-json\/wp\/v2\/users\/1"}],"replies":[{"embeddable":true,"href":"http:\/\/www.tvturk.com\/index.php\/wp-json\/wp\/v2\/comments?post=10135"}],"version-history":[{"count":3,"href":"http:\/\/www.tvturk.com\/index.php\/wp-json\/wp\/v2\/posts\/10135\/revisions"}],"predecessor-version":[{"id":10188,"href":"http:\/\/www.tvturk.com\/index.php\/wp-json\/wp\/v2\/posts\/10135\/revisions\/10188"}],"wp:featuredmedia":[{"embeddable":true,"href":"http:\/\/www.tvturk.com\/index.php\/wp-json\/wp\/v2\/media\/10185"}],"wp:attachment":[{"href":"http:\/\/www.tvturk.com\/index.php\/wp-json\/wp\/v2\/media?parent=10135"}],"wp:term":[{"taxonomy":"category","embeddable":true,"href":"http:\/\/www.tvturk.com\/index.php\/wp-json\/wp\/v2\/categories?post=10135"},{"taxonomy":"post_tag","embeddable":true,"href":"http:\/\/www.tvturk.com\/index.php\/wp-json\/wp\/v2\/tags?post=10135"}],"curies":[{"name":"wp","href":"https:\/\/api.w.org\/{rel}","templated":true}]}}