{"id":10209,"date":"2019-02-07T19:14:54","date_gmt":"2019-02-07T16:14:54","guid":{"rendered":"http:\/\/www.tvturk.com\/index.php\/kosova-turkiye-ticaret-odasindan-kosovada-artan-banka-soygunlariyla-ilgili-aciklama\/"},"modified":"2019-02-07T19:14:54","modified_gmt":"2019-02-07T16:14:54","slug":"kosova-turkiye-ticaret-odasindan-kosovada-artan-banka-soygunlariyla-ilgili-aciklama","status":"publish","type":"post","link":"http:\/\/www.tvturk.com\/index.php\/kosova-turkiye-ticaret-odasindan-kosovada-artan-banka-soygunlariyla-ilgili-aciklama\/","title":{"rendered":"Kosova T\u00fcrkiye Ticaret Odas\u0131\u2019ndan Kosova\u2019da artan banka soygunlar\u0131yla ilgili a\u00e7\u0131klama"},"content":{"rendered":"<p>Kosova T\u00fcrkiye Ticaret Odas\u0131 (KTTO), \u00fclkede son d\u00f6nemlerde artan banka soygunlar\u0131n\u0131n endi\u015fe verici seviyeye ula\u015ft\u0131\u011f\u0131n\u0131 a\u00e7\u0131klad\u0131.<\/p>\n<p>Kosova T\u00fcrkiye Ticaret Odas\u0131 (KTTO), son zamanlarda \u00f6n\u00fc al\u0131namayan ve bankac\u0131l\u0131k sekt\u00f6r\u00fcn\u00fc tehdit eder hale d\u00f6n\u00fc\u015fen banka gasplar ve soygunlar hakk\u0131nda a\u00e7\u0131klama yapt\u0131. Oda durumun endi\u015fe verici bir boyuta ula\u015ft\u0131\u011f\u0131na dikkat \u00e7ekerek, devlet yetkililerinden ve siyasilerden konuya hassasiyetle yakla\u015fmalar\u0131n\u0131, kamu kurum ve kolluk g\u00fc\u00e7lerine de daha s\u0131k\u0131 bir \u00f6nlem ve g\u00fcvenlik art\u0131r\u0131c\u0131 tedbirler almalar\u0131 konusunda \u00e7a\u011fr\u0131da bulundu.<\/p>\n<p>KTTO Ba\u015fkan\u0131 Abdurrahman Balk\u0131z imzal\u0131 Kosova T\u00fcrkiye Ticaret Odas\u0131\u2019n\u0131n bas\u0131n a\u00e7\u0131klamas\u0131nda, \u201cKosova\u2019da bankac\u0131l\u0131k sekt\u00f6r\u00fc, \u00fclke ekonomisinin kalk\u0131nmas\u0131 ve hem ekonomik hem de sosyal istikrar i\u00e7in \u00e7ok \u00f6nemli rol oynayan sekt\u00f6rlerin ba\u015f\u0131nda gelmektedir. \u00dclkede yat\u0131r\u0131mlar\u0131n artmas\u0131 ve do\u011frudan yabanc\u0131 yat\u0131r\u0131mlar\u0131n \u00fclkeye \u00e7ekilebilmesi i\u00e7in istikrarl\u0131 ve sa\u011flam bir bankac\u0131l\u0131k sistemi \u00f6n ko\u015ful olarak g\u00f6r\u00fclmektedir. Ekonomik kalk\u0131nman\u0131n bu temel \u015fartlar\u0131 g\u00f6z \u00f6n\u00fcnde bulundurulunca Kosova\u2019da \u00e7ok sa\u011flam ve istikrar \u00f6rne\u011fi olan bir bankac\u0131l\u0131k sistemi geli\u015fmi\u015ftir\u201d ifadelerine yer verdi.<\/p>\n<p>\u201cGasp ve soygunlar bir g\u00fcvensizlik ortam\u0131 olu\u015fturmakta\u201d<\/p>\n<p>Sekt\u00f6r\u00fcn konu hakk\u0131nda endi\u015feli oldu\u011funun alt\u0131 \u00e7izilen a\u00e7\u0131klamada, \u201cBankac\u0131l\u0131k sekt\u00f6r\u00fcn\u00fcn endi\u015fesi, sadece sekt\u00f6re ve sekt\u00f6r \u00fczerinden ekonomik kalk\u0131nmaya vurulan darbe de\u011fil, vatanda\u015flardaki g\u00fcven alg\u0131s\u0131na ve Kosova\u2019n\u0131n gelece\u011fine de vurulan darbelerdir.  \u00c7\u00fcnk\u00fc meydana gelen gasp ve soygun olaylar\u0131, vatanda\u015flar nezdinde bir g\u00fcvensizlik ortam\u0131 olu\u015fturmakla birlikte gasp edilen mali kaynaklar\u0131n su\u00e7 \u00f6rg\u00fctleri ve yasa d\u0131\u015f\u0131 faaliyetlerde kullan\u0131lmas\u0131 endi\u015fesini de do\u011furmaktad\u0131r. \u00d6te yandan yabanc\u0131 yat\u0131r\u0131mc\u0131lar g\u00f6z\u00fcnde ise kamu d\u00fczeninin ve g\u00fcvenli\u011fin sa\u011flanmas\u0131nda istikrars\u0131z bir \u00fclke imaj\u0131 vermektedir. Bunun da zarar\u0131 en fazla Kosova devletine ve Kosova vatanda\u015flar\u0131na olmaktad\u0131r\u201d denildi.<\/p>\n<p>Kosova\u2019da son 2 ay i\u00e7erisinde 10 bankan\u0131n soyuldu\u011fu biliniyor.<\/p>\n","protected":false},"excerpt":{"rendered":"<p>KOSOVA T\u00dcRK\u0130YE T\u0130CARET ODASI (KTTO), \u00dcLKEDE SON D\u00d6NEMLERDE ARTAN BANKA SOYGUNLARININ END\u0130\u015eE VER\u0130C\u0130 SEV\u0130YEYE ULA\u015eTI\u011eINI A\u00c7IKLADI.<\/p>\n","protected":false},"author":1,"featured_media":10210,"comment_status":"closed","ping_status":"open","sticky":false,"template":"","format":"standard","meta":{"jetpack_post_was_ever_published":false,"_jetpack_newsletter_access":"","_jetpack_dont_email_post_to_subs":false,"_jetpack_newsletter_tier_id":0,"_jetpack_memberships_contains_paywalled_content":false,"_jetpack_memberships_contains_paid_content":false,"footnotes":"","jetpack_publicize_message":"","jetpack_publicize_feature_enabled":true,"jetpack_social_post_already_shared":false,"jetpack_social_options":{"image_generator_settings":{"template":"highway","default_image_id":0,"font":"","enabled":false},"version":2}},"categories":[655],"tags":[3349,5349,1208,3012,5347,5348,1426,5350,373,453],"class_list":["post-10209","post","type-post","status-publish","format-standard","has-post-thumbnail","hentry","category-son-dakika","tag-aciklama","tag-artan","tag-banka","tag-ilgili","tag-kosova","tag-kosovada","tag-odasindan","tag-soygunlariyla","tag-ticaret","tag-turkiye"],"jetpack_publicize_connections":[],"jetpack_featured_media_url":"https:\/\/i0.wp.com\/www.tvturk.com\/wp-content\/uploads\/2019\/02\/kosova-turkiye-ticaret-odasindan-kosovada-artan-banka-soygunlariyla-ilgili-aciklama_249ffc0.jpg?fit=1000%2C750","jetpack_sharing_enabled":true,"jetpack_shortlink":"https:\/\/wp.me\/paKIfm-2EF","_links":{"self":[{"href":"http:\/\/www.tvturk.com\/index.php\/wp-json\/wp\/v2\/posts\/10209","targetHints":{"allow":["GET"]}}],"collection":[{"href":"http:\/\/www.tvturk.com\/index.php\/wp-json\/wp\/v2\/posts"}],"about":[{"href":"http:\/\/www.tvturk.com\/index.php\/wp-json\/wp\/v2\/types\/post"}],"author":[{"embeddable":true,"href":"http:\/\/www.tvturk.com\/index.php\/wp-json\/wp\/v2\/users\/1"}],"replies":[{"embeddable":true,"href":"http:\/\/www.tvturk.com\/index.php\/wp-json\/wp\/v2\/comments?post=10209"}],"version-history":[{"count":0,"href":"http:\/\/www.tvturk.com\/index.php\/wp-json\/wp\/v2\/posts\/10209\/revisions"}],"wp:featuredmedia":[{"embeddable":true,"href":"http:\/\/www.tvturk.com\/index.php\/wp-json\/wp\/v2\/media\/10210"}],"wp:attachment":[{"href":"http:\/\/www.tvturk.com\/index.php\/wp-json\/wp\/v2\/media?parent=10209"}],"wp:term":[{"taxonomy":"category","embeddable":true,"href":"http:\/\/www.tvturk.com\/index.php\/wp-json\/wp\/v2\/categories?post=10209"},{"taxonomy":"post_tag","embeddable":true,"href":"http:\/\/www.tvturk.com\/index.php\/wp-json\/wp\/v2\/tags?post=10209"}],"curies":[{"name":"wp","href":"https:\/\/api.w.org\/{rel}","templated":true}]}}