{"id":10230,"date":"2019-02-07T19:57:57","date_gmt":"2019-02-07T16:57:57","guid":{"rendered":"http:\/\/www.tvturk.com\/index.php\/kagithanede-is-merkezinde-korkutan-yangin\/"},"modified":"2019-02-07T19:57:57","modified_gmt":"2019-02-07T16:57:57","slug":"kagithanede-is-merkezinde-korkutan-yangin","status":"publish","type":"post","link":"http:\/\/www.tvturk.com\/index.php\/kagithanede-is-merkezinde-korkutan-yangin\/","title":{"rendered":"Ka\u011f\u0131thane\u2019de i\u015f merkezinde korkutan yang\u0131n"},"content":{"rendered":"<p>Ka\u011f\u0131thane\u2019de 3 katl\u0131 i\u015f merkezinin en \u00fcst kat\u0131nda yang\u0131n \u00e7\u0131kt\u0131. Yang\u0131na itfaiye ekipleri m\u00fcdahale ederken yer yer patlama seslerinin duyuldu\u011fu \u00f6\u011frenildi. Alev alev yanan i\u015f merkezi havadan g\u00f6r\u00fcnt\u00fclendi.<\/p>\n<p>Al\u0131nan bilgiye g\u00f6re, Ka\u011f\u0131thane Merkez Mahallesi\u2019nde saat 19.00 s\u0131ralar\u0131nda tekstil at\u00f6lyesi 3 katl\u0131 i\u015f merkezinin en \u00fcst kat\u0131nda yang\u0131n \u00e7\u0131kt\u0131. \u00c7evredeki vatanda\u015flar i\u015f merkezinin \u00e7at\u0131s\u0131ndan alevlerin y\u00fckseldi\u011fini g\u00f6rd\u00fc. vatanda\u015flar\u0131n ihbar\u0131 \u00fczerine olay yerine \u00e7ok say\u0131da itfaiye ekibi sevk edildi. Ekipler alev alev yanan i\u015f merkezine m\u00fcdahale etti. Yang\u0131n\u0131n hen\u00fcz neden \u00e7\u0131kt\u0131\u011f\u0131 \u00f6\u011frenilemezken s\u00f6nd\u00fcrme \u00e7al\u0131\u015fmalar\u0131 s\u0131ras\u0131nda yer yer patlama sesleri duyuldu. Alev alev yanan i\u015f merkezi havadan g\u00f6r\u00fcnt\u00fclendi. Yang\u0131n so\u011futma \u00e7al\u0131\u015fmalar\u0131 ise devam ediyor.<\/p>\n","protected":false},"excerpt":{"rendered":"<p>KA\u011eITHANE\u2019DE 3 KATLI \u0130\u015e MERKEZ\u0130N\u0130N EN \u00dcST KATINDA YANGIN \u00c7IKTI.<\/p>\n","protected":false},"author":1,"featured_media":10231,"comment_status":"closed","ping_status":"open","sticky":false,"template":"","format":"standard","meta":{"jetpack_post_was_ever_published":false,"_jetpack_newsletter_access":"","_jetpack_dont_email_post_to_subs":false,"_jetpack_newsletter_tier_id":0,"_jetpack_memberships_contains_paywalled_content":false,"_jetpack_memberships_contains_paid_content":false,"footnotes":"","jetpack_publicize_message":"","jetpack_publicize_feature_enabled":true,"jetpack_social_post_already_shared":false,"jetpack_social_options":{"image_generator_settings":{"template":"highway","default_image_id":0,"font":"","enabled":false},"version":2}},"categories":[655],"tags":[432,5352,3560,1934,1617],"class_list":["post-10230","post","type-post","status-publish","format-standard","has-post-thumbnail","hentry","category-son-dakika","tag-is","tag-kagithanede","tag-korkutan","tag-merkezinde","tag-yangin"],"jetpack_publicize_connections":[],"jetpack_featured_media_url":"https:\/\/i0.wp.com\/www.tvturk.com\/wp-content\/uploads\/2019\/02\/kagithanede-is-merkezinde-korkutan-yangin_916108f.jpg?fit=640%2C352","jetpack_sharing_enabled":true,"jetpack_shortlink":"https:\/\/wp.me\/paKIfm-2F0","_links":{"self":[{"href":"http:\/\/www.tvturk.com\/index.php\/wp-json\/wp\/v2\/posts\/10230","targetHints":{"allow":["GET"]}}],"collection":[{"href":"http:\/\/www.tvturk.com\/index.php\/wp-json\/wp\/v2\/posts"}],"about":[{"href":"http:\/\/www.tvturk.com\/index.php\/wp-json\/wp\/v2\/types\/post"}],"author":[{"embeddable":true,"href":"http:\/\/www.tvturk.com\/index.php\/wp-json\/wp\/v2\/users\/1"}],"replies":[{"embeddable":true,"href":"http:\/\/www.tvturk.com\/index.php\/wp-json\/wp\/v2\/comments?post=10230"}],"version-history":[{"count":0,"href":"http:\/\/www.tvturk.com\/index.php\/wp-json\/wp\/v2\/posts\/10230\/revisions"}],"wp:featuredmedia":[{"embeddable":true,"href":"http:\/\/www.tvturk.com\/index.php\/wp-json\/wp\/v2\/media\/10231"}],"wp:attachment":[{"href":"http:\/\/www.tvturk.com\/index.php\/wp-json\/wp\/v2\/media?parent=10230"}],"wp:term":[{"taxonomy":"category","embeddable":true,"href":"http:\/\/www.tvturk.com\/index.php\/wp-json\/wp\/v2\/categories?post=10230"},{"taxonomy":"post_tag","embeddable":true,"href":"http:\/\/www.tvturk.com\/index.php\/wp-json\/wp\/v2\/tags?post=10230"}],"curies":[{"name":"wp","href":"https:\/\/api.w.org\/{rel}","templated":true}]}}