{"id":102882,"date":"2019-03-19T22:17:56","date_gmt":"2019-03-19T19:17:56","guid":{"rendered":"http:\/\/www.tvturk.com\/index.php\/kirsehir-kirikkale-yolunda-feci-kaza-3-olu-2-yarali\/"},"modified":"2019-03-19T22:18:00","modified_gmt":"2019-03-19T19:18:00","slug":"kirsehir-kirikkale-yolunda-feci-kaza-3-olu-2-yarali","status":"publish","type":"post","link":"http:\/\/www.tvturk.com\/index.php\/kirsehir-kirikkale-yolunda-feci-kaza-3-olu-2-yarali\/","title":{"rendered":"K\u0131r\u015fehir-K\u0131r\u0131kkale yolunda feci kaza: 3 \u00f6l\u00fc, 2 yaral\u0131"},"content":{"rendered":"<p>K\u0131r\u015fehir-K\u0131r\u0131kkale karayolunda t\u0131r ile otomobilin \u00e7arp\u0131\u015fmas\u0131 sonucu meydana gelen kazada ayn\u0131 aileden 3 ki\u015fi hayat\u0131n\u0131 kaybetti, 2 ki\u015fi yaraland\u0131.<\/p>\n<p>Al\u0131nan bilgiye g\u00f6re, K\u0131r\u015fehir-K\u0131r\u0131kkale yolunda H.G. idaresindeki 34 REN 18 plakal\u0131 t\u0131r, s\u00fcr\u00fcc\u00fcs\u00fcn\u00fcn direksiyon hakimiyetini kaybetmesi sonucu Kayseri istikametinden gelen Salman Hassan idaresindeki Irak plakal\u0131 bir otomobille \u00e7arp\u0131\u015ft\u0131. Kazada Irak uyruklu s\u00fcr\u00fcc\u00fc Hassan ile ayn\u0131 aileden isimleri tespit edilemeyen 2 ki\u015fi olay yerinde hayat\u0131n\u0131 kaybetti. Kazada yaralanan t\u0131rda yolcu olarak bulunan Z.G. ve M.G., yaralanarak K\u0131r\u015fehir E\u011fitim ve Ara\u015ft\u0131rma Hastanesine kald\u0131r\u0131ld\u0131.<\/p>\n<p>Kaza yerine gelen K\u0131r\u015fehir Emniyet M\u00fcd\u00fcr\u00fc \u0130smail Hakk\u0131 Aky\u00fcz de olayla ilgili bilgi ald\u0131. Kazada \u00f6len Irakl\u0131 ailenin cenazesi hastane morguna kald\u0131r\u0131ld\u0131. Kazayla ilgili geni\u015f \u00e7apl\u0131 inceleme ba\u015flat\u0131ld\u0131.<div class=\"tiled-gallery type-rectangular tiled-gallery-unresized\" data-original-width=\"500\" data-carousel-extra='null' itemscope itemtype=\"http:\/\/schema.org\/ImageGallery\" > <div class=\"gallery-row\" style=\"width: 500px; height: 224px;\" data-original-width=\"500\" data-original-height=\"224\" > <div class=\"gallery-group images-1\" style=\"width: 334px; height: 224px;\" data-original-width=\"334\" data-original-height=\"224\" > <div class=\"tiled-gallery-item tiled-gallery-item-large\" itemprop=\"associatedMedia\" itemscope itemtype=\"http:\/\/schema.org\/ImageObject\"> <a href=\"http:\/\/www.tvturk.com\/index.php\/kirsehir-kirikkale-yolunda-feci-kaza-3-olu-2-yarali\/kirsehir-kirikkale-yolunda-feci-kaza-3-olu-2-yarali-3\/\" border=\"0\" itemprop=\"url\"> <meta itemprop=\"width\" content=\"330\"> <meta itemprop=\"height\" content=\"220\"> <img decoding=\"async\" class=\"\" data-attachment-id=\"102884\" data-orig-file=\"http:\/\/www.tvturk.com\/wp-content\/uploads\/2019\/03\/kirsehir-kirikkale-yolunda-feci-kaza-3-olu-2-yarali_0a95947.jpg\" data-orig-size=\"1000,666\" data-comments-opened=\"\" data-image-meta=\"{&quot;aperture&quot;:&quot;0&quot;,&quot;credit&quot;:&quot;IHA&quot;,&quot;camera&quot;:&quot;&quot;,&quot;caption&quot;:&quot;KIR\\u015eEH\\u0130R-KIRIKKALE KARAYOLUNDA TIR \\u0130LE OTOMOB\\u0130L\\u0130N \\u00c7ARPI\\u015eMASI SONUCU MEYDANA GELEN KAZADA AYNI A\\u0130LEDEN 3 K\\u0130\\u015e\\u0130 HAYATINI KAYBETT\\u0130, 2 K\\u0130\\u015e\\u0130 YARALANDI. (ENDERHAN \\u00d6Z\\\/KIR\\u015eEH\\u0130R-\\u0130HA)&quot;,&quot;created_timestamp&quot;:&quot;0&quot;,&quot;copyright&quot;:&quot;\\u0130HLAS HABER AJANSI, www.iha.com.tr&quot;,&quot;focal_length&quot;:&quot;0&quot;,&quot;iso&quot;:&quot;0&quot;,&quot;shutter_speed&quot;:&quot;0&quot;,&quot;title&quot;:&quot;KIR\\u015eEH\\u0130R-KIRIKKALE YOLUNDA FEC\\u0130 KAZA: 3 \\u00d6L\\u00dc, 2 YARALI&quot;,&quot;orientation&quot;:&quot;0&quot;}\" data-image-title=\"K\u0131r\u015fehir-K\u0131r\u0131kkale yolunda feci kaza: 3 \u00f6l\u00fc, 2 yaral\u0131\" data-image-description=\"&lt;p&gt;K\u0131r\u015fehir-K\u0131r\u0131kkale yolunda feci kaza: 3 \u00f6l\u00fc, 2 yaral\u0131&lt;\/p&gt; \" data-medium-file=\"https:\/\/i0.wp.com\/www.tvturk.com\/wp-content\/uploads\/2019\/03\/kirsehir-kirikkale-yolunda-feci-kaza-3-olu-2-yarali_0a95947.jpg?fit=300%2C200\" data-large-file=\"https:\/\/i0.wp.com\/www.tvturk.com\/wp-content\/uploads\/2019\/03\/kirsehir-kirikkale-yolunda-feci-kaza-3-olu-2-yarali_0a95947.jpg?fit=1000%2C666\" src=\"https:\/\/i0.wp.com\/www.tvturk.com\/wp-content\/uploads\/2019\/03\/kirsehir-kirikkale-yolunda-feci-kaza-3-olu-2-yarali_0a95947.jpg?w=330&#038;h=220\" srcset=\"https:\/\/i0.wp.com\/www.tvturk.com\/wp-content\/uploads\/2019\/03\/kirsehir-kirikkale-yolunda-feci-kaza-3-olu-2-yarali_0a95947.jpg?w=1000 1000w, https:\/\/i0.wp.com\/www.tvturk.com\/wp-content\/uploads\/2019\/03\/kirsehir-kirikkale-yolunda-feci-kaza-3-olu-2-yarali_0a95947.jpg?resize=150%2C100 150w, https:\/\/i0.wp.com\/www.tvturk.com\/wp-content\/uploads\/2019\/03\/kirsehir-kirikkale-yolunda-feci-kaza-3-olu-2-yarali_0a95947.jpg?resize=300%2C200 300w, https:\/\/i0.wp.com\/www.tvturk.com\/wp-content\/uploads\/2019\/03\/kirsehir-kirikkale-yolunda-feci-kaza-3-olu-2-yarali_0a95947.jpg?resize=768%2C511 768w, https:\/\/i0.wp.com\/www.tvturk.com\/wp-content\/uploads\/2019\/03\/kirsehir-kirikkale-yolunda-feci-kaza-3-olu-2-yarali_0a95947.jpg?resize=170%2C113 170w, https:\/\/i0.wp.com\/www.tvturk.com\/wp-content\/uploads\/2019\/03\/kirsehir-kirikkale-yolunda-feci-kaza-3-olu-2-yarali_0a95947.jpg?resize=120%2C80 120w\" width=\"330\" height=\"220\" loading=\"lazy\" data-original-width=\"330\" data-original-height=\"220\" itemprop=\"http:\/\/schema.org\/image\" title=\"K\u0131r\u015fehir-K\u0131r\u0131kkale yolunda feci kaza: 3 \u00f6l\u00fc, 2 yaral\u0131\" alt=\"K\u0131r\u015fehir-K\u0131r\u0131kkale yolunda feci kaza: 3 \u00f6l\u00fc, 2 yaral\u0131\" style=\"width: 330px; height: 220px;\" \/> <\/a> <\/div> <\/div> <!-- close group --> <div class=\"gallery-group images-2\" style=\"width: 166px; height: 224px;\" data-original-width=\"166\" data-original-height=\"224\" > <div class=\"tiled-gallery-item tiled-gallery-item-small\" itemprop=\"associatedMedia\" itemscope itemtype=\"http:\/\/schema.org\/ImageObject\"> <a href=\"http:\/\/www.tvturk.com\/index.php\/kirsehir-kirikkale-yolunda-feci-kaza-3-olu-2-yarali\/kirsehir-kirikkale-yolunda-feci-kaza-3-olu-2-yarali-4\/\" border=\"0\" itemprop=\"url\"> <meta itemprop=\"width\" content=\"162\"> <meta itemprop=\"height\" content=\"108\"> <img decoding=\"async\" class=\"\" data-attachment-id=\"102885\" data-orig-file=\"http:\/\/www.tvturk.com\/wp-content\/uploads\/2019\/03\/kirsehir-kirikkale-yolunda-feci-kaza-3-olu-2-yarali_e990583.jpg\" data-orig-size=\"1000,666\" data-comments-opened=\"\" data-image-meta=\"{&quot;aperture&quot;:&quot;0&quot;,&quot;credit&quot;:&quot;IHA&quot;,&quot;camera&quot;:&quot;&quot;,&quot;caption&quot;:&quot;KIR\\u015eEH\\u0130R-KIRIKKALE KARAYOLUNDA TIR \\u0130LE OTOMOB\\u0130L\\u0130N \\u00c7ARPI\\u015eMASI SONUCU MEYDANA GELEN KAZADA AYNI A\\u0130LEDEN 3 K\\u0130\\u015e\\u0130 HAYATINI KAYBETT\\u0130, 2 K\\u0130\\u015e\\u0130 YARALANDI. (ENDERHAN \\u00d6Z\\\/KIR\\u015eEH\\u0130R-\\u0130HA)&quot;,&quot;created_timestamp&quot;:&quot;0&quot;,&quot;copyright&quot;:&quot;\\u0130HLAS HABER AJANSI, www.iha.com.tr&quot;,&quot;focal_length&quot;:&quot;0&quot;,&quot;iso&quot;:&quot;0&quot;,&quot;shutter_speed&quot;:&quot;0&quot;,&quot;title&quot;:&quot;KIR\\u015eEH\\u0130R-KIRIKKALE YOLUNDA FEC\\u0130 KAZA: 3 \\u00d6L\\u00dc, 2 YARALI&quot;,&quot;orientation&quot;:&quot;0&quot;}\" data-image-title=\"K\u0131r\u015fehir-K\u0131r\u0131kkale yolunda feci kaza: 3 \u00f6l\u00fc, 2 yaral\u0131\" data-image-description=\"&lt;p&gt;K\u0131r\u015fehir-K\u0131r\u0131kkale yolunda feci kaza: 3 \u00f6l\u00fc, 2 yaral\u0131&lt;\/p&gt; \" data-medium-file=\"https:\/\/i0.wp.com\/www.tvturk.com\/wp-content\/uploads\/2019\/03\/kirsehir-kirikkale-yolunda-feci-kaza-3-olu-2-yarali_e990583.jpg?fit=300%2C200\" data-large-file=\"https:\/\/i0.wp.com\/www.tvturk.com\/wp-content\/uploads\/2019\/03\/kirsehir-kirikkale-yolunda-feci-kaza-3-olu-2-yarali_e990583.jpg?fit=1000%2C666\" src=\"https:\/\/i0.wp.com\/www.tvturk.com\/wp-content\/uploads\/2019\/03\/kirsehir-kirikkale-yolunda-feci-kaza-3-olu-2-yarali_e990583.jpg?w=162&#038;h=108\" srcset=\"https:\/\/i0.wp.com\/www.tvturk.com\/wp-content\/uploads\/2019\/03\/kirsehir-kirikkale-yolunda-feci-kaza-3-olu-2-yarali_e990583.jpg?w=1000 1000w, https:\/\/i0.wp.com\/www.tvturk.com\/wp-content\/uploads\/2019\/03\/kirsehir-kirikkale-yolunda-feci-kaza-3-olu-2-yarali_e990583.jpg?resize=150%2C100 150w, https:\/\/i0.wp.com\/www.tvturk.com\/wp-content\/uploads\/2019\/03\/kirsehir-kirikkale-yolunda-feci-kaza-3-olu-2-yarali_e990583.jpg?resize=300%2C200 300w, https:\/\/i0.wp.com\/www.tvturk.com\/wp-content\/uploads\/2019\/03\/kirsehir-kirikkale-yolunda-feci-kaza-3-olu-2-yarali_e990583.jpg?resize=768%2C511 768w, https:\/\/i0.wp.com\/www.tvturk.com\/wp-content\/uploads\/2019\/03\/kirsehir-kirikkale-yolunda-feci-kaza-3-olu-2-yarali_e990583.jpg?resize=170%2C113 170w, https:\/\/i0.wp.com\/www.tvturk.com\/wp-content\/uploads\/2019\/03\/kirsehir-kirikkale-yolunda-feci-kaza-3-olu-2-yarali_e990583.jpg?resize=120%2C80 120w\" width=\"162\" height=\"108\" loading=\"lazy\" data-original-width=\"162\" data-original-height=\"108\" itemprop=\"http:\/\/schema.org\/image\" title=\"K\u0131r\u015fehir-K\u0131r\u0131kkale yolunda feci kaza: 3 \u00f6l\u00fc, 2 yaral\u0131\" alt=\"K\u0131r\u015fehir-K\u0131r\u0131kkale yolunda feci kaza: 3 \u00f6l\u00fc, 2 yaral\u0131\" style=\"width: 162px; height: 108px;\" \/> <\/a> <\/div> <div class=\"tiled-gallery-item tiled-gallery-item-small\" itemprop=\"associatedMedia\" itemscope itemtype=\"http:\/\/schema.org\/ImageObject\"> <a href=\"http:\/\/www.tvturk.com\/index.php\/kirsehir-kirikkale-yolunda-feci-kaza-3-olu-2-yarali\/kirsehir-kirikkale-yolunda-feci-kaza-3-olu-2-yarali-5\/\" border=\"0\" itemprop=\"url\"> <meta itemprop=\"width\" content=\"162\"> <meta itemprop=\"height\" content=\"108\"> <img decoding=\"async\" class=\"\" data-attachment-id=\"102886\" data-orig-file=\"http:\/\/www.tvturk.com\/wp-content\/uploads\/2019\/03\/kirsehir-kirikkale-yolunda-feci-kaza-3-olu-2-yarali_2a2b272.jpg\" data-orig-size=\"1000,666\" data-comments-opened=\"\" data-image-meta=\"{&quot;aperture&quot;:&quot;0&quot;,&quot;credit&quot;:&quot;IHA&quot;,&quot;camera&quot;:&quot;&quot;,&quot;caption&quot;:&quot;KIR\\u015eEH\\u0130R-KIRIKKALE KARAYOLUNDA TIR \\u0130LE OTOMOB\\u0130L\\u0130N \\u00c7ARPI\\u015eMASI SONUCU MEYDANA GELEN KAZADA AYNI A\\u0130LEDEN 3 K\\u0130\\u015e\\u0130 HAYATINI KAYBETT\\u0130, 2 K\\u0130\\u015e\\u0130 YARALANDI. (ENDERHAN \\u00d6Z\\\/KIR\\u015eEH\\u0130R-\\u0130HA)&quot;,&quot;created_timestamp&quot;:&quot;0&quot;,&quot;copyright&quot;:&quot;\\u0130HLAS HABER AJANSI, www.iha.com.tr&quot;,&quot;focal_length&quot;:&quot;0&quot;,&quot;iso&quot;:&quot;0&quot;,&quot;shutter_speed&quot;:&quot;0&quot;,&quot;title&quot;:&quot;KIR\\u015eEH\\u0130R-KIRIKKALE YOLUNDA FEC\\u0130 KAZA: 3 \\u00d6L\\u00dc, 2 YARALI&quot;,&quot;orientation&quot;:&quot;0&quot;}\" data-image-title=\"K\u0131r\u015fehir-K\u0131r\u0131kkale yolunda feci kaza: 3 \u00f6l\u00fc, 2 yaral\u0131\" data-image-description=\"&lt;p&gt;K\u0131r\u015fehir-K\u0131r\u0131kkale yolunda feci kaza: 3 \u00f6l\u00fc, 2 yaral\u0131&lt;\/p&gt; \" data-medium-file=\"https:\/\/i0.wp.com\/www.tvturk.com\/wp-content\/uploads\/2019\/03\/kirsehir-kirikkale-yolunda-feci-kaza-3-olu-2-yarali_2a2b272.jpg?fit=300%2C200\" data-large-file=\"https:\/\/i0.wp.com\/www.tvturk.com\/wp-content\/uploads\/2019\/03\/kirsehir-kirikkale-yolunda-feci-kaza-3-olu-2-yarali_2a2b272.jpg?fit=1000%2C666\" src=\"https:\/\/i0.wp.com\/www.tvturk.com\/wp-content\/uploads\/2019\/03\/kirsehir-kirikkale-yolunda-feci-kaza-3-olu-2-yarali_2a2b272.jpg?w=162&#038;h=108\" srcset=\"https:\/\/i0.wp.com\/www.tvturk.com\/wp-content\/uploads\/2019\/03\/kirsehir-kirikkale-yolunda-feci-kaza-3-olu-2-yarali_2a2b272.jpg?w=1000 1000w, https:\/\/i0.wp.com\/www.tvturk.com\/wp-content\/uploads\/2019\/03\/kirsehir-kirikkale-yolunda-feci-kaza-3-olu-2-yarali_2a2b272.jpg?resize=150%2C100 150w, https:\/\/i0.wp.com\/www.tvturk.com\/wp-content\/uploads\/2019\/03\/kirsehir-kirikkale-yolunda-feci-kaza-3-olu-2-yarali_2a2b272.jpg?resize=300%2C200 300w, https:\/\/i0.wp.com\/www.tvturk.com\/wp-content\/uploads\/2019\/03\/kirsehir-kirikkale-yolunda-feci-kaza-3-olu-2-yarali_2a2b272.jpg?resize=768%2C511 768w, https:\/\/i0.wp.com\/www.tvturk.com\/wp-content\/uploads\/2019\/03\/kirsehir-kirikkale-yolunda-feci-kaza-3-olu-2-yarali_2a2b272.jpg?resize=170%2C113 170w, https:\/\/i0.wp.com\/www.tvturk.com\/wp-content\/uploads\/2019\/03\/kirsehir-kirikkale-yolunda-feci-kaza-3-olu-2-yarali_2a2b272.jpg?resize=120%2C80 120w\" width=\"162\" height=\"108\" loading=\"lazy\" data-original-width=\"162\" data-original-height=\"108\" itemprop=\"http:\/\/schema.org\/image\" title=\"K\u0131r\u015fehir-K\u0131r\u0131kkale yolunda feci kaza: 3 \u00f6l\u00fc, 2 yaral\u0131\" alt=\"K\u0131r\u015fehir-K\u0131r\u0131kkale yolunda feci kaza: 3 \u00f6l\u00fc, 2 yaral\u0131\" style=\"width: 162px; height: 108px;\" \/> <\/a> <\/div> <\/div> <!-- close group --> <\/div> <!-- close row --> <\/div><\/p>\n","protected":false},"excerpt":{"rendered":"<p>KIR\u015eEH\u0130R-KIRIKKALE KARAYOLUNDA TIR \u0130LE OTOMOB\u0130L\u0130N \u00c7ARPI\u015eMASI SONUCU MEYDANA GELEN KAZADA AYNI A\u0130LEDEN 3 K\u0130\u015e\u0130 HAYATINI KAYBETT\u0130, 2 K\u0130\u015e\u0130 YARALANDI.<\/p>\n","protected":false},"author":1,"featured_media":102883,"comment_status":"closed","ping_status":"open","sticky":false,"template":"","format":"standard","meta":{"jetpack_post_was_ever_published":false,"_jetpack_newsletter_access":"","_jetpack_dont_email_post_to_subs":false,"_jetpack_newsletter_tier_id":0,"_jetpack_memberships_contains_paywalled_content":false,"_jetpack_memberships_contains_paid_content":false,"footnotes":"","jetpack_publicize_message":"","jetpack_publicize_feature_enabled":true,"jetpack_social_post_already_shared":true,"jetpack_social_options":{"image_generator_settings":{"template":"highway","default_image_id":0,"font":"","enabled":false},"version":2}},"categories":[655],"tags":[2340,852,26293,1664,774,1464],"class_list":["post-102882","post","type-post","status-publish","format-standard","has-post-thumbnail","hentry","category-son-dakika","tag-feci","tag-kaza","tag-kirsehir-kirikkale","tag-olu","tag-yarali","tag-yolunda"],"jetpack_publicize_connections":[],"jetpack_featured_media_url":"https:\/\/i0.wp.com\/www.tvturk.com\/wp-content\/uploads\/2019\/03\/kirsehir-kirikkale-yolunda-feci-kaza-3-olu-2-yarali_1d8026a.jpg?fit=1000%2C666","jetpack_sharing_enabled":true,"jetpack_shortlink":"https:\/\/wp.me\/paKIfm-qLo","_links":{"self":[{"href":"http:\/\/www.tvturk.com\/index.php\/wp-json\/wp\/v2\/posts\/102882","targetHints":{"allow":["GET"]}}],"collection":[{"href":"http:\/\/www.tvturk.com\/index.php\/wp-json\/wp\/v2\/posts"}],"about":[{"href":"http:\/\/www.tvturk.com\/index.php\/wp-json\/wp\/v2\/types\/post"}],"author":[{"embeddable":true,"href":"http:\/\/www.tvturk.com\/index.php\/wp-json\/wp\/v2\/users\/1"}],"replies":[{"embeddable":true,"href":"http:\/\/www.tvturk.com\/index.php\/wp-json\/wp\/v2\/comments?post=102882"}],"version-history":[{"count":1,"href":"http:\/\/www.tvturk.com\/index.php\/wp-json\/wp\/v2\/posts\/102882\/revisions"}],"predecessor-version":[{"id":102887,"href":"http:\/\/www.tvturk.com\/index.php\/wp-json\/wp\/v2\/posts\/102882\/revisions\/102887"}],"wp:featuredmedia":[{"embeddable":true,"href":"http:\/\/www.tvturk.com\/index.php\/wp-json\/wp\/v2\/media\/102883"}],"wp:attachment":[{"href":"http:\/\/www.tvturk.com\/index.php\/wp-json\/wp\/v2\/media?parent=102882"}],"wp:term":[{"taxonomy":"category","embeddable":true,"href":"http:\/\/www.tvturk.com\/index.php\/wp-json\/wp\/v2\/categories?post=102882"},{"taxonomy":"post_tag","embeddable":true,"href":"http:\/\/www.tvturk.com\/index.php\/wp-json\/wp\/v2\/tags?post=102882"}],"curies":[{"name":"wp","href":"https:\/\/api.w.org\/{rel}","templated":true}]}}