{"id":102962,"date":"2019-03-20T00:56:59","date_gmt":"2019-03-19T21:56:59","guid":{"rendered":"http:\/\/www.tvturk.com\/index.php\/sislide-alevler-icinde-kalan-hurda-deposu-korkuya-neden-oldu\/"},"modified":"2019-03-20T00:57:02","modified_gmt":"2019-03-19T21:57:02","slug":"sislide-alevler-icinde-kalan-hurda-deposu-korkuya-neden-oldu","status":"publish","type":"post","link":"http:\/\/www.tvturk.com\/index.php\/sislide-alevler-icinde-kalan-hurda-deposu-korkuya-neden-oldu\/","title":{"rendered":"\u015ei\u015fli\u2019de alevler i\u00e7inde kalan hurda deposu korkuya neden oldu"},"content":{"rendered":"<p>\u015ei\u015fli \u0130n\u00f6n\u00fc Mahallesi \u00c7ar\u0131k Sokak\u2019ta bulunan ve hurda deposu olarak kullan\u0131lan bir i\u015f yerinde hen\u00fcz bilinmeyen bir nedenle yang\u0131n \u00e7\u0131kt\u0131. \u0130tfaiye ekipleri  i\u015f yerinin \u00fcst taraf\u0131ndaki duvar\u0131 k\u0131r\u0131p yang\u0131n\u0131 s\u00f6nd\u00fcrmeye \u00e7al\u0131\u015ft\u0131.<\/p>\n<p>Olay, 23.30 sular\u0131nda \u015ei\u015fli \u0130n\u00f6n\u00fc Mahallesi \u00c7ar\u0131k Sokaktaki bir hurda deposunda meydana geldi. Edinilen bilgiye g\u00f6re, hen\u00fcz bilinmeyen bir nedenle yang\u0131n \u00e7\u0131kt\u0131. \u0130\u015f yerinde plastik malzemelerin de olmas\u0131 nedeniyle alevler bir anda her yeri sard\u0131. Haber verilmesi \u00fczerine olay yerine sa\u011fl\u0131k, polis ve \u00e7ok say\u0131da itfaiye ekipleri sevk edildi.<\/p>\n<p>Olay yerine gelen itfaiye ekipleri yang\u0131na m\u00fcdahale ederken, yang\u0131n\u0131 s\u00f6nd\u00fcrmek i\u00e7in deponun \u00fcst taraf\u0131nda bulanan duvar\u0131 balyozla k\u0131rmaya \u00e7al\u0131\u015ft\u0131. Alevlerin y\u00fckseldi\u011fi depodan zaman zaman patlama sesleri de duyuldu. \u0130tfaiye ekipleri yang\u0131n\u0131 kontrol alt\u0131na alarak, so\u011futma \u00e7al\u0131\u015fmas\u0131 yapt\u0131.<\/p>\n<p>Mahallede b\u00fcy\u00fck bir pani\u011fe neden olan yang\u0131nda, kimse yaralanmazken depoda b\u00fcy\u00fck maddi hasar meydana geldi.<\/p>\n<p>Yang\u0131n\u0131n \u00e7\u0131k\u0131\u015f nedeni ara\u015ft\u0131r\u0131l\u0131yor.<div class=\"tiled-gallery type-rectangular tiled-gallery-unresized\" data-original-width=\"500\" data-carousel-extra='null' itemscope itemtype=\"http:\/\/schema.org\/ImageGallery\" > <div class=\"gallery-row\" style=\"width: 500px; height: 224px;\" data-original-width=\"500\" data-original-height=\"224\" > <div class=\"gallery-group images-1\" style=\"width: 334px; height: 224px;\" data-original-width=\"334\" data-original-height=\"224\" > <div class=\"tiled-gallery-item tiled-gallery-item-large\" itemprop=\"associatedMedia\" itemscope itemtype=\"http:\/\/schema.org\/ImageObject\"> <a href=\"http:\/\/www.tvturk.com\/index.php\/sislide-alevler-icinde-kalan-hurda-deposu-korkuya-neden-oldu\/sislide-alevler-icinde-kalan-hurda-deposu-korkuya-neden-oldu-3\/\" border=\"0\" itemprop=\"url\"> <meta itemprop=\"width\" content=\"330\"> <meta itemprop=\"height\" content=\"220\"> <img decoding=\"async\" class=\"\" data-attachment-id=\"102964\" data-orig-file=\"http:\/\/www.tvturk.com\/wp-content\/uploads\/2019\/03\/sislide-alevler-icinde-kalan-hurda-deposu-korkuya-neden-oldu_af6add9.jpg\" data-orig-size=\"1000,666\" data-comments-opened=\"\" data-image-meta=\"{&quot;aperture&quot;:&quot;0&quot;,&quot;credit&quot;:&quot;IHA&quot;,&quot;camera&quot;:&quot;&quot;,&quot;caption&quot;:&quot;\\u015e\\u0130\\u015eL\\u0130 \\u0130N\\u00d6N\\u00dc MAHALLES\\u0130 \\u00c7ARIK SOKAK\\u0027TA BULUNAN B\\u0130R HURDA DEPOSU OLARAK KULLANILAN \\u0130\\u015e YER\\u0130NDE HEN\\u00dcZ B\\u0130L\\u0130NMEYEN B\\u0130R NEDENLE YANGIN \\u00c7IKTI. \\u0130TFA\\u0130YE EK\\u0130PLER\\u0130 \\u0130\\u015e YER\\u0130N\\u0130N \\u00dcST TARAFINDAK\\u0130 DUVARI KIRIP YANGINI S\\u00d6ND\\u00dcRMEYE \\u00c7ALI\\u015eTI. (MEDEN\\u0130 TOPALO\\u011eLU\\\/\\u0130STANBUL-\\u0130HA)&quot;,&quot;created_timestamp&quot;:&quot;0&quot;,&quot;copyright&quot;:&quot;\\u0130HLAS HABER AJANSI, www.iha.com.tr&quot;,&quot;focal_length&quot;:&quot;0&quot;,&quot;iso&quot;:&quot;0&quot;,&quot;shutter_speed&quot;:&quot;0&quot;,&quot;title&quot;:&quot;\\u015e\\u0130\\u015eL\\u0130\\u2019DE ALEVLER \\u0130\\u00c7\\u0130NDE KALAN HURDA DEPOSU KORKUYA NEDEN OLDU HURDA DEPOSU ALEVLER \\u0130\\u00c7\\u0130NDE KALDI&quot;,&quot;orientation&quot;:&quot;0&quot;}\" data-image-title=\"\u015ei\u015fli\u2019de alevler i\u00e7inde kalan hurda deposu korkuya neden oldu\" data-image-description=\"&lt;p&gt;\u015ei\u015fli\u2019de alevler i\u00e7inde kalan hurda deposu korkuya neden oldu&lt;\/p&gt; \" data-medium-file=\"https:\/\/i0.wp.com\/www.tvturk.com\/wp-content\/uploads\/2019\/03\/sislide-alevler-icinde-kalan-hurda-deposu-korkuya-neden-oldu_af6add9.jpg?fit=300%2C200\" data-large-file=\"https:\/\/i0.wp.com\/www.tvturk.com\/wp-content\/uploads\/2019\/03\/sislide-alevler-icinde-kalan-hurda-deposu-korkuya-neden-oldu_af6add9.jpg?fit=1000%2C666\" src=\"https:\/\/i0.wp.com\/www.tvturk.com\/wp-content\/uploads\/2019\/03\/sislide-alevler-icinde-kalan-hurda-deposu-korkuya-neden-oldu_af6add9.jpg?w=330&#038;h=220\" srcset=\"https:\/\/i0.wp.com\/www.tvturk.com\/wp-content\/uploads\/2019\/03\/sislide-alevler-icinde-kalan-hurda-deposu-korkuya-neden-oldu_af6add9.jpg?w=1000 1000w, https:\/\/i0.wp.com\/www.tvturk.com\/wp-content\/uploads\/2019\/03\/sislide-alevler-icinde-kalan-hurda-deposu-korkuya-neden-oldu_af6add9.jpg?resize=150%2C100 150w, https:\/\/i0.wp.com\/www.tvturk.com\/wp-content\/uploads\/2019\/03\/sislide-alevler-icinde-kalan-hurda-deposu-korkuya-neden-oldu_af6add9.jpg?resize=300%2C200 300w, https:\/\/i0.wp.com\/www.tvturk.com\/wp-content\/uploads\/2019\/03\/sislide-alevler-icinde-kalan-hurda-deposu-korkuya-neden-oldu_af6add9.jpg?resize=768%2C511 768w, https:\/\/i0.wp.com\/www.tvturk.com\/wp-content\/uploads\/2019\/03\/sislide-alevler-icinde-kalan-hurda-deposu-korkuya-neden-oldu_af6add9.jpg?resize=170%2C113 170w, https:\/\/i0.wp.com\/www.tvturk.com\/wp-content\/uploads\/2019\/03\/sislide-alevler-icinde-kalan-hurda-deposu-korkuya-neden-oldu_af6add9.jpg?resize=120%2C80 120w\" width=\"330\" height=\"220\" loading=\"lazy\" data-original-width=\"330\" data-original-height=\"220\" itemprop=\"http:\/\/schema.org\/image\" title=\"\u015ei\u015fli\u2019de alevler i\u00e7inde kalan hurda deposu korkuya neden oldu\" alt=\"\u015ei\u015fli\u2019de alevler i\u00e7inde kalan hurda deposu korkuya neden oldu\" style=\"width: 330px; height: 220px;\" \/> <\/a> <\/div> <\/div> <!-- close group --> <div class=\"gallery-group images-2\" style=\"width: 166px; height: 224px;\" data-original-width=\"166\" data-original-height=\"224\" > <div class=\"tiled-gallery-item tiled-gallery-item-small\" itemprop=\"associatedMedia\" itemscope itemtype=\"http:\/\/schema.org\/ImageObject\"> <a href=\"http:\/\/www.tvturk.com\/index.php\/sislide-alevler-icinde-kalan-hurda-deposu-korkuya-neden-oldu\/sislide-alevler-icinde-kalan-hurda-deposu-korkuya-neden-oldu-4\/\" border=\"0\" itemprop=\"url\"> <meta itemprop=\"width\" content=\"162\"> <meta itemprop=\"height\" content=\"108\"> <img decoding=\"async\" class=\"\" data-attachment-id=\"102965\" data-orig-file=\"http:\/\/www.tvturk.com\/wp-content\/uploads\/2019\/03\/sislide-alevler-icinde-kalan-hurda-deposu-korkuya-neden-oldu_5959b19.jpg\" data-orig-size=\"1000,666\" data-comments-opened=\"\" data-image-meta=\"{&quot;aperture&quot;:&quot;0&quot;,&quot;credit&quot;:&quot;IHA&quot;,&quot;camera&quot;:&quot;&quot;,&quot;caption&quot;:&quot;\\u015e\\u0130\\u015eL\\u0130 \\u0130N\\u00d6N\\u00dc MAHALLES\\u0130 \\u00c7ARIK SOKAK\\u0027TA BULUNAN B\\u0130R HURDA DEPOSU OLARAK KULLANILAN \\u0130\\u015e YER\\u0130NDE HEN\\u00dcZ B\\u0130L\\u0130NMEYEN B\\u0130R NEDENLE YANGIN \\u00c7IKTI. \\u0130TFA\\u0130YE EK\\u0130PLER\\u0130 \\u0130\\u015e YER\\u0130N\\u0130N \\u00dcST TARAFINDAK\\u0130 DUVARI KIRIP YANGINI S\\u00d6ND\\u00dcRMEYE \\u00c7ALI\\u015eTI. (MEDEN\\u0130 TOPALO\\u011eLU\\\/\\u0130STANBUL-\\u0130HA)&quot;,&quot;created_timestamp&quot;:&quot;0&quot;,&quot;copyright&quot;:&quot;\\u0130HLAS HABER AJANSI, www.iha.com.tr&quot;,&quot;focal_length&quot;:&quot;0&quot;,&quot;iso&quot;:&quot;0&quot;,&quot;shutter_speed&quot;:&quot;0&quot;,&quot;title&quot;:&quot;\\u015e\\u0130\\u015eL\\u0130\\u2019DE ALEVLER \\u0130\\u00c7\\u0130NDE KALAN HURDA DEPOSU KORKUYA NEDEN OLDU HURDA DEPOSU ALEVLER \\u0130\\u00c7\\u0130NDE KALDI&quot;,&quot;orientation&quot;:&quot;0&quot;}\" data-image-title=\"\u015ei\u015fli\u2019de alevler i\u00e7inde kalan hurda deposu korkuya neden oldu\" data-image-description=\"&lt;p&gt;\u015ei\u015fli\u2019de alevler i\u00e7inde kalan hurda deposu korkuya neden oldu&lt;\/p&gt; \" data-medium-file=\"https:\/\/i0.wp.com\/www.tvturk.com\/wp-content\/uploads\/2019\/03\/sislide-alevler-icinde-kalan-hurda-deposu-korkuya-neden-oldu_5959b19.jpg?fit=300%2C200\" data-large-file=\"https:\/\/i0.wp.com\/www.tvturk.com\/wp-content\/uploads\/2019\/03\/sislide-alevler-icinde-kalan-hurda-deposu-korkuya-neden-oldu_5959b19.jpg?fit=1000%2C666\" src=\"https:\/\/i0.wp.com\/www.tvturk.com\/wp-content\/uploads\/2019\/03\/sislide-alevler-icinde-kalan-hurda-deposu-korkuya-neden-oldu_5959b19.jpg?w=162&#038;h=108\" srcset=\"https:\/\/i0.wp.com\/www.tvturk.com\/wp-content\/uploads\/2019\/03\/sislide-alevler-icinde-kalan-hurda-deposu-korkuya-neden-oldu_5959b19.jpg?w=1000 1000w, https:\/\/i0.wp.com\/www.tvturk.com\/wp-content\/uploads\/2019\/03\/sislide-alevler-icinde-kalan-hurda-deposu-korkuya-neden-oldu_5959b19.jpg?resize=150%2C100 150w, https:\/\/i0.wp.com\/www.tvturk.com\/wp-content\/uploads\/2019\/03\/sislide-alevler-icinde-kalan-hurda-deposu-korkuya-neden-oldu_5959b19.jpg?resize=300%2C200 300w, https:\/\/i0.wp.com\/www.tvturk.com\/wp-content\/uploads\/2019\/03\/sislide-alevler-icinde-kalan-hurda-deposu-korkuya-neden-oldu_5959b19.jpg?resize=768%2C511 768w, https:\/\/i0.wp.com\/www.tvturk.com\/wp-content\/uploads\/2019\/03\/sislide-alevler-icinde-kalan-hurda-deposu-korkuya-neden-oldu_5959b19.jpg?resize=170%2C113 170w, https:\/\/i0.wp.com\/www.tvturk.com\/wp-content\/uploads\/2019\/03\/sislide-alevler-icinde-kalan-hurda-deposu-korkuya-neden-oldu_5959b19.jpg?resize=120%2C80 120w\" width=\"162\" height=\"108\" loading=\"lazy\" data-original-width=\"162\" data-original-height=\"108\" itemprop=\"http:\/\/schema.org\/image\" title=\"\u015ei\u015fli\u2019de alevler i\u00e7inde kalan hurda deposu korkuya neden oldu\" alt=\"\u015ei\u015fli\u2019de alevler i\u00e7inde kalan hurda deposu korkuya neden oldu\" style=\"width: 162px; height: 108px;\" \/> <\/a> <\/div> <div class=\"tiled-gallery-item tiled-gallery-item-small\" itemprop=\"associatedMedia\" itemscope itemtype=\"http:\/\/schema.org\/ImageObject\"> <a href=\"http:\/\/www.tvturk.com\/index.php\/sislide-alevler-icinde-kalan-hurda-deposu-korkuya-neden-oldu\/sislide-alevler-icinde-kalan-hurda-deposu-korkuya-neden-oldu-5\/\" border=\"0\" itemprop=\"url\"> <meta itemprop=\"width\" content=\"162\"> <meta itemprop=\"height\" content=\"108\"> <img decoding=\"async\" class=\"\" data-attachment-id=\"102966\" data-orig-file=\"http:\/\/www.tvturk.com\/wp-content\/uploads\/2019\/03\/sislide-alevler-icinde-kalan-hurda-deposu-korkuya-neden-oldu_14e7ea6.jpg\" data-orig-size=\"1000,666\" data-comments-opened=\"\" data-image-meta=\"{&quot;aperture&quot;:&quot;0&quot;,&quot;credit&quot;:&quot;IHA&quot;,&quot;camera&quot;:&quot;&quot;,&quot;caption&quot;:&quot;\\u015e\\u0130\\u015eL\\u0130 \\u0130N\\u00d6N\\u00dc MAHALLES\\u0130 \\u00c7ARIK SOKAK\\u0027TA BULUNAN B\\u0130R HURDA DEPOSU OLARAK KULLANILAN \\u0130\\u015e YER\\u0130NDE HEN\\u00dcZ B\\u0130L\\u0130NMEYEN B\\u0130R NEDENLE YANGIN \\u00c7IKTI. \\u0130TFA\\u0130YE EK\\u0130PLER\\u0130 \\u0130\\u015e YER\\u0130N\\u0130N \\u00dcST TARAFINDAK\\u0130 DUVARI KIRIP YANGINI S\\u00d6ND\\u00dcRMEYE \\u00c7ALI\\u015eTI. (MEDEN\\u0130 TOPALO\\u011eLU\\\/\\u0130STANBUL-\\u0130HA)&quot;,&quot;created_timestamp&quot;:&quot;0&quot;,&quot;copyright&quot;:&quot;\\u0130HLAS HABER AJANSI, www.iha.com.tr&quot;,&quot;focal_length&quot;:&quot;0&quot;,&quot;iso&quot;:&quot;0&quot;,&quot;shutter_speed&quot;:&quot;0&quot;,&quot;title&quot;:&quot;\\u015e\\u0130\\u015eL\\u0130\\u2019DE ALEVLER \\u0130\\u00c7\\u0130NDE KALAN HURDA DEPOSU KORKUYA NEDEN OLDU HURDA DEPOSU ALEVLER \\u0130\\u00c7\\u0130NDE KALDI&quot;,&quot;orientation&quot;:&quot;0&quot;}\" data-image-title=\"\u015ei\u015fli\u2019de alevler i\u00e7inde kalan hurda deposu korkuya neden oldu\" data-image-description=\"&lt;p&gt;\u015ei\u015fli\u2019de alevler i\u00e7inde kalan hurda deposu korkuya neden oldu&lt;\/p&gt; \" data-medium-file=\"https:\/\/i0.wp.com\/www.tvturk.com\/wp-content\/uploads\/2019\/03\/sislide-alevler-icinde-kalan-hurda-deposu-korkuya-neden-oldu_14e7ea6.jpg?fit=300%2C200\" data-large-file=\"https:\/\/i0.wp.com\/www.tvturk.com\/wp-content\/uploads\/2019\/03\/sislide-alevler-icinde-kalan-hurda-deposu-korkuya-neden-oldu_14e7ea6.jpg?fit=1000%2C666\" src=\"https:\/\/i0.wp.com\/www.tvturk.com\/wp-content\/uploads\/2019\/03\/sislide-alevler-icinde-kalan-hurda-deposu-korkuya-neden-oldu_14e7ea6.jpg?w=162&#038;h=108\" srcset=\"https:\/\/i0.wp.com\/www.tvturk.com\/wp-content\/uploads\/2019\/03\/sislide-alevler-icinde-kalan-hurda-deposu-korkuya-neden-oldu_14e7ea6.jpg?w=1000 1000w, https:\/\/i0.wp.com\/www.tvturk.com\/wp-content\/uploads\/2019\/03\/sislide-alevler-icinde-kalan-hurda-deposu-korkuya-neden-oldu_14e7ea6.jpg?resize=150%2C100 150w, https:\/\/i0.wp.com\/www.tvturk.com\/wp-content\/uploads\/2019\/03\/sislide-alevler-icinde-kalan-hurda-deposu-korkuya-neden-oldu_14e7ea6.jpg?resize=300%2C200 300w, https:\/\/i0.wp.com\/www.tvturk.com\/wp-content\/uploads\/2019\/03\/sislide-alevler-icinde-kalan-hurda-deposu-korkuya-neden-oldu_14e7ea6.jpg?resize=768%2C511 768w, https:\/\/i0.wp.com\/www.tvturk.com\/wp-content\/uploads\/2019\/03\/sislide-alevler-icinde-kalan-hurda-deposu-korkuya-neden-oldu_14e7ea6.jpg?resize=170%2C113 170w, https:\/\/i0.wp.com\/www.tvturk.com\/wp-content\/uploads\/2019\/03\/sislide-alevler-icinde-kalan-hurda-deposu-korkuya-neden-oldu_14e7ea6.jpg?resize=120%2C80 120w\" width=\"162\" height=\"108\" loading=\"lazy\" data-original-width=\"162\" data-original-height=\"108\" itemprop=\"http:\/\/schema.org\/image\" title=\"\u015ei\u015fli\u2019de alevler i\u00e7inde kalan hurda deposu korkuya neden oldu\" alt=\"\u015ei\u015fli\u2019de alevler i\u00e7inde kalan hurda deposu korkuya neden oldu\" style=\"width: 162px; height: 108px;\" \/> <\/a> <\/div> <\/div> <!-- close group --> <\/div> <!-- close row --> <\/div><\/p>\n","protected":false},"excerpt":{"rendered":"<p>\u015e\u0130\u015eL\u0130 \u0130N\u00d6N\u00dc MAHALLES\u0130 \u00c7ARIK SOKAK&#8217;TA BULUNAN B\u0130R HURDA DEPOSU OLARAK KULLANILAN \u0130\u015e YER\u0130NDE HEN\u00dcZ B\u0130L\u0130NMEYEN B\u0130R NEDENLE YANGIN \u00c7IKTI. \u0130TFA\u0130YE EK\u0130PLER\u0130  \u0130\u015e YER\u0130N\u0130N \u00dcST TARAFINDAK\u0130 DUVARI KIRIP YANGINI S\u00d6ND\u00dcRMEYE \u00c7ALI\u015eTI.<\/p>\n","protected":false},"author":1,"featured_media":102963,"comment_status":"closed","ping_status":"open","sticky":false,"template":"","format":"standard","meta":{"jetpack_post_was_ever_published":false,"_jetpack_newsletter_access":"","_jetpack_dont_email_post_to_subs":false,"_jetpack_newsletter_tier_id":0,"_jetpack_memberships_contains_paywalled_content":false,"_jetpack_memberships_contains_paid_content":false,"footnotes":"","jetpack_publicize_message":"","jetpack_publicize_feature_enabled":true,"jetpack_social_post_already_shared":true,"jetpack_social_options":{"image_generator_settings":{"template":"highway","default_image_id":0,"font":"","enabled":false},"version":2}},"categories":[655],"tags":[15253,3300,6338,4601,1274,26302,1130,77,7806],"class_list":["post-102962","post","type-post","status-publish","format-standard","has-post-thumbnail","hentry","category-son-dakika","tag-alevler","tag-deposu","tag-hurda","tag-icinde","tag-kalan","tag-korkuya","tag-neden","tag-oldu","tag-sislide"],"jetpack_publicize_connections":[],"jetpack_featured_media_url":"https:\/\/i0.wp.com\/www.tvturk.com\/wp-content\/uploads\/2019\/03\/sislide-alevler-icinde-kalan-hurda-deposu-korkuya-neden-oldu_85ed909.jpg?fit=1000%2C666","jetpack_sharing_enabled":true,"jetpack_shortlink":"https:\/\/wp.me\/paKIfm-qMG","_links":{"self":[{"href":"http:\/\/www.tvturk.com\/index.php\/wp-json\/wp\/v2\/posts\/102962","targetHints":{"allow":["GET"]}}],"collection":[{"href":"http:\/\/www.tvturk.com\/index.php\/wp-json\/wp\/v2\/posts"}],"about":[{"href":"http:\/\/www.tvturk.com\/index.php\/wp-json\/wp\/v2\/types\/post"}],"author":[{"embeddable":true,"href":"http:\/\/www.tvturk.com\/index.php\/wp-json\/wp\/v2\/users\/1"}],"replies":[{"embeddable":true,"href":"http:\/\/www.tvturk.com\/index.php\/wp-json\/wp\/v2\/comments?post=102962"}],"version-history":[{"count":1,"href":"http:\/\/www.tvturk.com\/index.php\/wp-json\/wp\/v2\/posts\/102962\/revisions"}],"predecessor-version":[{"id":102967,"href":"http:\/\/www.tvturk.com\/index.php\/wp-json\/wp\/v2\/posts\/102962\/revisions\/102967"}],"wp:featuredmedia":[{"embeddable":true,"href":"http:\/\/www.tvturk.com\/index.php\/wp-json\/wp\/v2\/media\/102963"}],"wp:attachment":[{"href":"http:\/\/www.tvturk.com\/index.php\/wp-json\/wp\/v2\/media?parent=102962"}],"wp:term":[{"taxonomy":"category","embeddable":true,"href":"http:\/\/www.tvturk.com\/index.php\/wp-json\/wp\/v2\/categories?post=102962"},{"taxonomy":"post_tag","embeddable":true,"href":"http:\/\/www.tvturk.com\/index.php\/wp-json\/wp\/v2\/tags?post=102962"}],"curies":[{"name":"wp","href":"https:\/\/api.w.org\/{rel}","templated":true}]}}