{"id":102968,"date":"2019-03-20T01:26:56","date_gmt":"2019-03-19T22:26:56","guid":{"rendered":"http:\/\/www.tvturk.com\/index.php\/polis-amirinden-insanlik-ornegi\/"},"modified":"2019-03-20T01:26:56","modified_gmt":"2019-03-19T22:26:56","slug":"polis-amirinden-insanlik-ornegi","status":"publish","type":"post","link":"http:\/\/www.tvturk.com\/index.php\/polis-amirinden-insanlik-ornegi\/","title":{"rendered":"Polis amirinden insanl\u0131k \u00f6rne\u011fi"},"content":{"rendered":"<p>Tekirda\u011f\u2019\u0131n Malkara il\u00e7esinde ya\u015fl\u0131 bir kad\u0131n, yolda y\u00fcr\u00fcrken fenala\u015farak, yere y\u0131\u011f\u0131ld\u0131. Olay\u0131 karakoldan g\u00f6r\u00fcp, ya\u015fl\u0131 kad\u0131n\u0131n yard\u0131m\u0131na ko\u015fan polis merkezi amiri, vatanda\u015flardan takdir toplad\u0131.<\/p>\n<p>Camiatik Mahallesi H\u00fcrriyet Caddesi\u2019nde yoku\u015f yukar\u0131 y\u00fcr\u00fcyen ya\u015fl\u0131 kad\u0131n, bir anda fenala\u015farak, yere y\u0131\u011f\u0131ld\u0131. Ya\u015fanan durumu 100 metre uzakl\u0131ktaki karakoldan fark eden polis merkezi amiri, ya\u015fl\u0131 kad\u0131n\u0131n yan\u0131na ko\u015ftu. Polis amirinin duyarl\u0131 davran\u0131\u015f\u0131, \u00e7evrede toplanan vatanda\u015flardan da takdir toplad\u0131.<\/p>\n<p>Bay\u0131ld\u0131\u011f\u0131 \u00f6\u011frenilen ya\u015fl\u0131 kad\u0131n, 112 ekiplerinin m\u00fcdahalesi sonras\u0131 aya\u011fa kalkarak, yoluna devam etti.<\/p>\n","protected":false},"excerpt":{"rendered":"<p>POL\u0130S AM\u0130R\u0130NDEN \u0130NSANLIK \u00d6RNE\u011e\u0130 KARAKOLDAN KO\u015eUP YA\u015eLI KADININ YARDIMINA YET\u0130\u015eT\u0130<\/p>\n","protected":false},"author":1,"featured_media":102969,"comment_status":"closed","ping_status":"open","sticky":false,"template":"","format":"standard","meta":{"jetpack_post_was_ever_published":false,"_jetpack_newsletter_access":"","_jetpack_dont_email_post_to_subs":false,"_jetpack_newsletter_tier_id":0,"_jetpack_memberships_contains_paywalled_content":false,"_jetpack_memberships_contains_paid_content":false,"footnotes":"","jetpack_publicize_message":"","jetpack_publicize_feature_enabled":true,"jetpack_social_post_already_shared":true,"jetpack_social_options":{"image_generator_settings":{"template":"highway","default_image_id":0,"font":"","enabled":false},"version":2}},"categories":[655],"tags":[26303,18100,1957,996],"class_list":["post-102968","post","type-post","status-publish","format-standard","has-post-thumbnail","hentry","category-son-dakika","tag-amirinden","tag-insanlik","tag-ornegi","tag-polis"],"jetpack_publicize_connections":[],"jetpack_featured_media_url":"https:\/\/i0.wp.com\/www.tvturk.com\/wp-content\/uploads\/2019\/03\/polis-amirinden-insanlik-ornegi_1f73e9d.jpg?fit=1000%2C750","jetpack_sharing_enabled":true,"jetpack_shortlink":"https:\/\/wp.me\/paKIfm-qMM","_links":{"self":[{"href":"http:\/\/www.tvturk.com\/index.php\/wp-json\/wp\/v2\/posts\/102968","targetHints":{"allow":["GET"]}}],"collection":[{"href":"http:\/\/www.tvturk.com\/index.php\/wp-json\/wp\/v2\/posts"}],"about":[{"href":"http:\/\/www.tvturk.com\/index.php\/wp-json\/wp\/v2\/types\/post"}],"author":[{"embeddable":true,"href":"http:\/\/www.tvturk.com\/index.php\/wp-json\/wp\/v2\/users\/1"}],"replies":[{"embeddable":true,"href":"http:\/\/www.tvturk.com\/index.php\/wp-json\/wp\/v2\/comments?post=102968"}],"version-history":[{"count":0,"href":"http:\/\/www.tvturk.com\/index.php\/wp-json\/wp\/v2\/posts\/102968\/revisions"}],"wp:featuredmedia":[{"embeddable":true,"href":"http:\/\/www.tvturk.com\/index.php\/wp-json\/wp\/v2\/media\/102969"}],"wp:attachment":[{"href":"http:\/\/www.tvturk.com\/index.php\/wp-json\/wp\/v2\/media?parent=102968"}],"wp:term":[{"taxonomy":"category","embeddable":true,"href":"http:\/\/www.tvturk.com\/index.php\/wp-json\/wp\/v2\/categories?post=102968"},{"taxonomy":"post_tag","embeddable":true,"href":"http:\/\/www.tvturk.com\/index.php\/wp-json\/wp\/v2\/tags?post=102968"}],"curies":[{"name":"wp","href":"https:\/\/api.w.org\/{rel}","templated":true}]}}