{"id":102999,"date":"2019-03-20T06:53:54","date_gmt":"2019-03-20T03:53:54","guid":{"rendered":"http:\/\/www.tvturk.com\/index.php\/adanada-hastanede-korkutan-yangin\/"},"modified":"2019-03-20T06:54:00","modified_gmt":"2019-03-20T03:54:00","slug":"adanada-hastanede-korkutan-yangin","status":"publish","type":"post","link":"http:\/\/www.tvturk.com\/index.php\/adanada-hastanede-korkutan-yangin\/","title":{"rendered":"Adana\u2019da hastanede korkutan yang\u0131n"},"content":{"rendered":"<p>Adana\u2019da \u00c7ukurova \u00dcniversitesi T\u0131p Fak\u00fcltesi Hastanesi\u2019nde hen\u00fcz belirlenemeyen bir sebepten dolay\u0131 \u00e7\u0131kan yang\u0131n itfaiye ekiplerince s\u00f6nd\u00fcr\u00fcld\u00fc.<\/p>\n<p>Yang\u0131n, Sar\u0131\u00e7am \u0130l\u00e7esinde bulunan \u00c7ukurova \u00dcniversitesi T\u0131p Fak\u00fcltesi Balcal\u0131 Hastanesinde meydana geldi. Edinilen bilgiye g\u00f6re, hastanenin zemin kat\u0131nda bulunan \u00e7al\u0131\u015fma ofislerinden dumanlar\u0131n y\u00fckseldi\u011fi g\u00f6ren yetkililer durumu itfaiye ekiplerine bildirdi. Olay yerine gelen itfaiye ekipleri yakla\u015f\u0131k 30 dakika s\u00fcren so\u011futma \u00e7al\u0131\u015fmalar\u0131nda, yang\u0131n\u0131 s\u00f6nd\u00fcrd\u00fc. \u0130tfaiye erleri yang\u0131n\u0131n \u00e7\u0131k\u0131\u015f nedenini ara\u015ft\u0131r\u0131yor.<\/p>\n<p>Yang\u0131ndan yaralanan olmazken zemin katta bulunan ofisler kullan\u0131lamaz hale geldi.<div class=\"tiled-gallery type-rectangular tiled-gallery-unresized\" data-original-width=\"500\" data-carousel-extra='null' itemscope itemtype=\"http:\/\/schema.org\/ImageGallery\" > <div class=\"gallery-row\" style=\"width: 500px; height: 224px;\" data-original-width=\"500\" data-original-height=\"224\" > <div class=\"gallery-group images-1\" style=\"width: 334px; height: 224px;\" data-original-width=\"334\" data-original-height=\"224\" > <div class=\"tiled-gallery-item tiled-gallery-item-large\" itemprop=\"associatedMedia\" itemscope itemtype=\"http:\/\/schema.org\/ImageObject\"> <a href=\"http:\/\/www.tvturk.com\/index.php\/adanada-hastanede-korkutan-yangin\/adanada-hastanede-korkutan-yangin-3\/\" border=\"0\" itemprop=\"url\"> <meta itemprop=\"width\" content=\"330\"> <meta itemprop=\"height\" content=\"220\"> <img decoding=\"async\" class=\"\" data-attachment-id=\"103001\" data-orig-file=\"http:\/\/www.tvturk.com\/wp-content\/uploads\/2019\/03\/adanada-hastanede-korkutan-yangin_a2a07ca.jpg\" data-orig-size=\"1000,666\" data-comments-opened=\"\" data-image-meta=\"{&quot;aperture&quot;:&quot;0&quot;,&quot;credit&quot;:&quot;IHA&quot;,&quot;camera&quot;:&quot;&quot;,&quot;caption&quot;:&quot;ADANA\\u2019DA \\u00c7UKUROVA \\u00dcN\\u0130VERS\\u0130TES\\u0130 TIP FAK\\u00dcLTES\\u0130 HASTANES\\u0130\\u2019NDE HEN\\u00dcZ BEL\\u0130RLENEMEYEN B\\u0130R SEBEPTEN DOLAYI \\u00c7IKAN \\u0130TFA\\u0130YE EK\\u0130PLER\\u0130NCE S\\u00d6ND\\u00dcR\\u00dcLD\\u00dc. (S\\u00dcLEYMAN CENK \\u0130DAYE\\\/ADANA-\\u0130HA)&quot;,&quot;created_timestamp&quot;:&quot;0&quot;,&quot;copyright&quot;:&quot;\\u0130HLAS HABER AJANSI, www.iha.com.tr&quot;,&quot;focal_length&quot;:&quot;0&quot;,&quot;iso&quot;:&quot;0&quot;,&quot;shutter_speed&quot;:&quot;0&quot;,&quot;title&quot;:&quot;ADANA\\u2019DA HASTANEDE KORKUTAN YANGIN&quot;,&quot;orientation&quot;:&quot;0&quot;}\" data-image-title=\"Adana\u2019da hastanede korkutan yang\u0131n\" data-image-description=\"&lt;p&gt;Adana\u2019da hastanede korkutan yang\u0131n&lt;\/p&gt; \" data-medium-file=\"https:\/\/i0.wp.com\/www.tvturk.com\/wp-content\/uploads\/2019\/03\/adanada-hastanede-korkutan-yangin_a2a07ca.jpg?fit=300%2C200\" data-large-file=\"https:\/\/i0.wp.com\/www.tvturk.com\/wp-content\/uploads\/2019\/03\/adanada-hastanede-korkutan-yangin_a2a07ca.jpg?fit=1000%2C666\" src=\"https:\/\/i0.wp.com\/www.tvturk.com\/wp-content\/uploads\/2019\/03\/adanada-hastanede-korkutan-yangin_a2a07ca.jpg?w=330&#038;h=220\" srcset=\"https:\/\/i0.wp.com\/www.tvturk.com\/wp-content\/uploads\/2019\/03\/adanada-hastanede-korkutan-yangin_a2a07ca.jpg?w=1000 1000w, https:\/\/i0.wp.com\/www.tvturk.com\/wp-content\/uploads\/2019\/03\/adanada-hastanede-korkutan-yangin_a2a07ca.jpg?resize=150%2C100 150w, https:\/\/i0.wp.com\/www.tvturk.com\/wp-content\/uploads\/2019\/03\/adanada-hastanede-korkutan-yangin_a2a07ca.jpg?resize=300%2C200 300w, https:\/\/i0.wp.com\/www.tvturk.com\/wp-content\/uploads\/2019\/03\/adanada-hastanede-korkutan-yangin_a2a07ca.jpg?resize=768%2C511 768w, https:\/\/i0.wp.com\/www.tvturk.com\/wp-content\/uploads\/2019\/03\/adanada-hastanede-korkutan-yangin_a2a07ca.jpg?resize=170%2C113 170w, https:\/\/i0.wp.com\/www.tvturk.com\/wp-content\/uploads\/2019\/03\/adanada-hastanede-korkutan-yangin_a2a07ca.jpg?resize=120%2C80 120w\" width=\"330\" height=\"220\" loading=\"lazy\" data-original-width=\"330\" data-original-height=\"220\" itemprop=\"http:\/\/schema.org\/image\" title=\"Adana\u2019da hastanede korkutan yang\u0131n\" alt=\"Adana\u2019da hastanede korkutan yang\u0131n\" style=\"width: 330px; height: 220px;\" \/> <\/a> <\/div> <\/div> <!-- close group --> <div class=\"gallery-group images-2\" style=\"width: 166px; height: 224px;\" data-original-width=\"166\" data-original-height=\"224\" > <div class=\"tiled-gallery-item tiled-gallery-item-small\" itemprop=\"associatedMedia\" itemscope itemtype=\"http:\/\/schema.org\/ImageObject\"> <a href=\"http:\/\/www.tvturk.com\/index.php\/adanada-hastanede-korkutan-yangin\/adanada-hastanede-korkutan-yangin-4\/\" border=\"0\" itemprop=\"url\"> <meta itemprop=\"width\" content=\"162\"> <meta itemprop=\"height\" content=\"108\"> <img decoding=\"async\" class=\"\" data-attachment-id=\"103002\" data-orig-file=\"http:\/\/www.tvturk.com\/wp-content\/uploads\/2019\/03\/adanada-hastanede-korkutan-yangin_4f9d5d7.jpg\" data-orig-size=\"1000,666\" data-comments-opened=\"\" data-image-meta=\"{&quot;aperture&quot;:&quot;0&quot;,&quot;credit&quot;:&quot;IHA&quot;,&quot;camera&quot;:&quot;&quot;,&quot;caption&quot;:&quot;ADANA\\u2019DA \\u00c7UKUROVA \\u00dcN\\u0130VERS\\u0130TES\\u0130 TIP FAK\\u00dcLTES\\u0130 HASTANES\\u0130\\u2019NDE HEN\\u00dcZ BEL\\u0130RLENEMEYEN B\\u0130R SEBEPTEN DOLAYI \\u00c7IKAN \\u0130TFA\\u0130YE EK\\u0130PLER\\u0130NCE S\\u00d6ND\\u00dcR\\u00dcLD\\u00dc. (S\\u00dcLEYMAN CENK \\u0130DAYE\\\/ADANA-\\u0130HA)&quot;,&quot;created_timestamp&quot;:&quot;0&quot;,&quot;copyright&quot;:&quot;\\u0130HLAS HABER AJANSI, www.iha.com.tr&quot;,&quot;focal_length&quot;:&quot;0&quot;,&quot;iso&quot;:&quot;0&quot;,&quot;shutter_speed&quot;:&quot;0&quot;,&quot;title&quot;:&quot;ADANA\\u2019DA HASTANEDE KORKUTAN YANGIN&quot;,&quot;orientation&quot;:&quot;0&quot;}\" data-image-title=\"Adana\u2019da hastanede korkutan yang\u0131n\" data-image-description=\"&lt;p&gt;Adana\u2019da hastanede korkutan yang\u0131n&lt;\/p&gt; \" data-medium-file=\"https:\/\/i0.wp.com\/www.tvturk.com\/wp-content\/uploads\/2019\/03\/adanada-hastanede-korkutan-yangin_4f9d5d7.jpg?fit=300%2C200\" data-large-file=\"https:\/\/i0.wp.com\/www.tvturk.com\/wp-content\/uploads\/2019\/03\/adanada-hastanede-korkutan-yangin_4f9d5d7.jpg?fit=1000%2C666\" src=\"https:\/\/i0.wp.com\/www.tvturk.com\/wp-content\/uploads\/2019\/03\/adanada-hastanede-korkutan-yangin_4f9d5d7.jpg?w=162&#038;h=108\" srcset=\"https:\/\/i0.wp.com\/www.tvturk.com\/wp-content\/uploads\/2019\/03\/adanada-hastanede-korkutan-yangin_4f9d5d7.jpg?w=1000 1000w, https:\/\/i0.wp.com\/www.tvturk.com\/wp-content\/uploads\/2019\/03\/adanada-hastanede-korkutan-yangin_4f9d5d7.jpg?resize=150%2C100 150w, https:\/\/i0.wp.com\/www.tvturk.com\/wp-content\/uploads\/2019\/03\/adanada-hastanede-korkutan-yangin_4f9d5d7.jpg?resize=300%2C200 300w, https:\/\/i0.wp.com\/www.tvturk.com\/wp-content\/uploads\/2019\/03\/adanada-hastanede-korkutan-yangin_4f9d5d7.jpg?resize=768%2C511 768w, https:\/\/i0.wp.com\/www.tvturk.com\/wp-content\/uploads\/2019\/03\/adanada-hastanede-korkutan-yangin_4f9d5d7.jpg?resize=170%2C113 170w, https:\/\/i0.wp.com\/www.tvturk.com\/wp-content\/uploads\/2019\/03\/adanada-hastanede-korkutan-yangin_4f9d5d7.jpg?resize=120%2C80 120w\" width=\"162\" height=\"108\" loading=\"lazy\" data-original-width=\"162\" data-original-height=\"108\" itemprop=\"http:\/\/schema.org\/image\" title=\"Adana\u2019da hastanede korkutan yang\u0131n\" alt=\"Adana\u2019da hastanede korkutan yang\u0131n\" style=\"width: 162px; height: 108px;\" \/> <\/a> <\/div> <div class=\"tiled-gallery-item tiled-gallery-item-small\" itemprop=\"associatedMedia\" itemscope itemtype=\"http:\/\/schema.org\/ImageObject\"> <a href=\"http:\/\/www.tvturk.com\/index.php\/adanada-hastanede-korkutan-yangin\/adanada-hastanede-korkutan-yangin-5\/\" border=\"0\" itemprop=\"url\"> <meta itemprop=\"width\" content=\"162\"> <meta itemprop=\"height\" content=\"108\"> <img decoding=\"async\" class=\"\" data-attachment-id=\"103003\" data-orig-file=\"http:\/\/www.tvturk.com\/wp-content\/uploads\/2019\/03\/adanada-hastanede-korkutan-yangin_2f75bf1.jpg\" data-orig-size=\"1000,666\" data-comments-opened=\"\" data-image-meta=\"{&quot;aperture&quot;:&quot;0&quot;,&quot;credit&quot;:&quot;IHA&quot;,&quot;camera&quot;:&quot;&quot;,&quot;caption&quot;:&quot;ADANA\\u2019DA \\u00c7UKUROVA \\u00dcN\\u0130VERS\\u0130TES\\u0130 TIP FAK\\u00dcLTES\\u0130 HASTANES\\u0130\\u2019NDE HEN\\u00dcZ BEL\\u0130RLENEMEYEN B\\u0130R SEBEPTEN DOLAYI \\u00c7IKAN \\u0130TFA\\u0130YE EK\\u0130PLER\\u0130NCE S\\u00d6ND\\u00dcR\\u00dcLD\\u00dc. (S\\u00dcLEYMAN CENK \\u0130DAYE\\\/ADANA-\\u0130HA)&quot;,&quot;created_timestamp&quot;:&quot;0&quot;,&quot;copyright&quot;:&quot;\\u0130HLAS HABER AJANSI, www.iha.com.tr&quot;,&quot;focal_length&quot;:&quot;0&quot;,&quot;iso&quot;:&quot;0&quot;,&quot;shutter_speed&quot;:&quot;0&quot;,&quot;title&quot;:&quot;ADANA\\u2019DA HASTANEDE KORKUTAN YANGIN&quot;,&quot;orientation&quot;:&quot;0&quot;}\" data-image-title=\"Adana\u2019da hastanede korkutan yang\u0131n\" data-image-description=\"&lt;p&gt;Adana\u2019da hastanede korkutan yang\u0131n&lt;\/p&gt; \" data-medium-file=\"https:\/\/i0.wp.com\/www.tvturk.com\/wp-content\/uploads\/2019\/03\/adanada-hastanede-korkutan-yangin_2f75bf1.jpg?fit=300%2C200\" data-large-file=\"https:\/\/i0.wp.com\/www.tvturk.com\/wp-content\/uploads\/2019\/03\/adanada-hastanede-korkutan-yangin_2f75bf1.jpg?fit=1000%2C666\" src=\"https:\/\/i0.wp.com\/www.tvturk.com\/wp-content\/uploads\/2019\/03\/adanada-hastanede-korkutan-yangin_2f75bf1.jpg?w=162&#038;h=108\" srcset=\"https:\/\/i0.wp.com\/www.tvturk.com\/wp-content\/uploads\/2019\/03\/adanada-hastanede-korkutan-yangin_2f75bf1.jpg?w=1000 1000w, https:\/\/i0.wp.com\/www.tvturk.com\/wp-content\/uploads\/2019\/03\/adanada-hastanede-korkutan-yangin_2f75bf1.jpg?resize=150%2C100 150w, https:\/\/i0.wp.com\/www.tvturk.com\/wp-content\/uploads\/2019\/03\/adanada-hastanede-korkutan-yangin_2f75bf1.jpg?resize=300%2C200 300w, https:\/\/i0.wp.com\/www.tvturk.com\/wp-content\/uploads\/2019\/03\/adanada-hastanede-korkutan-yangin_2f75bf1.jpg?resize=768%2C511 768w, https:\/\/i0.wp.com\/www.tvturk.com\/wp-content\/uploads\/2019\/03\/adanada-hastanede-korkutan-yangin_2f75bf1.jpg?resize=170%2C113 170w, https:\/\/i0.wp.com\/www.tvturk.com\/wp-content\/uploads\/2019\/03\/adanada-hastanede-korkutan-yangin_2f75bf1.jpg?resize=120%2C80 120w\" width=\"162\" height=\"108\" loading=\"lazy\" data-original-width=\"162\" data-original-height=\"108\" itemprop=\"http:\/\/schema.org\/image\" title=\"Adana\u2019da hastanede korkutan yang\u0131n\" alt=\"Adana\u2019da hastanede korkutan yang\u0131n\" style=\"width: 162px; height: 108px;\" \/> <\/a> <\/div> <\/div> <!-- close group --> <\/div> <!-- close row --> <div class=\"gallery-row\" style=\"width: 500px; height: 85px;\" data-original-width=\"500\" data-original-height=\"85\" > <div class=\"gallery-group images-1\" style=\"width: 125px; height: 85px;\" data-original-width=\"125\" data-original-height=\"85\" > <div class=\"tiled-gallery-item tiled-gallery-item-small\" itemprop=\"associatedMedia\" itemscope itemtype=\"http:\/\/schema.org\/ImageObject\"> <a href=\"http:\/\/www.tvturk.com\/index.php\/adanada-hastanede-korkutan-yangin\/adanada-hastanede-korkutan-yangin-6\/\" border=\"0\" itemprop=\"url\"> <meta itemprop=\"width\" content=\"121\"> <meta itemprop=\"height\" content=\"81\"> <img decoding=\"async\" class=\"\" data-attachment-id=\"103004\" data-orig-file=\"http:\/\/www.tvturk.com\/wp-content\/uploads\/2019\/03\/adanada-hastanede-korkutan-yangin_42f1644.jpg\" data-orig-size=\"1000,666\" data-comments-opened=\"\" data-image-meta=\"{&quot;aperture&quot;:&quot;0&quot;,&quot;credit&quot;:&quot;IHA&quot;,&quot;camera&quot;:&quot;&quot;,&quot;caption&quot;:&quot;ADANA\\u2019DA \\u00c7UKUROVA \\u00dcN\\u0130VERS\\u0130TES\\u0130 TIP FAK\\u00dcLTES\\u0130 HASTANES\\u0130\\u2019NDE HEN\\u00dcZ BEL\\u0130RLENEMEYEN B\\u0130R SEBEPTEN DOLAYI \\u00c7IKAN \\u0130TFA\\u0130YE EK\\u0130PLER\\u0130NCE S\\u00d6ND\\u00dcR\\u00dcLD\\u00dc. (S\\u00dcLEYMAN CENK \\u0130DAYE\\\/ADANA-\\u0130HA)&quot;,&quot;created_timestamp&quot;:&quot;0&quot;,&quot;copyright&quot;:&quot;\\u0130HLAS HABER AJANSI, www.iha.com.tr&quot;,&quot;focal_length&quot;:&quot;0&quot;,&quot;iso&quot;:&quot;0&quot;,&quot;shutter_speed&quot;:&quot;0&quot;,&quot;title&quot;:&quot;ADANA\\u2019DA HASTANEDE KORKUTAN YANGIN&quot;,&quot;orientation&quot;:&quot;0&quot;}\" data-image-title=\"Adana\u2019da hastanede korkutan yang\u0131n\" data-image-description=\"&lt;p&gt;Adana\u2019da hastanede korkutan yang\u0131n&lt;\/p&gt; \" data-medium-file=\"https:\/\/i0.wp.com\/www.tvturk.com\/wp-content\/uploads\/2019\/03\/adanada-hastanede-korkutan-yangin_42f1644.jpg?fit=300%2C200\" data-large-file=\"https:\/\/i0.wp.com\/www.tvturk.com\/wp-content\/uploads\/2019\/03\/adanada-hastanede-korkutan-yangin_42f1644.jpg?fit=1000%2C666\" src=\"https:\/\/i0.wp.com\/www.tvturk.com\/wp-content\/uploads\/2019\/03\/adanada-hastanede-korkutan-yangin_42f1644.jpg?w=121&#038;h=81\" srcset=\"https:\/\/i0.wp.com\/www.tvturk.com\/wp-content\/uploads\/2019\/03\/adanada-hastanede-korkutan-yangin_42f1644.jpg?w=1000 1000w, https:\/\/i0.wp.com\/www.tvturk.com\/wp-content\/uploads\/2019\/03\/adanada-hastanede-korkutan-yangin_42f1644.jpg?resize=150%2C100 150w, https:\/\/i0.wp.com\/www.tvturk.com\/wp-content\/uploads\/2019\/03\/adanada-hastanede-korkutan-yangin_42f1644.jpg?resize=300%2C200 300w, https:\/\/i0.wp.com\/www.tvturk.com\/wp-content\/uploads\/2019\/03\/adanada-hastanede-korkutan-yangin_42f1644.jpg?resize=768%2C511 768w, https:\/\/i0.wp.com\/www.tvturk.com\/wp-content\/uploads\/2019\/03\/adanada-hastanede-korkutan-yangin_42f1644.jpg?resize=170%2C113 170w, https:\/\/i0.wp.com\/www.tvturk.com\/wp-content\/uploads\/2019\/03\/adanada-hastanede-korkutan-yangin_42f1644.jpg?resize=120%2C80 120w, https:\/\/i0.wp.com\/www.tvturk.com\/wp-content\/uploads\/2019\/03\/adanada-hastanede-korkutan-yangin_42f1644.jpg?resize=80%2C55 80w\" width=\"121\" height=\"81\" loading=\"lazy\" data-original-width=\"121\" data-original-height=\"81\" itemprop=\"http:\/\/schema.org\/image\" title=\"Adana\u2019da hastanede korkutan yang\u0131n\" alt=\"Adana\u2019da hastanede korkutan yang\u0131n\" style=\"width: 121px; height: 81px;\" \/> <\/a> <\/div> <\/div> <!-- close group --> <div class=\"gallery-group images-1\" style=\"width: 125px; height: 85px;\" data-original-width=\"125\" data-original-height=\"85\" > <div class=\"tiled-gallery-item tiled-gallery-item-small\" itemprop=\"associatedMedia\" itemscope itemtype=\"http:\/\/schema.org\/ImageObject\"> <a href=\"http:\/\/www.tvturk.com\/index.php\/adanada-hastanede-korkutan-yangin\/adanada-hastanede-korkutan-yangin-7\/\" border=\"0\" itemprop=\"url\"> <meta itemprop=\"width\" content=\"121\"> <meta itemprop=\"height\" content=\"81\"> <img decoding=\"async\" class=\"\" data-attachment-id=\"103005\" data-orig-file=\"http:\/\/www.tvturk.com\/wp-content\/uploads\/2019\/03\/adanada-hastanede-korkutan-yangin_fc6ed39.jpg\" data-orig-size=\"1000,666\" data-comments-opened=\"\" data-image-meta=\"{&quot;aperture&quot;:&quot;0&quot;,&quot;credit&quot;:&quot;IHA&quot;,&quot;camera&quot;:&quot;&quot;,&quot;caption&quot;:&quot;ADANA\\u2019DA \\u00c7UKUROVA \\u00dcN\\u0130VERS\\u0130TES\\u0130 TIP FAK\\u00dcLTES\\u0130 HASTANES\\u0130\\u2019NDE HEN\\u00dcZ BEL\\u0130RLENEMEYEN B\\u0130R SEBEPTEN DOLAYI \\u00c7IKAN \\u0130TFA\\u0130YE EK\\u0130PLER\\u0130NCE S\\u00d6ND\\u00dcR\\u00dcLD\\u00dc. (S\\u00dcLEYMAN CENK \\u0130DAYE\\\/ADANA-\\u0130HA)&quot;,&quot;created_timestamp&quot;:&quot;0&quot;,&quot;copyright&quot;:&quot;\\u0130HLAS HABER AJANSI, www.iha.com.tr&quot;,&quot;focal_length&quot;:&quot;0&quot;,&quot;iso&quot;:&quot;0&quot;,&quot;shutter_speed&quot;:&quot;0&quot;,&quot;title&quot;:&quot;ADANA\\u2019DA HASTANEDE KORKUTAN YANGIN&quot;,&quot;orientation&quot;:&quot;0&quot;}\" data-image-title=\"Adana\u2019da hastanede korkutan yang\u0131n\" data-image-description=\"&lt;p&gt;Adana\u2019da hastanede korkutan yang\u0131n&lt;\/p&gt; \" data-medium-file=\"https:\/\/i0.wp.com\/www.tvturk.com\/wp-content\/uploads\/2019\/03\/adanada-hastanede-korkutan-yangin_fc6ed39.jpg?fit=300%2C200\" data-large-file=\"https:\/\/i0.wp.com\/www.tvturk.com\/wp-content\/uploads\/2019\/03\/adanada-hastanede-korkutan-yangin_fc6ed39.jpg?fit=1000%2C666\" src=\"https:\/\/i0.wp.com\/www.tvturk.com\/wp-content\/uploads\/2019\/03\/adanada-hastanede-korkutan-yangin_fc6ed39.jpg?w=121&#038;h=81\" srcset=\"https:\/\/i0.wp.com\/www.tvturk.com\/wp-content\/uploads\/2019\/03\/adanada-hastanede-korkutan-yangin_fc6ed39.jpg?w=1000 1000w, https:\/\/i0.wp.com\/www.tvturk.com\/wp-content\/uploads\/2019\/03\/adanada-hastanede-korkutan-yangin_fc6ed39.jpg?resize=150%2C100 150w, https:\/\/i0.wp.com\/www.tvturk.com\/wp-content\/uploads\/2019\/03\/adanada-hastanede-korkutan-yangin_fc6ed39.jpg?resize=300%2C200 300w, https:\/\/i0.wp.com\/www.tvturk.com\/wp-content\/uploads\/2019\/03\/adanada-hastanede-korkutan-yangin_fc6ed39.jpg?resize=768%2C511 768w, https:\/\/i0.wp.com\/www.tvturk.com\/wp-content\/uploads\/2019\/03\/adanada-hastanede-korkutan-yangin_fc6ed39.jpg?resize=170%2C113 170w, https:\/\/i0.wp.com\/www.tvturk.com\/wp-content\/uploads\/2019\/03\/adanada-hastanede-korkutan-yangin_fc6ed39.jpg?resize=120%2C80 120w, https:\/\/i0.wp.com\/www.tvturk.com\/wp-content\/uploads\/2019\/03\/adanada-hastanede-korkutan-yangin_fc6ed39.jpg?resize=80%2C55 80w\" width=\"121\" height=\"81\" loading=\"lazy\" data-original-width=\"121\" data-original-height=\"81\" itemprop=\"http:\/\/schema.org\/image\" title=\"Adana\u2019da hastanede korkutan yang\u0131n\" alt=\"Adana\u2019da hastanede korkutan yang\u0131n\" style=\"width: 121px; height: 81px;\" \/> <\/a> <\/div> <\/div> <!-- close group --> <div class=\"gallery-group images-1\" style=\"width: 125px; height: 85px;\" data-original-width=\"125\" data-original-height=\"85\" > <div class=\"tiled-gallery-item tiled-gallery-item-small\" itemprop=\"associatedMedia\" itemscope itemtype=\"http:\/\/schema.org\/ImageObject\"> <a href=\"http:\/\/www.tvturk.com\/index.php\/adanada-hastanede-korkutan-yangin\/adanada-hastanede-korkutan-yangin-8\/\" border=\"0\" itemprop=\"url\"> <meta itemprop=\"width\" content=\"121\"> <meta itemprop=\"height\" content=\"81\"> <img decoding=\"async\" class=\"\" data-attachment-id=\"103006\" data-orig-file=\"http:\/\/www.tvturk.com\/wp-content\/uploads\/2019\/03\/adanada-hastanede-korkutan-yangin_a82ad27.jpg\" data-orig-size=\"1000,666\" data-comments-opened=\"\" data-image-meta=\"{&quot;aperture&quot;:&quot;0&quot;,&quot;credit&quot;:&quot;IHA&quot;,&quot;camera&quot;:&quot;&quot;,&quot;caption&quot;:&quot;ADANA\\u2019DA \\u00c7UKUROVA \\u00dcN\\u0130VERS\\u0130TES\\u0130 TIP FAK\\u00dcLTES\\u0130 HASTANES\\u0130\\u2019NDE HEN\\u00dcZ BEL\\u0130RLENEMEYEN B\\u0130R SEBEPTEN DOLAYI \\u00c7IKAN \\u0130TFA\\u0130YE EK\\u0130PLER\\u0130NCE S\\u00d6ND\\u00dcR\\u00dcLD\\u00dc. (S\\u00dcLEYMAN CENK \\u0130DAYE\\\/ADANA-\\u0130HA)&quot;,&quot;created_timestamp&quot;:&quot;0&quot;,&quot;copyright&quot;:&quot;\\u0130HLAS HABER AJANSI, www.iha.com.tr&quot;,&quot;focal_length&quot;:&quot;0&quot;,&quot;iso&quot;:&quot;0&quot;,&quot;shutter_speed&quot;:&quot;0&quot;,&quot;title&quot;:&quot;ADANA\\u2019DA HASTANEDE KORKUTAN YANGIN&quot;,&quot;orientation&quot;:&quot;0&quot;}\" data-image-title=\"Adana\u2019da hastanede korkutan yang\u0131n\" data-image-description=\"&lt;p&gt;Adana\u2019da hastanede korkutan yang\u0131n&lt;\/p&gt; \" data-medium-file=\"https:\/\/i0.wp.com\/www.tvturk.com\/wp-content\/uploads\/2019\/03\/adanada-hastanede-korkutan-yangin_a82ad27.jpg?fit=300%2C200\" data-large-file=\"https:\/\/i0.wp.com\/www.tvturk.com\/wp-content\/uploads\/2019\/03\/adanada-hastanede-korkutan-yangin_a82ad27.jpg?fit=1000%2C666\" src=\"https:\/\/i0.wp.com\/www.tvturk.com\/wp-content\/uploads\/2019\/03\/adanada-hastanede-korkutan-yangin_a82ad27.jpg?w=121&#038;h=81\" srcset=\"https:\/\/i0.wp.com\/www.tvturk.com\/wp-content\/uploads\/2019\/03\/adanada-hastanede-korkutan-yangin_a82ad27.jpg?w=1000 1000w, https:\/\/i0.wp.com\/www.tvturk.com\/wp-content\/uploads\/2019\/03\/adanada-hastanede-korkutan-yangin_a82ad27.jpg?resize=150%2C100 150w, https:\/\/i0.wp.com\/www.tvturk.com\/wp-content\/uploads\/2019\/03\/adanada-hastanede-korkutan-yangin_a82ad27.jpg?resize=300%2C200 300w, https:\/\/i0.wp.com\/www.tvturk.com\/wp-content\/uploads\/2019\/03\/adanada-hastanede-korkutan-yangin_a82ad27.jpg?resize=768%2C511 768w, https:\/\/i0.wp.com\/www.tvturk.com\/wp-content\/uploads\/2019\/03\/adanada-hastanede-korkutan-yangin_a82ad27.jpg?resize=170%2C113 170w, https:\/\/i0.wp.com\/www.tvturk.com\/wp-content\/uploads\/2019\/03\/adanada-hastanede-korkutan-yangin_a82ad27.jpg?resize=120%2C80 120w, https:\/\/i0.wp.com\/www.tvturk.com\/wp-content\/uploads\/2019\/03\/adanada-hastanede-korkutan-yangin_a82ad27.jpg?resize=80%2C55 80w\" width=\"121\" height=\"81\" loading=\"lazy\" data-original-width=\"121\" data-original-height=\"81\" itemprop=\"http:\/\/schema.org\/image\" title=\"Adana\u2019da hastanede korkutan yang\u0131n\" alt=\"Adana\u2019da hastanede korkutan yang\u0131n\" style=\"width: 121px; height: 81px;\" \/> <\/a> <\/div> <\/div> <!-- close group --> <div class=\"gallery-group images-1\" style=\"width: 125px; height: 85px;\" data-original-width=\"125\" data-original-height=\"85\" > <div class=\"tiled-gallery-item tiled-gallery-item-small\" itemprop=\"associatedMedia\" itemscope itemtype=\"http:\/\/schema.org\/ImageObject\"> <a href=\"http:\/\/www.tvturk.com\/index.php\/adanada-hastanede-korkutan-yangin\/adanada-hastanede-korkutan-yangin-9\/\" border=\"0\" itemprop=\"url\"> <meta itemprop=\"width\" content=\"121\"> <meta itemprop=\"height\" content=\"81\"> <img decoding=\"async\" class=\"\" data-attachment-id=\"103007\" data-orig-file=\"http:\/\/www.tvturk.com\/wp-content\/uploads\/2019\/03\/adanada-hastanede-korkutan-yangin_00279ee.jpg\" data-orig-size=\"1000,666\" data-comments-opened=\"\" data-image-meta=\"{&quot;aperture&quot;:&quot;0&quot;,&quot;credit&quot;:&quot;IHA&quot;,&quot;camera&quot;:&quot;&quot;,&quot;caption&quot;:&quot;ADANA\\u2019DA \\u00c7UKUROVA \\u00dcN\\u0130VERS\\u0130TES\\u0130 TIP FAK\\u00dcLTES\\u0130 HASTANES\\u0130\\u2019NDE HEN\\u00dcZ BEL\\u0130RLENEMEYEN B\\u0130R SEBEPTEN DOLAYI \\u00c7IKAN \\u0130TFA\\u0130YE EK\\u0130PLER\\u0130NCE S\\u00d6ND\\u00dcR\\u00dcLD\\u00dc. (S\\u00dcLEYMAN CENK \\u0130DAYE\\\/ADANA-\\u0130HA)&quot;,&quot;created_timestamp&quot;:&quot;0&quot;,&quot;copyright&quot;:&quot;\\u0130HLAS HABER AJANSI, www.iha.com.tr&quot;,&quot;focal_length&quot;:&quot;0&quot;,&quot;iso&quot;:&quot;0&quot;,&quot;shutter_speed&quot;:&quot;0&quot;,&quot;title&quot;:&quot;ADANA\\u2019DA HASTANEDE KORKUTAN YANGIN&quot;,&quot;orientation&quot;:&quot;0&quot;}\" data-image-title=\"Adana\u2019da hastanede korkutan yang\u0131n\" data-image-description=\"&lt;p&gt;Adana\u2019da hastanede korkutan yang\u0131n&lt;\/p&gt; \" data-medium-file=\"https:\/\/i0.wp.com\/www.tvturk.com\/wp-content\/uploads\/2019\/03\/adanada-hastanede-korkutan-yangin_00279ee.jpg?fit=300%2C200\" data-large-file=\"https:\/\/i0.wp.com\/www.tvturk.com\/wp-content\/uploads\/2019\/03\/adanada-hastanede-korkutan-yangin_00279ee.jpg?fit=1000%2C666\" src=\"https:\/\/i0.wp.com\/www.tvturk.com\/wp-content\/uploads\/2019\/03\/adanada-hastanede-korkutan-yangin_00279ee.jpg?w=121&#038;h=81\" srcset=\"https:\/\/i0.wp.com\/www.tvturk.com\/wp-content\/uploads\/2019\/03\/adanada-hastanede-korkutan-yangin_00279ee.jpg?w=1000 1000w, https:\/\/i0.wp.com\/www.tvturk.com\/wp-content\/uploads\/2019\/03\/adanada-hastanede-korkutan-yangin_00279ee.jpg?resize=150%2C100 150w, https:\/\/i0.wp.com\/www.tvturk.com\/wp-content\/uploads\/2019\/03\/adanada-hastanede-korkutan-yangin_00279ee.jpg?resize=300%2C200 300w, https:\/\/i0.wp.com\/www.tvturk.com\/wp-content\/uploads\/2019\/03\/adanada-hastanede-korkutan-yangin_00279ee.jpg?resize=768%2C511 768w, https:\/\/i0.wp.com\/www.tvturk.com\/wp-content\/uploads\/2019\/03\/adanada-hastanede-korkutan-yangin_00279ee.jpg?resize=170%2C113 170w, https:\/\/i0.wp.com\/www.tvturk.com\/wp-content\/uploads\/2019\/03\/adanada-hastanede-korkutan-yangin_00279ee.jpg?resize=120%2C80 120w, https:\/\/i0.wp.com\/www.tvturk.com\/wp-content\/uploads\/2019\/03\/adanada-hastanede-korkutan-yangin_00279ee.jpg?resize=80%2C55 80w\" width=\"121\" height=\"81\" loading=\"lazy\" data-original-width=\"121\" data-original-height=\"81\" itemprop=\"http:\/\/schema.org\/image\" title=\"Adana\u2019da hastanede korkutan yang\u0131n\" alt=\"Adana\u2019da hastanede korkutan yang\u0131n\" style=\"width: 121px; height: 81px;\" \/> <\/a> <\/div> <\/div> <!-- close group --> <\/div> <!-- close row --> <\/div><\/p>\n","protected":false},"excerpt":{"rendered":"<p>ADANA\u2019DA \u00c7UKUROVA \u00dcN\u0130VERS\u0130TES\u0130 TIP FAK\u00dcLTES\u0130 HASTANES\u0130\u2019NDE HEN\u00dcZ BEL\u0130RLENEMEYEN B\u0130R SEBEPTEN DOLAYI \u00c7IKAN \u0130TFA\u0130YE EK\u0130PLER\u0130NCE S\u00d6ND\u00dcR\u00dcLD\u00dc.<\/p>\n","protected":false},"author":1,"featured_media":103000,"comment_status":"closed","ping_status":"open","sticky":false,"template":"","format":"standard","meta":{"jetpack_post_was_ever_published":false,"_jetpack_newsletter_access":"","_jetpack_dont_email_post_to_subs":false,"_jetpack_newsletter_tier_id":0,"_jetpack_memberships_contains_paywalled_content":false,"_jetpack_memberships_contains_paid_content":false,"footnotes":"","jetpack_publicize_message":"","jetpack_publicize_feature_enabled":true,"jetpack_social_post_already_shared":true,"jetpack_social_options":{"image_generator_settings":{"template":"highway","default_image_id":0,"font":"","enabled":false},"version":2}},"categories":[655],"tags":[2887,7219,3560,1617],"class_list":["post-102999","post","type-post","status-publish","format-standard","has-post-thumbnail","hentry","category-son-dakika","tag-adanada","tag-hastanede","tag-korkutan","tag-yangin"],"jetpack_publicize_connections":[],"jetpack_featured_media_url":"https:\/\/i0.wp.com\/www.tvturk.com\/wp-content\/uploads\/2019\/03\/adanada-hastanede-korkutan-yangin_9d84310.jpg?fit=1000%2C666","jetpack_sharing_enabled":true,"jetpack_shortlink":"https:\/\/wp.me\/paKIfm-qNh","_links":{"self":[{"href":"http:\/\/www.tvturk.com\/index.php\/wp-json\/wp\/v2\/posts\/102999","targetHints":{"allow":["GET"]}}],"collection":[{"href":"http:\/\/www.tvturk.com\/index.php\/wp-json\/wp\/v2\/posts"}],"about":[{"href":"http:\/\/www.tvturk.com\/index.php\/wp-json\/wp\/v2\/types\/post"}],"author":[{"embeddable":true,"href":"http:\/\/www.tvturk.com\/index.php\/wp-json\/wp\/v2\/users\/1"}],"replies":[{"embeddable":true,"href":"http:\/\/www.tvturk.com\/index.php\/wp-json\/wp\/v2\/comments?post=102999"}],"version-history":[{"count":1,"href":"http:\/\/www.tvturk.com\/index.php\/wp-json\/wp\/v2\/posts\/102999\/revisions"}],"predecessor-version":[{"id":103008,"href":"http:\/\/www.tvturk.com\/index.php\/wp-json\/wp\/v2\/posts\/102999\/revisions\/103008"}],"wp:featuredmedia":[{"embeddable":true,"href":"http:\/\/www.tvturk.com\/index.php\/wp-json\/wp\/v2\/media\/103000"}],"wp:attachment":[{"href":"http:\/\/www.tvturk.com\/index.php\/wp-json\/wp\/v2\/media?parent=102999"}],"wp:term":[{"taxonomy":"category","embeddable":true,"href":"http:\/\/www.tvturk.com\/index.php\/wp-json\/wp\/v2\/categories?post=102999"},{"taxonomy":"post_tag","embeddable":true,"href":"http:\/\/www.tvturk.com\/index.php\/wp-json\/wp\/v2\/tags?post=102999"}],"curies":[{"name":"wp","href":"https:\/\/api.w.org\/{rel}","templated":true}]}}