{"id":103050,"date":"2019-03-20T08:43:54","date_gmt":"2019-03-20T05:43:54","guid":{"rendered":"http:\/\/www.tvturk.com\/index.php\/adanada-hdpye-pkk-operasyonu\/"},"modified":"2019-03-20T08:44:00","modified_gmt":"2019-03-20T05:44:00","slug":"adanada-hdpye-pkk-operasyonu","status":"publish","type":"post","link":"http:\/\/www.tvturk.com\/index.php\/adanada-hdpye-pkk-operasyonu\/","title":{"rendered":"Adana\u2019da HDP\u2019ye PKK operasyonu"},"content":{"rendered":"<p>Adana polisi b\u00f6l\u00fcc\u00fc ter\u00f6r \u00f6rg\u00fct\u00fc PKK ile ba\u011flant\u0131l\u0131 oldu\u011fu ve \u00f6rg\u00fct\u00fcn propagandas\u0131n\u0131 yapt\u0131\u011f\u0131 ileri s\u00fcr\u00fclen HDP Adana il y\u00f6netimine y\u00f6nelik operasyon yaparak aralar\u0131nda il e\u015f ba\u015fkan\u0131n\u0131n da bulundu\u011fu 12 ki\u015fiyi g\u00f6zalt\u0131na ald\u0131.<\/p>\n<p>Adana Cumhuriyet Ba\u015fsavc\u0131l\u0131\u011f\u0131n\u0131n y\u00fcr\u00fctt\u00fc\u011f\u00fc ter\u00f6r soru\u015fturmas\u0131 kapsam\u0131nda aralar\u0131nda HDP \u0130l E\u015f Ba\u015fkan\u0131 G\u00fclseren Turhan\u2019\u0131n da bulundu\u011fu 12 ki\u015fi hakk\u0131nda g\u00f6zalt\u0131 karar\u0131 verildi.<\/p>\n<p>Adana Emniyet M\u00fcd\u00fcrl\u00fc\u011f\u00fc Ter\u00f6rle M\u00fccadele \u015eube M\u00fcd\u00fcrl\u00fc\u011f\u00fc ekipleri soru\u015fturma kapsam\u0131nda g\u00f6zalt\u0131 karar\u0131 verilen ki\u015filerin yakalanmas\u0131 i\u00e7in \u015fafak vakti operasyon ba\u015flatt\u0131. Evlere \u00f6zel harekat polisleri e\u015fli\u011finde d\u00fczenlenen operasyonlarda aralar\u0131nda HDP \u0130l E\u015f ba\u015fkan\u0131 G\u00fclseren Turhan, eski HDP \u0130l E\u015f ba\u015fkan\u0131 H\u00fcseyin B.\u2019nin de bulundu\u011fu 12 ki\u015fi g\u00f6zalt\u0131na al\u0131nd\u0131.<\/p>\n<p>Zanl\u0131lar sa\u011fl\u0131k kontrol\u00fcnden ge\u00e7irilmek \u00fczere adli t\u0131p birimine g\u00f6t\u00fcr\u00fcld\u00fc. Zanl\u0131lar daha sonrada emniyete g\u00f6t\u00fcr\u00fclerek sorguya al\u0131nd\u0131.<\/p>\n<p>Bu arada polis HDP \u0130l Ba\u015fkanl\u0131\u011f\u0131 ve HDP Seyhan \u0130l\u00e7e Ba\u015fkanl\u0131\u011f\u0131 binalar\u0131na da girip arama ba\u015flatt\u0131. Parti binalar\u0131ndaki aramalar devam ediyor.<\/p>\n<p>G\u00f6zalt\u0131na al\u0131nan zanl\u0131lar\u0131n b\u00f6l\u00fcc\u00fc ter\u00f6r \u00f6rg\u00fct\u00fc PKK ile ba\u011flant\u0131l\u0131 oldu\u011fu ve \u00f6rg\u00fct\u00fcn propagandas\u0131n\u0131 yapt\u0131\u011f\u0131 ileri s\u00fcr\u00fcl\u00fcyor.<div class=\"tiled-gallery type-rectangular tiled-gallery-unresized\" data-original-width=\"500\" data-carousel-extra='null' itemscope itemtype=\"http:\/\/schema.org\/ImageGallery\" > <div class=\"gallery-row\" style=\"width: 500px; height: 224px;\" data-original-width=\"500\" data-original-height=\"224\" > <div class=\"gallery-group images-1\" style=\"width: 334px; height: 224px;\" data-original-width=\"334\" data-original-height=\"224\" > <div class=\"tiled-gallery-item tiled-gallery-item-large\" itemprop=\"associatedMedia\" itemscope itemtype=\"http:\/\/schema.org\/ImageObject\"> <a href=\"http:\/\/www.tvturk.com\/index.php\/adanada-hdpye-pkk-operasyonu\/adanada-hdpye-pkk-operasyonu-3\/\" border=\"0\" itemprop=\"url\"> <meta itemprop=\"width\" content=\"330\"> <meta itemprop=\"height\" content=\"220\"> <img decoding=\"async\" class=\"\" data-attachment-id=\"103052\" data-orig-file=\"http:\/\/www.tvturk.com\/wp-content\/uploads\/2019\/03\/adanada-hdpye-pkk-operasyonu_83a8416.jpg\" data-orig-size=\"1000,666\" data-comments-opened=\"\" data-image-meta=\"{&quot;aperture&quot;:&quot;0&quot;,&quot;credit&quot;:&quot;IHA&quot;,&quot;camera&quot;:&quot;&quot;,&quot;caption&quot;:&quot;ADANA POL\\u0130S\\u0130 B\\u00d6L\\u00dcC\\u00dc TER\\u00d6R \\u00d6RG\\u00dcT\\u00dc PKK \\u0130LE BA\\u011eLANTILI OLDU\\u011eU VE \\u00d6RG\\u00dcT\\u00dcN PROPAGANDASINI YAPTI\\u011eI \\u0130LER\\u0130 S\\u00dcR\\u00dcLEN HDP ADANA \\u0130L Y\\u00d6NET\\u0130M\\u0130NE Y\\u00d6NEL\\u0130K OPERASYON YAPTI (FAT\\u0130H KE\\u00c7E - SERKAN \\u00c7ET\\u0130NKAYA - S\\u00dcLEYMAN CENK \\u0130DAYE\\\/ADANA-\\u0130HA)&quot;,&quot;created_timestamp&quot;:&quot;0&quot;,&quot;copyright&quot;:&quot;\\u0130HLAS HABER AJANSI, www.iha.com.tr&quot;,&quot;focal_length&quot;:&quot;0&quot;,&quot;iso&quot;:&quot;0&quot;,&quot;shutter_speed&quot;:&quot;0&quot;,&quot;title&quot;:&quot;ADANA\\u0027DA HDP\\u0027YE PKK OPERASYONU ADANA POL\\u0130S\\u0130 B\\u00d6L\\u00dcC\\u00dc TER\\u00d6R \\u00d6RG\\u00dcT\\u00dc PKK \\u0130LE BA\\u011eLANTILI OLDU\\u011eU VE \\u00d6RG\\u00dcT\\u00dcN PROPAGANDASINI YAPTI\\u011eI \\u0130LER\\u0130 S\\u00dcR\\u00dcLEN HDP ADANA \\u0130L Y\\u00d6NET\\u0130M\\u0130NE Y\\u00d6NEL\\u0130K OPERASYON YAPTI ARALARINDA \\u0130L E\\u015e BA\\u015eKANININ DA OLDU\\u011eU 12 K\\u0130\\u015e\\u0130Y\\u0130 G\\u00d6ZALTINA ALINDI POL\\u0130S HDP \\u0130L B\\u0130NASININ KAPISINI \\u00c7\\u0130L\\u0130NG\\u0130R \\u0130LE A\\u00c7IP \\u0130\\u00c7ER\\u0130 G\\u0130R\\u0130P ARAMA BA\\u015eLATTI&quot;,&quot;orientation&quot;:&quot;0&quot;}\" data-image-title=\"Adana\u2019da HDP\u2019ye PKK operasyonu\" data-image-description=\"&lt;p&gt;Adana\u2019da HDP\u2019ye PKK operasyonu&lt;\/p&gt; \" data-medium-file=\"https:\/\/i0.wp.com\/www.tvturk.com\/wp-content\/uploads\/2019\/03\/adanada-hdpye-pkk-operasyonu_83a8416.jpg?fit=300%2C200\" data-large-file=\"https:\/\/i0.wp.com\/www.tvturk.com\/wp-content\/uploads\/2019\/03\/adanada-hdpye-pkk-operasyonu_83a8416.jpg?fit=1000%2C666\" src=\"https:\/\/i0.wp.com\/www.tvturk.com\/wp-content\/uploads\/2019\/03\/adanada-hdpye-pkk-operasyonu_83a8416.jpg?w=330&#038;h=220\" srcset=\"https:\/\/i0.wp.com\/www.tvturk.com\/wp-content\/uploads\/2019\/03\/adanada-hdpye-pkk-operasyonu_83a8416.jpg?w=1000 1000w, https:\/\/i0.wp.com\/www.tvturk.com\/wp-content\/uploads\/2019\/03\/adanada-hdpye-pkk-operasyonu_83a8416.jpg?resize=150%2C100 150w, https:\/\/i0.wp.com\/www.tvturk.com\/wp-content\/uploads\/2019\/03\/adanada-hdpye-pkk-operasyonu_83a8416.jpg?resize=300%2C200 300w, https:\/\/i0.wp.com\/www.tvturk.com\/wp-content\/uploads\/2019\/03\/adanada-hdpye-pkk-operasyonu_83a8416.jpg?resize=768%2C511 768w, https:\/\/i0.wp.com\/www.tvturk.com\/wp-content\/uploads\/2019\/03\/adanada-hdpye-pkk-operasyonu_83a8416.jpg?resize=170%2C113 170w, https:\/\/i0.wp.com\/www.tvturk.com\/wp-content\/uploads\/2019\/03\/adanada-hdpye-pkk-operasyonu_83a8416.jpg?resize=120%2C80 120w\" width=\"330\" height=\"220\" loading=\"lazy\" data-original-width=\"330\" data-original-height=\"220\" itemprop=\"http:\/\/schema.org\/image\" title=\"Adana\u2019da HDP\u2019ye PKK operasyonu\" alt=\"Adana\u2019da HDP\u2019ye PKK operasyonu\" style=\"width: 330px; height: 220px;\" \/> <\/a> <\/div> <\/div> <!-- close group --> <div class=\"gallery-group images-2\" style=\"width: 166px; height: 224px;\" data-original-width=\"166\" data-original-height=\"224\" > <div class=\"tiled-gallery-item tiled-gallery-item-small\" itemprop=\"associatedMedia\" itemscope itemtype=\"http:\/\/schema.org\/ImageObject\"> <a href=\"http:\/\/www.tvturk.com\/index.php\/adanada-hdpye-pkk-operasyonu\/adanada-hdpye-pkk-operasyonu-4\/\" border=\"0\" itemprop=\"url\"> <meta itemprop=\"width\" content=\"162\"> <meta itemprop=\"height\" content=\"103\"> <img decoding=\"async\" class=\"\" data-attachment-id=\"103053\" data-orig-file=\"http:\/\/www.tvturk.com\/wp-content\/uploads\/2019\/03\/adanada-hdpye-pkk-operasyonu_7f38657.jpg\" data-orig-size=\"1000,635\" data-comments-opened=\"\" data-image-meta=\"{&quot;aperture&quot;:&quot;0&quot;,&quot;credit&quot;:&quot;IHA&quot;,&quot;camera&quot;:&quot;&quot;,&quot;caption&quot;:&quot;ADANA POL\\u0130S\\u0130 B\\u00d6L\\u00dcC\\u00dc TER\\u00d6R \\u00d6RG\\u00dcT\\u00dc PKK \\u0130LE BA\\u011eLANTILI OLDU\\u011eU VE \\u00d6RG\\u00dcT\\u00dcN PROPAGANDASINI YAPTI\\u011eI \\u0130LER\\u0130 S\\u00dcR\\u00dcLEN HDP ADANA \\u0130L Y\\u00d6NET\\u0130M\\u0130NE Y\\u00d6NEL\\u0130K OPERASYON YAPTI (FAT\\u0130H KE\\u00c7E - SERKAN \\u00c7ET\\u0130NKAYA - S\\u00dcLEYMAN CENK \\u0130DAYE\\\/ADANA-\\u0130HA)&quot;,&quot;created_timestamp&quot;:&quot;0&quot;,&quot;copyright&quot;:&quot;\\u0130HLAS HABER AJANSI, www.iha.com.tr&quot;,&quot;focal_length&quot;:&quot;0&quot;,&quot;iso&quot;:&quot;0&quot;,&quot;shutter_speed&quot;:&quot;0&quot;,&quot;title&quot;:&quot;ADANA\\u0027DA HDP\\u0027YE PKK OPERASYONU ADANA POL\\u0130S\\u0130 B\\u00d6L\\u00dcC\\u00dc TER\\u00d6R \\u00d6RG\\u00dcT\\u00dc PKK \\u0130LE BA\\u011eLANTILI OLDU\\u011eU VE \\u00d6RG\\u00dcT\\u00dcN PROPAGANDASINI YAPTI\\u011eI \\u0130LER\\u0130 S\\u00dcR\\u00dcLEN HDP ADANA \\u0130L Y\\u00d6NET\\u0130M\\u0130NE Y\\u00d6NEL\\u0130K OPERASYON YAPTI ARALARINDA \\u0130L E\\u015e BA\\u015eKANININ DA OLDU\\u011eU 12 K\\u0130\\u015e\\u0130Y\\u0130 G\\u00d6ZALTINA ALINDI POL\\u0130S HDP \\u0130L B\\u0130NASININ KAPISINI \\u00c7\\u0130L\\u0130NG\\u0130R \\u0130LE A\\u00c7IP \\u0130\\u00c7ER\\u0130 G\\u0130R\\u0130P ARAMA BA\\u015eLATTI&quot;,&quot;orientation&quot;:&quot;0&quot;}\" data-image-title=\"Adana\u2019da HDP\u2019ye PKK operasyonu\" data-image-description=\"&lt;p&gt;Adana\u2019da HDP\u2019ye PKK operasyonu&lt;\/p&gt; \" data-medium-file=\"https:\/\/i0.wp.com\/www.tvturk.com\/wp-content\/uploads\/2019\/03\/adanada-hdpye-pkk-operasyonu_7f38657.jpg?fit=300%2C191\" data-large-file=\"https:\/\/i0.wp.com\/www.tvturk.com\/wp-content\/uploads\/2019\/03\/adanada-hdpye-pkk-operasyonu_7f38657.jpg?fit=1000%2C635\" src=\"https:\/\/i0.wp.com\/www.tvturk.com\/wp-content\/uploads\/2019\/03\/adanada-hdpye-pkk-operasyonu_7f38657.jpg?w=162&#038;h=103\" srcset=\"https:\/\/i0.wp.com\/www.tvturk.com\/wp-content\/uploads\/2019\/03\/adanada-hdpye-pkk-operasyonu_7f38657.jpg?w=1000 1000w, https:\/\/i0.wp.com\/www.tvturk.com\/wp-content\/uploads\/2019\/03\/adanada-hdpye-pkk-operasyonu_7f38657.jpg?resize=150%2C95 150w, https:\/\/i0.wp.com\/www.tvturk.com\/wp-content\/uploads\/2019\/03\/adanada-hdpye-pkk-operasyonu_7f38657.jpg?resize=300%2C191 300w, https:\/\/i0.wp.com\/www.tvturk.com\/wp-content\/uploads\/2019\/03\/adanada-hdpye-pkk-operasyonu_7f38657.jpg?resize=768%2C488 768w, https:\/\/i0.wp.com\/www.tvturk.com\/wp-content\/uploads\/2019\/03\/adanada-hdpye-pkk-operasyonu_7f38657.jpg?resize=460%2C290 460w\" width=\"162\" height=\"103\" loading=\"lazy\" data-original-width=\"162\" data-original-height=\"103\" itemprop=\"http:\/\/schema.org\/image\" title=\"Adana\u2019da HDP\u2019ye PKK operasyonu\" alt=\"Adana\u2019da HDP\u2019ye PKK operasyonu\" style=\"width: 162px; height: 103px;\" \/> <\/a> <\/div> <div class=\"tiled-gallery-item tiled-gallery-item-small\" itemprop=\"associatedMedia\" itemscope itemtype=\"http:\/\/schema.org\/ImageObject\"> <a href=\"http:\/\/www.tvturk.com\/index.php\/adanada-hdpye-pkk-operasyonu\/adanada-hdpye-pkk-operasyonu-5\/\" border=\"0\" itemprop=\"url\"> <meta itemprop=\"width\" content=\"162\"> <meta itemprop=\"height\" content=\"113\"> <img decoding=\"async\" class=\"\" data-attachment-id=\"103054\" data-orig-file=\"http:\/\/www.tvturk.com\/wp-content\/uploads\/2019\/03\/adanada-hdpye-pkk-operasyonu_b069659.jpg\" data-orig-size=\"1000,692\" data-comments-opened=\"\" data-image-meta=\"{&quot;aperture&quot;:&quot;0&quot;,&quot;credit&quot;:&quot;IHA&quot;,&quot;camera&quot;:&quot;&quot;,&quot;caption&quot;:&quot;ADANA POL\\u0130S\\u0130 B\\u00d6L\\u00dcC\\u00dc TER\\u00d6R \\u00d6RG\\u00dcT\\u00dc PKK \\u0130LE BA\\u011eLANTILI OLDU\\u011eU VE \\u00d6RG\\u00dcT\\u00dcN PROPAGANDASINI YAPTI\\u011eI \\u0130LER\\u0130 S\\u00dcR\\u00dcLEN HDP ADANA \\u0130L Y\\u00d6NET\\u0130M\\u0130NE Y\\u00d6NEL\\u0130K OPERASYON YAPTI (FAT\\u0130H KE\\u00c7E - SERKAN \\u00c7ET\\u0130NKAYA - S\\u00dcLEYMAN CENK \\u0130DAYE\\\/ADANA-\\u0130HA)&quot;,&quot;created_timestamp&quot;:&quot;0&quot;,&quot;copyright&quot;:&quot;\\u0130HLAS HABER AJANSI, www.iha.com.tr&quot;,&quot;focal_length&quot;:&quot;0&quot;,&quot;iso&quot;:&quot;0&quot;,&quot;shutter_speed&quot;:&quot;0&quot;,&quot;title&quot;:&quot;ADANA\\u0027DA HDP\\u0027YE PKK OPERASYONU ADANA POL\\u0130S\\u0130 B\\u00d6L\\u00dcC\\u00dc TER\\u00d6R \\u00d6RG\\u00dcT\\u00dc PKK \\u0130LE BA\\u011eLANTILI OLDU\\u011eU VE \\u00d6RG\\u00dcT\\u00dcN PROPAGANDASINI YAPTI\\u011eI \\u0130LER\\u0130 S\\u00dcR\\u00dcLEN HDP ADANA \\u0130L Y\\u00d6NET\\u0130M\\u0130NE Y\\u00d6NEL\\u0130K OPERASYON YAPTI ARALARINDA \\u0130L E\\u015e BA\\u015eKANININ DA OLDU\\u011eU 12 K\\u0130\\u015e\\u0130Y\\u0130 G\\u00d6ZALTINA ALINDI POL\\u0130S HDP \\u0130L B\\u0130NASININ KAPISINI \\u00c7\\u0130L\\u0130NG\\u0130R \\u0130LE A\\u00c7IP \\u0130\\u00c7ER\\u0130 G\\u0130R\\u0130P ARAMA BA\\u015eLATTI&quot;,&quot;orientation&quot;:&quot;0&quot;}\" data-image-title=\"Adana\u2019da HDP\u2019ye PKK operasyonu\" data-image-description=\"&lt;p&gt;Adana\u2019da HDP\u2019ye PKK operasyonu&lt;\/p&gt; \" data-medium-file=\"https:\/\/i0.wp.com\/www.tvturk.com\/wp-content\/uploads\/2019\/03\/adanada-hdpye-pkk-operasyonu_b069659.jpg?fit=300%2C208\" data-large-file=\"https:\/\/i0.wp.com\/www.tvturk.com\/wp-content\/uploads\/2019\/03\/adanada-hdpye-pkk-operasyonu_b069659.jpg?fit=1000%2C692\" src=\"https:\/\/i0.wp.com\/www.tvturk.com\/wp-content\/uploads\/2019\/03\/adanada-hdpye-pkk-operasyonu_b069659.jpg?w=162&#038;h=113\" srcset=\"https:\/\/i0.wp.com\/www.tvturk.com\/wp-content\/uploads\/2019\/03\/adanada-hdpye-pkk-operasyonu_b069659.jpg?w=1000 1000w, https:\/\/i0.wp.com\/www.tvturk.com\/wp-content\/uploads\/2019\/03\/adanada-hdpye-pkk-operasyonu_b069659.jpg?resize=150%2C104 150w, https:\/\/i0.wp.com\/www.tvturk.com\/wp-content\/uploads\/2019\/03\/adanada-hdpye-pkk-operasyonu_b069659.jpg?resize=300%2C208 300w, https:\/\/i0.wp.com\/www.tvturk.com\/wp-content\/uploads\/2019\/03\/adanada-hdpye-pkk-operasyonu_b069659.jpg?resize=768%2C531 768w, https:\/\/i0.wp.com\/www.tvturk.com\/wp-content\/uploads\/2019\/03\/adanada-hdpye-pkk-operasyonu_b069659.jpg?resize=80%2C55 80w\" width=\"162\" height=\"113\" loading=\"lazy\" data-original-width=\"162\" data-original-height=\"113\" itemprop=\"http:\/\/schema.org\/image\" title=\"Adana\u2019da HDP\u2019ye PKK operasyonu\" alt=\"Adana\u2019da HDP\u2019ye PKK operasyonu\" style=\"width: 162px; height: 113px;\" \/> <\/a> <\/div> <\/div> <!-- close group --> <\/div> <!-- close row --> <div class=\"gallery-row\" style=\"width: 500px; height: 401px;\" data-original-width=\"500\" data-original-height=\"401\" > <div class=\"gallery-group images-3\" style=\"width: 201px; height: 401px;\" data-original-width=\"201\" data-original-height=\"401\" > <div class=\"tiled-gallery-item tiled-gallery-item-small\" itemprop=\"associatedMedia\" itemscope itemtype=\"http:\/\/schema.org\/ImageObject\"> <a href=\"http:\/\/www.tvturk.com\/index.php\/adanada-hdpye-pkk-operasyonu\/adanada-hdpye-pkk-operasyonu-6\/\" border=\"0\" itemprop=\"url\"> <meta itemprop=\"width\" content=\"197\"> <meta itemprop=\"height\" content=\"123\"> <img decoding=\"async\" class=\"\" data-attachment-id=\"103055\" data-orig-file=\"http:\/\/www.tvturk.com\/wp-content\/uploads\/2019\/03\/adanada-hdpye-pkk-operasyonu_ee35c98.jpg\" data-orig-size=\"1000,624\" data-comments-opened=\"\" data-image-meta=\"{&quot;aperture&quot;:&quot;0&quot;,&quot;credit&quot;:&quot;IHA&quot;,&quot;camera&quot;:&quot;&quot;,&quot;caption&quot;:&quot;ADANA POL\\u0130S\\u0130 B\\u00d6L\\u00dcC\\u00dc TER\\u00d6R \\u00d6RG\\u00dcT\\u00dc PKK \\u0130LE BA\\u011eLANTILI OLDU\\u011eU VE \\u00d6RG\\u00dcT\\u00dcN PROPAGANDASINI YAPTI\\u011eI \\u0130LER\\u0130 S\\u00dcR\\u00dcLEN HDP ADANA \\u0130L Y\\u00d6NET\\u0130M\\u0130NE Y\\u00d6NEL\\u0130K OPERASYON YAPTI (FAT\\u0130H KE\\u00c7E - SERKAN \\u00c7ET\\u0130NKAYA - S\\u00dcLEYMAN CENK \\u0130DAYE\\\/ADANA-\\u0130HA)&quot;,&quot;created_timestamp&quot;:&quot;0&quot;,&quot;copyright&quot;:&quot;\\u0130HLAS HABER AJANSI, www.iha.com.tr&quot;,&quot;focal_length&quot;:&quot;0&quot;,&quot;iso&quot;:&quot;0&quot;,&quot;shutter_speed&quot;:&quot;0&quot;,&quot;title&quot;:&quot;ADANA\\u0027DA HDP\\u0027YE PKK OPERASYONU ADANA POL\\u0130S\\u0130 B\\u00d6L\\u00dcC\\u00dc TER\\u00d6R \\u00d6RG\\u00dcT\\u00dc PKK \\u0130LE BA\\u011eLANTILI OLDU\\u011eU VE \\u00d6RG\\u00dcT\\u00dcN PROPAGANDASINI YAPTI\\u011eI \\u0130LER\\u0130 S\\u00dcR\\u00dcLEN HDP ADANA \\u0130L Y\\u00d6NET\\u0130M\\u0130NE Y\\u00d6NEL\\u0130K OPERASYON YAPTI ARALARINDA \\u0130L E\\u015e BA\\u015eKANININ DA OLDU\\u011eU 12 K\\u0130\\u015e\\u0130Y\\u0130 G\\u00d6ZALTINA ALINDI POL\\u0130S HDP \\u0130L B\\u0130NASININ KAPISINI \\u00c7\\u0130L\\u0130NG\\u0130R \\u0130LE A\\u00c7IP \\u0130\\u00c7ER\\u0130 G\\u0130R\\u0130P ARAMA BA\\u015eLATTI&quot;,&quot;orientation&quot;:&quot;0&quot;}\" data-image-title=\"Adana\u2019da HDP\u2019ye PKK operasyonu\" data-image-description=\"&lt;p&gt;Adana\u2019da HDP\u2019ye PKK operasyonu&lt;\/p&gt; \" data-medium-file=\"https:\/\/i0.wp.com\/www.tvturk.com\/wp-content\/uploads\/2019\/03\/adanada-hdpye-pkk-operasyonu_ee35c98.jpg?fit=300%2C187\" data-large-file=\"https:\/\/i0.wp.com\/www.tvturk.com\/wp-content\/uploads\/2019\/03\/adanada-hdpye-pkk-operasyonu_ee35c98.jpg?fit=1000%2C624\" src=\"https:\/\/i0.wp.com\/www.tvturk.com\/wp-content\/uploads\/2019\/03\/adanada-hdpye-pkk-operasyonu_ee35c98.jpg?w=197&#038;h=123\" srcset=\"https:\/\/i0.wp.com\/www.tvturk.com\/wp-content\/uploads\/2019\/03\/adanada-hdpye-pkk-operasyonu_ee35c98.jpg?w=1000 1000w, https:\/\/i0.wp.com\/www.tvturk.com\/wp-content\/uploads\/2019\/03\/adanada-hdpye-pkk-operasyonu_ee35c98.jpg?resize=150%2C94 150w, https:\/\/i0.wp.com\/www.tvturk.com\/wp-content\/uploads\/2019\/03\/adanada-hdpye-pkk-operasyonu_ee35c98.jpg?resize=300%2C187 300w, https:\/\/i0.wp.com\/www.tvturk.com\/wp-content\/uploads\/2019\/03\/adanada-hdpye-pkk-operasyonu_ee35c98.jpg?resize=768%2C479 768w, https:\/\/i0.wp.com\/www.tvturk.com\/wp-content\/uploads\/2019\/03\/adanada-hdpye-pkk-operasyonu_ee35c98.jpg?resize=243%2C150 243w, https:\/\/i0.wp.com\/www.tvturk.com\/wp-content\/uploads\/2019\/03\/adanada-hdpye-pkk-operasyonu_ee35c98.jpg?resize=460%2C290 460w\" width=\"197\" height=\"123\" loading=\"lazy\" data-original-width=\"197\" data-original-height=\"123\" itemprop=\"http:\/\/schema.org\/image\" title=\"Adana\u2019da HDP\u2019ye PKK operasyonu\" alt=\"Adana\u2019da HDP\u2019ye PKK operasyonu\" style=\"width: 197px; height: 123px;\" \/> <\/a> <\/div> <div class=\"tiled-gallery-item tiled-gallery-item-small\" itemprop=\"associatedMedia\" itemscope itemtype=\"http:\/\/schema.org\/ImageObject\"> <a href=\"http:\/\/www.tvturk.com\/index.php\/adanada-hdpye-pkk-operasyonu\/adanada-hdpye-pkk-operasyonu-7\/\" border=\"0\" itemprop=\"url\"> <meta itemprop=\"width\" content=\"197\"> <meta itemprop=\"height\" content=\"113\"> <img decoding=\"async\" class=\"\" data-attachment-id=\"103056\" data-orig-file=\"http:\/\/www.tvturk.com\/wp-content\/uploads\/2019\/03\/adanada-hdpye-pkk-operasyonu_f65e0b2.jpg\" data-orig-size=\"1000,574\" data-comments-opened=\"\" data-image-meta=\"{&quot;aperture&quot;:&quot;0&quot;,&quot;credit&quot;:&quot;IHA&quot;,&quot;camera&quot;:&quot;&quot;,&quot;caption&quot;:&quot;ADANA POL\\u0130S\\u0130 B\\u00d6L\\u00dcC\\u00dc TER\\u00d6R \\u00d6RG\\u00dcT\\u00dc PKK \\u0130LE BA\\u011eLANTILI OLDU\\u011eU VE \\u00d6RG\\u00dcT\\u00dcN PROPAGANDASINI YAPTI\\u011eI \\u0130LER\\u0130 S\\u00dcR\\u00dcLEN HDP ADANA \\u0130L Y\\u00d6NET\\u0130M\\u0130NE Y\\u00d6NEL\\u0130K OPERASYON YAPTI (FAT\\u0130H KE\\u00c7E - SERKAN \\u00c7ET\\u0130NKAYA - S\\u00dcLEYMAN CENK \\u0130DAYE\\\/ADANA-\\u0130HA)&quot;,&quot;created_timestamp&quot;:&quot;0&quot;,&quot;copyright&quot;:&quot;\\u0130HLAS HABER AJANSI, www.iha.com.tr&quot;,&quot;focal_length&quot;:&quot;0&quot;,&quot;iso&quot;:&quot;0&quot;,&quot;shutter_speed&quot;:&quot;0&quot;,&quot;title&quot;:&quot;ADANA\\u0027DA HDP\\u0027YE PKK OPERASYONU ADANA POL\\u0130S\\u0130 B\\u00d6L\\u00dcC\\u00dc TER\\u00d6R \\u00d6RG\\u00dcT\\u00dc PKK \\u0130LE BA\\u011eLANTILI OLDU\\u011eU VE \\u00d6RG\\u00dcT\\u00dcN PROPAGANDASINI YAPTI\\u011eI \\u0130LER\\u0130 S\\u00dcR\\u00dcLEN HDP ADANA \\u0130L Y\\u00d6NET\\u0130M\\u0130NE Y\\u00d6NEL\\u0130K OPERASYON YAPTI ARALARINDA \\u0130L E\\u015e BA\\u015eKANININ DA OLDU\\u011eU 12 K\\u0130\\u015e\\u0130Y\\u0130 G\\u00d6ZALTINA ALINDI POL\\u0130S HDP \\u0130L B\\u0130NASININ KAPISINI \\u00c7\\u0130L\\u0130NG\\u0130R \\u0130LE A\\u00c7IP \\u0130\\u00c7ER\\u0130 G\\u0130R\\u0130P ARAMA BA\\u015eLATTI&quot;,&quot;orientation&quot;:&quot;0&quot;}\" data-image-title=\"Adana\u2019da HDP\u2019ye PKK operasyonu\" data-image-description=\"&lt;p&gt;Adana\u2019da HDP\u2019ye PKK operasyonu&lt;\/p&gt; \" data-medium-file=\"https:\/\/i0.wp.com\/www.tvturk.com\/wp-content\/uploads\/2019\/03\/adanada-hdpye-pkk-operasyonu_f65e0b2.jpg?fit=300%2C172\" data-large-file=\"https:\/\/i0.wp.com\/www.tvturk.com\/wp-content\/uploads\/2019\/03\/adanada-hdpye-pkk-operasyonu_f65e0b2.jpg?fit=1000%2C574\" src=\"https:\/\/i0.wp.com\/www.tvturk.com\/wp-content\/uploads\/2019\/03\/adanada-hdpye-pkk-operasyonu_f65e0b2.jpg?w=197&#038;h=113\" srcset=\"https:\/\/i0.wp.com\/www.tvturk.com\/wp-content\/uploads\/2019\/03\/adanada-hdpye-pkk-operasyonu_f65e0b2.jpg?w=1000 1000w, https:\/\/i0.wp.com\/www.tvturk.com\/wp-content\/uploads\/2019\/03\/adanada-hdpye-pkk-operasyonu_f65e0b2.jpg?resize=150%2C86 150w, https:\/\/i0.wp.com\/www.tvturk.com\/wp-content\/uploads\/2019\/03\/adanada-hdpye-pkk-operasyonu_f65e0b2.jpg?resize=300%2C172 300w, https:\/\/i0.wp.com\/www.tvturk.com\/wp-content\/uploads\/2019\/03\/adanada-hdpye-pkk-operasyonu_f65e0b2.jpg?resize=768%2C441 768w, https:\/\/i0.wp.com\/www.tvturk.com\/wp-content\/uploads\/2019\/03\/adanada-hdpye-pkk-operasyonu_f65e0b2.jpg?resize=380%2C220 380w\" width=\"197\" height=\"113\" loading=\"lazy\" data-original-width=\"197\" data-original-height=\"113\" itemprop=\"http:\/\/schema.org\/image\" title=\"Adana\u2019da HDP\u2019ye PKK operasyonu\" alt=\"Adana\u2019da HDP\u2019ye PKK operasyonu\" style=\"width: 197px; height: 113px;\" \/> <\/a> <\/div> <div class=\"tiled-gallery-item tiled-gallery-item-small\" itemprop=\"associatedMedia\" itemscope itemtype=\"http:\/\/schema.org\/ImageObject\"> <a href=\"http:\/\/www.tvturk.com\/index.php\/adanada-hdpye-pkk-operasyonu\/adanada-hdpye-pkk-operasyonu-8\/\" border=\"0\" itemprop=\"url\"> <meta itemprop=\"width\" content=\"197\"> <meta itemprop=\"height\" content=\"153\"> <img decoding=\"async\" class=\"\" data-attachment-id=\"103057\" data-orig-file=\"http:\/\/www.tvturk.com\/wp-content\/uploads\/2019\/03\/adanada-hdpye-pkk-operasyonu_0cee7e1.jpg\" data-orig-size=\"1000,778\" data-comments-opened=\"\" data-image-meta=\"{&quot;aperture&quot;:&quot;0&quot;,&quot;credit&quot;:&quot;IHA&quot;,&quot;camera&quot;:&quot;&quot;,&quot;caption&quot;:&quot;ADANA POL\\u0130S\\u0130 B\\u00d6L\\u00dcC\\u00dc TER\\u00d6R \\u00d6RG\\u00dcT\\u00dc PKK \\u0130LE BA\\u011eLANTILI OLDU\\u011eU VE \\u00d6RG\\u00dcT\\u00dcN PROPAGANDASINI YAPTI\\u011eI \\u0130LER\\u0130 S\\u00dcR\\u00dcLEN HDP ADANA \\u0130L Y\\u00d6NET\\u0130M\\u0130NE Y\\u00d6NEL\\u0130K OPERASYON YAPTI (FAT\\u0130H KE\\u00c7E - SERKAN \\u00c7ET\\u0130NKAYA - S\\u00dcLEYMAN CENK \\u0130DAYE\\\/ADANA-\\u0130HA)&quot;,&quot;created_timestamp&quot;:&quot;0&quot;,&quot;copyright&quot;:&quot;\\u0130HLAS HABER AJANSI, www.iha.com.tr&quot;,&quot;focal_length&quot;:&quot;0&quot;,&quot;iso&quot;:&quot;0&quot;,&quot;shutter_speed&quot;:&quot;0&quot;,&quot;title&quot;:&quot;ADANA\\u0027DA HDP\\u0027YE PKK OPERASYONU ADANA POL\\u0130S\\u0130 B\\u00d6L\\u00dcC\\u00dc TER\\u00d6R \\u00d6RG\\u00dcT\\u00dc PKK \\u0130LE BA\\u011eLANTILI OLDU\\u011eU VE \\u00d6RG\\u00dcT\\u00dcN PROPAGANDASINI YAPTI\\u011eI \\u0130LER\\u0130 S\\u00dcR\\u00dcLEN HDP ADANA \\u0130L Y\\u00d6NET\\u0130M\\u0130NE Y\\u00d6NEL\\u0130K OPERASYON YAPTI ARALARINDA \\u0130L E\\u015e BA\\u015eKANININ DA OLDU\\u011eU 12 K\\u0130\\u015e\\u0130Y\\u0130 G\\u00d6ZALTINA ALINDI POL\\u0130S HDP \\u0130L B\\u0130NASININ KAPISINI \\u00c7\\u0130L\\u0130NG\\u0130R \\u0130LE A\\u00c7IP \\u0130\\u00c7ER\\u0130 G\\u0130R\\u0130P ARAMA BA\\u015eLATTI&quot;,&quot;orientation&quot;:&quot;0&quot;}\" data-image-title=\"Adana\u2019da HDP\u2019ye PKK operasyonu\" data-image-description=\"&lt;p&gt;Adana\u2019da HDP\u2019ye PKK operasyonu&lt;\/p&gt; \" data-medium-file=\"https:\/\/i0.wp.com\/www.tvturk.com\/wp-content\/uploads\/2019\/03\/adanada-hdpye-pkk-operasyonu_0cee7e1.jpg?fit=300%2C233\" data-large-file=\"https:\/\/i0.wp.com\/www.tvturk.com\/wp-content\/uploads\/2019\/03\/adanada-hdpye-pkk-operasyonu_0cee7e1.jpg?fit=1000%2C778\" src=\"https:\/\/i0.wp.com\/www.tvturk.com\/wp-content\/uploads\/2019\/03\/adanada-hdpye-pkk-operasyonu_0cee7e1.jpg?w=197&#038;h=153\" srcset=\"https:\/\/i0.wp.com\/www.tvturk.com\/wp-content\/uploads\/2019\/03\/adanada-hdpye-pkk-operasyonu_0cee7e1.jpg?w=1000 1000w, https:\/\/i0.wp.com\/www.tvturk.com\/wp-content\/uploads\/2019\/03\/adanada-hdpye-pkk-operasyonu_0cee7e1.jpg?resize=150%2C117 150w, https:\/\/i0.wp.com\/www.tvturk.com\/wp-content\/uploads\/2019\/03\/adanada-hdpye-pkk-operasyonu_0cee7e1.jpg?resize=300%2C233 300w, https:\/\/i0.wp.com\/www.tvturk.com\/wp-content\/uploads\/2019\/03\/adanada-hdpye-pkk-operasyonu_0cee7e1.jpg?resize=768%2C598 768w\" width=\"197\" height=\"153\" loading=\"lazy\" data-original-width=\"197\" data-original-height=\"153\" itemprop=\"http:\/\/schema.org\/image\" title=\"Adana\u2019da HDP\u2019ye PKK operasyonu\" alt=\"Adana\u2019da HDP\u2019ye PKK operasyonu\" style=\"width: 197px; height: 153px;\" \/> <\/a> <\/div> <\/div> <!-- close group --> <div class=\"gallery-group images-1\" style=\"width: 299px; height: 401px;\" data-original-width=\"299\" data-original-height=\"401\" > <div class=\"tiled-gallery-item tiled-gallery-item-large\" itemprop=\"associatedMedia\" itemscope itemtype=\"http:\/\/schema.org\/ImageObject\"> <a href=\"http:\/\/www.tvturk.com\/index.php\/adanada-hdpye-pkk-operasyonu\/adanada-hdpye-pkk-operasyonu-9\/\" border=\"0\" itemprop=\"url\"> <meta itemprop=\"width\" content=\"295\"> <meta itemprop=\"height\" content=\"397\"> <img decoding=\"async\" class=\"\" data-attachment-id=\"103058\" data-orig-file=\"http:\/\/www.tvturk.com\/wp-content\/uploads\/2019\/03\/adanada-hdpye-pkk-operasyonu_a45f1df.jpg\" data-orig-size=\"742,1000\" data-comments-opened=\"\" data-image-meta=\"{&quot;aperture&quot;:&quot;0&quot;,&quot;credit&quot;:&quot;IHA&quot;,&quot;camera&quot;:&quot;&quot;,&quot;caption&quot;:&quot;ARALARINDA HDP \\u0130L E\\u015e BA\\u015eKANI G\\u00dcLSEREN TURHAN\\u0027IN DA BULUNDU\\u011eU 12 K\\u0130\\u015e\\u0130 G\\u00d6ZALTINA ALINDI (FAT\\u0130H KE\\u00c7E - SERKAN \\u00c7ET\\u0130NKAYA - S\\u00dcLEYMAN CENK \\u0130DAYE\\\/ADANA-\\u0130HA)&quot;,&quot;created_timestamp&quot;:&quot;0&quot;,&quot;copyright&quot;:&quot;\\u0130HLAS HABER AJANSI, www.iha.com.tr&quot;,&quot;focal_length&quot;:&quot;0&quot;,&quot;iso&quot;:&quot;0&quot;,&quot;shutter_speed&quot;:&quot;0&quot;,&quot;title&quot;:&quot;ADANA\\u0027DA HDP\\u0027YE PKK OPERASYONU ADANA POL\\u0130S\\u0130 B\\u00d6L\\u00dcC\\u00dc TER\\u00d6R \\u00d6RG\\u00dcT\\u00dc PKK \\u0130LE BA\\u011eLANTILI OLDU\\u011eU VE \\u00d6RG\\u00dcT\\u00dcN PROPAGANDASINI YAPTI\\u011eI \\u0130LER\\u0130 S\\u00dcR\\u00dcLEN HDP ADANA \\u0130L Y\\u00d6NET\\u0130M\\u0130NE Y\\u00d6NEL\\u0130K OPERASYON YAPTI ARALARINDA \\u0130L E\\u015e BA\\u015eKANININ DA OLDU\\u011eU 12 K\\u0130\\u015e\\u0130Y\\u0130 G\\u00d6ZALTINA ALINDI POL\\u0130S HDP \\u0130L B\\u0130NASININ KAPISINI \\u00c7\\u0130L\\u0130NG\\u0130R \\u0130LE A\\u00c7IP \\u0130\\u00c7ER\\u0130 G\\u0130R\\u0130P ARAMA BA\\u015eLATTI&quot;,&quot;orientation&quot;:&quot;0&quot;}\" data-image-title=\"Adana\u2019da HDP\u2019ye PKK operasyonu\" data-image-description=\"&lt;p&gt;Adana\u2019da HDP\u2019ye PKK operasyonu&lt;\/p&gt; \" data-medium-file=\"https:\/\/i0.wp.com\/www.tvturk.com\/wp-content\/uploads\/2019\/03\/adanada-hdpye-pkk-operasyonu_a45f1df.jpg?fit=223%2C300\" data-large-file=\"https:\/\/i0.wp.com\/www.tvturk.com\/wp-content\/uploads\/2019\/03\/adanada-hdpye-pkk-operasyonu_a45f1df.jpg?fit=742%2C1000\" src=\"https:\/\/i0.wp.com\/www.tvturk.com\/wp-content\/uploads\/2019\/03\/adanada-hdpye-pkk-operasyonu_a45f1df.jpg?w=295&#038;h=397\" srcset=\"https:\/\/i0.wp.com\/www.tvturk.com\/wp-content\/uploads\/2019\/03\/adanada-hdpye-pkk-operasyonu_a45f1df.jpg?w=742 742w, https:\/\/i0.wp.com\/www.tvturk.com\/wp-content\/uploads\/2019\/03\/adanada-hdpye-pkk-operasyonu_a45f1df.jpg?resize=111%2C150 111w, https:\/\/i0.wp.com\/www.tvturk.com\/wp-content\/uploads\/2019\/03\/adanada-hdpye-pkk-operasyonu_a45f1df.jpg?resize=223%2C300 223w\" width=\"295\" height=\"397\" loading=\"lazy\" data-original-width=\"295\" data-original-height=\"397\" itemprop=\"http:\/\/schema.org\/image\" title=\"Adana\u2019da HDP\u2019ye PKK operasyonu\" alt=\"Adana\u2019da HDP\u2019ye PKK operasyonu\" style=\"width: 295px; height: 397px;\" \/> <\/a> <\/div> <\/div> <!-- close group --> <\/div> <!-- close row --> <\/div><\/p>\n","protected":false},"excerpt":{"rendered":"<p>ADANA POL\u0130S\u0130 B\u00d6L\u00dcC\u00dc TER\u00d6R \u00d6RG\u00dcT\u00dc PKK \u0130LE BA\u011eLANTILI OLDU\u011eU VE \u00d6RG\u00dcT\u00dcN PROPAGANDASINI YAPTI\u011eI \u0130LER\u0130 S\u00dcR\u00dcLEN HDP ADANA \u0130L Y\u00d6NET\u0130M\u0130NE Y\u00d6NEL\u0130K OPERASYON YAPTI<\/p>\n","protected":false},"author":1,"featured_media":103051,"comment_status":"closed","ping_status":"open","sticky":false,"template":"","format":"standard","meta":{"jetpack_post_was_ever_published":false,"_jetpack_newsletter_access":"","_jetpack_dont_email_post_to_subs":false,"_jetpack_newsletter_tier_id":0,"_jetpack_memberships_contains_paywalled_content":false,"_jetpack_memberships_contains_paid_content":false,"footnotes":"","jetpack_publicize_message":"","jetpack_publicize_feature_enabled":true,"jetpack_social_post_already_shared":true,"jetpack_social_options":{"image_generator_settings":{"template":"highway","default_image_id":0,"font":"","enabled":false},"version":2}},"categories":[655],"tags":[20958,1137,2887,1157],"class_list":["post-103050","post","type-post","status-publish","format-standard","has-post-thumbnail","hentry","category-son-dakika","tag-hdpye","tag-pkk","tag-adanada","tag-operasyonu"],"jetpack_publicize_connections":[],"jetpack_featured_media_url":"https:\/\/i0.wp.com\/www.tvturk.com\/wp-content\/uploads\/2019\/03\/adanada-hdpye-pkk-operasyonu_28ac89c.jpg?fit=1000%2C666","jetpack_sharing_enabled":true,"jetpack_shortlink":"https:\/\/wp.me\/paKIfm-qO6","_links":{"self":[{"href":"http:\/\/www.tvturk.com\/index.php\/wp-json\/wp\/v2\/posts\/103050","targetHints":{"allow":["GET"]}}],"collection":[{"href":"http:\/\/www.tvturk.com\/index.php\/wp-json\/wp\/v2\/posts"}],"about":[{"href":"http:\/\/www.tvturk.com\/index.php\/wp-json\/wp\/v2\/types\/post"}],"author":[{"embeddable":true,"href":"http:\/\/www.tvturk.com\/index.php\/wp-json\/wp\/v2\/users\/1"}],"replies":[{"embeddable":true,"href":"http:\/\/www.tvturk.com\/index.php\/wp-json\/wp\/v2\/comments?post=103050"}],"version-history":[{"count":1,"href":"http:\/\/www.tvturk.com\/index.php\/wp-json\/wp\/v2\/posts\/103050\/revisions"}],"predecessor-version":[{"id":103059,"href":"http:\/\/www.tvturk.com\/index.php\/wp-json\/wp\/v2\/posts\/103050\/revisions\/103059"}],"wp:featuredmedia":[{"embeddable":true,"href":"http:\/\/www.tvturk.com\/index.php\/wp-json\/wp\/v2\/media\/103051"}],"wp:attachment":[{"href":"http:\/\/www.tvturk.com\/index.php\/wp-json\/wp\/v2\/media?parent=103050"}],"wp:term":[{"taxonomy":"category","embeddable":true,"href":"http:\/\/www.tvturk.com\/index.php\/wp-json\/wp\/v2\/categories?post=103050"},{"taxonomy":"post_tag","embeddable":true,"href":"http:\/\/www.tvturk.com\/index.php\/wp-json\/wp\/v2\/tags?post=103050"}],"curies":[{"name":"wp","href":"https:\/\/api.w.org\/{rel}","templated":true}]}}