{"id":103227,"date":"2019-03-20T09:46:04","date_gmt":"2019-03-20T06:46:04","guid":{"rendered":"http:\/\/www.tvturk.com\/index.php\/diyarbakirda-teroristlerin-inlerine-girildi\/"},"modified":"2019-03-20T09:46:09","modified_gmt":"2019-03-20T06:46:09","slug":"diyarbakirda-teroristlerin-inlerine-girildi","status":"publish","type":"post","link":"http:\/\/www.tvturk.com\/index.php\/diyarbakirda-teroristlerin-inlerine-girildi\/","title":{"rendered":"Diyarbak\u0131r\u2019da ter\u00f6ristlerin inlerine girildi"},"content":{"rendered":"<p>Diyarbak\u0131r\u2019\u0131n Lice ve Hani il\u00e7elerinde d\u00fczenlenen operasyonlarda ter\u00f6r \u00f6rg\u00fct\u00fc PKK\u2019ya ait 2 s\u0131\u011f\u0131nak ve m\u00fchimmat ele ge\u00e7irildi. S\u0131\u011f\u0131naklar kullan\u0131lamaz hale getirilirken, m\u00fchimmatlara ise el konuldu.<\/p>\n<p>Diyarbak\u0131r Valili\u011fi\u2019nden yap\u0131lan a\u00e7\u0131klamada, \u0130l Jandarma Komutanl\u0131\u011f\u0131\u2019nca, Lice ve Hani il\u00e7eleri m\u00fclki s\u0131n\u0131rlar\u0131 i\u00e7erisinde, 18 Mart 2019 Pazartesi g\u00fcn\u00fc saat 20.00\u2019dan itibaren jandarma \u00f6zel harekat timleri, polis \u00f6zel harekat timleri, jandarma komando timleri ve g\u00fcvenlik korucular\u0131yla icras\u0131na ba\u015flan\u0131lan Bayrak-118 \u015eehit Jandarma Uzman \u00c7avu\u015f Mustafa Eser-02 m\u00fc\u015fterek operasyonunun, 19 Mart 2019 Sal\u0131 g\u00fcn\u00fc saat 22.00 itibariyle ba\u015far\u0131yla tamamland\u0131\u011f\u0131 belirtildi. A\u00e7\u0131klamada, \u201cS\u00f6z konusu operasyonel faaliyet esnas\u0131nda, b\u00f6l\u00fcc\u00fc ter\u00f6r \u00f6rg\u00fct\u00fc mensuplar\u0131nca kullan\u0131lan 2 adet k\u0131\u015f s\u0131\u011f\u0131na\u011f\u0131 tespit edilmeyi m\u00fcteakip, tahrip edilerek kullan\u0131lamaz hale getirilmi\u015ftir. Ger\u00e7ekle\u015ftirilen temas arama faaliyetlerinde a\u011fa\u00e7l\u0131k alanda, kaya oyu\u011fu ve 3 adet jelikan bidon i\u00e7erisinde 1 adet MG-3 makinal\u0131 t\u00fcfek, 4 adet b\u00fcy\u00fck pil, 2 adet k\u00fc\u00e7\u00fck pil, 1 adet 4\u2019l\u00fc b\u00fcy\u00fck pil blo\u011fu, 1 adet ak\u00fc, 50 metre elektrik kablosu, 1 adet k\u00fc\u00e7\u00fck t\u00fcp, 20 adet bal\u0131k konserve, 1 adet telsiz mandal\u0131, 1 adet \u00e7anta, 5 adet ter\u00f6rist k\u0131yafeti, 2 adet ter\u00f6rist yele\u011fi, 2 adet pan\u00e7o, 1 adet mat, 3 adet uyku tulumu, 2 adet spor ayakkab\u0131, 1 adet e\u015fofman alt\u0131, 2 adet bel ba\u011f\u0131, 2 adet ya\u011fmurluk, 2 adet bandana, 1 adet polar, 1 adet koli band\u0131, 1 adet sinek kovan v\u00fccut losyonu ele ge\u00e7irilmi\u015f, delil niteli\u011fine haiz olan malzemeler muhafaza alt\u0131na al\u0131nm\u0131\u015f, di\u011fer malzemeler Cumhuriyet Ba\u015fsavc\u0131l\u0131\u011f\u0131n\u0131n talimat\u0131 gere\u011fince yerinde imha edilmi\u015ftir. Operasyon b\u00f6lgesi  i\u00e7erisindeki 21 konut ve eklentisinde yetkili makamlardan al\u0131nan karar uyar\u0131nca icra edilen adli arama faaliyetlerinde 32 \u015fah\u0131s ve 8 ara\u00e7 kontrol edilmi\u015f, 1 \u015fah\u0131s 1111 say\u0131l\u0131 Askerlik Kanunu gere\u011fince tebligat yap\u0131larak serbest b\u0131rak\u0131lm\u0131\u015ft\u0131r. B\u00f6lgemizde ya\u015fayan vatanda\u015flar\u0131m\u0131z\u0131n huzur ve g\u00fcvenli\u011finin sa\u011flanmas\u0131 ve ter\u00f6ristle m\u00fccadele kapsam\u0131nda y\u00fcr\u00fct\u00fclen operasyonlara artan bir azim ve kararl\u0131l\u0131kla devam edilmektedir\u201d denildi.<div class=\"tiled-gallery type-rectangular tiled-gallery-unresized\" data-original-width=\"500\" data-carousel-extra='null' itemscope itemtype=\"http:\/\/schema.org\/ImageGallery\" > <div class=\"gallery-row\" style=\"width: 500px; height: 229px;\" data-original-width=\"500\" data-original-height=\"229\" > <div class=\"gallery-group images-1\" style=\"width: 334px; height: 229px;\" data-original-width=\"334\" data-original-height=\"229\" > <div class=\"tiled-gallery-item tiled-gallery-item-large\" itemprop=\"associatedMedia\" itemscope itemtype=\"http:\/\/schema.org\/ImageObject\"> <a href=\"http:\/\/www.tvturk.com\/index.php\/diyarbakirda-teroristlerin-inlerine-girildi\/diyarbakirda-teroristlerin-inlerine-girildi-3\/\" border=\"0\" itemprop=\"url\"> <meta itemprop=\"width\" content=\"330\"> <meta itemprop=\"height\" content=\"225\"> <img decoding=\"async\" class=\"\" data-attachment-id=\"103229\" data-orig-file=\"http:\/\/www.tvturk.com\/wp-content\/uploads\/2019\/03\/diyarbakirda-teroristlerin-inlerine-girildi_0dbc6e3.jpg\" data-orig-size=\"1000,681\" data-comments-opened=\"\" data-image-meta=\"{&quot;aperture&quot;:&quot;0&quot;,&quot;credit&quot;:&quot;IHA&quot;,&quot;camera&quot;:&quot;&quot;,&quot;caption&quot;:&quot;D\\u0130YARBAKIR\\u2019IN L\\u0130CE VE HAN\\u0130 \\u0130L\\u00c7ELER\\u0130NDE D\\u00dcZENLENEN OPERASYONLARDA TER\\u00d6R \\u00d6RG\\u00dcT\\u00dc PKK\\u2019YA A\\u0130T 2 SI\\u011eINAK VE M\\u00dcH\\u0130MMAT ELE GE\\u00c7\\u0130R\\u0130LD\\u0130. SI\\u011eINAKLAR KULLANILAMAZ HALE GET\\u0130R\\u0130L\\u0130RKEN, M\\u00dcH\\u0130MMATLARA \\u0130SE EL KONULDU. (MUHS\\u0130N TA\\u015e - RIDVAN KILI\\u00c7\\\/D\\u0130YARBAKIR-\\u0130HA)&quot;,&quot;created_timestamp&quot;:&quot;0&quot;,&quot;copyright&quot;:&quot;\\u0130HLAS HABER AJANSI, www.iha.com.tr&quot;,&quot;focal_length&quot;:&quot;0&quot;,&quot;iso&quot;:&quot;0&quot;,&quot;shutter_speed&quot;:&quot;0&quot;,&quot;title&quot;:&quot;D\\u0130YARBAKIR\\u2019DA TER\\u00d6R\\u0130STLER\\u0130N \\u0130NLER\\u0130NE G\\u0130R\\u0130LD\\u0130 L\\u0130CE VE HAN\\u0130 \\u0130L\\u00c7ELER\\u0130NDE D\\u00dcZENLENEN OPERASYONLARDA TER\\u00d6R \\u00d6RG\\u00dcT\\u00dcNE A\\u0130T 2 SI\\u011eINAK \\u0130MHA ED\\u0130LD\\u0130 OPERASYONLARDA \\u00c7OK SAYIDA M\\u00dcH\\u0130MMAT VE YA\\u015eAM MALZEMELER\\u0130 ELE GE\\u00c7\\u0130R\\u0130LD\\u0130&quot;,&quot;orientation&quot;:&quot;0&quot;}\" data-image-title=\"Diyarbak\u0131r\u2019da ter\u00f6ristlerin inlerine girildi\" data-image-description=\"&lt;p&gt;Diyarbak\u0131r\u2019da ter\u00f6ristlerin inlerine girildi&lt;\/p&gt; \" data-medium-file=\"https:\/\/i0.wp.com\/www.tvturk.com\/wp-content\/uploads\/2019\/03\/diyarbakirda-teroristlerin-inlerine-girildi_0dbc6e3.jpg?fit=300%2C204\" data-large-file=\"https:\/\/i0.wp.com\/www.tvturk.com\/wp-content\/uploads\/2019\/03\/diyarbakirda-teroristlerin-inlerine-girildi_0dbc6e3.jpg?fit=1000%2C681\" src=\"https:\/\/i0.wp.com\/www.tvturk.com\/wp-content\/uploads\/2019\/03\/diyarbakirda-teroristlerin-inlerine-girildi_0dbc6e3.jpg?w=330&#038;h=225\" srcset=\"https:\/\/i0.wp.com\/www.tvturk.com\/wp-content\/uploads\/2019\/03\/diyarbakirda-teroristlerin-inlerine-girildi_0dbc6e3.jpg?w=1000 1000w, https:\/\/i0.wp.com\/www.tvturk.com\/wp-content\/uploads\/2019\/03\/diyarbakirda-teroristlerin-inlerine-girildi_0dbc6e3.jpg?resize=150%2C102 150w, https:\/\/i0.wp.com\/www.tvturk.com\/wp-content\/uploads\/2019\/03\/diyarbakirda-teroristlerin-inlerine-girildi_0dbc6e3.jpg?resize=300%2C204 300w, https:\/\/i0.wp.com\/www.tvturk.com\/wp-content\/uploads\/2019\/03\/diyarbakirda-teroristlerin-inlerine-girildi_0dbc6e3.jpg?resize=768%2C523 768w, https:\/\/i0.wp.com\/www.tvturk.com\/wp-content\/uploads\/2019\/03\/diyarbakirda-teroristlerin-inlerine-girildi_0dbc6e3.jpg?resize=80%2C55 80w\" width=\"330\" height=\"225\" loading=\"lazy\" data-original-width=\"330\" data-original-height=\"225\" itemprop=\"http:\/\/schema.org\/image\" title=\"Diyarbak\u0131r\u2019da ter\u00f6ristlerin inlerine girildi\" alt=\"Diyarbak\u0131r\u2019da ter\u00f6ristlerin inlerine girildi\" style=\"width: 330px; height: 225px;\" \/> <\/a> <\/div> <\/div> <!-- close group --> <div class=\"gallery-group images-2\" style=\"width: 166px; height: 229px;\" data-original-width=\"166\" data-original-height=\"229\" > <div class=\"tiled-gallery-item tiled-gallery-item-small\" itemprop=\"associatedMedia\" itemscope itemtype=\"http:\/\/schema.org\/ImageObject\"> <a href=\"http:\/\/www.tvturk.com\/index.php\/diyarbakirda-teroristlerin-inlerine-girildi\/diyarbakirda-teroristlerin-inlerine-girildi-4\/\" border=\"0\" itemprop=\"url\"> <meta itemprop=\"width\" content=\"162\"> <meta itemprop=\"height\" content=\"111\"> <img decoding=\"async\" class=\"\" data-attachment-id=\"103230\" data-orig-file=\"http:\/\/www.tvturk.com\/wp-content\/uploads\/2019\/03\/diyarbakirda-teroristlerin-inlerine-girildi_fcb1263.jpg\" data-orig-size=\"1000,682\" data-comments-opened=\"\" data-image-meta=\"{&quot;aperture&quot;:&quot;0&quot;,&quot;credit&quot;:&quot;IHA&quot;,&quot;camera&quot;:&quot;&quot;,&quot;caption&quot;:&quot;D\\u0130YARBAKIR\\u2019IN L\\u0130CE VE HAN\\u0130 \\u0130L\\u00c7ELER\\u0130NDE D\\u00dcZENLENEN OPERASYONLARDA TER\\u00d6R \\u00d6RG\\u00dcT\\u00dc PKK\\u2019YA A\\u0130T 2 SI\\u011eINAK VE M\\u00dcH\\u0130MMAT ELE GE\\u00c7\\u0130R\\u0130LD\\u0130. SI\\u011eINAKLAR KULLANILAMAZ HALE GET\\u0130R\\u0130L\\u0130RKEN, M\\u00dcH\\u0130MMATLARA \\u0130SE EL KONULDU. (MUHS\\u0130N TA\\u015e - RIDVAN KILI\\u00c7\\\/D\\u0130YARBAKIR-\\u0130HA)&quot;,&quot;created_timestamp&quot;:&quot;0&quot;,&quot;copyright&quot;:&quot;\\u0130HLAS HABER AJANSI, www.iha.com.tr&quot;,&quot;focal_length&quot;:&quot;0&quot;,&quot;iso&quot;:&quot;0&quot;,&quot;shutter_speed&quot;:&quot;0&quot;,&quot;title&quot;:&quot;D\\u0130YARBAKIR\\u2019DA TER\\u00d6R\\u0130STLER\\u0130N \\u0130NLER\\u0130NE G\\u0130R\\u0130LD\\u0130 L\\u0130CE VE HAN\\u0130 \\u0130L\\u00c7ELER\\u0130NDE D\\u00dcZENLENEN OPERASYONLARDA TER\\u00d6R \\u00d6RG\\u00dcT\\u00dcNE A\\u0130T 2 SI\\u011eINAK \\u0130MHA ED\\u0130LD\\u0130 OPERASYONLARDA \\u00c7OK SAYIDA M\\u00dcH\\u0130MMAT VE YA\\u015eAM MALZEMELER\\u0130 ELE GE\\u00c7\\u0130R\\u0130LD\\u0130&quot;,&quot;orientation&quot;:&quot;0&quot;}\" data-image-title=\"Diyarbak\u0131r\u2019da ter\u00f6ristlerin inlerine girildi\" data-image-description=\"&lt;p&gt;Diyarbak\u0131r\u2019da ter\u00f6ristlerin inlerine girildi&lt;\/p&gt; \" data-medium-file=\"https:\/\/i0.wp.com\/www.tvturk.com\/wp-content\/uploads\/2019\/03\/diyarbakirda-teroristlerin-inlerine-girildi_fcb1263.jpg?fit=300%2C205\" data-large-file=\"https:\/\/i0.wp.com\/www.tvturk.com\/wp-content\/uploads\/2019\/03\/diyarbakirda-teroristlerin-inlerine-girildi_fcb1263.jpg?fit=1000%2C682\" src=\"https:\/\/i0.wp.com\/www.tvturk.com\/wp-content\/uploads\/2019\/03\/diyarbakirda-teroristlerin-inlerine-girildi_fcb1263.jpg?w=162&#038;h=111\" srcset=\"https:\/\/i0.wp.com\/www.tvturk.com\/wp-content\/uploads\/2019\/03\/diyarbakirda-teroristlerin-inlerine-girildi_fcb1263.jpg?w=1000 1000w, https:\/\/i0.wp.com\/www.tvturk.com\/wp-content\/uploads\/2019\/03\/diyarbakirda-teroristlerin-inlerine-girildi_fcb1263.jpg?resize=150%2C102 150w, https:\/\/i0.wp.com\/www.tvturk.com\/wp-content\/uploads\/2019\/03\/diyarbakirda-teroristlerin-inlerine-girildi_fcb1263.jpg?resize=300%2C205 300w, https:\/\/i0.wp.com\/www.tvturk.com\/wp-content\/uploads\/2019\/03\/diyarbakirda-teroristlerin-inlerine-girildi_fcb1263.jpg?resize=768%2C524 768w, https:\/\/i0.wp.com\/www.tvturk.com\/wp-content\/uploads\/2019\/03\/diyarbakirda-teroristlerin-inlerine-girildi_fcb1263.jpg?resize=80%2C55 80w\" width=\"162\" height=\"111\" loading=\"lazy\" data-original-width=\"162\" data-original-height=\"111\" itemprop=\"http:\/\/schema.org\/image\" title=\"Diyarbak\u0131r\u2019da ter\u00f6ristlerin inlerine girildi\" alt=\"Diyarbak\u0131r\u2019da ter\u00f6ristlerin inlerine girildi\" style=\"width: 162px; height: 111px;\" \/> <\/a> <\/div> <div class=\"tiled-gallery-item tiled-gallery-item-small\" itemprop=\"associatedMedia\" itemscope itemtype=\"http:\/\/schema.org\/ImageObject\"> <a href=\"http:\/\/www.tvturk.com\/index.php\/diyarbakirda-teroristlerin-inlerine-girildi\/diyarbakirda-teroristlerin-inlerine-girildi-5\/\" border=\"0\" itemprop=\"url\"> <meta itemprop=\"width\" content=\"162\"> <meta itemprop=\"height\" content=\"110\"> <img decoding=\"async\" class=\"\" data-attachment-id=\"103231\" data-orig-file=\"http:\/\/www.tvturk.com\/wp-content\/uploads\/2019\/03\/diyarbakirda-teroristlerin-inlerine-girildi_6fae5ee.jpg\" data-orig-size=\"1000,682\" data-comments-opened=\"\" data-image-meta=\"{&quot;aperture&quot;:&quot;0&quot;,&quot;credit&quot;:&quot;IHA&quot;,&quot;camera&quot;:&quot;&quot;,&quot;caption&quot;:&quot;D\\u0130YARBAKIR\\u2019IN L\\u0130CE VE HAN\\u0130 \\u0130L\\u00c7ELER\\u0130NDE D\\u00dcZENLENEN OPERASYONLARDA TER\\u00d6R \\u00d6RG\\u00dcT\\u00dc PKK\\u2019YA A\\u0130T 2 SI\\u011eINAK VE M\\u00dcH\\u0130MMAT ELE GE\\u00c7\\u0130R\\u0130LD\\u0130. SI\\u011eINAKLAR KULLANILAMAZ HALE GET\\u0130R\\u0130L\\u0130RKEN, M\\u00dcH\\u0130MMATLARA \\u0130SE EL KONULDU. (MUHS\\u0130N TA\\u015e - RIDVAN KILI\\u00c7\\\/D\\u0130YARBAKIR-\\u0130HA)&quot;,&quot;created_timestamp&quot;:&quot;0&quot;,&quot;copyright&quot;:&quot;\\u0130HLAS HABER AJANSI, www.iha.com.tr&quot;,&quot;focal_length&quot;:&quot;0&quot;,&quot;iso&quot;:&quot;0&quot;,&quot;shutter_speed&quot;:&quot;0&quot;,&quot;title&quot;:&quot;D\\u0130YARBAKIR\\u2019DA TER\\u00d6R\\u0130STLER\\u0130N \\u0130NLER\\u0130NE G\\u0130R\\u0130LD\\u0130 L\\u0130CE VE HAN\\u0130 \\u0130L\\u00c7ELER\\u0130NDE D\\u00dcZENLENEN OPERASYONLARDA TER\\u00d6R \\u00d6RG\\u00dcT\\u00dcNE A\\u0130T 2 SI\\u011eINAK \\u0130MHA ED\\u0130LD\\u0130 OPERASYONLARDA \\u00c7OK SAYIDA M\\u00dcH\\u0130MMAT VE YA\\u015eAM MALZEMELER\\u0130 ELE GE\\u00c7\\u0130R\\u0130LD\\u0130&quot;,&quot;orientation&quot;:&quot;0&quot;}\" data-image-title=\"Diyarbak\u0131r\u2019da ter\u00f6ristlerin inlerine girildi\" data-image-description=\"&lt;p&gt;Diyarbak\u0131r\u2019da ter\u00f6ristlerin inlerine girildi&lt;\/p&gt; \" data-medium-file=\"https:\/\/i0.wp.com\/www.tvturk.com\/wp-content\/uploads\/2019\/03\/diyarbakirda-teroristlerin-inlerine-girildi_6fae5ee.jpg?fit=300%2C205\" data-large-file=\"https:\/\/i0.wp.com\/www.tvturk.com\/wp-content\/uploads\/2019\/03\/diyarbakirda-teroristlerin-inlerine-girildi_6fae5ee.jpg?fit=1000%2C682\" src=\"https:\/\/i0.wp.com\/www.tvturk.com\/wp-content\/uploads\/2019\/03\/diyarbakirda-teroristlerin-inlerine-girildi_6fae5ee.jpg?w=162&#038;h=110\" srcset=\"https:\/\/i0.wp.com\/www.tvturk.com\/wp-content\/uploads\/2019\/03\/diyarbakirda-teroristlerin-inlerine-girildi_6fae5ee.jpg?w=1000 1000w, https:\/\/i0.wp.com\/www.tvturk.com\/wp-content\/uploads\/2019\/03\/diyarbakirda-teroristlerin-inlerine-girildi_6fae5ee.jpg?resize=150%2C102 150w, https:\/\/i0.wp.com\/www.tvturk.com\/wp-content\/uploads\/2019\/03\/diyarbakirda-teroristlerin-inlerine-girildi_6fae5ee.jpg?resize=300%2C205 300w, https:\/\/i0.wp.com\/www.tvturk.com\/wp-content\/uploads\/2019\/03\/diyarbakirda-teroristlerin-inlerine-girildi_6fae5ee.jpg?resize=768%2C524 768w, https:\/\/i0.wp.com\/www.tvturk.com\/wp-content\/uploads\/2019\/03\/diyarbakirda-teroristlerin-inlerine-girildi_6fae5ee.jpg?resize=120%2C80 120w, https:\/\/i0.wp.com\/www.tvturk.com\/wp-content\/uploads\/2019\/03\/diyarbakirda-teroristlerin-inlerine-girildi_6fae5ee.jpg?resize=80%2C55 80w\" width=\"162\" height=\"110\" loading=\"lazy\" data-original-width=\"162\" data-original-height=\"110\" itemprop=\"http:\/\/schema.org\/image\" title=\"Diyarbak\u0131r\u2019da ter\u00f6ristlerin inlerine girildi\" alt=\"Diyarbak\u0131r\u2019da ter\u00f6ristlerin inlerine girildi\" style=\"width: 162px; height: 110px;\" \/> <\/a> <\/div> <\/div> <!-- close group --> <\/div> <!-- close row --> <div class=\"gallery-row\" style=\"width: 500px; height: 228px;\" data-original-width=\"500\" data-original-height=\"228\" > <div class=\"gallery-group images-2\" style=\"width: 169px; height: 228px;\" data-original-width=\"169\" data-original-height=\"228\" > <div class=\"tiled-gallery-item tiled-gallery-item-small\" itemprop=\"associatedMedia\" itemscope itemtype=\"http:\/\/schema.org\/ImageObject\"> <a href=\"http:\/\/www.tvturk.com\/index.php\/diyarbakirda-teroristlerin-inlerine-girildi\/diyarbakirda-teroristlerin-inlerine-girildi-6\/\" border=\"0\" itemprop=\"url\"> <meta itemprop=\"width\" content=\"165\"> <meta itemprop=\"height\" content=\"112\"> <img decoding=\"async\" class=\"\" data-attachment-id=\"103232\" data-orig-file=\"http:\/\/www.tvturk.com\/wp-content\/uploads\/2019\/03\/diyarbakirda-teroristlerin-inlerine-girildi_7abc18f.jpg\" data-orig-size=\"1000,681\" data-comments-opened=\"\" data-image-meta=\"{&quot;aperture&quot;:&quot;0&quot;,&quot;credit&quot;:&quot;IHA&quot;,&quot;camera&quot;:&quot;&quot;,&quot;caption&quot;:&quot;D\\u0130YARBAKIR\\u2019IN L\\u0130CE VE HAN\\u0130 \\u0130L\\u00c7ELER\\u0130NDE D\\u00dcZENLENEN OPERASYONLARDA TER\\u00d6R \\u00d6RG\\u00dcT\\u00dc PKK\\u2019YA A\\u0130T 2 SI\\u011eINAK VE M\\u00dcH\\u0130MMAT ELE GE\\u00c7\\u0130R\\u0130LD\\u0130. SI\\u011eINAKLAR KULLANILAMAZ HALE GET\\u0130R\\u0130L\\u0130RKEN, M\\u00dcH\\u0130MMATLARA \\u0130SE EL KONULDU. (MUHS\\u0130N TA\\u015e - RIDVAN KILI\\u00c7\\\/D\\u0130YARBAKIR-\\u0130HA)&quot;,&quot;created_timestamp&quot;:&quot;0&quot;,&quot;copyright&quot;:&quot;\\u0130HLAS HABER AJANSI, www.iha.com.tr&quot;,&quot;focal_length&quot;:&quot;0&quot;,&quot;iso&quot;:&quot;0&quot;,&quot;shutter_speed&quot;:&quot;0&quot;,&quot;title&quot;:&quot;D\\u0130YARBAKIR\\u2019DA TER\\u00d6R\\u0130STLER\\u0130N \\u0130NLER\\u0130NE G\\u0130R\\u0130LD\\u0130 L\\u0130CE VE HAN\\u0130 \\u0130L\\u00c7ELER\\u0130NDE D\\u00dcZENLENEN OPERASYONLARDA TER\\u00d6R \\u00d6RG\\u00dcT\\u00dcNE A\\u0130T 2 SI\\u011eINAK \\u0130MHA ED\\u0130LD\\u0130 OPERASYONLARDA \\u00c7OK SAYIDA M\\u00dcH\\u0130MMAT VE YA\\u015eAM MALZEMELER\\u0130 ELE GE\\u00c7\\u0130R\\u0130LD\\u0130&quot;,&quot;orientation&quot;:&quot;0&quot;}\" data-image-title=\"Diyarbak\u0131r\u2019da ter\u00f6ristlerin inlerine girildi\" data-image-description=\"&lt;p&gt;Diyarbak\u0131r\u2019da ter\u00f6ristlerin inlerine girildi&lt;\/p&gt; \" data-medium-file=\"https:\/\/i0.wp.com\/www.tvturk.com\/wp-content\/uploads\/2019\/03\/diyarbakirda-teroristlerin-inlerine-girildi_7abc18f.jpg?fit=300%2C204\" data-large-file=\"https:\/\/i0.wp.com\/www.tvturk.com\/wp-content\/uploads\/2019\/03\/diyarbakirda-teroristlerin-inlerine-girildi_7abc18f.jpg?fit=1000%2C681\" src=\"https:\/\/i0.wp.com\/www.tvturk.com\/wp-content\/uploads\/2019\/03\/diyarbakirda-teroristlerin-inlerine-girildi_7abc18f.jpg?w=165&#038;h=112\" srcset=\"https:\/\/i0.wp.com\/www.tvturk.com\/wp-content\/uploads\/2019\/03\/diyarbakirda-teroristlerin-inlerine-girildi_7abc18f.jpg?w=1000 1000w, https:\/\/i0.wp.com\/www.tvturk.com\/wp-content\/uploads\/2019\/03\/diyarbakirda-teroristlerin-inlerine-girildi_7abc18f.jpg?resize=150%2C102 150w, https:\/\/i0.wp.com\/www.tvturk.com\/wp-content\/uploads\/2019\/03\/diyarbakirda-teroristlerin-inlerine-girildi_7abc18f.jpg?resize=300%2C204 300w, https:\/\/i0.wp.com\/www.tvturk.com\/wp-content\/uploads\/2019\/03\/diyarbakirda-teroristlerin-inlerine-girildi_7abc18f.jpg?resize=768%2C523 768w, https:\/\/i0.wp.com\/www.tvturk.com\/wp-content\/uploads\/2019\/03\/diyarbakirda-teroristlerin-inlerine-girildi_7abc18f.jpg?resize=120%2C80 120w, https:\/\/i0.wp.com\/www.tvturk.com\/wp-content\/uploads\/2019\/03\/diyarbakirda-teroristlerin-inlerine-girildi_7abc18f.jpg?resize=80%2C55 80w\" width=\"165\" height=\"112\" loading=\"lazy\" data-original-width=\"165\" data-original-height=\"112\" itemprop=\"http:\/\/schema.org\/image\" title=\"Diyarbak\u0131r\u2019da ter\u00f6ristlerin inlerine girildi\" alt=\"Diyarbak\u0131r\u2019da ter\u00f6ristlerin inlerine girildi\" style=\"width: 165px; height: 112px;\" \/> <\/a> <\/div> <div class=\"tiled-gallery-item tiled-gallery-item-small\" itemprop=\"associatedMedia\" itemscope itemtype=\"http:\/\/schema.org\/ImageObject\"> <a href=\"http:\/\/www.tvturk.com\/index.php\/diyarbakirda-teroristlerin-inlerine-girildi\/diyarbakirda-teroristlerin-inlerine-girildi-7\/\" border=\"0\" itemprop=\"url\"> <meta itemprop=\"width\" content=\"165\"> <meta itemprop=\"height\" content=\"108\"> <img decoding=\"async\" class=\"\" data-attachment-id=\"103233\" data-orig-file=\"http:\/\/www.tvturk.com\/wp-content\/uploads\/2019\/03\/diyarbakirda-teroristlerin-inlerine-girildi_d2983c8.jpg\" data-orig-size=\"902,588\" data-comments-opened=\"\" data-image-meta=\"{&quot;aperture&quot;:&quot;0&quot;,&quot;credit&quot;:&quot;IHA&quot;,&quot;camera&quot;:&quot;&quot;,&quot;caption&quot;:&quot;D\\u0130YARBAKIR\\u2019IN L\\u0130CE VE HAN\\u0130 \\u0130L\\u00c7ELER\\u0130NDE D\\u00dcZENLENEN OPERASYONLARDA TER\\u00d6R \\u00d6RG\\u00dcT\\u00dc PKK\\u2019YA A\\u0130T 2 SI\\u011eINAK VE M\\u00dcH\\u0130MMAT ELE GE\\u00c7\\u0130R\\u0130LD\\u0130. SI\\u011eINAKLAR KULLANILAMAZ HALE GET\\u0130R\\u0130L\\u0130RKEN, M\\u00dcH\\u0130MMATLARA \\u0130SE EL KONULDU. (MUHS\\u0130N TA\\u015e - RIDVAN KILI\\u00c7\\\/D\\u0130YARBAKIR-\\u0130HA)&quot;,&quot;created_timestamp&quot;:&quot;1553103720&quot;,&quot;copyright&quot;:&quot;\\u0130HLAS HABER AJANSI, www.iha.com.tr&quot;,&quot;focal_length&quot;:&quot;0&quot;,&quot;iso&quot;:&quot;0&quot;,&quot;shutter_speed&quot;:&quot;0&quot;,&quot;title&quot;:&quot;D\\u0130YARBAKIR\\u2019DA TER\\u00d6R\\u0130STLER\\u0130N \\u0130NLER\\u0130NE G\\u0130R\\u0130LD\\u0130 L\\u0130CE VE HAN\\u0130 \\u0130L\\u00c7ELER\\u0130NDE D\\u00dcZENLENEN OPERASYONLARDA TER\\u00d6R \\u00d6RG\\u00dcT\\u00dcNE A\\u0130T 2 SI\\u011eINAK \\u0130MHA ED\\u0130LD\\u0130 OPERASYONLARDA \\u00c7OK SAYIDA M\\u00dcH\\u0130MMAT VE YA\\u015eAM MALZEMELER\\u0130 ELE GE\\u00c7\\u0130R\\u0130LD\\u0130&quot;,&quot;orientation&quot;:&quot;0&quot;}\" data-image-title=\"Diyarbak\u0131r\u2019da ter\u00f6ristlerin inlerine girildi\" data-image-description=\"&lt;p&gt;Diyarbak\u0131r\u2019da ter\u00f6ristlerin inlerine girildi&lt;\/p&gt; \" data-medium-file=\"https:\/\/i0.wp.com\/www.tvturk.com\/wp-content\/uploads\/2019\/03\/diyarbakirda-teroristlerin-inlerine-girildi_d2983c8.jpg?fit=300%2C196\" data-large-file=\"https:\/\/i0.wp.com\/www.tvturk.com\/wp-content\/uploads\/2019\/03\/diyarbakirda-teroristlerin-inlerine-girildi_d2983c8.jpg?fit=902%2C588\" src=\"https:\/\/i0.wp.com\/www.tvturk.com\/wp-content\/uploads\/2019\/03\/diyarbakirda-teroristlerin-inlerine-girildi_d2983c8.jpg?w=165&#038;h=108\" srcset=\"https:\/\/i0.wp.com\/www.tvturk.com\/wp-content\/uploads\/2019\/03\/diyarbakirda-teroristlerin-inlerine-girildi_d2983c8.jpg?w=902 902w, https:\/\/i0.wp.com\/www.tvturk.com\/wp-content\/uploads\/2019\/03\/diyarbakirda-teroristlerin-inlerine-girildi_d2983c8.jpg?resize=150%2C98 150w, https:\/\/i0.wp.com\/www.tvturk.com\/wp-content\/uploads\/2019\/03\/diyarbakirda-teroristlerin-inlerine-girildi_d2983c8.jpg?resize=300%2C196 300w, https:\/\/i0.wp.com\/www.tvturk.com\/wp-content\/uploads\/2019\/03\/diyarbakirda-teroristlerin-inlerine-girildi_d2983c8.jpg?resize=768%2C501 768w, https:\/\/i0.wp.com\/www.tvturk.com\/wp-content\/uploads\/2019\/03\/diyarbakirda-teroristlerin-inlerine-girildi_d2983c8.jpg?resize=510%2C330 510w, https:\/\/i0.wp.com\/www.tvturk.com\/wp-content\/uploads\/2019\/03\/diyarbakirda-teroristlerin-inlerine-girildi_d2983c8.jpg?resize=120%2C80 120w\" width=\"165\" height=\"108\" loading=\"lazy\" data-original-width=\"165\" data-original-height=\"108\" itemprop=\"http:\/\/schema.org\/image\" title=\"Diyarbak\u0131r\u2019da ter\u00f6ristlerin inlerine girildi\" alt=\"Diyarbak\u0131r\u2019da ter\u00f6ristlerin inlerine girildi\" style=\"width: 165px; height: 108px;\" \/> <\/a> <\/div> <\/div> <!-- close group --> <div class=\"gallery-group images-1\" style=\"width: 331px; height: 228px;\" data-original-width=\"331\" data-original-height=\"228\" > <div class=\"tiled-gallery-item tiled-gallery-item-large\" itemprop=\"associatedMedia\" itemscope itemtype=\"http:\/\/schema.org\/ImageObject\"> <a href=\"http:\/\/www.tvturk.com\/index.php\/diyarbakirda-teroristlerin-inlerine-girildi\/diyarbakirda-teroristlerin-inlerine-girildi-8\/\" border=\"0\" itemprop=\"url\"> <meta itemprop=\"width\" content=\"327\"> <meta itemprop=\"height\" content=\"224\"> <img decoding=\"async\" class=\"\" data-attachment-id=\"103234\" data-orig-file=\"http:\/\/www.tvturk.com\/wp-content\/uploads\/2019\/03\/diyarbakirda-teroristlerin-inlerine-girildi_29b11be.jpg\" data-orig-size=\"1000,685\" data-comments-opened=\"\" data-image-meta=\"{&quot;aperture&quot;:&quot;0&quot;,&quot;credit&quot;:&quot;IHA&quot;,&quot;camera&quot;:&quot;&quot;,&quot;caption&quot;:&quot;D\\u0130YARBAKIR\\u2019IN L\\u0130CE VE HAN\\u0130 \\u0130L\\u00c7ELER\\u0130NDE D\\u00dcZENLENEN OPERASYONLARDA TER\\u00d6R \\u00d6RG\\u00dcT\\u00dc PKK\\u2019YA A\\u0130T 2 SI\\u011eINAK VE M\\u00dcH\\u0130MMAT ELE GE\\u00c7\\u0130R\\u0130LD\\u0130. SI\\u011eINAKLAR KULLANILAMAZ HALE GET\\u0130R\\u0130L\\u0130RKEN, M\\u00dcH\\u0130MMATLARA \\u0130SE EL KONULDU. (MUHS\\u0130N TA\\u015e - RIDVAN KILI\\u00c7\\\/D\\u0130YARBAKIR-\\u0130HA)&quot;,&quot;created_timestamp&quot;:&quot;0&quot;,&quot;copyright&quot;:&quot;\\u0130HLAS HABER AJANSI, www.iha.com.tr&quot;,&quot;focal_length&quot;:&quot;0&quot;,&quot;iso&quot;:&quot;0&quot;,&quot;shutter_speed&quot;:&quot;0&quot;,&quot;title&quot;:&quot;D\\u0130YARBAKIR\\u2019DA TER\\u00d6R\\u0130STLER\\u0130N \\u0130NLER\\u0130NE G\\u0130R\\u0130LD\\u0130 L\\u0130CE VE HAN\\u0130 \\u0130L\\u00c7ELER\\u0130NDE D\\u00dcZENLENEN OPERASYONLARDA TER\\u00d6R \\u00d6RG\\u00dcT\\u00dcNE A\\u0130T 2 SI\\u011eINAK \\u0130MHA ED\\u0130LD\\u0130 OPERASYONLARDA \\u00c7OK SAYIDA M\\u00dcH\\u0130MMAT VE YA\\u015eAM MALZEMELER\\u0130 ELE GE\\u00c7\\u0130R\\u0130LD\\u0130&quot;,&quot;orientation&quot;:&quot;0&quot;}\" data-image-title=\"Diyarbak\u0131r\u2019da ter\u00f6ristlerin inlerine girildi\" data-image-description=\"&lt;p&gt;Diyarbak\u0131r\u2019da ter\u00f6ristlerin inlerine girildi&lt;\/p&gt; \" data-medium-file=\"https:\/\/i0.wp.com\/www.tvturk.com\/wp-content\/uploads\/2019\/03\/diyarbakirda-teroristlerin-inlerine-girildi_29b11be.jpg?fit=300%2C206\" data-large-file=\"https:\/\/i0.wp.com\/www.tvturk.com\/wp-content\/uploads\/2019\/03\/diyarbakirda-teroristlerin-inlerine-girildi_29b11be.jpg?fit=1000%2C685\" src=\"https:\/\/i0.wp.com\/www.tvturk.com\/wp-content\/uploads\/2019\/03\/diyarbakirda-teroristlerin-inlerine-girildi_29b11be.jpg?w=327&#038;h=224\" srcset=\"https:\/\/i0.wp.com\/www.tvturk.com\/wp-content\/uploads\/2019\/03\/diyarbakirda-teroristlerin-inlerine-girildi_29b11be.jpg?w=1000 1000w, https:\/\/i0.wp.com\/www.tvturk.com\/wp-content\/uploads\/2019\/03\/diyarbakirda-teroristlerin-inlerine-girildi_29b11be.jpg?resize=150%2C103 150w, https:\/\/i0.wp.com\/www.tvturk.com\/wp-content\/uploads\/2019\/03\/diyarbakirda-teroristlerin-inlerine-girildi_29b11be.jpg?resize=300%2C206 300w, https:\/\/i0.wp.com\/www.tvturk.com\/wp-content\/uploads\/2019\/03\/diyarbakirda-teroristlerin-inlerine-girildi_29b11be.jpg?resize=768%2C526 768w, https:\/\/i0.wp.com\/www.tvturk.com\/wp-content\/uploads\/2019\/03\/diyarbakirda-teroristlerin-inlerine-girildi_29b11be.jpg?resize=80%2C55 80w\" width=\"327\" height=\"224\" loading=\"lazy\" data-original-width=\"327\" data-original-height=\"224\" itemprop=\"http:\/\/schema.org\/image\" title=\"Diyarbak\u0131r\u2019da ter\u00f6ristlerin inlerine girildi\" alt=\"Diyarbak\u0131r\u2019da ter\u00f6ristlerin inlerine girildi\" style=\"width: 327px; height: 224px;\" \/> <\/a> <\/div> <\/div> <!-- close group --> <\/div> <!-- close row --> <\/div><\/p>\n","protected":false},"excerpt":{"rendered":"<p>D\u0130YARBAKIR\u2019IN L\u0130CE VE HAN\u0130 \u0130L\u00c7ELER\u0130NDE D\u00dcZENLENEN OPERASYONLARDA TER\u00d6R \u00d6RG\u00dcT\u00dc PKK\u2019YA A\u0130T 2 SI\u011eINAK VE M\u00dcH\u0130MMAT ELE GE\u00c7\u0130R\u0130LD\u0130. SI\u011eINAKLAR KULLANILAMAZ HALE GET\u0130R\u0130L\u0130RKEN, M\u00dcH\u0130MMATLARA \u0130SE EL KONULDU.<\/p>\n","protected":false},"author":1,"featured_media":103228,"comment_status":"closed","ping_status":"open","sticky":false,"template":"","format":"standard","meta":{"jetpack_post_was_ever_published":false,"_jetpack_newsletter_access":"","_jetpack_dont_email_post_to_subs":false,"_jetpack_newsletter_tier_id":0,"_jetpack_memberships_contains_paywalled_content":false,"_jetpack_memberships_contains_paid_content":false,"footnotes":"","jetpack_publicize_message":"","jetpack_publicize_feature_enabled":true,"jetpack_social_post_already_shared":true,"jetpack_social_options":{"image_generator_settings":{"template":"highway","default_image_id":0,"font":"","enabled":false},"version":2}},"categories":[655],"tags":[62,26343,18670,11042],"class_list":["post-103227","post","type-post","status-publish","format-standard","has-post-thumbnail","hentry","category-son-dakika","tag-diyarbakirda","tag-girildi","tag-inlerine","tag-teroristlerin"],"jetpack_publicize_connections":[],"jetpack_featured_media_url":"https:\/\/i0.wp.com\/www.tvturk.com\/wp-content\/uploads\/2019\/03\/diyarbakirda-teroristlerin-inlerine-girildi_d884317.jpg?fit=1000%2C685","jetpack_sharing_enabled":true,"jetpack_shortlink":"https:\/\/wp.me\/paKIfm-qQX","_links":{"self":[{"href":"http:\/\/www.tvturk.com\/index.php\/wp-json\/wp\/v2\/posts\/103227","targetHints":{"allow":["GET"]}}],"collection":[{"href":"http:\/\/www.tvturk.com\/index.php\/wp-json\/wp\/v2\/posts"}],"about":[{"href":"http:\/\/www.tvturk.com\/index.php\/wp-json\/wp\/v2\/types\/post"}],"author":[{"embeddable":true,"href":"http:\/\/www.tvturk.com\/index.php\/wp-json\/wp\/v2\/users\/1"}],"replies":[{"embeddable":true,"href":"http:\/\/www.tvturk.com\/index.php\/wp-json\/wp\/v2\/comments?post=103227"}],"version-history":[{"count":1,"href":"http:\/\/www.tvturk.com\/index.php\/wp-json\/wp\/v2\/posts\/103227\/revisions"}],"predecessor-version":[{"id":103235,"href":"http:\/\/www.tvturk.com\/index.php\/wp-json\/wp\/v2\/posts\/103227\/revisions\/103235"}],"wp:featuredmedia":[{"embeddable":true,"href":"http:\/\/www.tvturk.com\/index.php\/wp-json\/wp\/v2\/media\/103228"}],"wp:attachment":[{"href":"http:\/\/www.tvturk.com\/index.php\/wp-json\/wp\/v2\/media?parent=103227"}],"wp:term":[{"taxonomy":"category","embeddable":true,"href":"http:\/\/www.tvturk.com\/index.php\/wp-json\/wp\/v2\/categories?post=103227"},{"taxonomy":"post_tag","embeddable":true,"href":"http:\/\/www.tvturk.com\/index.php\/wp-json\/wp\/v2\/tags?post=103227"}],"curies":[{"name":"wp","href":"https:\/\/api.w.org\/{rel}","templated":true}]}}