{"id":103274,"date":"2019-03-20T10:06:07","date_gmt":"2019-03-20T07:06:07","guid":{"rendered":"http:\/\/www.tvturk.com\/index.php\/kayip-ihbari-yapilan-kisi-ormanlik-alanda-olu-bulundu\/"},"modified":"2019-03-20T10:06:10","modified_gmt":"2019-03-20T07:06:10","slug":"kayip-ihbari-yapilan-kisi-ormanlik-alanda-olu-bulundu","status":"publish","type":"post","link":"http:\/\/www.tvturk.com\/index.php\/kayip-ihbari-yapilan-kisi-ormanlik-alanda-olu-bulundu\/","title":{"rendered":"Kay\u0131p ihbar\u0131 yap\u0131lan ki\u015fi ormanl\u0131k alanda \u00f6l\u00fc bulundu"},"content":{"rendered":"<p>Artvin\u2019in Ardanu\u00e7 il\u00e7esinde hakk\u0131nda kay\u0131p ihbar\u0131 yap\u0131lan ki\u015fi, 2 g\u00fcn sonra ormanl\u0131k alanda \u00f6l\u00fc bulundu.<\/p>\n<p>Artvin\u2019in Ardanu\u00e7 il\u00e7esi A\u015f\u0131klar K\u00f6y\u00fcnde 2 g\u00fcn \u00f6nce evden \u00e7\u0131kan ve kendisinden bir daha haber al\u0131namayan Naci Altun\u2019un (57) cans\u0131z bedeni, k\u00f6ye yak\u0131n ormanl\u0131k alanda AFAD ve Jandarma ekiplerince bulundu. Edinilen bilgiye g\u00f6re 18 Mart Pazartesi g\u00fcn\u00fc sabah saatlerinde evden \u00e7\u0131kan Naci Altun ak\u015fam eve d\u00f6nmeyince ailesi taraf\u0131ndan Jandarma ve AFAD ekiplerine bildirildi. Ekiplerce ba\u015flat\u0131lan arama kurtarma \u00e7al\u0131\u015fmas\u0131 sonras\u0131 Naci Altun\u2019un cans\u0131z bedeni sabah saatlerinde k\u00f6ye yak\u0131n ormanl\u0131k alanda bulundu. Olayla \u0130lgili soru\u015fturma ba\u015flat\u0131ld\u0131.<div class=\"tiled-gallery type-rectangular tiled-gallery-unresized\" data-original-width=\"500\" data-carousel-extra='null' itemscope itemtype=\"http:\/\/schema.org\/ImageGallery\" > <div class=\"gallery-row\" style=\"width: 500px; height: 189px;\" data-original-width=\"500\" data-original-height=\"189\" > <div class=\"gallery-group images-1\" style=\"width: 250px; height: 189px;\" data-original-width=\"250\" data-original-height=\"189\" > <div class=\"tiled-gallery-item tiled-gallery-item-small\" itemprop=\"associatedMedia\" itemscope itemtype=\"http:\/\/schema.org\/ImageObject\"> <a href=\"http:\/\/www.tvturk.com\/index.php\/kayip-ihbari-yapilan-kisi-ormanlik-alanda-olu-bulundu\/kayip-ihbari-yapilan-kisi-ormanlik-alanda-olu-bulundu-3\/\" border=\"0\" itemprop=\"url\"> <meta itemprop=\"width\" content=\"246\"> <meta itemprop=\"height\" content=\"185\"> <img decoding=\"async\" class=\"\" data-attachment-id=\"103276\" data-orig-file=\"http:\/\/www.tvturk.com\/wp-content\/uploads\/2019\/03\/kayip-ihbari-yapilan-kisi-ormanlik-alanda-olu-bulundu_793a140.jpg\" data-orig-size=\"1000,750\" data-comments-opened=\"\" data-image-meta=\"{&quot;aperture&quot;:&quot;0&quot;,&quot;credit&quot;:&quot;IHA&quot;,&quot;camera&quot;:&quot;&quot;,&quot;caption&quot;:&quot;ARTV\\u0130N\\u2019\\u0130N ARDANU\\u00c7 \\u0130L\\u00c7ES\\u0130NDE HAKKINDA KAYIP \\u0130HBARI YAPILAN K\\u0130\\u015e\\u0130, 2 G\\u00dcN SONRA ORMANLIK ALANDA \\u00d6L\\u00dc BULUNDU. (ADEM G\\u00dcNG\\u00d6R\\\/ARTV\\u0130N-\\u0130HA)&quot;,&quot;created_timestamp&quot;:&quot;0&quot;,&quot;copyright&quot;:&quot;\\u0130HLAS HABER AJANSI, www.iha.com.tr&quot;,&quot;focal_length&quot;:&quot;0&quot;,&quot;iso&quot;:&quot;0&quot;,&quot;shutter_speed&quot;:&quot;0&quot;,&quot;title&quot;:&quot;KAYIP \\u0130HBARI YAPILAN K\\u0130\\u015e\\u0130 ORMANLIK ALANDA \\u00d6L\\u00dc BULUNDU&quot;,&quot;orientation&quot;:&quot;0&quot;}\" data-image-title=\"Kay\u0131p ihbar\u0131 yap\u0131lan ki\u015fi ormanl\u0131k alanda \u00f6l\u00fc bulundu\" data-image-description=\"&lt;p&gt;Kay\u0131p ihbar\u0131 yap\u0131lan ki\u015fi ormanl\u0131k alanda \u00f6l\u00fc bulundu&lt;\/p&gt; \" data-medium-file=\"https:\/\/i0.wp.com\/www.tvturk.com\/wp-content\/uploads\/2019\/03\/kayip-ihbari-yapilan-kisi-ormanlik-alanda-olu-bulundu_793a140.jpg?fit=300%2C225\" data-large-file=\"https:\/\/i0.wp.com\/www.tvturk.com\/wp-content\/uploads\/2019\/03\/kayip-ihbari-yapilan-kisi-ormanlik-alanda-olu-bulundu_793a140.jpg?fit=1000%2C750\" src=\"https:\/\/i0.wp.com\/www.tvturk.com\/wp-content\/uploads\/2019\/03\/kayip-ihbari-yapilan-kisi-ormanlik-alanda-olu-bulundu_793a140.jpg?w=246&#038;h=185\" srcset=\"https:\/\/i0.wp.com\/www.tvturk.com\/wp-content\/uploads\/2019\/03\/kayip-ihbari-yapilan-kisi-ormanlik-alanda-olu-bulundu_793a140.jpg?w=1000 1000w, https:\/\/i0.wp.com\/www.tvturk.com\/wp-content\/uploads\/2019\/03\/kayip-ihbari-yapilan-kisi-ormanlik-alanda-olu-bulundu_793a140.jpg?resize=150%2C113 150w, https:\/\/i0.wp.com\/www.tvturk.com\/wp-content\/uploads\/2019\/03\/kayip-ihbari-yapilan-kisi-ormanlik-alanda-olu-bulundu_793a140.jpg?resize=300%2C225 300w, https:\/\/i0.wp.com\/www.tvturk.com\/wp-content\/uploads\/2019\/03\/kayip-ihbari-yapilan-kisi-ormanlik-alanda-olu-bulundu_793a140.jpg?resize=768%2C576 768w\" width=\"246\" height=\"185\" loading=\"lazy\" data-original-width=\"246\" data-original-height=\"185\" itemprop=\"http:\/\/schema.org\/image\" title=\"Kay\u0131p ihbar\u0131 yap\u0131lan ki\u015fi ormanl\u0131k alanda \u00f6l\u00fc bulundu\" alt=\"Kay\u0131p ihbar\u0131 yap\u0131lan ki\u015fi ormanl\u0131k alanda \u00f6l\u00fc bulundu\" style=\"width: 246px; height: 185px;\" \/> <\/a> <\/div> <\/div> <!-- close group --> <div class=\"gallery-group images-1\" style=\"width: 250px; height: 189px;\" data-original-width=\"250\" data-original-height=\"189\" > <div class=\"tiled-gallery-item tiled-gallery-item-small\" itemprop=\"associatedMedia\" itemscope itemtype=\"http:\/\/schema.org\/ImageObject\"> <a href=\"http:\/\/www.tvturk.com\/index.php\/kayip-ihbari-yapilan-kisi-ormanlik-alanda-olu-bulundu\/kayip-ihbari-yapilan-kisi-ormanlik-alanda-olu-bulundu-4\/\" border=\"0\" itemprop=\"url\"> <meta itemprop=\"width\" content=\"246\"> <meta itemprop=\"height\" content=\"185\"> <img decoding=\"async\" class=\"\" data-attachment-id=\"103277\" data-orig-file=\"http:\/\/www.tvturk.com\/wp-content\/uploads\/2019\/03\/kayip-ihbari-yapilan-kisi-ormanlik-alanda-olu-bulundu_112c610.jpg\" data-orig-size=\"1000,750\" data-comments-opened=\"\" data-image-meta=\"{&quot;aperture&quot;:&quot;0&quot;,&quot;credit&quot;:&quot;IHA&quot;,&quot;camera&quot;:&quot;&quot;,&quot;caption&quot;:&quot;ARTV\\u0130N\\u2019\\u0130N ARDANU\\u00c7 \\u0130L\\u00c7ES\\u0130NDE HAKKINDA KAYIP \\u0130HBARI YAPILAN K\\u0130\\u015e\\u0130, 2 G\\u00dcN SONRA ORMANLIK ALANDA \\u00d6L\\u00dc BULUNDU. (ADEM G\\u00dcNG\\u00d6R\\\/ARTV\\u0130N-\\u0130HA)&quot;,&quot;created_timestamp&quot;:&quot;0&quot;,&quot;copyright&quot;:&quot;\\u0130HLAS HABER AJANSI, www.iha.com.tr&quot;,&quot;focal_length&quot;:&quot;0&quot;,&quot;iso&quot;:&quot;0&quot;,&quot;shutter_speed&quot;:&quot;0&quot;,&quot;title&quot;:&quot;KAYIP \\u0130HBARI YAPILAN K\\u0130\\u015e\\u0130 ORMANLIK ALANDA \\u00d6L\\u00dc BULUNDU&quot;,&quot;orientation&quot;:&quot;0&quot;}\" data-image-title=\"Kay\u0131p ihbar\u0131 yap\u0131lan ki\u015fi ormanl\u0131k alanda \u00f6l\u00fc bulundu\" data-image-description=\"&lt;p&gt;Kay\u0131p ihbar\u0131 yap\u0131lan ki\u015fi ormanl\u0131k alanda \u00f6l\u00fc bulundu&lt;\/p&gt; \" data-medium-file=\"https:\/\/i0.wp.com\/www.tvturk.com\/wp-content\/uploads\/2019\/03\/kayip-ihbari-yapilan-kisi-ormanlik-alanda-olu-bulundu_112c610.jpg?fit=300%2C225\" data-large-file=\"https:\/\/i0.wp.com\/www.tvturk.com\/wp-content\/uploads\/2019\/03\/kayip-ihbari-yapilan-kisi-ormanlik-alanda-olu-bulundu_112c610.jpg?fit=1000%2C750\" src=\"https:\/\/i0.wp.com\/www.tvturk.com\/wp-content\/uploads\/2019\/03\/kayip-ihbari-yapilan-kisi-ormanlik-alanda-olu-bulundu_112c610.jpg?w=246&#038;h=185\" srcset=\"https:\/\/i0.wp.com\/www.tvturk.com\/wp-content\/uploads\/2019\/03\/kayip-ihbari-yapilan-kisi-ormanlik-alanda-olu-bulundu_112c610.jpg?w=1000 1000w, https:\/\/i0.wp.com\/www.tvturk.com\/wp-content\/uploads\/2019\/03\/kayip-ihbari-yapilan-kisi-ormanlik-alanda-olu-bulundu_112c610.jpg?resize=150%2C113 150w, https:\/\/i0.wp.com\/www.tvturk.com\/wp-content\/uploads\/2019\/03\/kayip-ihbari-yapilan-kisi-ormanlik-alanda-olu-bulundu_112c610.jpg?resize=300%2C225 300w, https:\/\/i0.wp.com\/www.tvturk.com\/wp-content\/uploads\/2019\/03\/kayip-ihbari-yapilan-kisi-ormanlik-alanda-olu-bulundu_112c610.jpg?resize=768%2C576 768w\" width=\"246\" height=\"185\" loading=\"lazy\" data-original-width=\"246\" data-original-height=\"185\" itemprop=\"http:\/\/schema.org\/image\" title=\"Kay\u0131p ihbar\u0131 yap\u0131lan ki\u015fi ormanl\u0131k alanda \u00f6l\u00fc bulundu\" alt=\"Kay\u0131p ihbar\u0131 yap\u0131lan ki\u015fi ormanl\u0131k alanda \u00f6l\u00fc bulundu\" style=\"width: 246px; height: 185px;\" \/> <\/a> <\/div> <\/div> <!-- close group --> <\/div> <!-- close row --> <\/div><\/p>\n","protected":false},"excerpt":{"rendered":"<p>ARTV\u0130N\u2019\u0130N ARDANU\u00c7 \u0130L\u00c7ES\u0130NDE HAKKINDA KAYIP \u0130HBARI YAPILAN K\u0130\u015e\u0130, 2 G\u00dcN SONRA ORMANLIK ALANDA \u00d6L\u00dc BULUNDU.<\/p>\n","protected":false},"author":1,"featured_media":103275,"comment_status":"closed","ping_status":"open","sticky":false,"template":"","format":"standard","meta":{"jetpack_post_was_ever_published":false,"_jetpack_newsletter_access":"","_jetpack_dont_email_post_to_subs":false,"_jetpack_newsletter_tier_id":0,"_jetpack_memberships_contains_paywalled_content":false,"_jetpack_memberships_contains_paid_content":false,"footnotes":"","jetpack_publicize_message":"","jetpack_publicize_feature_enabled":true,"jetpack_social_post_already_shared":true,"jetpack_social_options":{"image_generator_settings":{"template":"highway","default_image_id":0,"font":"","enabled":false},"version":2}},"categories":[655],"tags":[1781,204,11839,952,1012,1664,1780,530],"class_list":["post-103274","post","type-post","status-publish","format-standard","has-post-thumbnail","hentry","category-son-dakika","tag-alanda","tag-bulundu","tag-ihbari","tag-kayip","tag-kisi","tag-olu","tag-ormanlik","tag-yapilan"],"jetpack_publicize_connections":[],"jetpack_featured_media_url":"https:\/\/i0.wp.com\/www.tvturk.com\/wp-content\/uploads\/2019\/03\/kayip-ihbari-yapilan-kisi-ormanlik-alanda-olu-bulundu_2fb694d.jpg?fit=1000%2C750","jetpack_sharing_enabled":true,"jetpack_shortlink":"https:\/\/wp.me\/paKIfm-qRI","_links":{"self":[{"href":"http:\/\/www.tvturk.com\/index.php\/wp-json\/wp\/v2\/posts\/103274","targetHints":{"allow":["GET"]}}],"collection":[{"href":"http:\/\/www.tvturk.com\/index.php\/wp-json\/wp\/v2\/posts"}],"about":[{"href":"http:\/\/www.tvturk.com\/index.php\/wp-json\/wp\/v2\/types\/post"}],"author":[{"embeddable":true,"href":"http:\/\/www.tvturk.com\/index.php\/wp-json\/wp\/v2\/users\/1"}],"replies":[{"embeddable":true,"href":"http:\/\/www.tvturk.com\/index.php\/wp-json\/wp\/v2\/comments?post=103274"}],"version-history":[{"count":1,"href":"http:\/\/www.tvturk.com\/index.php\/wp-json\/wp\/v2\/posts\/103274\/revisions"}],"predecessor-version":[{"id":103278,"href":"http:\/\/www.tvturk.com\/index.php\/wp-json\/wp\/v2\/posts\/103274\/revisions\/103278"}],"wp:featuredmedia":[{"embeddable":true,"href":"http:\/\/www.tvturk.com\/index.php\/wp-json\/wp\/v2\/media\/103275"}],"wp:attachment":[{"href":"http:\/\/www.tvturk.com\/index.php\/wp-json\/wp\/v2\/media?parent=103274"}],"wp:term":[{"taxonomy":"category","embeddable":true,"href":"http:\/\/www.tvturk.com\/index.php\/wp-json\/wp\/v2\/categories?post=103274"},{"taxonomy":"post_tag","embeddable":true,"href":"http:\/\/www.tvturk.com\/index.php\/wp-json\/wp\/v2\/tags?post=103274"}],"curies":[{"name":"wp","href":"https:\/\/api.w.org\/{rel}","templated":true}]}}