{"id":103483,"date":"2019-03-20T11:16:23","date_gmt":"2019-03-20T08:16:23","guid":{"rendered":"http:\/\/www.tvturk.com\/index.php\/yatirimin-hem-kendi-hem-anlami-buyuk\/"},"modified":"2019-03-20T11:16:25","modified_gmt":"2019-03-20T08:16:25","slug":"yatirimin-hem-kendi-hem-anlami-buyuk","status":"publish","type":"post","link":"http:\/\/www.tvturk.com\/index.php\/yatirimin-hem-kendi-hem-anlami-buyuk\/","title":{"rendered":"Yat\u0131r\u0131m\u0131n hem kendi, hem anlam\u0131 b\u00fcy\u00fck"},"content":{"rendered":"<p>U\u011frad\u0131\u011f\u0131 silahl\u0131 sald\u0131r\u0131da hayat\u0131n\u0131 kaybeden eski G\u00fcrsu Belediye Ba\u015fkan\u0131 C\u00fcneyt Y\u0131ld\u0131z\u2019\u0131n 2014 se\u00e7im vaatleri aras\u0131nda yer alan otopark ve pazar alan\u0131 projesi, B\u00fcy\u00fck\u015fehir Belediyesi taraf\u0131ndan hayata ge\u00e7iriliyor. Bursa B\u00fcy\u00fck\u015fehir Belediyesi taraf\u0131ndan G\u00fcrsu\u2019ya kazand\u0131r\u0131lacak Yenido\u011fan Pazar Alan\u0131 ve Kapal\u0131 Otopark projesinin temeli at\u0131ld\u0131.<\/p>\n<p>Bursa\u2019y\u0131 sa\u011fl\u0131kl\u0131 bir gelece\u011fe haz\u0131rlarken, 17 il\u00e7ede de ya\u015fam kalitesini y\u00fckseltecek yat\u0131r\u0131mlara h\u0131z veren B\u00fcy\u00fck\u015fehir Belediyesi, Kestel\u2019in ard\u0131ndan G\u00fcrsu\u2019ya da modern bir Pazar alan\u0131 ve kapal\u0131 otopark kazand\u0131r\u0131yor. Yenido\u011fan Mahallesi\u2019nde 3070 metrekare alan \u00fczerine in\u015fa edilecek proje yakla\u015f\u0131k 10 milyon liral\u0131k maliyetiyle G\u00fcrsu \u00f6l\u00e7e\u011finde \u00f6nemli bir yat\u0131r\u0131m olurken, bu projenin ayn\u0131 zamanda manevi olarak da b\u00fcy\u00fck bir de\u011feri var. 2015 y\u0131l\u0131nda makam\u0131nda u\u011frad\u0131\u011f\u0131 silahl\u0131 sald\u0131r\u0131da ya\u015fam\u0131n\u0131 yitiren G\u00fcrsu eski Belediye Ba\u015fkan\u0131 C\u00fcneyt Y\u0131ld\u0131z\u2019\u0131n 2014 se\u00e7im vaatleri aras\u0131nda yer alan ve ger\u00e7ekle\u015fmeyen son proje olan Pazar Alan\u0131 ve Kapal\u0131 Otopark B\u00fcy\u00fck\u015fehir Belediyesi taraf\u0131ndan hayata ge\u00e7iriliyor. Her iki anlamda da G\u00fcrsu i\u00e7in b\u00fcy\u00fck \u00f6nem ta\u015f\u0131yan projenin temel atma t\u00f6renine B\u00fcy\u00fck\u015fehir Belediye Ba\u015fkan\u0131 Alinur Akta\u015f\u2019\u0131n yan\u0131 s\u0131ra G\u00fcrsu Belediye Ba\u015fkan\u0131 Mustafa I\u015f\u0131k, Bursa Milletvekilleri Efkan Ala, M\u00fcfit Ayd\u0131n ve Atilla \u00d6d\u00fcn\u00e7, AK Parti \u0130l Ba\u015fkan\u0131 Ayhan Salman, G\u00fcrsu Kaymakam\u0131 Mustafa Ko\u00e7 ve mahalle halk\u0131 kat\u0131ld\u0131.<\/p>\n<p>Bursa B\u00fcy\u00fck\u015fehir Belediye Ba\u015fkan\u0131 Alinur Akta\u015f, temel atma t\u00f6reninde yapt\u0131\u011f\u0131 konu\u015fmaya, merhum ba\u015fkan C\u00fcneyt Y\u0131ld\u0131z\u2019\u0131 rahmetle anarak ba\u015flad\u0131. Kendisinin \u00fc\u00e7\u00fcnc\u00fc d\u00f6nem ba\u015fkanl\u0131\u011f\u0131nda, Y\u0131ld\u0131z\u2019\u0131n birinci d\u00f6nemini ya\u015fad\u0131\u011f\u0131n\u0131 ve se\u00e7imlerden 1 y\u0131l sonra ya\u015fam\u0131n\u0131 yitirdi\u011fini hat\u0131rlatan Akta\u015f, \u201cBenden 5 ya\u015f k\u00fc\u00e7\u00fckt\u00fc. Kendisini \u00e7ok sevmi\u015ftik. Rabbimden ona \u015fehit h\u00fckm\u00fcnde muamele etmesini diliyorum. O\u2019nun taahh\u00fct etti\u011fi bir i\u015fi ger\u00e7ekle\u015ftirmek benim i\u00e7in b\u00fcy\u00fck bir onur ve b\u00fcy\u00fck bir k\u0131van\u00e7\u201d dedi.<\/p>\n<p>\u201cG\u00fcrsu\u2019nun gelece\u011fini planl\u0131yoruz\u201d<\/p>\n<p>G\u00fcrsu\u2019nun art\u0131k 100 bin n\u00fcfusu zorlayan, h\u0131zla b\u00fcy\u00fcyen bir il\u00e7e oldu\u011funu dile getiren Ba\u015fkan Akta\u015f, G\u00fcrsu\u2019nun 100 bin 150 bin n\u00fcfuslu gelece\u011fini planlad\u0131klar\u0131n\u0131 s\u00f6yledi. Bu planlama kapsam\u0131nda G\u00fcrsu\u2019dan ba\u015flay\u0131p, \u00c7al\u0131\u2019ya uzanacak ve tamam\u0131 yer alt\u0131nda olacak 28.8 kilometrelik metro hatt\u0131n\u0131n b\u00fcy\u00fck \u00f6nem ta\u015f\u0131d\u0131\u011f\u0131n\u0131 dile getiren Ba\u015fkan Akta\u015f, \u201cArt\u0131k G\u00fcrsu\u2019dan metroya binen vatanda\u015f\u0131m\u0131z, \u00c7al\u0131\u2019ya, Terminale, \u015eehir Hastanesi\u2019ne, H\u0131zl\u0131 Tren istasyonuna rahatl\u0131kla ula\u015fabilecek. Bunun yan\u0131nda do\u011fu b\u00f6lgesine hitap edecek do\u011fu gasilhanesi ve do\u011fu terminali b\u00f6lge insan\u0131m\u0131za hizmet verecek. Elektrik, su aboneli\u011fi noktas\u0131ndaki sorunlar a\u015f\u0131ld\u0131. \u015euanda b\u00f6lgenin en \u00f6nemli sorunu olan do\u011falgaz i\u00e7in de \u00e7al\u0131\u015fmalar\u0131m\u0131z s\u00fcr\u00fcyor. Hi\u00e7 \u015f\u00fcpheniz olmas\u0131n bu sorun da en k\u0131sa zamanda \u00e7\u00f6z\u00fclecek. Ancak hizmetlerin kesintisiz bir \u015fekilde gelmesi i\u00e7in bizim hem G\u00fcrsu\u2019da hem B\u00fcy\u00fck\u015fehir\u2019de hem de Ankara\u2019da g\u00fc\u00e7l\u00fc olmam\u0131z gerek. G\u00fcrsu her zaman bize destek veren bir il\u00e7e oldu bu deste\u011fi 31 Mart\u2019ta da \u00f6zellikle bekliyoruz\u201d diye konu\u015ftu.<\/p>\n<p>Temeli at\u0131lan proje hakk\u0131nda da bilgi veren Ba\u015fkan Akta\u015f, 600 g\u00fcn olan i\u015fin bitim s\u00fcresinin de 400 g\u00fcne indirilmesi talimat\u0131n\u0131 verdi. Yakla\u015f\u0131k 10 milyon TL\u2019ye mal olacak proje, bodrum, zemin ve \u00e7at\u0131 kat\u0131ndan olu\u015fuyor. Bodrum Kapal\u0131 Otopark, \u00c7at\u0131 Kat\u0131 A\u00e7\u0131k Otopark Alan\u0131, Zemin Kat\u0131 ise Pazar Alan\u0131 olarak i\u015flevlendirilecek projede 185 ara\u00e7 kapasitesi bulunurken, vatanda\u015flar i\u00e7in de her t\u00fcrl\u00fc ihtiya\u00e7lar\u0131n\u0131 kar\u015f\u0131layabilecekleri sosyal donat\u0131lar bulunuyor.<\/p>\n<p>B\u00fcy\u00fck\u015fehir G\u00fcrsu\u2019yu yaln\u0131z b\u0131rakmad\u0131<\/p>\n<p>G\u00fcrsu Belediye Ba\u015fkan\u0131 Mustafa I\u015f\u0131k da merhum C\u00fcneyt Ba\u015fkan\u0131n 2014\u2019te vaat etti\u011fi t\u00fcm projeleri bir bir hayata ge\u00e7irdiklerini, kalan tek projenin ise kapal\u0131 otopark ve Pazar alan\u0131 oldu\u011funu s\u00f6yledi. Bu konuda da B\u00fcy\u00fck\u015fehir Belediyesi\u2019nin G\u00fcrsu\u2019yu yaln\u0131z b\u0131rakmad\u0131\u011f\u0131n\u0131 ifade eden I\u015f\u0131k, \u201cDaha \u00f6nce B\u00fcy\u00fck\u015fehir Belediyemiz taraf\u0131ndan Yenido\u011fan\u2019a kazand\u0131r\u0131lan spor tesisi b\u00f6lgeye \u00f6nemli bir de\u011fer katt\u0131. Pazar Alan\u0131 ve Otopark\u2019la birlikte Yenido\u011fan hak etti\u011fi t\u00fcm hizmetleri alm\u0131\u015f olacak. B\u00f6lgeye destekleri nedeniyle B\u00fcy\u00fck\u015fehir Belediye Ba\u015fkan\u0131m\u0131za te\u015fekk\u00fcr ediyorum\u201d dedi.<\/p>\n<p>Bursa Milletvekili Efkan Ala ve Atilla \u00d6d\u00fcn\u00e7 de yapt\u0131klar\u0131 konu\u015fmada, G\u00fcrsu\u2019ya kazand\u0131r\u0131lan hizmetler nedeniyle B\u00fcy\u00fck\u015fehir Belediye Ba\u015fkan\u0131 Alinur Akta\u015f\u2019a te\u015fekk\u00fcr ederken, b\u00f6lgenin en \u00f6nemli sorunu olan do\u011falgaz konusunun da k\u0131za zamanda \u00e7\u00f6z\u00fcme kavu\u015faca\u011f\u0131n\u0131n m\u00fcjdesini verdi.<\/p>\n<p>Konu\u015fmalar\u0131n ard\u0131ndan b\u00f6lgeye de\u011fer katacak pazar yeri ve kapal\u0131 otopark\u0131n temeli at\u0131ld\u0131.<div class=\"tiled-gallery type-rectangular tiled-gallery-unresized\" data-original-width=\"500\" data-carousel-extra='null' itemscope itemtype=\"http:\/\/schema.org\/ImageGallery\" > <div class=\"gallery-row\" style=\"width: 500px; height: 154px;\" data-original-width=\"500\" data-original-height=\"154\" > <div class=\"gallery-group images-1\" style=\"width: 271px; height: 154px;\" data-original-width=\"271\" data-original-height=\"154\" > <div class=\"tiled-gallery-item tiled-gallery-item-large\" itemprop=\"associatedMedia\" itemscope itemtype=\"http:\/\/schema.org\/ImageObject\"> <a href=\"http:\/\/www.tvturk.com\/index.php\/yatirimin-hem-kendi-hem-anlami-buyuk\/yatirimin-hem-kendi-hem-anlami-buyuk-3\/\" border=\"0\" itemprop=\"url\"> <meta itemprop=\"width\" content=\"267\"> <meta itemprop=\"height\" content=\"150\"> <img decoding=\"async\" class=\"\" data-attachment-id=\"103485\" data-orig-file=\"http:\/\/www.tvturk.com\/wp-content\/uploads\/2019\/03\/yatirimin-hem-kendi-hem-anlami-buyuk_4567e1b.jpg\" data-orig-size=\"1000,562\" data-comments-opened=\"\" data-image-meta=\"{&quot;aperture&quot;:&quot;0&quot;,&quot;credit&quot;:&quot;IHA&quot;,&quot;camera&quot;:&quot;&quot;,&quot;caption&quot;:&quot;U\\u011eRADI\\u011eI S\\u0130LAHLI SALDIRIDA HAYATINI KAYBEDEN ESK\\u0130 G\\u00dcRSU BELED\\u0130YE BA\\u015eKANI C\\u00dcNEYT YILDIZ\\u2019IN 2014 SE\\u00c7\\u0130M VAATLER\\u0130 ARASINDA YER ALAN OTOPARK VE PAZAR ALANI PROJES\\u0130, B\\u00dcY\\u00dcK\\u015eEH\\u0130R BELED\\u0130YES\\u0130 TARAFINDAN HAYATA GE\\u00c7\\u0130R\\u0130L\\u0130YOR. (\\u0130HA\\\/BURSA-\\u0130HA)&quot;,&quot;created_timestamp&quot;:&quot;0&quot;,&quot;copyright&quot;:&quot;\\u0130HLAS HABER AJANSI, www.iha.com.tr&quot;,&quot;focal_length&quot;:&quot;0&quot;,&quot;iso&quot;:&quot;0&quot;,&quot;shutter_speed&quot;:&quot;0&quot;,&quot;title&quot;:&quot;YATIRIMIN HEM KEND\\u0130, HEM ANLAMI B\\u00dcY\\u00dcK&quot;,&quot;orientation&quot;:&quot;0&quot;}\" data-image-title=\"Yat\u0131r\u0131m\u0131n hem kendi, hem anlam\u0131 b\u00fcy\u00fck\" data-image-description=\"&lt;p&gt;Yat\u0131r\u0131m\u0131n hem kendi, hem anlam\u0131 b\u00fcy\u00fck&lt;\/p&gt; \" data-medium-file=\"https:\/\/i0.wp.com\/www.tvturk.com\/wp-content\/uploads\/2019\/03\/yatirimin-hem-kendi-hem-anlami-buyuk_4567e1b.jpg?fit=300%2C169\" data-large-file=\"https:\/\/i0.wp.com\/www.tvturk.com\/wp-content\/uploads\/2019\/03\/yatirimin-hem-kendi-hem-anlami-buyuk_4567e1b.jpg?fit=1000%2C562\" src=\"https:\/\/i0.wp.com\/www.tvturk.com\/wp-content\/uploads\/2019\/03\/yatirimin-hem-kendi-hem-anlami-buyuk_4567e1b.jpg?w=267&#038;h=150\" srcset=\"https:\/\/i0.wp.com\/www.tvturk.com\/wp-content\/uploads\/2019\/03\/yatirimin-hem-kendi-hem-anlami-buyuk_4567e1b.jpg?w=1000 1000w, https:\/\/i0.wp.com\/www.tvturk.com\/wp-content\/uploads\/2019\/03\/yatirimin-hem-kendi-hem-anlami-buyuk_4567e1b.jpg?resize=150%2C84 150w, https:\/\/i0.wp.com\/www.tvturk.com\/wp-content\/uploads\/2019\/03\/yatirimin-hem-kendi-hem-anlami-buyuk_4567e1b.jpg?resize=300%2C169 300w, https:\/\/i0.wp.com\/www.tvturk.com\/wp-content\/uploads\/2019\/03\/yatirimin-hem-kendi-hem-anlami-buyuk_4567e1b.jpg?resize=768%2C432 768w, https:\/\/i0.wp.com\/www.tvturk.com\/wp-content\/uploads\/2019\/03\/yatirimin-hem-kendi-hem-anlami-buyuk_4567e1b.jpg?resize=200%2C113 200w\" width=\"267\" height=\"150\" loading=\"lazy\" data-original-width=\"267\" data-original-height=\"150\" itemprop=\"http:\/\/schema.org\/image\" title=\"Yat\u0131r\u0131m\u0131n hem kendi, hem anlam\u0131 b\u00fcy\u00fck\" alt=\"Yat\u0131r\u0131m\u0131n hem kendi, hem anlam\u0131 b\u00fcy\u00fck\" style=\"width: 267px; height: 150px;\" \/> <\/a> <\/div> <\/div> <!-- close group --> <div class=\"gallery-group images-1\" style=\"width: 229px; height: 154px;\" data-original-width=\"229\" data-original-height=\"154\" > <div class=\"tiled-gallery-item tiled-gallery-item-small\" itemprop=\"associatedMedia\" itemscope itemtype=\"http:\/\/schema.org\/ImageObject\"> <a href=\"http:\/\/www.tvturk.com\/index.php\/yatirimin-hem-kendi-hem-anlami-buyuk\/yatirimin-hem-kendi-hem-anlami-buyuk-4\/\" border=\"0\" itemprop=\"url\"> <meta itemprop=\"width\" content=\"225\"> <meta itemprop=\"height\" content=\"150\"> <img decoding=\"async\" class=\"\" data-attachment-id=\"103486\" data-orig-file=\"http:\/\/www.tvturk.com\/wp-content\/uploads\/2019\/03\/yatirimin-hem-kendi-hem-anlami-buyuk_c35e506.jpg\" data-orig-size=\"1000,666\" data-comments-opened=\"\" data-image-meta=\"{&quot;aperture&quot;:&quot;0&quot;,&quot;credit&quot;:&quot;IHA&quot;,&quot;camera&quot;:&quot;&quot;,&quot;caption&quot;:&quot;U\\u011eRADI\\u011eI S\\u0130LAHLI SALDIRIDA HAYATINI KAYBEDEN ESK\\u0130 G\\u00dcRSU BELED\\u0130YE BA\\u015eKANI C\\u00dcNEYT YILDIZ\\u2019IN 2014 SE\\u00c7\\u0130M VAATLER\\u0130 ARASINDA YER ALAN OTOPARK VE PAZAR ALANI PROJES\\u0130, B\\u00dcY\\u00dcK\\u015eEH\\u0130R BELED\\u0130YES\\u0130 TARAFINDAN HAYATA GE\\u00c7\\u0130R\\u0130L\\u0130YOR. (\\u0130HA\\\/BURSA-\\u0130HA)&quot;,&quot;created_timestamp&quot;:&quot;0&quot;,&quot;copyright&quot;:&quot;\\u0130HLAS HABER AJANSI, www.iha.com.tr&quot;,&quot;focal_length&quot;:&quot;0&quot;,&quot;iso&quot;:&quot;0&quot;,&quot;shutter_speed&quot;:&quot;0&quot;,&quot;title&quot;:&quot;YATIRIMIN HEM KEND\\u0130, HEM ANLAMI B\\u00dcY\\u00dcK&quot;,&quot;orientation&quot;:&quot;0&quot;}\" data-image-title=\"Yat\u0131r\u0131m\u0131n hem kendi, hem anlam\u0131 b\u00fcy\u00fck\" data-image-description=\"&lt;p&gt;Yat\u0131r\u0131m\u0131n hem kendi, hem anlam\u0131 b\u00fcy\u00fck&lt;\/p&gt; \" data-medium-file=\"https:\/\/i0.wp.com\/www.tvturk.com\/wp-content\/uploads\/2019\/03\/yatirimin-hem-kendi-hem-anlami-buyuk_c35e506.jpg?fit=300%2C200\" data-large-file=\"https:\/\/i0.wp.com\/www.tvturk.com\/wp-content\/uploads\/2019\/03\/yatirimin-hem-kendi-hem-anlami-buyuk_c35e506.jpg?fit=1000%2C666\" src=\"https:\/\/i0.wp.com\/www.tvturk.com\/wp-content\/uploads\/2019\/03\/yatirimin-hem-kendi-hem-anlami-buyuk_c35e506.jpg?w=225&#038;h=150\" srcset=\"https:\/\/i0.wp.com\/www.tvturk.com\/wp-content\/uploads\/2019\/03\/yatirimin-hem-kendi-hem-anlami-buyuk_c35e506.jpg?w=1000 1000w, https:\/\/i0.wp.com\/www.tvturk.com\/wp-content\/uploads\/2019\/03\/yatirimin-hem-kendi-hem-anlami-buyuk_c35e506.jpg?resize=150%2C100 150w, https:\/\/i0.wp.com\/www.tvturk.com\/wp-content\/uploads\/2019\/03\/yatirimin-hem-kendi-hem-anlami-buyuk_c35e506.jpg?resize=300%2C200 300w, https:\/\/i0.wp.com\/www.tvturk.com\/wp-content\/uploads\/2019\/03\/yatirimin-hem-kendi-hem-anlami-buyuk_c35e506.jpg?resize=768%2C511 768w, https:\/\/i0.wp.com\/www.tvturk.com\/wp-content\/uploads\/2019\/03\/yatirimin-hem-kendi-hem-anlami-buyuk_c35e506.jpg?resize=170%2C113 170w, https:\/\/i0.wp.com\/www.tvturk.com\/wp-content\/uploads\/2019\/03\/yatirimin-hem-kendi-hem-anlami-buyuk_c35e506.jpg?resize=120%2C80 120w\" width=\"225\" height=\"150\" loading=\"lazy\" data-original-width=\"225\" data-original-height=\"150\" itemprop=\"http:\/\/schema.org\/image\" title=\"Yat\u0131r\u0131m\u0131n hem kendi, hem anlam\u0131 b\u00fcy\u00fck\" alt=\"Yat\u0131r\u0131m\u0131n hem kendi, hem anlam\u0131 b\u00fcy\u00fck\" style=\"width: 225px; height: 150px;\" \/> <\/a> <\/div> <\/div> <!-- close group --> <\/div> <!-- close row --> <\/div><\/p>\n","protected":false},"excerpt":{"rendered":"<p>U\u011eRADI\u011eI S\u0130LAHLI SALDIRIDA HAYATINI KAYBEDEN ESK\u0130 G\u00dcRSU BELED\u0130YE BA\u015eKANI C\u00dcNEYT YILDIZ\u2019IN 2014 SE\u00c7\u0130M VAATLER\u0130 ARASINDA YER ALAN OTOPARK VE PAZAR ALANI PROJES\u0130, B\u00dcY\u00dcK\u015eEH\u0130R BELED\u0130YES\u0130 TARAFINDAN HAYATA GE\u00c7\u0130R\u0130L\u0130YOR.<\/p>\n","protected":false},"author":1,"featured_media":103484,"comment_status":"closed","ping_status":"open","sticky":false,"template":"","format":"standard","meta":{"jetpack_post_was_ever_published":false,"_jetpack_newsletter_access":"","_jetpack_dont_email_post_to_subs":false,"_jetpack_newsletter_tier_id":0,"_jetpack_memberships_contains_paywalled_content":false,"_jetpack_memberships_contains_paid_content":false,"footnotes":"","jetpack_publicize_message":"","jetpack_publicize_feature_enabled":true,"jetpack_social_post_already_shared":true,"jetpack_social_options":{"image_generator_settings":{"template":"highway","default_image_id":0,"font":"","enabled":false},"version":2}},"categories":[1],"tags":[16122,545,5149,5646,25767],"class_list":["post-103483","post","type-post","status-publish","format-standard","has-post-thumbnail","hentry","category-genel","tag-anlami","tag-buyuk","tag-hem","tag-kendi","tag-yatirimin"],"jetpack_publicize_connections":[],"jetpack_featured_media_url":"https:\/\/i0.wp.com\/www.tvturk.com\/wp-content\/uploads\/2019\/03\/yatirimin-hem-kendi-hem-anlami-buyuk_e50502f.jpg?fit=1000%2C542","jetpack_sharing_enabled":true,"jetpack_shortlink":"https:\/\/wp.me\/paKIfm-qV5","_links":{"self":[{"href":"http:\/\/www.tvturk.com\/index.php\/wp-json\/wp\/v2\/posts\/103483","targetHints":{"allow":["GET"]}}],"collection":[{"href":"http:\/\/www.tvturk.com\/index.php\/wp-json\/wp\/v2\/posts"}],"about":[{"href":"http:\/\/www.tvturk.com\/index.php\/wp-json\/wp\/v2\/types\/post"}],"author":[{"embeddable":true,"href":"http:\/\/www.tvturk.com\/index.php\/wp-json\/wp\/v2\/users\/1"}],"replies":[{"embeddable":true,"href":"http:\/\/www.tvturk.com\/index.php\/wp-json\/wp\/v2\/comments?post=103483"}],"version-history":[{"count":1,"href":"http:\/\/www.tvturk.com\/index.php\/wp-json\/wp\/v2\/posts\/103483\/revisions"}],"predecessor-version":[{"id":103487,"href":"http:\/\/www.tvturk.com\/index.php\/wp-json\/wp\/v2\/posts\/103483\/revisions\/103487"}],"wp:featuredmedia":[{"embeddable":true,"href":"http:\/\/www.tvturk.com\/index.php\/wp-json\/wp\/v2\/media\/103484"}],"wp:attachment":[{"href":"http:\/\/www.tvturk.com\/index.php\/wp-json\/wp\/v2\/media?parent=103483"}],"wp:term":[{"taxonomy":"category","embeddable":true,"href":"http:\/\/www.tvturk.com\/index.php\/wp-json\/wp\/v2\/categories?post=103483"},{"taxonomy":"post_tag","embeddable":true,"href":"http:\/\/www.tvturk.com\/index.php\/wp-json\/wp\/v2\/tags?post=103483"}],"curies":[{"name":"wp","href":"https:\/\/api.w.org\/{rel}","templated":true}]}}