{"id":103567,"date":"2019-03-20T11:49:25","date_gmt":"2019-03-20T08:49:25","guid":{"rendered":"http:\/\/www.tvturk.com\/index.php\/istihdam-seferberligi-gemlikte-ele-alindi\/"},"modified":"2019-03-20T11:49:25","modified_gmt":"2019-03-20T08:49:25","slug":"istihdam-seferberligi-gemlikte-ele-alindi","status":"publish","type":"post","link":"http:\/\/www.tvturk.com\/index.php\/istihdam-seferberligi-gemlikte-ele-alindi\/","title":{"rendered":"\u0130stihdam seferberli\u011fi Gemlik\u2019te ele al\u0131nd\u0131"},"content":{"rendered":"<p>Bursa Ticaret Borsas\u0131 (BTB) Y\u00f6netim Kurulu Ba\u015fkan\u0131 ve T\u00fcrkiye Odalar ve Borsalar Birli\u011fi (TOBB) Y\u00f6netim Kurulu \u00dcyesi \u00d6zer Matl\u0131, Gemlik\u2019te TOBB taraf\u0131ndan ba\u015flat\u0131lan 2019 y\u0131l\u0131 \u0130stihdam Seferberli\u011fi Te\u015fvik Program\u0131 bilgilendirme toplant\u0131s\u0131na kat\u0131ld\u0131.<\/p>\n<p>Gemlik Ticaret ve Sanayi Odas\u0131 Kemal Ak\u0131t Toplant\u0131 Salonu\u2019nda d\u00fczenlenen toplant\u0131ya Kaymakam Kemal \u0130nan, AK Parti Bursa Milletvekili Zafer I\u015f\u0131k, Belediye Ba\u015fkan\u0131 Refik Y\u0131lmaz ve i\u015f adamlar\u0131 kat\u0131ld\u0131. \u201cBuras\u0131 T\u00fcrkiye Burada \u0130\u015f Var\u201d Slogan\u0131 ile 2019 y\u0131l\u0131nda da hayata ge\u00e7en istihdam seferberli\u011finin 21 Ocak\u2019taki TOBB T\u00fcrkiye Ekonomi \u015euras\u0131\u2019nda Cumhurba\u015fkan\u0131 Recep Tayyip Erdo\u011fan i\u015f d\u00fcnyas\u0131na yeni bir istihdam seferberli\u011fi \u00e7a\u011fr\u0131s\u0131 ile start ald\u0131\u011f\u0131n\u0131 dile getiren \u00d6zer Matl\u0131, \u201cSeferberlik 2019 d\u00e2hilinde i\u015f d\u00fcnyam\u0131za, giri\u015fimcilerimize 8 farkl\u0131 te\u015fvik sunuluyor ve bunlar\u0131n pek \u00e7o\u011fu tarihi destekler \u015feklinde. Bu te\u015fviklerden nisan ay\u0131 sonuna kadar sa\u011flayaca\u011f\u0131n\u0131z her ilave istihdam\u0131n tam 3 ay boyunca \u00fccretini, sigorta primlerini ve vergisini devlet kar\u015f\u0131l\u0131yor. Bu 3 ay boyunca i\u015fverenin maliyeti s\u0131f\u0131r. 2021 TL \u00fccret, 1113 TL sigorta ve vergiler olmak \u00fczere 3134 TL\u2019yi devletimiz kar\u015f\u0131lam\u0131\u015f olacak. \u0130\u015fveren cebinden s\u0131f\u0131r maliyetle, yeni bir i\u015fsiz karde\u015fimizi i\u015fe alm\u0131\u015f olacak\u201d dedi.<\/p>\n<p>Matl\u0131, \u201cHedefimiz, h\u00fck\u00fcmetimiz taraf\u0131ndan sunulan bu imk\u00e2nlardan 17 il\u00e7emizle birlikte Bursa olarak, daha fazla oranda yararlanabilmek ve istihdama katk\u0131 sa\u011flamakt\u0131r. \u0130stihdam seferberli\u011fi kampanyas\u0131na kat\u0131l\u0131n ve bu tarihi desteklerden sizler de faydalan\u0131n. Hem i\u015finizi geli\u015ftirin hem de \u00fclke ve il\u00e7e ekonomisinin b\u00fcy\u00fcmesine, istihdam\u0131na katk\u0131 sa\u011flayarak ekonomik dengelenme s\u00fcrecine destek olun\u201d dedi.<\/p>\n<p>Bursa SGK \u0130l M\u00fcd\u00fcr\u00fc Erhan Karaca ve \u0130\u015f-Kur \u0130l M\u00fcd\u00fcr\u00fc Feyzullah Eren T\u00fcrkmen, te\u015fvik paketi ile ilgili sunumlar yapt\u0131.<\/p>\n","protected":false},"excerpt":{"rendered":"<p>BURSA T\u0130CARET BORSASI (BTB) Y\u00d6NET\u0130M KURULU BA\u015eKANI VE T\u00dcRK\u0130YE ODALAR VE BORSALAR B\u0130RL\u0130\u011e\u0130 (TOBB) Y\u00d6NET\u0130M KURULU \u00dcYES\u0130 \u00d6ZER MATLI, GEML\u0130K\u2019TE TOBB TARAFINDAN BA\u015eLATILAN 2019 YILI \u0130ST\u0130HDAM SEFERBERL\u0130\u011e\u0130 TE\u015eV\u0130K PROGRAMI B\u0130LG\u0130LEND\u0130RME TOPLANTISINA KATILDI<\/p>\n","protected":false},"author":1,"featured_media":103568,"comment_status":"closed","ping_status":"open","sticky":false,"template":"","format":"standard","meta":{"jetpack_post_was_ever_published":false,"_jetpack_newsletter_access":"","_jetpack_dont_email_post_to_subs":false,"_jetpack_newsletter_tier_id":0,"_jetpack_memberships_contains_paywalled_content":false,"_jetpack_memberships_contains_paid_content":false,"footnotes":"","jetpack_publicize_message":"","jetpack_publicize_feature_enabled":true,"jetpack_social_post_already_shared":true,"jetpack_social_options":{"image_generator_settings":{"template":"highway","default_image_id":0,"font":"","enabled":false},"version":2}},"categories":[19],"tags":[1014,385,10256,2034,7691],"class_list":["post-103567","post","type-post","status-publish","format-standard","has-post-thumbnail","hentry","category-ekonomi","tag-alindi","tag-ele","tag-gemlikte","tag-istihdam","tag-seferberligi"],"jetpack_publicize_connections":[],"jetpack_featured_media_url":"https:\/\/i0.wp.com\/www.tvturk.com\/wp-content\/uploads\/2019\/03\/istihdam-seferberligi-gemlikte-ele-alindi_433a601.jpg?fit=912%2C608","jetpack_sharing_enabled":true,"jetpack_shortlink":"https:\/\/wp.me\/paKIfm-qWr","_links":{"self":[{"href":"http:\/\/www.tvturk.com\/index.php\/wp-json\/wp\/v2\/posts\/103567","targetHints":{"allow":["GET"]}}],"collection":[{"href":"http:\/\/www.tvturk.com\/index.php\/wp-json\/wp\/v2\/posts"}],"about":[{"href":"http:\/\/www.tvturk.com\/index.php\/wp-json\/wp\/v2\/types\/post"}],"author":[{"embeddable":true,"href":"http:\/\/www.tvturk.com\/index.php\/wp-json\/wp\/v2\/users\/1"}],"replies":[{"embeddable":true,"href":"http:\/\/www.tvturk.com\/index.php\/wp-json\/wp\/v2\/comments?post=103567"}],"version-history":[{"count":0,"href":"http:\/\/www.tvturk.com\/index.php\/wp-json\/wp\/v2\/posts\/103567\/revisions"}],"wp:featuredmedia":[{"embeddable":true,"href":"http:\/\/www.tvturk.com\/index.php\/wp-json\/wp\/v2\/media\/103568"}],"wp:attachment":[{"href":"http:\/\/www.tvturk.com\/index.php\/wp-json\/wp\/v2\/media?parent=103567"}],"wp:term":[{"taxonomy":"category","embeddable":true,"href":"http:\/\/www.tvturk.com\/index.php\/wp-json\/wp\/v2\/categories?post=103567"},{"taxonomy":"post_tag","embeddable":true,"href":"http:\/\/www.tvturk.com\/index.php\/wp-json\/wp\/v2\/tags?post=103567"}],"curies":[{"name":"wp","href":"https:\/\/api.w.org\/{rel}","templated":true}]}}