{"id":103655,"date":"2019-03-20T12:14:15","date_gmt":"2019-03-20T09:14:15","guid":{"rendered":"http:\/\/www.tvturk.com\/index.php\/kar-savascilarinin-zorlu-mesaisi\/"},"modified":"2019-03-20T12:14:20","modified_gmt":"2019-03-20T09:14:20","slug":"kar-savascilarinin-zorlu-mesaisi","status":"publish","type":"post","link":"http:\/\/www.tvturk.com\/index.php\/kar-savascilarinin-zorlu-mesaisi\/","title":{"rendered":"Kar sava\u015f\u00e7\u0131lar\u0131n\u0131n zorlu mesaisi"},"content":{"rendered":"<p>Karayollar\u0131 11. Van B\u00f6lge M\u00fcd\u00fcrl\u00fc\u011f\u00fc ekipleri, Mart ay\u0131n\u0131n son haftalar\u0131nda Van-Bah\u00e7esaray karayolunda karla m\u00fccadele \u00e7al\u0131\u015fmalar\u0131n\u0131 s\u00fcrd\u00fcr\u00fcyor.<\/p>\n<p>B\u00f6lgede bu y\u0131l \u00e7etin ge\u00e7en k\u0131\u015f \u015fartlar\u0131ndan \u00f6zellikle yolculuk yapanlar\u0131n etkilenmemesi i\u00e7in gece g\u00fcnd\u00fcz yollara koyulan Karayollar\u0131 11. B\u00f6lge M\u00fcd\u00fcrl\u00fc\u011f\u00fcne ba\u011fl\u0131 ekipler, mesai g\u00f6zetmeksizin kar, tipi, so\u011fuk hava demeden aral\u0131ks\u0131z \u00e7al\u0131\u015f\u0131yor.<\/p>\n<p>Sabah\u0131n erken saatlerinde g\u00f6rev yapt\u0131klar\u0131 m\u00fcd\u00fcrl\u00fc\u011fe gelen ekipler, \u00f6nce ara\u00e7lar\u0131n\u0131 so\u011fuk k\u0131\u015f \u015fartlar\u0131 ve yo\u011fun kar ya\u011f\u0131\u015f\u0131na haz\u0131rl\u0131yor. Halk\u0131n yollarda kalmamas\u0131 i\u00e7in hemen g\u00f6reve \u00e7\u0131kan ekipler, sorumluluk alanlar\u0131ndaki Van-Bah\u00e7esaray yolunda 24 saat esas\u0131na g\u00f6re kar temizleme \u00e7al\u0131\u015fmas\u0131 yap\u0131yor.<\/p>\n<p>Kar ya\u011f\u0131\u015f\u0131 olan g\u00fcnler ba\u015fta olmak \u00fczere haftan\u0131n hemen her g\u00fcn\u00fc i\u015f makinelerine binip yola koyulan ekipler, kar, tipi, \u00e7\u0131\u011f tehlikesi ve f\u0131rt\u0131naya ald\u0131r\u0131\u015f etmeden adeta ezberledikleri yollar\u0131n a\u00e7\u0131k kalmas\u0131 i\u00e7in gayret g\u00f6steriyor. Karayollar\u0131 11. B\u00f6lge M\u00fcd\u00fcrl\u00fc\u011f\u00fc 111. \u015eube \u015eefli\u011fine ba\u011fl\u0131 G\u00f6renta\u015f \u015eantiye \u015eefli\u011fi ekipleri, 12 i\u015f makinesi ile yol a\u011f\u0131n\u0131 a\u00e7\u0131k tutmak i\u00e7in yo\u011fun \u00e7aba sarf ederek karla m\u00fccadeleyi s\u00fcrd\u00fcr\u00fcyor.<div class=\"tiled-gallery type-rectangular tiled-gallery-unresized\" data-original-width=\"500\" data-carousel-extra='null' itemscope itemtype=\"http:\/\/schema.org\/ImageGallery\" > <div class=\"gallery-row\" style=\"width: 500px; height: 142px;\" data-original-width=\"500\" data-original-height=\"142\" > <div class=\"gallery-group images-1\" style=\"width: 250px; height: 142px;\" data-original-width=\"250\" data-original-height=\"142\" > <div class=\"tiled-gallery-item tiled-gallery-item-small\" itemprop=\"associatedMedia\" itemscope itemtype=\"http:\/\/schema.org\/ImageObject\"> <a href=\"http:\/\/www.tvturk.com\/index.php\/kar-savascilarinin-zorlu-mesaisi\/kar-savascilarinin-zorlu-mesaisi-3\/\" border=\"0\" itemprop=\"url\"> <meta itemprop=\"width\" content=\"246\"> <meta itemprop=\"height\" content=\"138\"> <img decoding=\"async\" class=\"\" data-attachment-id=\"103657\" data-orig-file=\"http:\/\/www.tvturk.com\/wp-content\/uploads\/2019\/03\/kar-savascilarinin-zorlu-mesaisi_70efcfa.jpg\" data-orig-size=\"1000,562\" data-comments-opened=\"\" data-image-meta=\"{&quot;aperture&quot;:&quot;0&quot;,&quot;credit&quot;:&quot;IHA&quot;,&quot;camera&quot;:&quot;&quot;,&quot;caption&quot;:&quot;KARAYOLLARI 11. VAN B\\u00d6LGE M\\u00dcD\\u00dcRL\\u00dc\\u011e\\u00dc EK\\u0130PLER\\u0130, MART AYININ SON HAFTALARINDA VAN-BAH\\u00c7ESARAY KARAYOLUNDA KATLA M\\u00dcCADELE \\u00c7ALI\\u015eMALARINI S\\u00dcRD\\u00dcR\\u00dcYOR. (\\u015e\\u00dcKR\\u00dc AKY\\u00dcZ\\\/VAN-\\u0130HA)&quot;,&quot;created_timestamp&quot;:&quot;0&quot;,&quot;copyright&quot;:&quot;\\u0130HLAS HABER AJANSI, www.iha.com.tr&quot;,&quot;focal_length&quot;:&quot;0&quot;,&quot;iso&quot;:&quot;0&quot;,&quot;shutter_speed&quot;:&quot;0&quot;,&quot;title&quot;:&quot;KAR SAVA\\u015e\\u00c7ILARININ ZORLU MESA\\u0130S\\u0130 VAN-BAH\\u00c7ESARAY YOLUNU A\\u00c7IK TUTMAK \\u0130\\u00c7\\u0130N 7\\\/24 G\\u00d6REV BA\\u015eINDA&quot;,&quot;orientation&quot;:&quot;0&quot;}\" data-image-title=\"Kar sava\u015f\u00e7\u0131lar\u0131n\u0131n zorlu mesaisi\" data-image-description=\"&lt;p&gt;Kar sava\u015f\u00e7\u0131lar\u0131n\u0131n zorlu mesaisi&lt;\/p&gt; \" data-medium-file=\"https:\/\/i0.wp.com\/www.tvturk.com\/wp-content\/uploads\/2019\/03\/kar-savascilarinin-zorlu-mesaisi_70efcfa.jpg?fit=300%2C169\" data-large-file=\"https:\/\/i0.wp.com\/www.tvturk.com\/wp-content\/uploads\/2019\/03\/kar-savascilarinin-zorlu-mesaisi_70efcfa.jpg?fit=1000%2C562\" src=\"https:\/\/i0.wp.com\/www.tvturk.com\/wp-content\/uploads\/2019\/03\/kar-savascilarinin-zorlu-mesaisi_70efcfa.jpg?w=246&#038;h=138\" srcset=\"https:\/\/i0.wp.com\/www.tvturk.com\/wp-content\/uploads\/2019\/03\/kar-savascilarinin-zorlu-mesaisi_70efcfa.jpg?w=1000 1000w, https:\/\/i0.wp.com\/www.tvturk.com\/wp-content\/uploads\/2019\/03\/kar-savascilarinin-zorlu-mesaisi_70efcfa.jpg?resize=150%2C84 150w, https:\/\/i0.wp.com\/www.tvturk.com\/wp-content\/uploads\/2019\/03\/kar-savascilarinin-zorlu-mesaisi_70efcfa.jpg?resize=300%2C169 300w, https:\/\/i0.wp.com\/www.tvturk.com\/wp-content\/uploads\/2019\/03\/kar-savascilarinin-zorlu-mesaisi_70efcfa.jpg?resize=768%2C432 768w, https:\/\/i0.wp.com\/www.tvturk.com\/wp-content\/uploads\/2019\/03\/kar-savascilarinin-zorlu-mesaisi_70efcfa.jpg?resize=200%2C113 200w\" width=\"246\" height=\"138\" loading=\"lazy\" data-original-width=\"246\" data-original-height=\"138\" itemprop=\"http:\/\/schema.org\/image\" title=\"Kar sava\u015f\u00e7\u0131lar\u0131n\u0131n zorlu mesaisi\" alt=\"Kar sava\u015f\u00e7\u0131lar\u0131n\u0131n zorlu mesaisi\" style=\"width: 246px; height: 138px;\" \/> <\/a> <\/div> <\/div> <!-- close group --> <div class=\"gallery-group images-1\" style=\"width: 250px; height: 142px;\" data-original-width=\"250\" data-original-height=\"142\" > <div class=\"tiled-gallery-item tiled-gallery-item-small\" itemprop=\"associatedMedia\" itemscope itemtype=\"http:\/\/schema.org\/ImageObject\"> <a href=\"http:\/\/www.tvturk.com\/index.php\/kar-savascilarinin-zorlu-mesaisi\/kar-savascilarinin-zorlu-mesaisi-4\/\" border=\"0\" itemprop=\"url\"> <meta itemprop=\"width\" content=\"246\"> <meta itemprop=\"height\" content=\"138\"> <img decoding=\"async\" class=\"\" data-attachment-id=\"103658\" data-orig-file=\"http:\/\/www.tvturk.com\/wp-content\/uploads\/2019\/03\/kar-savascilarinin-zorlu-mesaisi_4bbd639.jpg\" data-orig-size=\"1000,562\" data-comments-opened=\"\" data-image-meta=\"{&quot;aperture&quot;:&quot;0&quot;,&quot;credit&quot;:&quot;IHA&quot;,&quot;camera&quot;:&quot;&quot;,&quot;caption&quot;:&quot;KARAYOLLARI 11. VAN B\\u00d6LGE M\\u00dcD\\u00dcRL\\u00dc\\u011e\\u00dc EK\\u0130PLER\\u0130, MART AYININ SON HAFTALARINDA VAN-BAH\\u00c7ESARAY KARAYOLUNDA KATLA M\\u00dcCADELE \\u00c7ALI\\u015eMALARINI S\\u00dcRD\\u00dcR\\u00dcYOR. (\\u015e\\u00dcKR\\u00dc AKY\\u00dcZ\\\/VAN-\\u0130HA)&quot;,&quot;created_timestamp&quot;:&quot;0&quot;,&quot;copyright&quot;:&quot;\\u0130HLAS HABER AJANSI, www.iha.com.tr&quot;,&quot;focal_length&quot;:&quot;0&quot;,&quot;iso&quot;:&quot;0&quot;,&quot;shutter_speed&quot;:&quot;0&quot;,&quot;title&quot;:&quot;KAR SAVA\\u015e\\u00c7ILARININ ZORLU MESA\\u0130S\\u0130 VAN-BAH\\u00c7ESARAY YOLUNU A\\u00c7IK TUTMAK \\u0130\\u00c7\\u0130N 7\\\/24 G\\u00d6REV BA\\u015eINDA&quot;,&quot;orientation&quot;:&quot;0&quot;}\" data-image-title=\"Kar sava\u015f\u00e7\u0131lar\u0131n\u0131n zorlu mesaisi\" data-image-description=\"&lt;p&gt;Kar sava\u015f\u00e7\u0131lar\u0131n\u0131n zorlu mesaisi&lt;\/p&gt; \" data-medium-file=\"https:\/\/i0.wp.com\/www.tvturk.com\/wp-content\/uploads\/2019\/03\/kar-savascilarinin-zorlu-mesaisi_4bbd639.jpg?fit=300%2C169\" data-large-file=\"https:\/\/i0.wp.com\/www.tvturk.com\/wp-content\/uploads\/2019\/03\/kar-savascilarinin-zorlu-mesaisi_4bbd639.jpg?fit=1000%2C562\" src=\"https:\/\/i0.wp.com\/www.tvturk.com\/wp-content\/uploads\/2019\/03\/kar-savascilarinin-zorlu-mesaisi_4bbd639.jpg?w=246&#038;h=138\" srcset=\"https:\/\/i0.wp.com\/www.tvturk.com\/wp-content\/uploads\/2019\/03\/kar-savascilarinin-zorlu-mesaisi_4bbd639.jpg?w=1000 1000w, https:\/\/i0.wp.com\/www.tvturk.com\/wp-content\/uploads\/2019\/03\/kar-savascilarinin-zorlu-mesaisi_4bbd639.jpg?resize=150%2C84 150w, https:\/\/i0.wp.com\/www.tvturk.com\/wp-content\/uploads\/2019\/03\/kar-savascilarinin-zorlu-mesaisi_4bbd639.jpg?resize=300%2C169 300w, https:\/\/i0.wp.com\/www.tvturk.com\/wp-content\/uploads\/2019\/03\/kar-savascilarinin-zorlu-mesaisi_4bbd639.jpg?resize=768%2C432 768w, https:\/\/i0.wp.com\/www.tvturk.com\/wp-content\/uploads\/2019\/03\/kar-savascilarinin-zorlu-mesaisi_4bbd639.jpg?resize=200%2C113 200w\" width=\"246\" height=\"138\" loading=\"lazy\" data-original-width=\"246\" data-original-height=\"138\" itemprop=\"http:\/\/schema.org\/image\" title=\"Kar sava\u015f\u00e7\u0131lar\u0131n\u0131n zorlu mesaisi\" alt=\"Kar sava\u015f\u00e7\u0131lar\u0131n\u0131n zorlu mesaisi\" style=\"width: 246px; height: 138px;\" \/> <\/a> <\/div> <\/div> <!-- close group --> <\/div> <!-- close row --> <div class=\"gallery-row\" style=\"width: 500px; height: 142px;\" data-original-width=\"500\" data-original-height=\"142\" > <div class=\"gallery-group images-1\" style=\"width: 250px; height: 142px;\" data-original-width=\"250\" data-original-height=\"142\" > <div class=\"tiled-gallery-item tiled-gallery-item-small\" itemprop=\"associatedMedia\" itemscope itemtype=\"http:\/\/schema.org\/ImageObject\"> <a href=\"http:\/\/www.tvturk.com\/index.php\/kar-savascilarinin-zorlu-mesaisi\/kar-savascilarinin-zorlu-mesaisi-5\/\" border=\"0\" itemprop=\"url\"> <meta itemprop=\"width\" content=\"246\"> <meta itemprop=\"height\" content=\"138\"> <img decoding=\"async\" class=\"\" data-attachment-id=\"103659\" data-orig-file=\"http:\/\/www.tvturk.com\/wp-content\/uploads\/2019\/03\/kar-savascilarinin-zorlu-mesaisi_8a0055f.jpg\" data-orig-size=\"1000,562\" data-comments-opened=\"\" data-image-meta=\"{&quot;aperture&quot;:&quot;0&quot;,&quot;credit&quot;:&quot;IHA&quot;,&quot;camera&quot;:&quot;&quot;,&quot;caption&quot;:&quot;KARAYOLLARI 11. VAN B\\u00d6LGE M\\u00dcD\\u00dcRL\\u00dc\\u011e\\u00dc EK\\u0130PLER\\u0130, MART AYININ SON HAFTALARINDA VAN-BAH\\u00c7ESARAY KARAYOLUNDA KATLA M\\u00dcCADELE \\u00c7ALI\\u015eMALARINI S\\u00dcRD\\u00dcR\\u00dcYOR. (\\u015e\\u00dcKR\\u00dc AKY\\u00dcZ\\\/VAN-\\u0130HA)&quot;,&quot;created_timestamp&quot;:&quot;0&quot;,&quot;copyright&quot;:&quot;\\u0130HLAS HABER AJANSI, www.iha.com.tr&quot;,&quot;focal_length&quot;:&quot;0&quot;,&quot;iso&quot;:&quot;0&quot;,&quot;shutter_speed&quot;:&quot;0&quot;,&quot;title&quot;:&quot;KAR SAVA\\u015e\\u00c7ILARININ ZORLU MESA\\u0130S\\u0130 VAN-BAH\\u00c7ESARAY YOLUNU A\\u00c7IK TUTMAK \\u0130\\u00c7\\u0130N 7\\\/24 G\\u00d6REV BA\\u015eINDA&quot;,&quot;orientation&quot;:&quot;0&quot;}\" data-image-title=\"Kar sava\u015f\u00e7\u0131lar\u0131n\u0131n zorlu mesaisi\" data-image-description=\"&lt;p&gt;Kar sava\u015f\u00e7\u0131lar\u0131n\u0131n zorlu mesaisi&lt;\/p&gt; \" data-medium-file=\"https:\/\/i0.wp.com\/www.tvturk.com\/wp-content\/uploads\/2019\/03\/kar-savascilarinin-zorlu-mesaisi_8a0055f.jpg?fit=300%2C169\" data-large-file=\"https:\/\/i0.wp.com\/www.tvturk.com\/wp-content\/uploads\/2019\/03\/kar-savascilarinin-zorlu-mesaisi_8a0055f.jpg?fit=1000%2C562\" src=\"https:\/\/i0.wp.com\/www.tvturk.com\/wp-content\/uploads\/2019\/03\/kar-savascilarinin-zorlu-mesaisi_8a0055f.jpg?w=246&#038;h=138\" srcset=\"https:\/\/i0.wp.com\/www.tvturk.com\/wp-content\/uploads\/2019\/03\/kar-savascilarinin-zorlu-mesaisi_8a0055f.jpg?w=1000 1000w, https:\/\/i0.wp.com\/www.tvturk.com\/wp-content\/uploads\/2019\/03\/kar-savascilarinin-zorlu-mesaisi_8a0055f.jpg?resize=150%2C84 150w, https:\/\/i0.wp.com\/www.tvturk.com\/wp-content\/uploads\/2019\/03\/kar-savascilarinin-zorlu-mesaisi_8a0055f.jpg?resize=300%2C169 300w, https:\/\/i0.wp.com\/www.tvturk.com\/wp-content\/uploads\/2019\/03\/kar-savascilarinin-zorlu-mesaisi_8a0055f.jpg?resize=768%2C432 768w, https:\/\/i0.wp.com\/www.tvturk.com\/wp-content\/uploads\/2019\/03\/kar-savascilarinin-zorlu-mesaisi_8a0055f.jpg?resize=200%2C113 200w\" width=\"246\" height=\"138\" loading=\"lazy\" data-original-width=\"246\" data-original-height=\"138\" itemprop=\"http:\/\/schema.org\/image\" title=\"Kar sava\u015f\u00e7\u0131lar\u0131n\u0131n zorlu mesaisi\" alt=\"Kar sava\u015f\u00e7\u0131lar\u0131n\u0131n zorlu mesaisi\" style=\"width: 246px; height: 138px;\" \/> <\/a> <\/div> <\/div> <!-- close group --> <div class=\"gallery-group images-1\" style=\"width: 250px; height: 142px;\" data-original-width=\"250\" data-original-height=\"142\" > <div class=\"tiled-gallery-item tiled-gallery-item-small\" itemprop=\"associatedMedia\" itemscope itemtype=\"http:\/\/schema.org\/ImageObject\"> <a href=\"http:\/\/www.tvturk.com\/index.php\/kar-savascilarinin-zorlu-mesaisi\/kar-savascilarinin-zorlu-mesaisi-6\/\" border=\"0\" itemprop=\"url\"> <meta itemprop=\"width\" content=\"246\"> <meta itemprop=\"height\" content=\"138\"> <img decoding=\"async\" class=\"\" data-attachment-id=\"103660\" data-orig-file=\"http:\/\/www.tvturk.com\/wp-content\/uploads\/2019\/03\/kar-savascilarinin-zorlu-mesaisi_ac23b95.jpg\" data-orig-size=\"1000,562\" data-comments-opened=\"\" data-image-meta=\"{&quot;aperture&quot;:&quot;0&quot;,&quot;credit&quot;:&quot;IHA&quot;,&quot;camera&quot;:&quot;&quot;,&quot;caption&quot;:&quot;KARAYOLLARI 11. VAN B\\u00d6LGE M\\u00dcD\\u00dcRL\\u00dc\\u011e\\u00dc EK\\u0130PLER\\u0130, MART AYININ SON HAFTALARINDA VAN-BAH\\u00c7ESARAY KARAYOLUNDA KATLA M\\u00dcCADELE \\u00c7ALI\\u015eMALARINI S\\u00dcRD\\u00dcR\\u00dcYOR. (\\u015e\\u00dcKR\\u00dc AKY\\u00dcZ\\\/VAN-\\u0130HA)&quot;,&quot;created_timestamp&quot;:&quot;0&quot;,&quot;copyright&quot;:&quot;\\u0130HLAS HABER AJANSI, www.iha.com.tr&quot;,&quot;focal_length&quot;:&quot;0&quot;,&quot;iso&quot;:&quot;0&quot;,&quot;shutter_speed&quot;:&quot;0&quot;,&quot;title&quot;:&quot;KAR SAVA\\u015e\\u00c7ILARININ ZORLU MESA\\u0130S\\u0130 VAN-BAH\\u00c7ESARAY YOLUNU A\\u00c7IK TUTMAK \\u0130\\u00c7\\u0130N 7\\\/24 G\\u00d6REV BA\\u015eINDA&quot;,&quot;orientation&quot;:&quot;0&quot;}\" data-image-title=\"Kar sava\u015f\u00e7\u0131lar\u0131n\u0131n zorlu mesaisi\" data-image-description=\"&lt;p&gt;Kar sava\u015f\u00e7\u0131lar\u0131n\u0131n zorlu mesaisi&lt;\/p&gt; \" data-medium-file=\"https:\/\/i0.wp.com\/www.tvturk.com\/wp-content\/uploads\/2019\/03\/kar-savascilarinin-zorlu-mesaisi_ac23b95.jpg?fit=300%2C169\" data-large-file=\"https:\/\/i0.wp.com\/www.tvturk.com\/wp-content\/uploads\/2019\/03\/kar-savascilarinin-zorlu-mesaisi_ac23b95.jpg?fit=1000%2C562\" src=\"https:\/\/i0.wp.com\/www.tvturk.com\/wp-content\/uploads\/2019\/03\/kar-savascilarinin-zorlu-mesaisi_ac23b95.jpg?w=246&#038;h=138\" srcset=\"https:\/\/i0.wp.com\/www.tvturk.com\/wp-content\/uploads\/2019\/03\/kar-savascilarinin-zorlu-mesaisi_ac23b95.jpg?w=1000 1000w, https:\/\/i0.wp.com\/www.tvturk.com\/wp-content\/uploads\/2019\/03\/kar-savascilarinin-zorlu-mesaisi_ac23b95.jpg?resize=150%2C84 150w, https:\/\/i0.wp.com\/www.tvturk.com\/wp-content\/uploads\/2019\/03\/kar-savascilarinin-zorlu-mesaisi_ac23b95.jpg?resize=300%2C169 300w, https:\/\/i0.wp.com\/www.tvturk.com\/wp-content\/uploads\/2019\/03\/kar-savascilarinin-zorlu-mesaisi_ac23b95.jpg?resize=768%2C432 768w, https:\/\/i0.wp.com\/www.tvturk.com\/wp-content\/uploads\/2019\/03\/kar-savascilarinin-zorlu-mesaisi_ac23b95.jpg?resize=200%2C113 200w\" width=\"246\" height=\"138\" loading=\"lazy\" data-original-width=\"246\" data-original-height=\"138\" itemprop=\"http:\/\/schema.org\/image\" title=\"Kar sava\u015f\u00e7\u0131lar\u0131n\u0131n zorlu mesaisi\" alt=\"Kar sava\u015f\u00e7\u0131lar\u0131n\u0131n zorlu mesaisi\" style=\"width: 246px; height: 138px;\" \/> <\/a> <\/div> <\/div> <!-- close group --> <\/div> <!-- close row --> <div class=\"gallery-row\" style=\"width: 500px; height: 142px;\" data-original-width=\"500\" data-original-height=\"142\" > <div class=\"gallery-group images-1\" style=\"width: 250px; height: 142px;\" data-original-width=\"250\" data-original-height=\"142\" > <div class=\"tiled-gallery-item tiled-gallery-item-small\" itemprop=\"associatedMedia\" itemscope itemtype=\"http:\/\/schema.org\/ImageObject\"> <a href=\"http:\/\/www.tvturk.com\/index.php\/kar-savascilarinin-zorlu-mesaisi\/kar-savascilarinin-zorlu-mesaisi-7\/\" border=\"0\" itemprop=\"url\"> <meta itemprop=\"width\" content=\"246\"> <meta itemprop=\"height\" content=\"138\"> <img decoding=\"async\" class=\"\" data-attachment-id=\"103661\" data-orig-file=\"http:\/\/www.tvturk.com\/wp-content\/uploads\/2019\/03\/kar-savascilarinin-zorlu-mesaisi_7275be9.jpg\" data-orig-size=\"1000,562\" data-comments-opened=\"\" data-image-meta=\"{&quot;aperture&quot;:&quot;0&quot;,&quot;credit&quot;:&quot;IHA&quot;,&quot;camera&quot;:&quot;&quot;,&quot;caption&quot;:&quot;KARAYOLLARI 11. VAN B\\u00d6LGE M\\u00dcD\\u00dcRL\\u00dc\\u011e\\u00dc EK\\u0130PLER\\u0130, MART AYININ SON HAFTALARINDA VAN-BAH\\u00c7ESARAY KARAYOLUNDA KATLA M\\u00dcCADELE \\u00c7ALI\\u015eMALARINI S\\u00dcRD\\u00dcR\\u00dcYOR. (\\u015e\\u00dcKR\\u00dc AKY\\u00dcZ\\\/VAN-\\u0130HA)&quot;,&quot;created_timestamp&quot;:&quot;0&quot;,&quot;copyright&quot;:&quot;\\u0130HLAS HABER AJANSI, www.iha.com.tr&quot;,&quot;focal_length&quot;:&quot;0&quot;,&quot;iso&quot;:&quot;0&quot;,&quot;shutter_speed&quot;:&quot;0&quot;,&quot;title&quot;:&quot;KAR SAVA\\u015e\\u00c7ILARININ ZORLU MESA\\u0130S\\u0130 VAN-BAH\\u00c7ESARAY YOLUNU A\\u00c7IK TUTMAK \\u0130\\u00c7\\u0130N 7\\\/24 G\\u00d6REV BA\\u015eINDA&quot;,&quot;orientation&quot;:&quot;0&quot;}\" data-image-title=\"Kar sava\u015f\u00e7\u0131lar\u0131n\u0131n zorlu mesaisi\" data-image-description=\"&lt;p&gt;Kar sava\u015f\u00e7\u0131lar\u0131n\u0131n zorlu mesaisi&lt;\/p&gt; \" data-medium-file=\"https:\/\/i0.wp.com\/www.tvturk.com\/wp-content\/uploads\/2019\/03\/kar-savascilarinin-zorlu-mesaisi_7275be9.jpg?fit=300%2C169\" data-large-file=\"https:\/\/i0.wp.com\/www.tvturk.com\/wp-content\/uploads\/2019\/03\/kar-savascilarinin-zorlu-mesaisi_7275be9.jpg?fit=1000%2C562\" src=\"https:\/\/i0.wp.com\/www.tvturk.com\/wp-content\/uploads\/2019\/03\/kar-savascilarinin-zorlu-mesaisi_7275be9.jpg?w=246&#038;h=138\" srcset=\"https:\/\/i0.wp.com\/www.tvturk.com\/wp-content\/uploads\/2019\/03\/kar-savascilarinin-zorlu-mesaisi_7275be9.jpg?w=1000 1000w, https:\/\/i0.wp.com\/www.tvturk.com\/wp-content\/uploads\/2019\/03\/kar-savascilarinin-zorlu-mesaisi_7275be9.jpg?resize=150%2C84 150w, https:\/\/i0.wp.com\/www.tvturk.com\/wp-content\/uploads\/2019\/03\/kar-savascilarinin-zorlu-mesaisi_7275be9.jpg?resize=300%2C169 300w, https:\/\/i0.wp.com\/www.tvturk.com\/wp-content\/uploads\/2019\/03\/kar-savascilarinin-zorlu-mesaisi_7275be9.jpg?resize=768%2C432 768w, https:\/\/i0.wp.com\/www.tvturk.com\/wp-content\/uploads\/2019\/03\/kar-savascilarinin-zorlu-mesaisi_7275be9.jpg?resize=200%2C113 200w\" width=\"246\" height=\"138\" loading=\"lazy\" data-original-width=\"246\" data-original-height=\"138\" itemprop=\"http:\/\/schema.org\/image\" title=\"Kar sava\u015f\u00e7\u0131lar\u0131n\u0131n zorlu mesaisi\" alt=\"Kar sava\u015f\u00e7\u0131lar\u0131n\u0131n zorlu mesaisi\" style=\"width: 246px; height: 138px;\" \/> <\/a> <\/div> <\/div> <!-- close group --> <div class=\"gallery-group images-1\" style=\"width: 250px; height: 142px;\" data-original-width=\"250\" data-original-height=\"142\" > <div class=\"tiled-gallery-item tiled-gallery-item-small\" itemprop=\"associatedMedia\" itemscope itemtype=\"http:\/\/schema.org\/ImageObject\"> <a href=\"http:\/\/www.tvturk.com\/index.php\/kar-savascilarinin-zorlu-mesaisi\/kar-savascilarinin-zorlu-mesaisi-8\/\" border=\"0\" itemprop=\"url\"> <meta itemprop=\"width\" content=\"246\"> <meta itemprop=\"height\" content=\"138\"> <img decoding=\"async\" class=\"\" data-attachment-id=\"103662\" data-orig-file=\"http:\/\/www.tvturk.com\/wp-content\/uploads\/2019\/03\/kar-savascilarinin-zorlu-mesaisi_98cd9fe.jpg\" data-orig-size=\"1000,562\" data-comments-opened=\"\" data-image-meta=\"{&quot;aperture&quot;:&quot;0&quot;,&quot;credit&quot;:&quot;IHA&quot;,&quot;camera&quot;:&quot;&quot;,&quot;caption&quot;:&quot;KARAYOLLARI 11. VAN B\\u00d6LGE M\\u00dcD\\u00dcRL\\u00dc\\u011e\\u00dc EK\\u0130PLER\\u0130, MART AYININ SON HAFTALARINDA VAN-BAH\\u00c7ESARAY KARAYOLUNDA KATLA M\\u00dcCADELE \\u00c7ALI\\u015eMALARINI S\\u00dcRD\\u00dcR\\u00dcYOR. (\\u015e\\u00dcKR\\u00dc AKY\\u00dcZ\\\/VAN-\\u0130HA)&quot;,&quot;created_timestamp&quot;:&quot;0&quot;,&quot;copyright&quot;:&quot;\\u0130HLAS HABER AJANSI, www.iha.com.tr&quot;,&quot;focal_length&quot;:&quot;0&quot;,&quot;iso&quot;:&quot;0&quot;,&quot;shutter_speed&quot;:&quot;0&quot;,&quot;title&quot;:&quot;KAR SAVA\\u015e\\u00c7ILARININ ZORLU MESA\\u0130S\\u0130 VAN-BAH\\u00c7ESARAY YOLUNU A\\u00c7IK TUTMAK \\u0130\\u00c7\\u0130N 7\\\/24 G\\u00d6REV BA\\u015eINDA&quot;,&quot;orientation&quot;:&quot;0&quot;}\" data-image-title=\"Kar sava\u015f\u00e7\u0131lar\u0131n\u0131n zorlu mesaisi\" data-image-description=\"&lt;p&gt;Kar sava\u015f\u00e7\u0131lar\u0131n\u0131n zorlu mesaisi&lt;\/p&gt; \" data-medium-file=\"https:\/\/i0.wp.com\/www.tvturk.com\/wp-content\/uploads\/2019\/03\/kar-savascilarinin-zorlu-mesaisi_98cd9fe.jpg?fit=300%2C169\" data-large-file=\"https:\/\/i0.wp.com\/www.tvturk.com\/wp-content\/uploads\/2019\/03\/kar-savascilarinin-zorlu-mesaisi_98cd9fe.jpg?fit=1000%2C562\" src=\"https:\/\/i0.wp.com\/www.tvturk.com\/wp-content\/uploads\/2019\/03\/kar-savascilarinin-zorlu-mesaisi_98cd9fe.jpg?w=246&#038;h=138\" srcset=\"https:\/\/i0.wp.com\/www.tvturk.com\/wp-content\/uploads\/2019\/03\/kar-savascilarinin-zorlu-mesaisi_98cd9fe.jpg?w=1000 1000w, https:\/\/i0.wp.com\/www.tvturk.com\/wp-content\/uploads\/2019\/03\/kar-savascilarinin-zorlu-mesaisi_98cd9fe.jpg?resize=150%2C84 150w, https:\/\/i0.wp.com\/www.tvturk.com\/wp-content\/uploads\/2019\/03\/kar-savascilarinin-zorlu-mesaisi_98cd9fe.jpg?resize=300%2C169 300w, https:\/\/i0.wp.com\/www.tvturk.com\/wp-content\/uploads\/2019\/03\/kar-savascilarinin-zorlu-mesaisi_98cd9fe.jpg?resize=768%2C432 768w, https:\/\/i0.wp.com\/www.tvturk.com\/wp-content\/uploads\/2019\/03\/kar-savascilarinin-zorlu-mesaisi_98cd9fe.jpg?resize=200%2C113 200w\" width=\"246\" height=\"138\" loading=\"lazy\" data-original-width=\"246\" data-original-height=\"138\" itemprop=\"http:\/\/schema.org\/image\" title=\"Kar sava\u015f\u00e7\u0131lar\u0131n\u0131n zorlu mesaisi\" alt=\"Kar sava\u015f\u00e7\u0131lar\u0131n\u0131n zorlu mesaisi\" style=\"width: 246px; height: 138px;\" \/> <\/a> <\/div> <\/div> <!-- close group --> <\/div> <!-- close row --> <\/div><\/p>\n","protected":false},"excerpt":{"rendered":"<p>KARAYOLLARI 11. VAN B\u00d6LGE M\u00dcD\u00dcRL\u00dc\u011e\u00dc EK\u0130PLER\u0130, MART AYININ SON HAFTALARINDA VAN-BAH\u00c7ESARAY KARAYOLUNDA KATLA M\u00dcCADELE \u00c7ALI\u015eMALARINI S\u00dcRD\u00dcR\u00dcYOR.<\/p>\n","protected":false},"author":1,"featured_media":103656,"comment_status":"closed","ping_status":"open","sticky":false,"template":"","format":"standard","meta":{"jetpack_post_was_ever_published":false,"_jetpack_newsletter_access":"","_jetpack_dont_email_post_to_subs":false,"_jetpack_newsletter_tier_id":0,"_jetpack_memberships_contains_paywalled_content":false,"_jetpack_memberships_contains_paid_content":false,"footnotes":"","jetpack_publicize_message":"","jetpack_publicize_feature_enabled":true,"jetpack_social_post_already_shared":true,"jetpack_social_options":{"image_generator_settings":{"template":"highway","default_image_id":0,"font":"","enabled":false},"version":2}},"categories":[1],"tags":[878,2634,26419,4376],"class_list":["post-103655","post","type-post","status-publish","format-standard","has-post-thumbnail","hentry","category-genel","tag-kar","tag-mesaisi","tag-savascilarinin","tag-zorlu"],"jetpack_publicize_connections":[],"jetpack_featured_media_url":"https:\/\/i0.wp.com\/www.tvturk.com\/wp-content\/uploads\/2019\/03\/kar-savascilarinin-zorlu-mesaisi_2a253d1.jpg?fit=1000%2C562","jetpack_sharing_enabled":true,"jetpack_shortlink":"https:\/\/wp.me\/paKIfm-qXR","_links":{"self":[{"href":"http:\/\/www.tvturk.com\/index.php\/wp-json\/wp\/v2\/posts\/103655","targetHints":{"allow":["GET"]}}],"collection":[{"href":"http:\/\/www.tvturk.com\/index.php\/wp-json\/wp\/v2\/posts"}],"about":[{"href":"http:\/\/www.tvturk.com\/index.php\/wp-json\/wp\/v2\/types\/post"}],"author":[{"embeddable":true,"href":"http:\/\/www.tvturk.com\/index.php\/wp-json\/wp\/v2\/users\/1"}],"replies":[{"embeddable":true,"href":"http:\/\/www.tvturk.com\/index.php\/wp-json\/wp\/v2\/comments?post=103655"}],"version-history":[{"count":1,"href":"http:\/\/www.tvturk.com\/index.php\/wp-json\/wp\/v2\/posts\/103655\/revisions"}],"predecessor-version":[{"id":103663,"href":"http:\/\/www.tvturk.com\/index.php\/wp-json\/wp\/v2\/posts\/103655\/revisions\/103663"}],"wp:featuredmedia":[{"embeddable":true,"href":"http:\/\/www.tvturk.com\/index.php\/wp-json\/wp\/v2\/media\/103656"}],"wp:attachment":[{"href":"http:\/\/www.tvturk.com\/index.php\/wp-json\/wp\/v2\/media?parent=103655"}],"wp:term":[{"taxonomy":"category","embeddable":true,"href":"http:\/\/www.tvturk.com\/index.php\/wp-json\/wp\/v2\/categories?post=103655"},{"taxonomy":"post_tag","embeddable":true,"href":"http:\/\/www.tvturk.com\/index.php\/wp-json\/wp\/v2\/tags?post=103655"}],"curies":[{"name":"wp","href":"https:\/\/api.w.org\/{rel}","templated":true}]}}