{"id":103697,"date":"2019-03-20T12:30:07","date_gmt":"2019-03-20T09:30:07","guid":{"rendered":"http:\/\/www.tvturk.com\/index.php\/odu-turk-findigini-uluslararasi-arenaya-tasidi\/"},"modified":"2019-03-20T12:30:09","modified_gmt":"2019-03-20T09:30:09","slug":"odu-turk-findigini-uluslararasi-arenaya-tasidi","status":"publish","type":"post","link":"http:\/\/www.tvturk.com\/index.php\/odu-turk-findigini-uluslararasi-arenaya-tasidi\/","title":{"rendered":"OD\u00dc, T\u00fcrk f\u0131nd\u0131\u011f\u0131n\u0131 uluslararas\u0131 arenaya ta\u015f\u0131d\u0131"},"content":{"rendered":"<p>Ordu \u00dcniversitesi (OD\u00dc) Rekt\u00f6r\u00fc Prof. Dr. Tar\u0131k Yar\u0131lga\u00e7, Erasmus-Stratejik Ortakl\u0131k Projesi olan \u0130spanya ve \u0130talya\u2019daki ilgili kurumlar\u0131n da payda\u015f oldu\u011fu \u2018F\u0131nd\u0131k Yeti\u015ftiricili\u011finde Geleneksel ve Modern Uygulamalar\u0131n \u0130ncelenmesi Projesi\u2019 kapsam\u0131nda kurulan \u00f6rnek f\u0131nd\u0131k bah\u00e7esinde incelemelerde bulundu.<\/p>\n<p>Avrupa Birli\u011fi E\u011fitim ve Gen\u00e7lik Programlar\u0131 Merkezi Ba\u015fkanl\u0131\u011f\u0131 taraf\u0131ndan desteklenen ve OD\u00dc\u2019n\u00fcn de orta\u011f\u0131 oldu\u011fu \u2018F\u0131nd\u0131k \u00dcretiminde Geleneksel ve Modern Y\u00f6ntemlerin \u0130ncelenmesi Projesi\u2019 kapsam\u0131nda 2017 y\u0131l\u0131nda 5 dekar alanda yerli ve yabanc\u0131 \u00e7e\u015fitleri i\u00e7eren modern f\u0131nd\u0131k bah\u00e7esi tesis edildi.<\/p>\n<p>Tesis edilen f\u0131nd\u0131k bah\u00e7esinde incelemelerde bulunan Yar\u0131lga\u00e7\u2019a, Ziraat Fak\u00fcltesi Bah\u00e7e Bitkileri B\u00f6l\u00fcm Ba\u015fkan\u0131 Prof. Dr. Ali \u0130slam teknik bilgiler verdi. Prof. Dr. \u0130slam, Avrupa Birli\u011fi projesi kapsam\u0131nda olu\u015fturulan uygulama bah\u00e7esinde T\u00fcrk f\u0131nd\u0131k \u00e7e\u015fitleri; tombul, palaz, fo\u015fa, \u00e7ak\u0131ldak, kal\u0131nkara, uzunmusa \u00e7e\u015fitleri ile \u0130talya ve \u0130spanya \u00e7e\u015fitlerinin yer ald\u0131\u011f\u0131n\u0131 belirtti. Prof. Dr. \u0130slam ayr\u0131ca \u0130talya ve \u0130spanya\u2019dan gelen \u00e7e\u015fitlerin introd\u00fcksiyonunun yap\u0131laca\u011f\u0131 ve sonras\u0131nda T\u00fcrk f\u0131nd\u0131k \u00e7e\u015fitleri ile verim- kalite \u00f6zelliklerinin kar\u015f\u0131la\u015ft\u0131r\u0131laca\u011f\u0131 bilgisini verdi.<\/p>\n<p>Yar\u0131lga\u00e7: \u201cAR-GE\u2019ye \u00f6nem veriyoruz\u201d<\/p>\n<p>Karadeniz B\u00f6lgesi\u2019nin \u00f6nemli tar\u0131msal \u00fcr\u00fcn\u00fc f\u0131nd\u0131kla ilgili olarak y\u00fcr\u00fct\u00fclen \u00e7al\u0131\u015fmalar hakk\u0131nda de\u011ferlendirmelerde bulunan OD\u00dc Rekt\u00f6r\u00fc Prof. Dr. Tar\u0131k Yar\u0131lga\u00e7, farkl\u0131 kurumlarla ger\u00e7ekle\u015ftirilen proje \u00e7al\u0131\u015fmalar\u0131n\u0131n \u00f6nemine de\u011findi. Yar\u0131lga\u00e7, \u201cK\u00fcreselle\u015fmenin beraberinde getirdi\u011fi de\u011fi\u015fimlerin bilinci ile uluslararas\u0131 ili\u015fkilerin geli\u015ftirilmesine ve \u00e7e\u015fitlendirilmesine b\u00fcy\u00fck \u00f6nem veren \u00dcniversitemiz ger\u00e7ekle\u015ftirdi\u011fimiz bu t\u00fcr stratejik i\u015f birlikleriyle kurumumuzdaki bilimsel potansiyeli tar\u0131msal faaliyet alanlar\u0131na aktararak bilginin ekonomik de\u011fere d\u00f6n\u00fc\u015fmesine katk\u0131da bulunmay\u0131 ve b\u00f6lgedeki tar\u0131msal faaliyetleri AR-GE, inovasyon \u00e7al\u0131\u015fmalar\u0131na y\u00f6nlendirerek \u00fcniversitedeki akademisyen ile \u00fcretici aras\u0131nda kar\u015f\u0131l\u0131kl\u0131 s\u00fcrd\u00fcr\u00fclebilir i\u015f birli\u011fini sa\u011flamay\u0131 ama\u00e7 edinmektedir. Bu ba\u011flamda b\u00f6lgemizin ve \u015fehrimizin en \u00f6nemli tar\u0131msal \u00fcr\u00fcn\u00fc olan f\u0131nd\u0131k ve mevcut \u00fcr\u00fcn\u00fcn veriminin art\u0131r\u0131lmas\u0131na y\u00f6nelik bir\u00e7ok \u00f6nemli akademik \u00e7al\u0131\u015fmayla \u00fcreticilere rehberlik eden \u00dcniversitemiz bu proje kapsam\u0131nda olu\u015fturulan f\u0131nd\u0131k bah\u00e7esinde de b\u00f6lgemizin en \u00f6nemli tar\u0131msal \u00fcr\u00fcn\u00fcyle ilgili ara\u015ft\u0131rmalar y\u00fcr\u00fcterek hem ulusal hem de uluslararas\u0131 alanda \u00fcreticilere modern tar\u0131m tekniklerinin f\u0131nd\u0131k bah\u00e7elerinde uygulanmas\u0131na ve \u00fcr\u00fcn\u00fcn kalitesinin, veriminin y\u00fckseltilmesine dair \u00f6nemli bulgular\u0131 onlarla payla\u015fmaya ayr\u0131ca \u00e7al\u0131\u015fmalar\u0131m\u0131z arac\u0131l\u0131\u011f\u0131yla \u00fclke ekonomisine katma de\u011fer sunmaya devam edecektir\u201d \u015feklinde konu\u015ftu.<div class=\"tiled-gallery type-rectangular tiled-gallery-unresized\" data-original-width=\"500\" data-carousel-extra='null' itemscope itemtype=\"http:\/\/schema.org\/ImageGallery\" > <div class=\"gallery-row\" style=\"width: 500px; height: 224px;\" data-original-width=\"500\" data-original-height=\"224\" > <div class=\"gallery-group images-1\" style=\"width: 171px; height: 224px;\" data-original-width=\"171\" data-original-height=\"224\" > <div class=\"tiled-gallery-item tiled-gallery-item-small\" itemprop=\"associatedMedia\" itemscope itemtype=\"http:\/\/schema.org\/ImageObject\"> <a href=\"http:\/\/www.tvturk.com\/index.php\/odu-turk-findigini-uluslararasi-arenaya-tasidi\/odu-turk-findigini-uluslararasi-arenaya-tasidi-3\/\" border=\"0\" itemprop=\"url\"> <meta itemprop=\"width\" content=\"167\"> <meta itemprop=\"height\" content=\"220\"> <img decoding=\"async\" class=\"\" data-attachment-id=\"103699\" data-orig-file=\"http:\/\/www.tvturk.com\/wp-content\/uploads\/2019\/03\/odu-turk-findigini-uluslararasi-arenaya-tasidi_b9cb830.jpg\" data-orig-size=\"607,800\" data-comments-opened=\"\" data-image-meta=\"{&quot;aperture&quot;:&quot;0&quot;,&quot;credit&quot;:&quot;IHA&quot;,&quot;camera&quot;:&quot;&quot;,&quot;caption&quot;:&quot;OD\\u00dc \\u00d6NC\\u00dcL\\u00dc\\u011e\\u00dcNDE ORDU\\u2019DA KURULAN \\u00d6RNEK FINDIK BAH\\u00c7ES\\u0130NE \\u0130TALYA VE \\u0130SPANYA\\u2019DA ORTAK OLDU. \\u00d6RNEK BAH\\u00c7EDE FINDI\\u011eIN HER T\\u00dcRL\\u00dc \\u00c7E\\u015e\\u0130D\\u0130N\\u0130N \\u00dcRET\\u0130M\\u0130 YAPILARAK MODERN VE B\\u0130L\\u0130MSEL USULLERLE YET\\u0130\\u015eT\\u0130RMEN\\u0130N \\u00c7ALI\\u015eMALARI YAPILIYOR (MET\\u0130N AKY\\u00dcREK\\\/ORDU-\\u0130HA)&quot;,&quot;created_timestamp&quot;:&quot;1553113500&quot;,&quot;copyright&quot;:&quot;\\u0130HLAS HABER AJANSI, www.iha.com.tr&quot;,&quot;focal_length&quot;:&quot;0&quot;,&quot;iso&quot;:&quot;0&quot;,&quot;shutter_speed&quot;:&quot;0&quot;,&quot;title&quot;:&quot;OD\\u00dc, T\\u00dcRK FINDI\\u011eINI ULUSLARARASI ARENAYA TA\\u015eIDI OD\\u00dc \\u00d6NC\\u00dcL\\u00dc\\u011e\\u00dcNDE ORDU\\u2019DA KURULAN \\u00d6RNEK FINDIK BAH\\u00c7ES\\u0130NE \\u0130TALYA VE \\u0130SPANYA DA ORTAK OLDU \\u00d6RNEK BAH\\u00c7EDE FINDI\\u011eIN HER T\\u00dcRL\\u00dc \\u00c7E\\u015e\\u0130D\\u0130N\\u0130N \\u00dcRET\\u0130M\\u0130 YAPILARAK MODERN VE B\\u0130L\\u0130MSEL USULLERLE YET\\u0130\\u015eT\\u0130RMEN\\u0130N \\u00c7ALI\\u015eMALARI YAPILIYOR&quot;,&quot;orientation&quot;:&quot;0&quot;}\" data-image-title=\"OD\u00dc, T\u00fcrk f\u0131nd\u0131\u011f\u0131n\u0131 uluslararas\u0131 arenaya ta\u015f\u0131d\u0131\" data-image-description=\"&lt;p&gt;OD\u00dc, T\u00fcrk f\u0131nd\u0131\u011f\u0131n\u0131 uluslararas\u0131 arenaya ta\u015f\u0131d\u0131&lt;\/p&gt; \" data-medium-file=\"https:\/\/i0.wp.com\/www.tvturk.com\/wp-content\/uploads\/2019\/03\/odu-turk-findigini-uluslararasi-arenaya-tasidi_b9cb830.jpg?fit=228%2C300\" data-large-file=\"https:\/\/i0.wp.com\/www.tvturk.com\/wp-content\/uploads\/2019\/03\/odu-turk-findigini-uluslararasi-arenaya-tasidi_b9cb830.jpg?fit=607%2C800\" src=\"https:\/\/i0.wp.com\/www.tvturk.com\/wp-content\/uploads\/2019\/03\/odu-turk-findigini-uluslararasi-arenaya-tasidi_b9cb830.jpg?w=167&#038;h=220\" srcset=\"https:\/\/i0.wp.com\/www.tvturk.com\/wp-content\/uploads\/2019\/03\/odu-turk-findigini-uluslararasi-arenaya-tasidi_b9cb830.jpg?w=607 607w, https:\/\/i0.wp.com\/www.tvturk.com\/wp-content\/uploads\/2019\/03\/odu-turk-findigini-uluslararasi-arenaya-tasidi_b9cb830.jpg?resize=114%2C150 114w, https:\/\/i0.wp.com\/www.tvturk.com\/wp-content\/uploads\/2019\/03\/odu-turk-findigini-uluslararasi-arenaya-tasidi_b9cb830.jpg?resize=228%2C300 228w\" width=\"167\" height=\"220\" loading=\"lazy\" data-original-width=\"167\" data-original-height=\"220\" itemprop=\"http:\/\/schema.org\/image\" title=\"OD\u00dc, T\u00fcrk f\u0131nd\u0131\u011f\u0131n\u0131 uluslararas\u0131 arenaya ta\u015f\u0131d\u0131\" alt=\"OD\u00dc, T\u00fcrk f\u0131nd\u0131\u011f\u0131n\u0131 uluslararas\u0131 arenaya ta\u015f\u0131d\u0131\" style=\"width: 167px; height: 220px;\" \/> <\/a> <\/div> <\/div> <!-- close group --> <div class=\"gallery-group images-1\" style=\"width: 161px; height: 224px;\" data-original-width=\"161\" data-original-height=\"224\" > <div class=\"tiled-gallery-item tiled-gallery-item-small\" itemprop=\"associatedMedia\" itemscope itemtype=\"http:\/\/schema.org\/ImageObject\"> <a href=\"http:\/\/www.tvturk.com\/index.php\/odu-turk-findigini-uluslararasi-arenaya-tasidi\/odu-turk-findigini-uluslararasi-arenaya-tasidi-4\/\" border=\"0\" itemprop=\"url\"> <meta itemprop=\"width\" content=\"157\"> <meta itemprop=\"height\" content=\"220\"> <img decoding=\"async\" class=\"\" data-attachment-id=\"103700\" data-orig-file=\"http:\/\/www.tvturk.com\/wp-content\/uploads\/2019\/03\/odu-turk-findigini-uluslararasi-arenaya-tasidi_5f58e35.jpg\" data-orig-size=\"570,800\" data-comments-opened=\"\" data-image-meta=\"{&quot;aperture&quot;:&quot;0&quot;,&quot;credit&quot;:&quot;IHA&quot;,&quot;camera&quot;:&quot;&quot;,&quot;caption&quot;:&quot;OD\\u00dc \\u00d6NC\\u00dcL\\u00dc\\u011e\\u00dcNDE ORDU\\u2019DA KURULAN \\u00d6RNEK FINDIK BAH\\u00c7ES\\u0130NE \\u0130TALYA VE \\u0130SPANYA\\u2019DA ORTAK OLDU. \\u00d6RNEK BAH\\u00c7EDE FINDI\\u011eIN HER T\\u00dcRL\\u00dc \\u00c7E\\u015e\\u0130D\\u0130N\\u0130N \\u00dcRET\\u0130M\\u0130 YAPILARAK MODERN VE B\\u0130L\\u0130MSEL USULLERLE YET\\u0130\\u015eT\\u0130RMEN\\u0130N \\u00c7ALI\\u015eMALARI YAPILIYOR (MET\\u0130N AKY\\u00dcREK\\\/ORDU-\\u0130HA)&quot;,&quot;created_timestamp&quot;:&quot;1553113500&quot;,&quot;copyright&quot;:&quot;\\u0130HLAS HABER AJANSI, www.iha.com.tr&quot;,&quot;focal_length&quot;:&quot;0&quot;,&quot;iso&quot;:&quot;0&quot;,&quot;shutter_speed&quot;:&quot;0&quot;,&quot;title&quot;:&quot;OD\\u00dc, T\\u00dcRK FINDI\\u011eINI ULUSLARARASI ARENAYA TA\\u015eIDI OD\\u00dc \\u00d6NC\\u00dcL\\u00dc\\u011e\\u00dcNDE ORDU\\u2019DA KURULAN \\u00d6RNEK FINDIK BAH\\u00c7ES\\u0130NE \\u0130TALYA VE \\u0130SPANYA DA ORTAK OLDU \\u00d6RNEK BAH\\u00c7EDE FINDI\\u011eIN HER T\\u00dcRL\\u00dc \\u00c7E\\u015e\\u0130D\\u0130N\\u0130N \\u00dcRET\\u0130M\\u0130 YAPILARAK MODERN VE B\\u0130L\\u0130MSEL USULLERLE YET\\u0130\\u015eT\\u0130RMEN\\u0130N \\u00c7ALI\\u015eMALARI YAPILIYOR&quot;,&quot;orientation&quot;:&quot;0&quot;}\" data-image-title=\"OD\u00dc, T\u00fcrk f\u0131nd\u0131\u011f\u0131n\u0131 uluslararas\u0131 arenaya ta\u015f\u0131d\u0131\" data-image-description=\"&lt;p&gt;OD\u00dc, T\u00fcrk f\u0131nd\u0131\u011f\u0131n\u0131 uluslararas\u0131 arenaya ta\u015f\u0131d\u0131&lt;\/p&gt; \" data-medium-file=\"https:\/\/i0.wp.com\/www.tvturk.com\/wp-content\/uploads\/2019\/03\/odu-turk-findigini-uluslararasi-arenaya-tasidi_5f58e35.jpg?fit=214%2C300\" data-large-file=\"https:\/\/i0.wp.com\/www.tvturk.com\/wp-content\/uploads\/2019\/03\/odu-turk-findigini-uluslararasi-arenaya-tasidi_5f58e35.jpg?fit=570%2C800\" src=\"https:\/\/i0.wp.com\/www.tvturk.com\/wp-content\/uploads\/2019\/03\/odu-turk-findigini-uluslararasi-arenaya-tasidi_5f58e35.jpg?w=157&#038;h=220\" srcset=\"https:\/\/i0.wp.com\/www.tvturk.com\/wp-content\/uploads\/2019\/03\/odu-turk-findigini-uluslararasi-arenaya-tasidi_5f58e35.jpg?w=570 570w, https:\/\/i0.wp.com\/www.tvturk.com\/wp-content\/uploads\/2019\/03\/odu-turk-findigini-uluslararasi-arenaya-tasidi_5f58e35.jpg?resize=107%2C150 107w, https:\/\/i0.wp.com\/www.tvturk.com\/wp-content\/uploads\/2019\/03\/odu-turk-findigini-uluslararasi-arenaya-tasidi_5f58e35.jpg?resize=214%2C300 214w\" width=\"157\" height=\"220\" loading=\"lazy\" data-original-width=\"157\" data-original-height=\"220\" itemprop=\"http:\/\/schema.org\/image\" title=\"OD\u00dc, T\u00fcrk f\u0131nd\u0131\u011f\u0131n\u0131 uluslararas\u0131 arenaya ta\u015f\u0131d\u0131\" alt=\"OD\u00dc, T\u00fcrk f\u0131nd\u0131\u011f\u0131n\u0131 uluslararas\u0131 arenaya ta\u015f\u0131d\u0131\" style=\"width: 157px; height: 220px;\" \/> <\/a> <\/div> <\/div> <!-- close group --> <div class=\"gallery-group images-1\" style=\"width: 168px; height: 224px;\" data-original-width=\"168\" data-original-height=\"224\" > <div class=\"tiled-gallery-item tiled-gallery-item-small\" itemprop=\"associatedMedia\" itemscope itemtype=\"http:\/\/schema.org\/ImageObject\"> <a href=\"http:\/\/www.tvturk.com\/index.php\/odu-turk-findigini-uluslararasi-arenaya-tasidi\/odu-turk-findigini-uluslararasi-arenaya-tasidi-5\/\" border=\"0\" itemprop=\"url\"> <meta itemprop=\"width\" content=\"164\"> <meta itemprop=\"height\" content=\"220\"> <img decoding=\"async\" class=\"\" data-attachment-id=\"103701\" data-orig-file=\"http:\/\/www.tvturk.com\/wp-content\/uploads\/2019\/03\/odu-turk-findigini-uluslararasi-arenaya-tasidi_d495052.jpg\" data-orig-size=\"596,800\" data-comments-opened=\"\" data-image-meta=\"{&quot;aperture&quot;:&quot;0&quot;,&quot;credit&quot;:&quot;IHA&quot;,&quot;camera&quot;:&quot;&quot;,&quot;caption&quot;:&quot;OD\\u00dc \\u00d6NC\\u00dcL\\u00dc\\u011e\\u00dcNDE ORDU\\u2019DA KURULAN \\u00d6RNEK FINDIK BAH\\u00c7ES\\u0130NE \\u0130TALYA VE \\u0130SPANYA\\u2019DA ORTAK OLDU. \\u00d6RNEK BAH\\u00c7EDE FINDI\\u011eIN HER T\\u00dcRL\\u00dc \\u00c7E\\u015e\\u0130D\\u0130N\\u0130N \\u00dcRET\\u0130M\\u0130 YAPILARAK MODERN VE B\\u0130L\\u0130MSEL USULLERLE YET\\u0130\\u015eT\\u0130RMEN\\u0130N \\u00c7ALI\\u015eMALARI YAPILIYOR (MET\\u0130N AKY\\u00dcREK\\\/ORDU-\\u0130HA)&quot;,&quot;created_timestamp&quot;:&quot;1553113500&quot;,&quot;copyright&quot;:&quot;\\u0130HLAS HABER AJANSI, www.iha.com.tr&quot;,&quot;focal_length&quot;:&quot;0&quot;,&quot;iso&quot;:&quot;0&quot;,&quot;shutter_speed&quot;:&quot;0&quot;,&quot;title&quot;:&quot;OD\\u00dc, T\\u00dcRK FINDI\\u011eINI ULUSLARARASI ARENAYA TA\\u015eIDI OD\\u00dc \\u00d6NC\\u00dcL\\u00dc\\u011e\\u00dcNDE ORDU\\u2019DA KURULAN \\u00d6RNEK FINDIK BAH\\u00c7ES\\u0130NE \\u0130TALYA VE \\u0130SPANYA DA ORTAK OLDU \\u00d6RNEK BAH\\u00c7EDE FINDI\\u011eIN HER T\\u00dcRL\\u00dc \\u00c7E\\u015e\\u0130D\\u0130N\\u0130N \\u00dcRET\\u0130M\\u0130 YAPILARAK MODERN VE B\\u0130L\\u0130MSEL USULLERLE YET\\u0130\\u015eT\\u0130RMEN\\u0130N \\u00c7ALI\\u015eMALARI YAPILIYOR&quot;,&quot;orientation&quot;:&quot;0&quot;}\" data-image-title=\"OD\u00dc, T\u00fcrk f\u0131nd\u0131\u011f\u0131n\u0131 uluslararas\u0131 arenaya ta\u015f\u0131d\u0131\" data-image-description=\"&lt;p&gt;OD\u00dc, T\u00fcrk f\u0131nd\u0131\u011f\u0131n\u0131 uluslararas\u0131 arenaya ta\u015f\u0131d\u0131&lt;\/p&gt; \" data-medium-file=\"https:\/\/i0.wp.com\/www.tvturk.com\/wp-content\/uploads\/2019\/03\/odu-turk-findigini-uluslararasi-arenaya-tasidi_d495052.jpg?fit=224%2C300\" data-large-file=\"https:\/\/i0.wp.com\/www.tvturk.com\/wp-content\/uploads\/2019\/03\/odu-turk-findigini-uluslararasi-arenaya-tasidi_d495052.jpg?fit=596%2C800\" src=\"https:\/\/i0.wp.com\/www.tvturk.com\/wp-content\/uploads\/2019\/03\/odu-turk-findigini-uluslararasi-arenaya-tasidi_d495052.jpg?w=164&#038;h=220\" srcset=\"https:\/\/i0.wp.com\/www.tvturk.com\/wp-content\/uploads\/2019\/03\/odu-turk-findigini-uluslararasi-arenaya-tasidi_d495052.jpg?w=596 596w, https:\/\/i0.wp.com\/www.tvturk.com\/wp-content\/uploads\/2019\/03\/odu-turk-findigini-uluslararasi-arenaya-tasidi_d495052.jpg?resize=112%2C150 112w, https:\/\/i0.wp.com\/www.tvturk.com\/wp-content\/uploads\/2019\/03\/odu-turk-findigini-uluslararasi-arenaya-tasidi_d495052.jpg?resize=224%2C300 224w\" width=\"164\" height=\"220\" loading=\"lazy\" data-original-width=\"164\" data-original-height=\"220\" itemprop=\"http:\/\/schema.org\/image\" title=\"OD\u00dc, T\u00fcrk f\u0131nd\u0131\u011f\u0131n\u0131 uluslararas\u0131 arenaya ta\u015f\u0131d\u0131\" alt=\"OD\u00dc, T\u00fcrk f\u0131nd\u0131\u011f\u0131n\u0131 uluslararas\u0131 arenaya ta\u015f\u0131d\u0131\" style=\"width: 164px; height: 220px;\" \/> <\/a> <\/div> <\/div> <!-- close group --> <\/div> <!-- close row --> <\/div><\/p>\n","protected":false},"excerpt":{"rendered":"<p>ORDU \u00dcN\u0130VERS\u0130TES\u0130 (OD\u00dc) REKT\u00d6R\u00dc PROF. DR. TARIK YARILGA\u00c7, ERASMUS-STRATEJ\u0130K ORTAKLIK PROJES\u0130 OLAN \u0130SPANYA VE \u0130TALYA\u2019DAK\u0130 \u0130LG\u0130L\u0130 KURUMLARIN DA PAYDA\u015e OLDU\u011eU \u2018FINDIK YET\u0130\u015eT\u0130R\u0130C\u0130L\u0130\u011e\u0130NDE GELENEKSEL VE MODERN UYGULAMALARIN \u0130NCELENMES\u0130\u2019 PROJES\u0130 KAPSAMINDA KURULAN \u00d6RNEK FINDIK BAH\u00c7ES\u0130NDE \u0130NCELEMELERDE BULUNDU.<\/p>\n","protected":false},"author":1,"featured_media":103698,"comment_status":"closed","ping_status":"open","sticky":false,"template":"","format":"standard","meta":{"jetpack_post_was_ever_published":false,"_jetpack_newsletter_access":"","_jetpack_dont_email_post_to_subs":false,"_jetpack_newsletter_tier_id":0,"_jetpack_memberships_contains_paywalled_content":false,"_jetpack_memberships_contains_paid_content":false,"footnotes":"","jetpack_publicize_message":"","jetpack_publicize_feature_enabled":true,"jetpack_social_post_already_shared":true,"jetpack_social_options":{"image_generator_settings":{"template":"highway","default_image_id":0,"font":"","enabled":false},"version":2}},"categories":[19],"tags":[4839,24922,26432,26431,533,957],"class_list":["post-103697","post","type-post","status-publish","format-standard","has-post-thumbnail","hentry","category-ekonomi","tag-uluslararasi","tag-arenaya","tag-findigini","tag-odu","tag-tasidi","tag-turk"],"jetpack_publicize_connections":[],"jetpack_featured_media_url":"https:\/\/i0.wp.com\/www.tvturk.com\/wp-content\/uploads\/2019\/03\/odu-turk-findigini-uluslararasi-arenaya-tasidi_64f3a1a.jpg?fit=1000%2C749","jetpack_sharing_enabled":true,"jetpack_shortlink":"https:\/\/wp.me\/paKIfm-qYx","_links":{"self":[{"href":"http:\/\/www.tvturk.com\/index.php\/wp-json\/wp\/v2\/posts\/103697","targetHints":{"allow":["GET"]}}],"collection":[{"href":"http:\/\/www.tvturk.com\/index.php\/wp-json\/wp\/v2\/posts"}],"about":[{"href":"http:\/\/www.tvturk.com\/index.php\/wp-json\/wp\/v2\/types\/post"}],"author":[{"embeddable":true,"href":"http:\/\/www.tvturk.com\/index.php\/wp-json\/wp\/v2\/users\/1"}],"replies":[{"embeddable":true,"href":"http:\/\/www.tvturk.com\/index.php\/wp-json\/wp\/v2\/comments?post=103697"}],"version-history":[{"count":1,"href":"http:\/\/www.tvturk.com\/index.php\/wp-json\/wp\/v2\/posts\/103697\/revisions"}],"predecessor-version":[{"id":103702,"href":"http:\/\/www.tvturk.com\/index.php\/wp-json\/wp\/v2\/posts\/103697\/revisions\/103702"}],"wp:featuredmedia":[{"embeddable":true,"href":"http:\/\/www.tvturk.com\/index.php\/wp-json\/wp\/v2\/media\/103698"}],"wp:attachment":[{"href":"http:\/\/www.tvturk.com\/index.php\/wp-json\/wp\/v2\/media?parent=103697"}],"wp:term":[{"taxonomy":"category","embeddable":true,"href":"http:\/\/www.tvturk.com\/index.php\/wp-json\/wp\/v2\/categories?post=103697"},{"taxonomy":"post_tag","embeddable":true,"href":"http:\/\/www.tvturk.com\/index.php\/wp-json\/wp\/v2\/tags?post=103697"}],"curies":[{"name":"wp","href":"https:\/\/api.w.org\/{rel}","templated":true}]}}