{"id":104089,"date":"2019-03-20T14:30:47","date_gmt":"2019-03-20T11:30:47","guid":{"rendered":"http:\/\/www.tvturk.com\/index.php\/havali-silahlar-avrupa-sampiyonasinda-bronz-madalya\/"},"modified":"2019-03-20T14:30:49","modified_gmt":"2019-03-20T11:30:49","slug":"havali-silahlar-avrupa-sampiyonasinda-bronz-madalya","status":"publish","type":"post","link":"http:\/\/www.tvturk.com\/index.php\/havali-silahlar-avrupa-sampiyonasinda-bronz-madalya\/","title":{"rendered":"Haval\u0131 Silahlar Avrupa \u015eampiyonas\u0131\u2019nda bronz madalya"},"content":{"rendered":"<p>16-25 Mart 2019 tarihleri aras\u0131nda H\u0131rvatistan\u2019da d\u00fczenlenen Haval\u0131 Silahlar Avrupa \u015eampiyonas\u0131 Gen\u00e7 Bayanlar Tak\u0131m kategorisinde yar\u0131\u015fan milli sporcular \u015eevval \u0130layda Tarhan, Yasemin Beyza Y\u0131lmaz ve I\u015f\u0131l Ka\u00e7ar bronz madalyan\u0131n sahibi oldu.<div class=\"tiled-gallery type-rectangular tiled-gallery-unresized\" data-original-width=\"500\" data-carousel-extra='null' itemscope itemtype=\"http:\/\/schema.org\/ImageGallery\" > <div class=\"gallery-row\" style=\"width: 500px; height: 228px;\" data-original-width=\"500\" data-original-height=\"228\" > <div class=\"gallery-group images-1\" style=\"width: 350px; height: 228px;\" data-original-width=\"350\" data-original-height=\"228\" > <div class=\"tiled-gallery-item tiled-gallery-item-large\" itemprop=\"associatedMedia\" itemscope itemtype=\"http:\/\/schema.org\/ImageObject\"> <a href=\"http:\/\/www.tvturk.com\/index.php\/havali-silahlar-avrupa-sampiyonasinda-bronz-madalya\/havali-silahlar-avrupa-sampiyonasinda-bronz-madalya-3\/\" border=\"0\" itemprop=\"url\"> <meta itemprop=\"width\" content=\"346\"> <meta itemprop=\"height\" content=\"224\"> <img decoding=\"async\" class=\"\" data-attachment-id=\"104091\" data-orig-file=\"http:\/\/www.tvturk.com\/wp-content\/uploads\/2019\/03\/havali-silahlar-avrupa-sampiyonasinda-bronz-madalya_ff5c1f1.jpg\" data-orig-size=\"1000,648\" data-comments-opened=\"\" data-image-meta=\"{&quot;aperture&quot;:&quot;0&quot;,&quot;credit&quot;:&quot;IHA&quot;,&quot;camera&quot;:&quot;&quot;,&quot;caption&quot;:&quot;16-25 MART 2019 TAR\\u0130HLER\\u0130 ARASINDA HIRVAT\\u0130STAN\\u2019DA D\\u00dcZENLENEN HAVALI S\\u0130LAHLAR AVRUPA \\u015eAMP\\u0130YONASI GEN\\u00c7 BAYANLAR TAKIM KATEGOR\\u0130S\\u0130NDE YARI\\u015eAN M\\u0130LL\\u0130 SPORCULAR \\u015eEVVAL \\u0130LAYDA TARHAN, YASEM\\u0130N BEYZA YILMAZ VE I\\u015eIL KA\\u00c7AR BRONZ MADALYANIN SAH\\u0130B\\u0130 OLDU. (\\u0130HA\\\/\\u0130STANBUL-\\u0130HA)&quot;,&quot;created_timestamp&quot;:&quot;0&quot;,&quot;copyright&quot;:&quot;\\u0130HLAS HABER AJANSI, www.iha.com.tr&quot;,&quot;focal_length&quot;:&quot;0&quot;,&quot;iso&quot;:&quot;0&quot;,&quot;shutter_speed&quot;:&quot;0&quot;,&quot;title&quot;:&quot;HAVALI S\\u0130LAHLAR AVRUPA \\u015eAMP\\u0130YONASI\\u0027NDA BRONZ MADALYA&quot;,&quot;orientation&quot;:&quot;0&quot;}\" data-image-title=\"Haval\u0131 Silahlar Avrupa \u015eampiyonas\u0131\u2019nda bronz madalya\" data-image-description=\"&lt;p&gt;Haval\u0131 Silahlar Avrupa \u015eampiyonas\u0131\u2019nda bronz madalya&lt;\/p&gt; \" data-medium-file=\"https:\/\/i0.wp.com\/www.tvturk.com\/wp-content\/uploads\/2019\/03\/havali-silahlar-avrupa-sampiyonasinda-bronz-madalya_ff5c1f1.jpg?fit=300%2C194\" data-large-file=\"https:\/\/i0.wp.com\/www.tvturk.com\/wp-content\/uploads\/2019\/03\/havali-silahlar-avrupa-sampiyonasinda-bronz-madalya_ff5c1f1.jpg?fit=1000%2C648\" src=\"https:\/\/i0.wp.com\/www.tvturk.com\/wp-content\/uploads\/2019\/03\/havali-silahlar-avrupa-sampiyonasinda-bronz-madalya_ff5c1f1.jpg?w=346&#038;h=224\" srcset=\"https:\/\/i0.wp.com\/www.tvturk.com\/wp-content\/uploads\/2019\/03\/havali-silahlar-avrupa-sampiyonasinda-bronz-madalya_ff5c1f1.jpg?w=1000 1000w, https:\/\/i0.wp.com\/www.tvturk.com\/wp-content\/uploads\/2019\/03\/havali-silahlar-avrupa-sampiyonasinda-bronz-madalya_ff5c1f1.jpg?resize=150%2C97 150w, https:\/\/i0.wp.com\/www.tvturk.com\/wp-content\/uploads\/2019\/03\/havali-silahlar-avrupa-sampiyonasinda-bronz-madalya_ff5c1f1.jpg?resize=300%2C194 300w, https:\/\/i0.wp.com\/www.tvturk.com\/wp-content\/uploads\/2019\/03\/havali-silahlar-avrupa-sampiyonasinda-bronz-madalya_ff5c1f1.jpg?resize=768%2C498 768w, https:\/\/i0.wp.com\/www.tvturk.com\/wp-content\/uploads\/2019\/03\/havali-silahlar-avrupa-sampiyonasinda-bronz-madalya_ff5c1f1.jpg?resize=510%2C330 510w\" width=\"346\" height=\"224\" loading=\"lazy\" data-original-width=\"346\" data-original-height=\"224\" itemprop=\"http:\/\/schema.org\/image\" title=\"Haval\u0131 Silahlar Avrupa \u015eampiyonas\u0131\u2019nda bronz madalya\" alt=\"Haval\u0131 Silahlar Avrupa \u015eampiyonas\u0131\u2019nda bronz madalya\" style=\"width: 346px; height: 224px;\" \/> <\/a> <\/div> <\/div> <!-- close group --> <div class=\"gallery-group images-1\" style=\"width: 150px; height: 228px;\" data-original-width=\"150\" data-original-height=\"228\" > <div class=\"tiled-gallery-item tiled-gallery-item-small\" itemprop=\"associatedMedia\" itemscope itemtype=\"http:\/\/schema.org\/ImageObject\"> <a href=\"http:\/\/www.tvturk.com\/index.php\/havali-silahlar-avrupa-sampiyonasinda-bronz-madalya\/havali-silahlar-avrupa-sampiyonasinda-bronz-madalya-4\/\" border=\"0\" itemprop=\"url\"> <meta itemprop=\"width\" content=\"146\"> <meta itemprop=\"height\" content=\"224\"> <img decoding=\"async\" class=\"\" data-attachment-id=\"104092\" data-orig-file=\"http:\/\/www.tvturk.com\/wp-content\/uploads\/2019\/03\/havali-silahlar-avrupa-sampiyonasinda-bronz-madalya_3b775c9.jpg\" data-orig-size=\"650,1000\" data-comments-opened=\"\" data-image-meta=\"{&quot;aperture&quot;:&quot;0&quot;,&quot;credit&quot;:&quot;IHA&quot;,&quot;camera&quot;:&quot;&quot;,&quot;caption&quot;:&quot;16-25 MART 2019 TAR\\u0130HLER\\u0130 ARASINDA HIRVAT\\u0130STAN\\u2019DA D\\u00dcZENLENEN HAVALI S\\u0130LAHLAR AVRUPA \\u015eAMP\\u0130YONASI GEN\\u00c7 BAYANLAR TAKIM KATEGOR\\u0130S\\u0130NDE YARI\\u015eAN M\\u0130LL\\u0130 SPORCULAR \\u015eEVVAL \\u0130LAYDA TARHAN, YASEM\\u0130N BEYZA YILMAZ VE I\\u015eIL KA\\u00c7AR BRONZ MADALYANIN SAH\\u0130B\\u0130 OLDU. (\\u0130HA\\\/\\u0130STANBUL-\\u0130HA)&quot;,&quot;created_timestamp&quot;:&quot;0&quot;,&quot;copyright&quot;:&quot;\\u0130HLAS HABER AJANSI, www.iha.com.tr&quot;,&quot;focal_length&quot;:&quot;0&quot;,&quot;iso&quot;:&quot;0&quot;,&quot;shutter_speed&quot;:&quot;0&quot;,&quot;title&quot;:&quot;HAVALI S\\u0130LAHLAR AVRUPA \\u015eAMP\\u0130YONASI\\u0027NDA BRONZ MADALYA&quot;,&quot;orientation&quot;:&quot;0&quot;}\" data-image-title=\"Haval\u0131 Silahlar Avrupa \u015eampiyonas\u0131\u2019nda bronz madalya\" data-image-description=\"&lt;p&gt;Haval\u0131 Silahlar Avrupa \u015eampiyonas\u0131\u2019nda bronz madalya&lt;\/p&gt; \" data-medium-file=\"https:\/\/i0.wp.com\/www.tvturk.com\/wp-content\/uploads\/2019\/03\/havali-silahlar-avrupa-sampiyonasinda-bronz-madalya_3b775c9.jpg?fit=195%2C300\" data-large-file=\"https:\/\/i0.wp.com\/www.tvturk.com\/wp-content\/uploads\/2019\/03\/havali-silahlar-avrupa-sampiyonasinda-bronz-madalya_3b775c9.jpg?fit=650%2C1000\" src=\"https:\/\/i0.wp.com\/www.tvturk.com\/wp-content\/uploads\/2019\/03\/havali-silahlar-avrupa-sampiyonasinda-bronz-madalya_3b775c9.jpg?w=146&#038;h=224\" srcset=\"https:\/\/i0.wp.com\/www.tvturk.com\/wp-content\/uploads\/2019\/03\/havali-silahlar-avrupa-sampiyonasinda-bronz-madalya_3b775c9.jpg?w=650 650w, https:\/\/i0.wp.com\/www.tvturk.com\/wp-content\/uploads\/2019\/03\/havali-silahlar-avrupa-sampiyonasinda-bronz-madalya_3b775c9.jpg?resize=98%2C150 98w, https:\/\/i0.wp.com\/www.tvturk.com\/wp-content\/uploads\/2019\/03\/havali-silahlar-avrupa-sampiyonasinda-bronz-madalya_3b775c9.jpg?resize=195%2C300 195w\" width=\"146\" height=\"224\" loading=\"lazy\" data-original-width=\"146\" data-original-height=\"224\" itemprop=\"http:\/\/schema.org\/image\" title=\"Haval\u0131 Silahlar Avrupa \u015eampiyonas\u0131\u2019nda bronz madalya\" alt=\"Haval\u0131 Silahlar Avrupa \u015eampiyonas\u0131\u2019nda bronz madalya\" style=\"width: 146px; height: 224px;\" \/> <\/a> <\/div> <\/div> <!-- close group --> <\/div> <!-- close row --> <\/div><\/p>\n","protected":false},"excerpt":{"rendered":"<p>16-25 MART 2019 TAR\u0130HLER\u0130 ARASINDA HIRVAT\u0130STAN\u2019DA D\u00dcZENLENEN HAVALI S\u0130LAHLAR AVRUPA \u015eAMP\u0130YONASI GEN\u00c7 BAYANLAR TAKIM KATEGOR\u0130S\u0130NDE YARI\u015eAN M\u0130LL\u0130 SPORCULAR \u015eEVVAL \u0130LAYDA TARHAN, YASEM\u0130N BEYZA YILMAZ VE I\u015eIL KA\u00c7AR BRONZ MADALYANIN SAH\u0130B\u0130 OLDU.<\/p>\n","protected":false},"author":1,"featured_media":104090,"comment_status":"closed","ping_status":"open","sticky":false,"template":"","format":"standard","meta":{"jetpack_post_was_ever_published":false,"_jetpack_newsletter_access":"","_jetpack_dont_email_post_to_subs":false,"_jetpack_newsletter_tier_id":0,"_jetpack_memberships_contains_paywalled_content":false,"_jetpack_memberships_contains_paid_content":false,"footnotes":"","jetpack_publicize_message":"","jetpack_publicize_feature_enabled":true,"jetpack_social_post_already_shared":true,"jetpack_social_options":{"image_generator_settings":{"template":"highway","default_image_id":0,"font":"","enabled":false},"version":2}},"categories":[657],"tags":[392,9548,4860,3800,13384,21182],"class_list":["post-104089","post","type-post","status-publish","format-standard","has-post-thumbnail","hentry","category-spor","tag-avrupa","tag-bronz","tag-havali","tag-madalya","tag-sampiyonasinda","tag-silahlar"],"jetpack_publicize_connections":[],"jetpack_featured_media_url":"https:\/\/i0.wp.com\/www.tvturk.com\/wp-content\/uploads\/2019\/03\/havali-silahlar-avrupa-sampiyonasinda-bronz-madalya_80d672e.jpg?fit=960%2C720","jetpack_sharing_enabled":true,"jetpack_shortlink":"https:\/\/wp.me\/paKIfm-r4R","_links":{"self":[{"href":"http:\/\/www.tvturk.com\/index.php\/wp-json\/wp\/v2\/posts\/104089","targetHints":{"allow":["GET"]}}],"collection":[{"href":"http:\/\/www.tvturk.com\/index.php\/wp-json\/wp\/v2\/posts"}],"about":[{"href":"http:\/\/www.tvturk.com\/index.php\/wp-json\/wp\/v2\/types\/post"}],"author":[{"embeddable":true,"href":"http:\/\/www.tvturk.com\/index.php\/wp-json\/wp\/v2\/users\/1"}],"replies":[{"embeddable":true,"href":"http:\/\/www.tvturk.com\/index.php\/wp-json\/wp\/v2\/comments?post=104089"}],"version-history":[{"count":1,"href":"http:\/\/www.tvturk.com\/index.php\/wp-json\/wp\/v2\/posts\/104089\/revisions"}],"predecessor-version":[{"id":104093,"href":"http:\/\/www.tvturk.com\/index.php\/wp-json\/wp\/v2\/posts\/104089\/revisions\/104093"}],"wp:featuredmedia":[{"embeddable":true,"href":"http:\/\/www.tvturk.com\/index.php\/wp-json\/wp\/v2\/media\/104090"}],"wp:attachment":[{"href":"http:\/\/www.tvturk.com\/index.php\/wp-json\/wp\/v2\/media?parent=104089"}],"wp:term":[{"taxonomy":"category","embeddable":true,"href":"http:\/\/www.tvturk.com\/index.php\/wp-json\/wp\/v2\/categories?post=104089"},{"taxonomy":"post_tag","embeddable":true,"href":"http:\/\/www.tvturk.com\/index.php\/wp-json\/wp\/v2\/tags?post=104089"}],"curies":[{"name":"wp","href":"https:\/\/api.w.org\/{rel}","templated":true}]}}