{"id":10430,"date":"2019-02-07T23:18:51","date_gmt":"2019-02-07T20:18:51","guid":{"rendered":"http:\/\/www.tvturk.com\/index.php\/pazarcilarin-kavgasi-kanli-bitti-1-olu\/"},"modified":"2019-02-07T23:18:52","modified_gmt":"2019-02-07T20:18:52","slug":"pazarcilarin-kavgasi-kanli-bitti-1-olu","status":"publish","type":"post","link":"http:\/\/www.tvturk.com\/index.php\/pazarcilarin-kavgasi-kanli-bitti-1-olu\/","title":{"rendered":"Pazarc\u0131lar\u0131n kavgas\u0131 kanl\u0131 bitti: 1 \u00f6l\u00fc"},"content":{"rendered":"<p>Kayseri\u2019nin Kocasinan il\u00e7esinde pazar esnaf\u0131 aras\u0131nda \u00e7\u0131kan b\u0131\u00e7akl\u0131 kavgada 1 ki\u015fi hayat\u0131n\u0131 kaybetti.<\/p>\n<p>Edinilen bilgiye g\u00f6re, Sahabiye Mahallesi\u2019nde kurulan pazarda tezgah a\u00e7an 2 grup aras\u0131nda hen\u00fcz bilinmeyen bir nedenle tart\u0131\u015fma \u00e7\u0131kt\u0131. Tart\u0131\u015fman\u0131n kavgaya d\u00f6n\u00fc\u015fmesi \u00fczerine M.K., yan\u0131nda bulunan b\u0131\u00e7akla Musa \u0130lhan\u2019a sald\u0131rd\u0131. V\u00fccudunun \u00e7e\u015fitli yerlerine ald\u0131\u011f\u0131 b\u0131\u00e7ak darbeleriyle a\u011f\u0131r yaralanan \u0130lhan, sevk edilen ambulansla Kayseri \u015eehir Hastanesi acil servisine kald\u0131r\u0131ld\u0131. Musa \u0130lhan, burada yap\u0131lan t\u00fcm m\u00fcdahalelere ra\u011fmen kurtar\u0131lamad\u0131. \u0130lhan\u2019\u0131n cenazesi, otopsi yap\u0131lmak \u00fczere Kayseri Devlet Hastanesi morguna kald\u0131r\u0131ld\u0131. Polis ekipleri de olay\u0131n ard\u0131ndan ka\u00e7an M.K.\u2019y\u0131 yakalamak i\u00e7in \u00e7al\u0131\u015fma ba\u015flatt\u0131.<div class=\"tiled-gallery type-rectangular tiled-gallery-unresized\" data-original-width=\"500\" data-carousel-extra='null' itemscope itemtype=\"http:\/\/schema.org\/ImageGallery\" > <div class=\"gallery-row\" style=\"width: 500px; height: 1272px;\" data-original-width=\"500\" data-original-height=\"1272\" > <div class=\"gallery-group images-1\" style=\"width: 500px; height: 1272px;\" data-original-width=\"500\" data-original-height=\"1272\" > <div class=\"tiled-gallery-item tiled-gallery-item-large\" itemprop=\"associatedMedia\" itemscope itemtype=\"http:\/\/schema.org\/ImageObject\"> <a href=\"http:\/\/www.tvturk.com\/index.php\/pazarcilarin-kavgasi-kanli-bitti-1-olu\/pazarcilarin-kavgasi-kanli-bitti-1-olu-3\/\" border=\"0\" itemprop=\"url\"> <meta itemprop=\"width\" content=\"496\"> <meta itemprop=\"height\" content=\"1268\"> <img decoding=\"async\" class=\"\" data-attachment-id=\"10432\" data-orig-file=\"http:\/\/www.tvturk.com\/wp-content\/uploads\/2019\/02\/pazarcilarin-kavgasi-kanli-bitti-1-olu_04d189d.jpg\" data-orig-size=\"345,882\" data-comments-opened=\"\" data-image-meta=\"{&quot;aperture&quot;:&quot;0&quot;,&quot;credit&quot;:&quot;IHA&quot;,&quot;camera&quot;:&quot;&quot;,&quot;caption&quot;:&quot;KAYSER\\u0130\\u0027N\\u0130N KOCAS\\u0130NAN \\u0130L\\u00c7ES\\u0130NDE PAZAR ESNAFI ARASINDA \\u00c7IKAN BI\\u00c7AKLI KAVGADA MUSA \\u0130LHAN, HAYATINI KAYBETT\\u0130. (AL\\u0130 G\\u00d6\\u00c7\\\/KAYSER\\u0130-\\u0130HA)&quot;,&quot;created_timestamp&quot;:&quot;1549610100&quot;,&quot;copyright&quot;:&quot;\\u0130HLAS HABER AJANSI, www.iha.com.tr&quot;,&quot;focal_length&quot;:&quot;0&quot;,&quot;iso&quot;:&quot;0&quot;,&quot;shutter_speed&quot;:&quot;0&quot;,&quot;title&quot;:&quot;PAZARCILARIN KAVGASI KANLI B\\u0130TT\\u0130: 1 \\u00d6L\\u00dc&quot;,&quot;orientation&quot;:&quot;1&quot;}\" data-image-title=\"Pazarc\u0131lar\u0131n kavgas\u0131 kanl\u0131 bitti: 1 \u00f6l\u00fc\" data-image-description=\"&lt;p&gt;Pazarc\u0131lar\u0131n kavgas\u0131 kanl\u0131 bitti: 1 \u00f6l\u00fc&lt;\/p&gt; \" data-medium-file=\"https:\/\/i0.wp.com\/www.tvturk.com\/wp-content\/uploads\/2019\/02\/pazarcilarin-kavgasi-kanli-bitti-1-olu_04d189d.jpg?fit=117%2C300\" data-large-file=\"https:\/\/i0.wp.com\/www.tvturk.com\/wp-content\/uploads\/2019\/02\/pazarcilarin-kavgasi-kanli-bitti-1-olu_04d189d.jpg?fit=345%2C882\" src=\"https:\/\/i0.wp.com\/www.tvturk.com\/wp-content\/uploads\/2019\/02\/pazarcilarin-kavgasi-kanli-bitti-1-olu_04d189d.jpg?w=496&#038;h=1268\" srcset=\"https:\/\/i0.wp.com\/www.tvturk.com\/wp-content\/uploads\/2019\/02\/pazarcilarin-kavgasi-kanli-bitti-1-olu_04d189d.jpg?w=345 345w, https:\/\/i0.wp.com\/www.tvturk.com\/wp-content\/uploads\/2019\/02\/pazarcilarin-kavgasi-kanli-bitti-1-olu_04d189d.jpg?resize=59%2C150 59w, https:\/\/i0.wp.com\/www.tvturk.com\/wp-content\/uploads\/2019\/02\/pazarcilarin-kavgasi-kanli-bitti-1-olu_04d189d.jpg?resize=117%2C300 117w\" width=\"496\" height=\"1268\" loading=\"lazy\" data-original-width=\"496\" data-original-height=\"1268\" itemprop=\"http:\/\/schema.org\/image\" title=\"Pazarc\u0131lar\u0131n kavgas\u0131 kanl\u0131 bitti: 1 \u00f6l\u00fc\" alt=\"Pazarc\u0131lar\u0131n kavgas\u0131 kanl\u0131 bitti: 1 \u00f6l\u00fc\" style=\"width: 496px; height: 1268px;\" \/> <\/a> <\/div> <\/div> <!-- close group --> <\/div> <!-- close row --> <\/div><\/p>\n","protected":false},"excerpt":{"rendered":"<p>KAYSER\u0130&#8217;N\u0130N KOCAS\u0130NAN \u0130L\u00c7ES\u0130NDE PAZAR ESNAFI ARASINDA \u00c7IKAN BI\u00c7AKLI KAVGADA 1 K\u0130\u015e\u0130 HAYATINI KAYBETT\u0130.<\/p>\n","protected":false},"author":1,"featured_media":10431,"comment_status":"closed","ping_status":"open","sticky":false,"template":"","format":"standard","meta":{"jetpack_post_was_ever_published":false,"_jetpack_newsletter_access":"","_jetpack_dont_email_post_to_subs":false,"_jetpack_newsletter_tier_id":0,"_jetpack_memberships_contains_paywalled_content":false,"_jetpack_memberships_contains_paid_content":false,"footnotes":"","jetpack_publicize_message":"","jetpack_publicize_feature_enabled":true,"jetpack_social_post_already_shared":false,"jetpack_social_options":{"image_generator_settings":{"template":"highway","default_image_id":0,"font":"","enabled":false},"version":2}},"categories":[655],"tags":[3991,5402,5401,1664,5400],"class_list":["post-10430","post","type-post","status-publish","format-standard","has-post-thumbnail","hentry","category-son-dakika","tag-bitti","tag-kanli","tag-kavgasi","tag-olu","tag-pazarcilarin"],"jetpack_publicize_connections":[],"jetpack_featured_media_url":"https:\/\/i0.wp.com\/www.tvturk.com\/wp-content\/uploads\/2019\/02\/pazarcilarin-kavgasi-kanli-bitti-1-olu_7ab1ccb.jpg?fit=1000%2C636","jetpack_sharing_enabled":true,"jetpack_shortlink":"https:\/\/wp.me\/paKIfm-2Ie","_links":{"self":[{"href":"http:\/\/www.tvturk.com\/index.php\/wp-json\/wp\/v2\/posts\/10430","targetHints":{"allow":["GET"]}}],"collection":[{"href":"http:\/\/www.tvturk.com\/index.php\/wp-json\/wp\/v2\/posts"}],"about":[{"href":"http:\/\/www.tvturk.com\/index.php\/wp-json\/wp\/v2\/types\/post"}],"author":[{"embeddable":true,"href":"http:\/\/www.tvturk.com\/index.php\/wp-json\/wp\/v2\/users\/1"}],"replies":[{"embeddable":true,"href":"http:\/\/www.tvturk.com\/index.php\/wp-json\/wp\/v2\/comments?post=10430"}],"version-history":[{"count":1,"href":"http:\/\/www.tvturk.com\/index.php\/wp-json\/wp\/v2\/posts\/10430\/revisions"}],"predecessor-version":[{"id":10433,"href":"http:\/\/www.tvturk.com\/index.php\/wp-json\/wp\/v2\/posts\/10430\/revisions\/10433"}],"wp:featuredmedia":[{"embeddable":true,"href":"http:\/\/www.tvturk.com\/index.php\/wp-json\/wp\/v2\/media\/10431"}],"wp:attachment":[{"href":"http:\/\/www.tvturk.com\/index.php\/wp-json\/wp\/v2\/media?parent=10430"}],"wp:term":[{"taxonomy":"category","embeddable":true,"href":"http:\/\/www.tvturk.com\/index.php\/wp-json\/wp\/v2\/categories?post=10430"},{"taxonomy":"post_tag","embeddable":true,"href":"http:\/\/www.tvturk.com\/index.php\/wp-json\/wp\/v2\/tags?post=10430"}],"curies":[{"name":"wp","href":"https:\/\/api.w.org\/{rel}","templated":true}]}}