{"id":10464,"date":"2019-02-08T01:27:52","date_gmt":"2019-02-07T22:27:52","guid":{"rendered":"http:\/\/www.tvturk.com\/index.php\/vidanjorden-sizan-yag-zincirleme-kazaya-neden-oldu-2-yarali\/"},"modified":"2019-02-08T01:27:57","modified_gmt":"2019-02-07T22:27:57","slug":"vidanjorden-sizan-yag-zincirleme-kazaya-neden-oldu-2-yarali","status":"publish","type":"post","link":"http:\/\/www.tvturk.com\/index.php\/vidanjorden-sizan-yag-zincirleme-kazaya-neden-oldu-2-yarali\/","title":{"rendered":"Vidanj\u00f6rden s\u0131zan ya\u011f zincirleme kazaya neden oldu: 2 yaral\u0131"},"content":{"rendered":"<p>Kocaeli\u2019nin Gebze il\u00e7esinde \u00e7arp\u0131\u015fan 2 ara\u00e7tan f\u0131rlayan par\u00e7an\u0131n ayn\u0131 istikamette gelen bir araca isabet etmesi sonucunda yola yay\u0131lan ya\u011f, 8 arac\u0131n daha kaza yapmas\u0131na neden oldu. Meydana gelen kazalarda toplam 2 ki\u015fi yaraland\u0131.<\/p>\n<p>Olay, Kocaeli\u2019nin Gebze il\u00e7esi D100 Karayolu Sanayi Sapa\u011f\u0131 mevkiinde meydana geldi. Edinilen bilgilere g\u00f6re s\u00fcr\u00fcc\u00fcs\u00fc \u00f6\u011frenilemeyen 32 YA 906 plakal\u0131 otomobil, s\u00fcr\u00fcc\u00fcs\u00fc \u00f6\u011frenilemeyen 41 EN 577 ciple \u00e7arp\u0131\u015ft\u0131. Meydana gelen kazada Zehra U. \u0130simli kad\u0131n yaralan\u0131rken, ara\u00e7lardan f\u0131rlayan bir par\u00e7a ayn\u0131 istikamette seyir halinde olan 34 BHP 059 plakal\u0131 vidanj\u00f6r\u00fcn alt k\u0131sm\u0131na sapland\u0131. Durumu fark eden vidanj\u00f6r s\u00fcr\u00fcc\u00fcs\u00fc arac\u0131n\u0131 durdurdu. Kaza yapan ara\u00e7lar\u0131n vidanj\u00f6r\u00fcn kartel b\u00f6l\u00fcm\u00fcn\u00fc delmesi sonucunda ara\u00e7tan s\u0131zan ya\u011f yola yay\u0131ld\u0131. Kazay\u0131 g\u00f6ren \u00e7evredeki vatanda\u015flar\u0131n ihbar\u0131 \u00fczerine olay yerine gelen sa\u011fl\u0131k ekipleri taraf\u0131ndan ilk m\u00fcdahalesi olay yerinde yap\u0131lan Zehra U. Gebze Fatih Devlet Hastanesi\u2019ne kald\u0131r\u0131ld\u0131.<\/p>\n<p>Ya\u015fanan kaza sonras\u0131nda vidanj\u00f6rden s\u0131zan ya\u011f ya\u011fmur nedeni ile k\u0131sa s\u00fcrede yola yay\u0131ld\u0131. Bu s\u0131rada yolda seyir halinde olan ismi \u00f6\u011frenilemeyen 41 P 3291 plakal\u0131 servis s\u00fcr\u00fcc\u00fcs\u00fc durumu fark ederek arac\u0131n\u0131 durdurdu. Ayn\u0131 istikamette seyir halinde olan 5 ara\u00e7 duramayarak minib\u00fcse \u00e7arpt\u0131. Kazada minib\u00fcste bulunan bir ki\u015fi yaraland\u0131. Ya\u015fanan kazaya kar\u0131\u015fan ara\u00e7lar \u00e7ekici yard\u0131m\u0131 ile kald\u0131r\u0131l\u0131rken, iki ara\u00e7 daha kayganla\u015fan yolda kayarak bariyerlere \u00e7arpt\u0131.<\/p>\n<p>Kayganla\u015fan yol ekipler taraf\u0131ndan trafi\u011fe kapat\u0131larak ekipler temizleme \u00e7al\u0131\u015fmas\u0131 yap\u0131ld\u0131. Yakla\u015f\u0131k 1 bu\u00e7uk sat s\u00fcren \u00e7al\u0131\u015fman\u0131n ard\u0131ndan yol tekrar trafi\u011fe a\u00e7\u0131l\u0131rken, kazaya kar\u0131\u015fan ara\u00e7lar\u0131n bir\u00e7o\u011fu kullan\u0131lamaz hale geldi. Polis olayla ilgili inceleme ba\u015flatt\u0131.<div class=\"tiled-gallery type-rectangular tiled-gallery-unresized\" data-original-width=\"500\" data-carousel-extra='null' itemscope itemtype=\"http:\/\/schema.org\/ImageGallery\" > <div class=\"gallery-row\" style=\"width: 500px; height: 251px;\" data-original-width=\"500\" data-original-height=\"251\" > <div class=\"gallery-group images-1\" style=\"width: 334px; height: 251px;\" data-original-width=\"334\" data-original-height=\"251\" > <div class=\"tiled-gallery-item tiled-gallery-item-large\" itemprop=\"associatedMedia\" itemscope itemtype=\"http:\/\/schema.org\/ImageObject\"> <a href=\"http:\/\/www.tvturk.com\/index.php\/vidanjorden-sizan-yag-zincirleme-kazaya-neden-oldu-2-yarali\/vidanjorden-sizan-yag-zincirleme-kazaya-neden-oldu-2-yarali-3\/\" border=\"0\" itemprop=\"url\"> <meta itemprop=\"width\" content=\"330\"> <meta itemprop=\"height\" content=\"247\"> <img decoding=\"async\" class=\"\" data-attachment-id=\"10466\" data-orig-file=\"http:\/\/www.tvturk.com\/wp-content\/uploads\/2019\/02\/vidanjorden-sizan-yag-zincirleme-kazaya-neden-oldu-2-yarali_55a5d42.jpg\" data-orig-size=\"1000,750\" data-comments-opened=\"\" data-image-meta=\"{&quot;aperture&quot;:&quot;0&quot;,&quot;credit&quot;:&quot;IHA&quot;,&quot;camera&quot;:&quot;&quot;,&quot;caption&quot;:&quot;KOCAEL\\u0130\\u2019N\\u0130N GEBZE \\u0130L\\u00c7ES\\u0130NDE \\u00c7ARPI\\u015eAN 2 ARA\\u00c7TAN FIRLAYAN PAR\\u00c7ANIN AYNI \\u0130ST\\u0130KAMETTE GELEN B\\u0130R ARACA \\u0130SABET ETMES\\u0130 SONUCUNDA YOLA YAYILAN YA\\u011e, 8 ARACIN DAHA KAZA YAPMASINA NEDEN OLDU. MEYDANA GELEN KAZALARDA TOPLAM 2 K\\u0130\\u015e\\u0130 YARALANDI. (HAKAN \\u00d6ZT\\u00dcRK\\\/KOCAEL\\u0130-\\u0130HA)&quot;,&quot;created_timestamp&quot;:&quot;0&quot;,&quot;copyright&quot;:&quot;\\u0130HLAS HABER AJANSI, www.iha.com.tr&quot;,&quot;focal_length&quot;:&quot;0&quot;,&quot;iso&quot;:&quot;0&quot;,&quot;shutter_speed&quot;:&quot;0&quot;,&quot;title&quot;:&quot;V\\u0130DANJ\\u00d6RDEN SIZAN YA\\u011e, 8 ARACIN KAZA YAPMASINA NEDEN OLDU TOPLAM 11 ARACIN KARI\\u015eTI\\u011eI KAZALARDA 2 K\\u0130\\u015e\\u0130 YARALANDI&quot;,&quot;orientation&quot;:&quot;0&quot;}\" data-image-title=\"Vidanj\u00f6rden s\u0131zan ya\u011f zincirleme kazaya neden oldu: 2 yaral\u0131\" data-image-description=\"&lt;p&gt;Vidanj\u00f6rden s\u0131zan ya\u011f zincirleme kazaya neden oldu: 2 yaral\u0131&lt;\/p&gt; \" data-medium-file=\"https:\/\/i0.wp.com\/www.tvturk.com\/wp-content\/uploads\/2019\/02\/vidanjorden-sizan-yag-zincirleme-kazaya-neden-oldu-2-yarali_55a5d42.jpg?fit=300%2C225\" data-large-file=\"https:\/\/i0.wp.com\/www.tvturk.com\/wp-content\/uploads\/2019\/02\/vidanjorden-sizan-yag-zincirleme-kazaya-neden-oldu-2-yarali_55a5d42.jpg?fit=1000%2C750\" src=\"https:\/\/i0.wp.com\/www.tvturk.com\/wp-content\/uploads\/2019\/02\/vidanjorden-sizan-yag-zincirleme-kazaya-neden-oldu-2-yarali_55a5d42.jpg?w=330&#038;h=247\" srcset=\"https:\/\/i0.wp.com\/www.tvturk.com\/wp-content\/uploads\/2019\/02\/vidanjorden-sizan-yag-zincirleme-kazaya-neden-oldu-2-yarali_55a5d42.jpg?w=1000 1000w, https:\/\/i0.wp.com\/www.tvturk.com\/wp-content\/uploads\/2019\/02\/vidanjorden-sizan-yag-zincirleme-kazaya-neden-oldu-2-yarali_55a5d42.jpg?resize=150%2C113 150w, https:\/\/i0.wp.com\/www.tvturk.com\/wp-content\/uploads\/2019\/02\/vidanjorden-sizan-yag-zincirleme-kazaya-neden-oldu-2-yarali_55a5d42.jpg?resize=300%2C225 300w, https:\/\/i0.wp.com\/www.tvturk.com\/wp-content\/uploads\/2019\/02\/vidanjorden-sizan-yag-zincirleme-kazaya-neden-oldu-2-yarali_55a5d42.jpg?resize=768%2C576 768w\" width=\"330\" height=\"247\" loading=\"lazy\" data-original-width=\"330\" data-original-height=\"247\" itemprop=\"http:\/\/schema.org\/image\" title=\"Vidanj\u00f6rden s\u0131zan ya\u011f zincirleme kazaya neden oldu: 2 yaral\u0131\" alt=\"Vidanj\u00f6rden s\u0131zan ya\u011f zincirleme kazaya neden oldu: 2 yaral\u0131\" style=\"width: 330px; height: 247px;\" \/> <\/a> <\/div> <\/div> <!-- close group --> <div class=\"gallery-group images-2\" style=\"width: 166px; height: 251px;\" data-original-width=\"166\" data-original-height=\"251\" > <div class=\"tiled-gallery-item tiled-gallery-item-small\" itemprop=\"associatedMedia\" itemscope itemtype=\"http:\/\/schema.org\/ImageObject\"> <a href=\"http:\/\/www.tvturk.com\/index.php\/vidanjorden-sizan-yag-zincirleme-kazaya-neden-oldu-2-yarali\/vidanjorden-sizan-yag-zincirleme-kazaya-neden-oldu-2-yarali-4\/\" border=\"0\" itemprop=\"url\"> <meta itemprop=\"width\" content=\"162\"> <meta itemprop=\"height\" content=\"122\"> <img decoding=\"async\" class=\"\" data-attachment-id=\"10467\" data-orig-file=\"http:\/\/www.tvturk.com\/wp-content\/uploads\/2019\/02\/vidanjorden-sizan-yag-zincirleme-kazaya-neden-oldu-2-yarali_e188f50.jpg\" data-orig-size=\"1000,750\" data-comments-opened=\"\" data-image-meta=\"{&quot;aperture&quot;:&quot;0&quot;,&quot;credit&quot;:&quot;IHA&quot;,&quot;camera&quot;:&quot;&quot;,&quot;caption&quot;:&quot;KOCAEL\\u0130\\u2019N\\u0130N GEBZE \\u0130L\\u00c7ES\\u0130NDE \\u00c7ARPI\\u015eAN 2 ARA\\u00c7TAN FIRLAYAN PAR\\u00c7ANIN AYNI \\u0130ST\\u0130KAMETTE GELEN B\\u0130R ARACA \\u0130SABET ETMES\\u0130 SONUCUNDA YOLA YAYILAN YA\\u011e, 8 ARACIN DAHA KAZA YAPMASINA NEDEN OLDU. MEYDANA GELEN KAZALARDA TOPLAM 2 K\\u0130\\u015e\\u0130 YARALANDI. (HAKAN \\u00d6ZT\\u00dcRK\\\/KOCAEL\\u0130-\\u0130HA)&quot;,&quot;created_timestamp&quot;:&quot;0&quot;,&quot;copyright&quot;:&quot;\\u0130HLAS HABER AJANSI, www.iha.com.tr&quot;,&quot;focal_length&quot;:&quot;0&quot;,&quot;iso&quot;:&quot;0&quot;,&quot;shutter_speed&quot;:&quot;0&quot;,&quot;title&quot;:&quot;V\\u0130DANJ\\u00d6RDEN SIZAN YA\\u011e, 8 ARACIN KAZA YAPMASINA NEDEN OLDU TOPLAM 11 ARACIN KARI\\u015eTI\\u011eI KAZALARDA 2 K\\u0130\\u015e\\u0130 YARALANDI&quot;,&quot;orientation&quot;:&quot;0&quot;}\" data-image-title=\"Vidanj\u00f6rden s\u0131zan ya\u011f zincirleme kazaya neden oldu: 2 yaral\u0131\" data-image-description=\"&lt;p&gt;Vidanj\u00f6rden s\u0131zan ya\u011f zincirleme kazaya neden oldu: 2 yaral\u0131&lt;\/p&gt; \" data-medium-file=\"https:\/\/i0.wp.com\/www.tvturk.com\/wp-content\/uploads\/2019\/02\/vidanjorden-sizan-yag-zincirleme-kazaya-neden-oldu-2-yarali_e188f50.jpg?fit=300%2C225\" data-large-file=\"https:\/\/i0.wp.com\/www.tvturk.com\/wp-content\/uploads\/2019\/02\/vidanjorden-sizan-yag-zincirleme-kazaya-neden-oldu-2-yarali_e188f50.jpg?fit=1000%2C750\" src=\"https:\/\/i0.wp.com\/www.tvturk.com\/wp-content\/uploads\/2019\/02\/vidanjorden-sizan-yag-zincirleme-kazaya-neden-oldu-2-yarali_e188f50.jpg?w=162&#038;h=122\" srcset=\"https:\/\/i0.wp.com\/www.tvturk.com\/wp-content\/uploads\/2019\/02\/vidanjorden-sizan-yag-zincirleme-kazaya-neden-oldu-2-yarali_e188f50.jpg?w=1000 1000w, https:\/\/i0.wp.com\/www.tvturk.com\/wp-content\/uploads\/2019\/02\/vidanjorden-sizan-yag-zincirleme-kazaya-neden-oldu-2-yarali_e188f50.jpg?resize=150%2C113 150w, https:\/\/i0.wp.com\/www.tvturk.com\/wp-content\/uploads\/2019\/02\/vidanjorden-sizan-yag-zincirleme-kazaya-neden-oldu-2-yarali_e188f50.jpg?resize=300%2C225 300w, https:\/\/i0.wp.com\/www.tvturk.com\/wp-content\/uploads\/2019\/02\/vidanjorden-sizan-yag-zincirleme-kazaya-neden-oldu-2-yarali_e188f50.jpg?resize=768%2C576 768w\" width=\"162\" height=\"122\" loading=\"lazy\" data-original-width=\"162\" data-original-height=\"122\" itemprop=\"http:\/\/schema.org\/image\" title=\"Vidanj\u00f6rden s\u0131zan ya\u011f zincirleme kazaya neden oldu: 2 yaral\u0131\" alt=\"Vidanj\u00f6rden s\u0131zan ya\u011f zincirleme kazaya neden oldu: 2 yaral\u0131\" style=\"width: 162px; height: 122px;\" \/> <\/a> <\/div> <div class=\"tiled-gallery-item tiled-gallery-item-small\" itemprop=\"associatedMedia\" itemscope itemtype=\"http:\/\/schema.org\/ImageObject\"> <a href=\"http:\/\/www.tvturk.com\/index.php\/vidanjorden-sizan-yag-zincirleme-kazaya-neden-oldu-2-yarali\/vidanjorden-sizan-yag-zincirleme-kazaya-neden-oldu-2-yarali-5\/\" border=\"0\" itemprop=\"url\"> <meta itemprop=\"width\" content=\"162\"> <meta itemprop=\"height\" content=\"121\"> <img decoding=\"async\" class=\"\" data-attachment-id=\"10468\" data-orig-file=\"http:\/\/www.tvturk.com\/wp-content\/uploads\/2019\/02\/vidanjorden-sizan-yag-zincirleme-kazaya-neden-oldu-2-yarali_f10e8fc.jpg\" data-orig-size=\"1000,750\" data-comments-opened=\"\" data-image-meta=\"{&quot;aperture&quot;:&quot;0&quot;,&quot;credit&quot;:&quot;IHA&quot;,&quot;camera&quot;:&quot;&quot;,&quot;caption&quot;:&quot;KOCAEL\\u0130\\u2019N\\u0130N GEBZE \\u0130L\\u00c7ES\\u0130NDE \\u00c7ARPI\\u015eAN 2 ARA\\u00c7TAN FIRLAYAN PAR\\u00c7ANIN AYNI \\u0130ST\\u0130KAMETTE GELEN B\\u0130R ARACA \\u0130SABET ETMES\\u0130 SONUCUNDA YOLA YAYILAN YA\\u011e, 8 ARACIN DAHA KAZA YAPMASINA NEDEN OLDU. MEYDANA GELEN KAZALARDA TOPLAM 2 K\\u0130\\u015e\\u0130 YARALANDI. (HAKAN \\u00d6ZT\\u00dcRK\\\/KOCAEL\\u0130-\\u0130HA)&quot;,&quot;created_timestamp&quot;:&quot;0&quot;,&quot;copyright&quot;:&quot;\\u0130HLAS HABER AJANSI, www.iha.com.tr&quot;,&quot;focal_length&quot;:&quot;0&quot;,&quot;iso&quot;:&quot;0&quot;,&quot;shutter_speed&quot;:&quot;0&quot;,&quot;title&quot;:&quot;V\\u0130DANJ\\u00d6RDEN SIZAN YA\\u011e, 8 ARACIN KAZA YAPMASINA NEDEN OLDU TOPLAM 11 ARACIN KARI\\u015eTI\\u011eI KAZALARDA 2 K\\u0130\\u015e\\u0130 YARALANDI&quot;,&quot;orientation&quot;:&quot;0&quot;}\" data-image-title=\"Vidanj\u00f6rden s\u0131zan ya\u011f zincirleme kazaya neden oldu: 2 yaral\u0131\" data-image-description=\"&lt;p&gt;Vidanj\u00f6rden s\u0131zan ya\u011f zincirleme kazaya neden oldu: 2 yaral\u0131&lt;\/p&gt; \" data-medium-file=\"https:\/\/i0.wp.com\/www.tvturk.com\/wp-content\/uploads\/2019\/02\/vidanjorden-sizan-yag-zincirleme-kazaya-neden-oldu-2-yarali_f10e8fc.jpg?fit=300%2C225\" data-large-file=\"https:\/\/i0.wp.com\/www.tvturk.com\/wp-content\/uploads\/2019\/02\/vidanjorden-sizan-yag-zincirleme-kazaya-neden-oldu-2-yarali_f10e8fc.jpg?fit=1000%2C750\" src=\"https:\/\/i0.wp.com\/www.tvturk.com\/wp-content\/uploads\/2019\/02\/vidanjorden-sizan-yag-zincirleme-kazaya-neden-oldu-2-yarali_f10e8fc.jpg?w=162&#038;h=121\" srcset=\"https:\/\/i0.wp.com\/www.tvturk.com\/wp-content\/uploads\/2019\/02\/vidanjorden-sizan-yag-zincirleme-kazaya-neden-oldu-2-yarali_f10e8fc.jpg?w=1000 1000w, https:\/\/i0.wp.com\/www.tvturk.com\/wp-content\/uploads\/2019\/02\/vidanjorden-sizan-yag-zincirleme-kazaya-neden-oldu-2-yarali_f10e8fc.jpg?resize=150%2C113 150w, https:\/\/i0.wp.com\/www.tvturk.com\/wp-content\/uploads\/2019\/02\/vidanjorden-sizan-yag-zincirleme-kazaya-neden-oldu-2-yarali_f10e8fc.jpg?resize=300%2C225 300w, https:\/\/i0.wp.com\/www.tvturk.com\/wp-content\/uploads\/2019\/02\/vidanjorden-sizan-yag-zincirleme-kazaya-neden-oldu-2-yarali_f10e8fc.jpg?resize=768%2C576 768w\" width=\"162\" height=\"121\" loading=\"lazy\" data-original-width=\"162\" data-original-height=\"121\" itemprop=\"http:\/\/schema.org\/image\" title=\"Vidanj\u00f6rden s\u0131zan ya\u011f zincirleme kazaya neden oldu: 2 yaral\u0131\" alt=\"Vidanj\u00f6rden s\u0131zan ya\u011f zincirleme kazaya neden oldu: 2 yaral\u0131\" style=\"width: 162px; height: 121px;\" \/> <\/a> <\/div> <\/div> <!-- close group --> <\/div> <!-- close row --> <div class=\"gallery-row\" style=\"width: 500px; height: 376px;\" data-original-width=\"500\" data-original-height=\"376\" > <div class=\"gallery-group images-1\" style=\"width: 500px; height: 376px;\" data-original-width=\"500\" data-original-height=\"376\" > <div class=\"tiled-gallery-item tiled-gallery-item-large\" itemprop=\"associatedMedia\" itemscope itemtype=\"http:\/\/schema.org\/ImageObject\"> <a href=\"http:\/\/www.tvturk.com\/index.php\/vidanjorden-sizan-yag-zincirleme-kazaya-neden-oldu-2-yarali\/vidanjorden-sizan-yag-zincirleme-kazaya-neden-oldu-2-yarali-6\/\" border=\"0\" itemprop=\"url\"> <meta itemprop=\"width\" content=\"496\"> <meta itemprop=\"height\" content=\"372\"> <img decoding=\"async\" class=\"\" data-attachment-id=\"10469\" data-orig-file=\"http:\/\/www.tvturk.com\/wp-content\/uploads\/2019\/02\/vidanjorden-sizan-yag-zincirleme-kazaya-neden-oldu-2-yarali_58154df.jpg\" data-orig-size=\"1000,750\" data-comments-opened=\"\" data-image-meta=\"{&quot;aperture&quot;:&quot;0&quot;,&quot;credit&quot;:&quot;IHA&quot;,&quot;camera&quot;:&quot;&quot;,&quot;caption&quot;:&quot;KOCAEL\\u0130\\u2019N\\u0130N GEBZE \\u0130L\\u00c7ES\\u0130NDE \\u00c7ARPI\\u015eAN 2 ARA\\u00c7TAN FIRLAYAN PAR\\u00c7ANIN AYNI \\u0130ST\\u0130KAMETTE GELEN B\\u0130R ARACA \\u0130SABET ETMES\\u0130 SONUCUNDA YOLA YAYILAN YA\\u011e, 8 ARACIN DAHA KAZA YAPMASINA NEDEN OLDU. MEYDANA GELEN KAZALARDA TOPLAM 2 K\\u0130\\u015e\\u0130 YARALANDI. (HAKAN \\u00d6ZT\\u00dcRK\\\/KOCAEL\\u0130-\\u0130HA)&quot;,&quot;created_timestamp&quot;:&quot;0&quot;,&quot;copyright&quot;:&quot;\\u0130HLAS HABER AJANSI, www.iha.com.tr&quot;,&quot;focal_length&quot;:&quot;0&quot;,&quot;iso&quot;:&quot;0&quot;,&quot;shutter_speed&quot;:&quot;0&quot;,&quot;title&quot;:&quot;V\\u0130DANJ\\u00d6RDEN SIZAN YA\\u011e, 8 ARACIN KAZA YAPMASINA NEDEN OLDU TOPLAM 11 ARACIN KARI\\u015eTI\\u011eI KAZALARDA 2 K\\u0130\\u015e\\u0130 YARALANDI&quot;,&quot;orientation&quot;:&quot;0&quot;}\" data-image-title=\"Vidanj\u00f6rden s\u0131zan ya\u011f zincirleme kazaya neden oldu: 2 yaral\u0131\" data-image-description=\"&lt;p&gt;Vidanj\u00f6rden s\u0131zan ya\u011f zincirleme kazaya neden oldu: 2 yaral\u0131&lt;\/p&gt; \" data-medium-file=\"https:\/\/i0.wp.com\/www.tvturk.com\/wp-content\/uploads\/2019\/02\/vidanjorden-sizan-yag-zincirleme-kazaya-neden-oldu-2-yarali_58154df.jpg?fit=300%2C225\" data-large-file=\"https:\/\/i0.wp.com\/www.tvturk.com\/wp-content\/uploads\/2019\/02\/vidanjorden-sizan-yag-zincirleme-kazaya-neden-oldu-2-yarali_58154df.jpg?fit=1000%2C750\" src=\"https:\/\/i0.wp.com\/www.tvturk.com\/wp-content\/uploads\/2019\/02\/vidanjorden-sizan-yag-zincirleme-kazaya-neden-oldu-2-yarali_58154df.jpg?w=496&#038;h=372\" srcset=\"https:\/\/i0.wp.com\/www.tvturk.com\/wp-content\/uploads\/2019\/02\/vidanjorden-sizan-yag-zincirleme-kazaya-neden-oldu-2-yarali_58154df.jpg?w=1000 1000w, https:\/\/i0.wp.com\/www.tvturk.com\/wp-content\/uploads\/2019\/02\/vidanjorden-sizan-yag-zincirleme-kazaya-neden-oldu-2-yarali_58154df.jpg?resize=150%2C113 150w, https:\/\/i0.wp.com\/www.tvturk.com\/wp-content\/uploads\/2019\/02\/vidanjorden-sizan-yag-zincirleme-kazaya-neden-oldu-2-yarali_58154df.jpg?resize=300%2C225 300w, https:\/\/i0.wp.com\/www.tvturk.com\/wp-content\/uploads\/2019\/02\/vidanjorden-sizan-yag-zincirleme-kazaya-neden-oldu-2-yarali_58154df.jpg?resize=768%2C576 768w\" width=\"496\" height=\"372\" loading=\"lazy\" data-original-width=\"496\" data-original-height=\"372\" itemprop=\"http:\/\/schema.org\/image\" title=\"Vidanj\u00f6rden s\u0131zan ya\u011f zincirleme kazaya neden oldu: 2 yaral\u0131\" alt=\"Vidanj\u00f6rden s\u0131zan ya\u011f zincirleme kazaya neden oldu: 2 yaral\u0131\" style=\"width: 496px; height: 372px;\" \/> <\/a> <\/div> <\/div> <!-- close group --> <\/div> <!-- close row --> <\/div><\/p>\n","protected":false},"excerpt":{"rendered":"<p>KOCAEL\u0130\u2019N\u0130N GEBZE \u0130L\u00c7ES\u0130NDE \u00c7ARPI\u015eAN 2 ARA\u00c7TAN FIRLAYAN PAR\u00c7ANIN AYNI \u0130ST\u0130KAMETTE GELEN B\u0130R ARACA \u0130SABET ETMES\u0130 SONUCUNDA YOLA YAYILAN YA\u011e, 8 ARACIN DAHA KAZA YAPMASINA NEDEN OLDU. MEYDANA GELEN KAZALARDA TOPLAM 2 K\u0130\u015e\u0130 YARALANDI.<\/p>\n","protected":false},"author":1,"featured_media":10465,"comment_status":"closed","ping_status":"open","sticky":false,"template":"","format":"standard","meta":{"jetpack_post_was_ever_published":false,"_jetpack_newsletter_access":"","_jetpack_dont_email_post_to_subs":false,"_jetpack_newsletter_tier_id":0,"_jetpack_memberships_contains_paywalled_content":false,"_jetpack_memberships_contains_paid_content":false,"footnotes":"","jetpack_publicize_message":"","jetpack_publicize_feature_enabled":true,"jetpack_social_post_already_shared":false,"jetpack_social_options":{"image_generator_settings":{"template":"highway","default_image_id":0,"font":"","enabled":false},"version":2}},"categories":[655],"tags":[1898,1130,77,5418,5417,5419,774,851],"class_list":["post-10464","post","type-post","status-publish","format-standard","has-post-thumbnail","hentry","category-son-dakika","tag-kazaya","tag-neden","tag-oldu","tag-sizan","tag-vidanjorden","tag-yag","tag-yarali","tag-zincirleme"],"jetpack_publicize_connections":[],"jetpack_featured_media_url":"https:\/\/i0.wp.com\/www.tvturk.com\/wp-content\/uploads\/2019\/02\/vidanjorden-sizan-yag-zincirleme-kazaya-neden-oldu-2-yarali_8cce2e2.jpg?fit=1000%2C750","jetpack_sharing_enabled":true,"jetpack_shortlink":"https:\/\/wp.me\/paKIfm-2IM","_links":{"self":[{"href":"http:\/\/www.tvturk.com\/index.php\/wp-json\/wp\/v2\/posts\/10464","targetHints":{"allow":["GET"]}}],"collection":[{"href":"http:\/\/www.tvturk.com\/index.php\/wp-json\/wp\/v2\/posts"}],"about":[{"href":"http:\/\/www.tvturk.com\/index.php\/wp-json\/wp\/v2\/types\/post"}],"author":[{"embeddable":true,"href":"http:\/\/www.tvturk.com\/index.php\/wp-json\/wp\/v2\/users\/1"}],"replies":[{"embeddable":true,"href":"http:\/\/www.tvturk.com\/index.php\/wp-json\/wp\/v2\/comments?post=10464"}],"version-history":[{"count":1,"href":"http:\/\/www.tvturk.com\/index.php\/wp-json\/wp\/v2\/posts\/10464\/revisions"}],"predecessor-version":[{"id":10470,"href":"http:\/\/www.tvturk.com\/index.php\/wp-json\/wp\/v2\/posts\/10464\/revisions\/10470"}],"wp:featuredmedia":[{"embeddable":true,"href":"http:\/\/www.tvturk.com\/index.php\/wp-json\/wp\/v2\/media\/10465"}],"wp:attachment":[{"href":"http:\/\/www.tvturk.com\/index.php\/wp-json\/wp\/v2\/media?parent=10464"}],"wp:term":[{"taxonomy":"category","embeddable":true,"href":"http:\/\/www.tvturk.com\/index.php\/wp-json\/wp\/v2\/categories?post=10464"},{"taxonomy":"post_tag","embeddable":true,"href":"http:\/\/www.tvturk.com\/index.php\/wp-json\/wp\/v2\/tags?post=10464"}],"curies":[{"name":"wp","href":"https:\/\/api.w.org\/{rel}","templated":true}]}}