{"id":104853,"date":"2019-03-20T17:54:57","date_gmt":"2019-03-20T14:54:57","guid":{"rendered":"http:\/\/www.tvturk.com\/index.php\/24-multecinin-can-verdigi-tekne-kazasinda-organizatorler-kaptanligi-multecilere-birakmis\/"},"modified":"2019-03-20T17:54:57","modified_gmt":"2019-03-20T14:54:57","slug":"24-multecinin-can-verdigi-tekne-kazasinda-organizatorler-kaptanligi-multecilere-birakmis","status":"publish","type":"post","link":"http:\/\/www.tvturk.com\/index.php\/24-multecinin-can-verdigi-tekne-kazasinda-organizatorler-kaptanligi-multecilere-birakmis\/","title":{"rendered":"24 m\u00fcltecinin can verdi\u011fi tekne kazas\u0131nda organizat\u00f6rler kaptanl\u0131\u011f\u0131 m\u00fcltecilere b\u0131rakm\u0131\u015f"},"content":{"rendered":"<p>Kocaeli\u2019nde 2018 y\u0131l\u0131nda meydana gelen ve 24 m\u00fcltecinin hayat\u0131n\u0131 kaybetti\u011fi tekne kazas\u0131yla ilgili g\u00f6r\u00fclen davada kaza s\u0131ras\u0131nda teknede kaptan olmad\u0131\u011f\u0131 ve kaptanl\u0131k g\u00f6revini m\u00fcltecilerin yapt\u0131\u011f\u0131 ortaya \u00e7\u0131kt\u0131.<\/p>\n<p>Olay 22 Eyl\u00fcl 2018 tarihinde Kocaeli\u2019nin Kand\u0131ra il\u00e7esinde meydana geldi. Edinilen bilgiye g\u00f6re \u0130stanbul\u2019dan Romanya\u2019ya ka\u00e7mak isteyen yabanc\u0131 uyruklu 74 \u015fahs\u0131n i\u00e7inde bulundu\u011fu tekne, olumsuz hava ko\u015fullar\u0131 nedeniyle yana\u015fmak istedikleri tankere \u00e7arparak par\u00e7aland\u0131. Par\u00e7alanan teknenin su alarak batmas\u0131yla denize d\u00fc\u015fen m\u00fcltecilerden 24\u2019\u00fc hayat\u0131n\u0131 kaybetti. Tekneden kurtulan m\u00fcltecilerden al\u0131nan ifadeler kapsam\u0131nda g\u00f6zalt\u0131na al\u0131nan 13 \u015f\u00fcpheli \u015fah\u0131stan 5\u2019i tutuklanarak cezaevine g\u00f6nderildi. Olay sonras\u0131 a\u00e7\u0131lan davan\u0131n 4. duru\u015fmas\u0131na Kocaeli 1. A\u011f\u0131r Ceza Mahkemesinde devam edildi. Davada 24 m\u00fcltecinin hayat\u0131n\u0131 kaybetti\u011fi tekne kazas\u0131yla ilgili g\u00f6r\u00fclen davada kaza s\u0131ras\u0131nda teknede kaptan olmad\u0131\u011f\u0131 ve kaptanl\u0131k g\u00f6revini m\u00fcltecilerin yapt\u0131\u011f\u0131 ortaya \u00e7\u0131kt\u0131.<\/p>\n<p>Teknenin idaresini ka\u00e7ak g\u00f6\u00e7menlere b\u0131rakt\u0131lar<\/p>\n<p>Soru\u015fturma kapsam\u0131nda haz\u0131rlanan iddianamede, sahil g\u00fcvenlik ekipleri taraf\u0131ndan haz\u0131rlanan rapora g\u00f6re olay g\u00fcn\u00fc hava ko\u015fullar\u0131n\u0131n k\u00fc\u00e7\u00fck boyda teknelerin seyretmesi i\u00e7in uygun olmad\u0131\u011f\u0131 belirlendi. Rapora yer alan kurtar\u0131lan m\u00fcltecilerin ifadeleri do\u011frultusunda de ise batan tekneyi kullanan kaptanlar\u0131n Suriyeli Ahmet ve M.B. ad\u0131nda yabanc\u0131 uyruklu bir \u015fahs\u0131n oldu\u011fu ve olay\u0131 organize eden \u015f\u00fcpheli \u015fah\u0131slar\u0131n tekneyi kullanma i\u015fini de m\u00fcltecilere b\u0131rakt\u0131\u011f\u0131 \u00f6\u011frenildi. Cumhuriyet Savc\u0131s\u0131 iddianamede b\u00fct\u00fcn olumsuz ko\u015fullara ra\u011fmen g\u00f6\u00e7menlerin denize a\u00e7\u0131lmas\u0131n\u0131 sa\u011flamalar\u0131 nedeni ile meydana gelen neticeyi \u00f6ng\u00f6rme ihtimalinden bahsedileyemece\u011fi, neticenin meydana gelmemesi i\u00e7in herhangi bir \u00e7aba sarf etmedikleri ve bu itibarla \u015f\u00fcphelilerin olas\u0131 kast ile 24 g\u00f6\u00e7menin \u00f6l\u00fcm\u00fcne neden olduklar\u0131 ve hayatlar\u0131 bak\u0131m\u0131ndan tehlike olu\u015fturabilecek \u015fekilde maddi menfaat kar\u015f\u0131l\u0131\u011f\u0131nda g\u00f6\u00e7men ka\u00e7ak\u00e7\u0131l\u0131\u011f\u0131 su\u00e7unu i\u015fledikleri belirtilerek \u015f\u00fcphelilerin &#8220;Kasten \u00d6ld\u00fcrme ve G\u00f6\u00e7men Ka\u00e7ak\u00e7\u0131l\u0131\u011f\u0131&#8221; su\u00e7lar\u0131ndan cezaland\u0131r\u0131lmas\u0131n\u0131 talep etti.<\/p>\n<p>&#8220;Bu yat\u0131n normalde kapasitesi 15, maksimum 20 ki\u015filiktir&#8221;<\/p>\n<p>Kocaeli 1\u2019inci A\u011f\u0131r Ceza Mahkemesi\u2019nde yarg\u0131lanmas\u0131 devam eden davada tutuklu san\u0131klar \u0130.U., H.A., H.K. ve C.U. kat\u0131l\u0131rken tutuksuz yarg\u0131lanan E.T. de mahkeme salonunda haz\u0131r bulundu. Duru\u015fmada batan tekneyi Dat\u00e7a Liman\u0131\u2019ndan \u0130stanbul Ye\u015filk\u00f6y Liman\u0131\u2019na kadar getiren gemi kaptan\u0131 tan\u0131kl\u0131k yapt\u0131. Tan\u0131k N.B. ifadesinde, \u201cBen san\u0131klardan H.A.\u2019y\u0131 tan\u0131yorum, di\u011ferlerini tan\u0131m\u0131yorum. \u00c7evremden gemi kaptan\u0131 arand\u0131\u011f\u0131n\u0131 duydum. Telefonla arad\u0131lar ancak kimin arad\u0131\u011f\u0131n\u0131 bilmiyorum. Zeynep Es isimli Amerikan bayrakl\u0131 teknenin Dat\u00e7a Liman\u0131\u2019ndan Ye\u015filk\u00f6y\u2019e getirilece\u011fi s\u00f6ylendi. \u0130sminin H.A. oldu\u011funu s\u00f6yleyen \u015fah\u0131sla g\u00f6r\u00fc\u015ft\u00fcm. Gemiyi g\u00f6t\u00fcrme konusunda 2 bin TL \u00fccrete anla\u015ft\u0131k. H.A. bana teknenin G\u00f6cek\u2019ten geldi\u011fini, yolda hasar g\u00f6rd\u00fc\u011f\u00fcn\u00fc bu nedenle di\u011fer kaptan\u0131n ayr\u0131ld\u0131\u011f\u0131n\u0131 s\u00f6yledi. Yolculuk s\u0131ras\u0131nda H.A. hep yan\u0131mdayd\u0131, ba\u015fka kimse yoktu. Bu yat\u0131n normalde kapasitesi 15, maksimum 20 ki\u015filiktir. Ye\u015filk\u00f6y\u2019e var\u0131nca H.A. bana bin 600 TL para verdi. Ben buradan ayr\u0131ld\u0131m&#8221; dedi.<\/p>\n<p>&#8220;Tekne y\u00fcr\u00fcr vaziyetteydi ancak bak\u0131ma ihtiyac\u0131 vard\u0131&#8221;<\/p>\n<p>\u015e\u00fcpheli ile ba\u015fka bir irtibat\u0131n\u0131n olmad\u0131\u011f\u0131n\u0131 iddia eden N.B., &#8220;Daha sonra kendisiyle veya yatla ilgili hi\u00e7bir ileti\u015fimimiz olmad\u0131. H.A. ben yat\u0131 Ye\u015filk\u00f6y\u2019e g\u00f6t\u00fcrd\u00fckten sonra Kefken\u2019e g\u00f6t\u00fcrmemi teklif etti. Bende, \u2018Buraya kadar anla\u015ft\u0131k, devam edemem\u2019 diyerek teklifini kabul etmedim. \u0130stanbul\u2019daki kaptan \u00e7evremi arayarak yata bir kaptan buldum. Tekne y\u00fcr\u00fcr vaziyetteydi ancak bak\u0131ma ihtiyac\u0131 vard\u0131. Geldi\u011fimiz zamanda Tekirda\u011f\u2019da makine ar\u0131zas\u0131 oldu. Ar\u0131zay\u0131 orada giderdik. Kefken\u2019e de k\u0131\u015f bak\u0131m\u0131 i\u00e7in geminin gidece\u011fini H.A. bana s\u00f6yledi. Yolculuk s\u0131ras\u0131nda H.A. telefonla birisiyle g\u00f6r\u00fc\u015ft\u00fc benim yan\u0131mda kimseyle g\u00f6r\u00fc\u015fmedi. Yol g\u00fczergah\u0131 \u00fczerinde ihtiya\u00e7 oldu\u011funda yak\u0131t ald\u0131k. 6-7 bin TL\u2019lik yak\u0131t ald\u0131k, \u00fccretlerini H.A. \u00f6dedi\u201d dedi.<\/p>\n<p>Dava ertelendi<\/p>\n<p>Daha sonra s\u00f6z alan san\u0131klardan H.A. ise batan tekneye Manavgat Sultan Tershanesi\u2019nde 120 bin TL\u2019ye bak\u0131m yap\u0131ld\u0131\u011f\u0131n\u0131 s\u00f6yledi. Savunmalar\u0131n ard\u0131ndan mahkeme heyeti bilir ki\u015filerden olu\u015fturulan ekip taraf\u0131ndan teknenin niteli\u011finin, olay tarihinde hava ve deniz ko\u015fullar\u0131n\u0131n, gidilmesi planlanan mesafenin, g\u00f6\u00e7men say\u0131s\u0131n\u0131n \u00f6\u011frenilip rapor edilmesi gerek\u00e7esiyle duru\u015fmay\u0131 ileri bir tarihe erteledi. Duru\u015fmada san\u0131klar\u0131n tutukluluk halinin devam\u0131na karar verildi.<\/p>\n","protected":false},"excerpt":{"rendered":"<p>KOCAEL\u0130\u2019NDE 2018 YILINDA MEYDANA GELEN VE 24 M\u00dcLTEC\u0130N\u0130N HAYATINI KAYBETT\u0130\u011e\u0130 TEKNE KAZASIYLA \u0130LG\u0130L\u0130 G\u00d6R\u00dcLEN DAVADA KAZA SIRASINDA TEKNEDE KAPTAN OLMADI\u011eI VE KAPTANLIK G\u00d6REV\u0130N\u0130 M\u00dcLTEC\u0130LER\u0130N YAPTI\u011eI ORTAYA \u00c7IKTI.<\/p>\n","protected":false},"author":1,"featured_media":104854,"comment_status":"closed","ping_status":"open","sticky":false,"template":"","format":"standard","meta":{"jetpack_post_was_ever_published":false,"_jetpack_newsletter_access":"","_jetpack_dont_email_post_to_subs":false,"_jetpack_newsletter_tier_id":0,"_jetpack_memberships_contains_paywalled_content":false,"_jetpack_memberships_contains_paid_content":false,"footnotes":"","jetpack_publicize_message":"","jetpack_publicize_feature_enabled":true,"jetpack_social_post_already_shared":true,"jetpack_social_options":{"image_generator_settings":{"template":"highway","default_image_id":0,"font":"","enabled":false},"version":2}},"categories":[655],"tags":[26662,930,26661,7568,22271,26660,2169,18325,7149],"class_list":["post-104853","post","type-post","status-publish","format-standard","has-post-thumbnail","hentry","category-son-dakika","tag-birakmis","tag-can","tag-kaptanligi","tag-kazasinda","tag-multecilere","tag-multecinin","tag-organizatorler","tag-tekne","tag-verdigi"],"jetpack_publicize_connections":[],"jetpack_featured_media_url":"https:\/\/i0.wp.com\/www.tvturk.com\/wp-content\/uploads\/2019\/03\/24-multecinin-can-verdigi-tekne-kazasinda-organizatorler-kaptanligi-multecilere-birakmis_2f590cd.jpg?fit=1000%2C533","jetpack_sharing_enabled":true,"jetpack_shortlink":"https:\/\/wp.me\/paKIfm-rhb","_links":{"self":[{"href":"http:\/\/www.tvturk.com\/index.php\/wp-json\/wp\/v2\/posts\/104853","targetHints":{"allow":["GET"]}}],"collection":[{"href":"http:\/\/www.tvturk.com\/index.php\/wp-json\/wp\/v2\/posts"}],"about":[{"href":"http:\/\/www.tvturk.com\/index.php\/wp-json\/wp\/v2\/types\/post"}],"author":[{"embeddable":true,"href":"http:\/\/www.tvturk.com\/index.php\/wp-json\/wp\/v2\/users\/1"}],"replies":[{"embeddable":true,"href":"http:\/\/www.tvturk.com\/index.php\/wp-json\/wp\/v2\/comments?post=104853"}],"version-history":[{"count":0,"href":"http:\/\/www.tvturk.com\/index.php\/wp-json\/wp\/v2\/posts\/104853\/revisions"}],"wp:featuredmedia":[{"embeddable":true,"href":"http:\/\/www.tvturk.com\/index.php\/wp-json\/wp\/v2\/media\/104854"}],"wp:attachment":[{"href":"http:\/\/www.tvturk.com\/index.php\/wp-json\/wp\/v2\/media?parent=104853"}],"wp:term":[{"taxonomy":"category","embeddable":true,"href":"http:\/\/www.tvturk.com\/index.php\/wp-json\/wp\/v2\/categories?post=104853"},{"taxonomy":"post_tag","embeddable":true,"href":"http:\/\/www.tvturk.com\/index.php\/wp-json\/wp\/v2\/tags?post=104853"}],"curies":[{"name":"wp","href":"https:\/\/api.w.org\/{rel}","templated":true}]}}