{"id":104885,"date":"2019-03-20T18:13:13","date_gmt":"2019-03-20T15:13:13","guid":{"rendered":"http:\/\/www.tvturk.com\/index.php\/bakliyat-sektoru-bu-zirvede-bulustu\/"},"modified":"2019-03-20T18:13:16","modified_gmt":"2019-03-20T15:13:16","slug":"bakliyat-sektoru-bu-zirvede-bulustu","status":"publish","type":"post","link":"http:\/\/www.tvturk.com\/index.php\/bakliyat-sektoru-bu-zirvede-bulustu\/","title":{"rendered":"Bakliyat sekt\u00f6r\u00fc bu zirvede bulu\u015ftu"},"content":{"rendered":"<p>Tah\u0131l ve Bakliyat \u0130\u015fleme Teknolojileri Depolama ve Analiz Etme Sistemleri Derne\u011fi (TABADER) taraf\u0131ndan d\u00fczenlenen &#8220;IFP Summit 2019 \u0130stanbul-Uluslararas\u0131 Un, Yem, Bakliyat Zirvesi\u201d  ba\u015flad\u0131.<\/p>\n<p>TABADER taraf\u0131ndan d\u00fczenlenen &#8220;IFP Summit 2019 \u0130stanbul &#8211; Uluslararas\u0131 Un, Yem, Bakliyat Zirvesi\u201d bakliyat sekt\u00f6r\u00fcn\u00fc bir araya getirdi. Alan\u0131nda ilk olan zirve, uluslararas\u0131 alanda \u00f6nemli bir projeksiyona imza att\u0131. Zirveye yurt i\u00e7inden ve yurt d\u0131\u015f\u0131ndan \u00e7ok say\u0131da sekt\u00f6r temsilcisi kat\u0131l\u0131rken dev zirvede un, yem ve bakliyat sekt\u00f6r\u00fcn\u00fcn d\u00fcn\u00fc ve gelece\u011fi masaya yat\u0131r\u0131ld\u0131. Her y\u0131l hububat, bakliyat, yem de\u011firmencili\u011fi ve teknolojileri konusunda sekt\u00f6r\u00fcn de\u011ferlerini ara\u015ft\u0131rarak bir araya getiren TABADER sekt\u00f6re hizmet eden temsilcilere de \u00f6d\u00fcl verdi.<\/p>\n<p>\u201cUluslararas\u0131 bir zirveye imza at\u0131yoruz\u201d<\/p>\n<p>\u00d6nemli bir projeksiyona imza att\u0131klar\u0131n\u0131 s\u00f6yleyen TABADER Y\u00f6netim Kurulu Ba\u015fkan\u0131 Prof. Dr. Mustafa Bayram, \u201cUluslararas\u0131 bir zirveye imza at\u0131yoruz. Fiyat sekt\u00f6r\u00fcn\u00fc ele ald\u0131k. Sekt\u00f6rlere bir strateji yol haritas\u0131 \u00e7izmeye \u00e7al\u0131\u015f\u0131yoruz. Yurt i\u00e7inden ve yurt d\u0131\u015f\u0131ndan uzman ve vizyoner be\u015f tane panelistimiz var. Onlarla zirvenin imzas\u0131n\u0131 att\u0131k. TABADER olarak bu y\u0131l, daha \u00f6nceki y\u0131llarda yapt\u0131\u011f\u0131m\u0131z gibi sekt\u00f6r\u00fcn insan kayna\u011f\u0131 a\u00e7\u0131\u011f\u0131 var. \u00dc\u00e7 g\u00fcn boyunca e\u011fitimler vermeye ba\u015flad\u0131k. Bu uluslararas\u0131 seviyede D\u00fcnyan\u0131n bir\u00e7ok kesitinden bir\u00e7ok yerinden gelip bu e\u011fitimi almak i\u00e7in bug\u00fcn buradalar. E\u011fitimler yar\u0131n ba\u015fl\u0131yor. Sekt\u00f6r i\u00e7in \u00e7ok g\u00fczel bir faaliyet olmu\u015f olacak. \u015eu an olduk\u00e7a kalabal\u0131k. D\u00fcnyada standartlar\u0131 belirleyen bir dernek olarak faaliyetlerimize devam etmek istiyoruz\u201d ifadelerinde bulundu.<div class=\"tiled-gallery type-rectangular tiled-gallery-unresized\" data-original-width=\"500\" data-carousel-extra='null' itemscope itemtype=\"http:\/\/schema.org\/ImageGallery\" > <div class=\"gallery-row\" style=\"width: 500px; height: 246px;\" data-original-width=\"500\" data-original-height=\"246\" > <div class=\"gallery-group images-1\" style=\"width: 327px; height: 246px;\" data-original-width=\"327\" data-original-height=\"246\" > <div class=\"tiled-gallery-item tiled-gallery-item-large\" itemprop=\"associatedMedia\" itemscope itemtype=\"http:\/\/schema.org\/ImageObject\"> <a href=\"http:\/\/www.tvturk.com\/index.php\/bakliyat-sektoru-bu-zirvede-bulustu\/bakliyat-sektoru-bu-zirvede-bulustu-3\/\" border=\"0\" itemprop=\"url\"> <meta itemprop=\"width\" content=\"323\"> <meta itemprop=\"height\" content=\"242\"> <img decoding=\"async\" class=\"\" data-attachment-id=\"104887\" data-orig-file=\"http:\/\/www.tvturk.com\/wp-content\/uploads\/2019\/03\/bakliyat-sektoru-bu-zirvede-bulustu_227532d.jpg\" data-orig-size=\"1000,749\" data-comments-opened=\"\" data-image-meta=\"{&quot;aperture&quot;:&quot;0&quot;,&quot;credit&quot;:&quot;IHA&quot;,&quot;camera&quot;:&quot;&quot;,&quot;caption&quot;:&quot;TAHIL VE BAKL\\u0130YAT \\u0130\\u015eLEME TEKNOLOJ\\u0130LER\\u0130 DEPOLAMA VE ANAL\\u0130Z ETME S\\u0130STEMLER\\u0130 DERNE\\u011e\\u0130 (TABADER) TARAFINDAN D\\u00dcZENLENEN \\u0022IFP SUMM\\u0130T 2019 \\u0130STANBUL-ULUSLARARASI UN, YEM, BAKL\\u0130YAT Z\\u0130RVES\\u0130\\u201d BA\\u015eLADI. (\\u0130HA\\\/\\u0130STANBUL-\\u0130HA)&quot;,&quot;created_timestamp&quot;:&quot;0&quot;,&quot;copyright&quot;:&quot;\\u0130HLAS HABER AJANSI, www.iha.com.tr&quot;,&quot;focal_length&quot;:&quot;0&quot;,&quot;iso&quot;:&quot;0&quot;,&quot;shutter_speed&quot;:&quot;0&quot;,&quot;title&quot;:&quot;BAKL\\u0130YAT SEKT\\u00d6R\\u00dc BU Z\\u0130RVEDE BULU\\u015eTU TABADER \\u0022IFP SUMM\\u0130T 2019 \\u0130STANBUL - ULUSLARARASI UN, YEM, BAKL\\u0130YAT Z\\u0130RVES\\u0130\\u201d BA\\u015eLADI&quot;,&quot;orientation&quot;:&quot;0&quot;}\" data-image-title=\"Bakliyat sekt\u00f6r\u00fc bu zirvede bulu\u015ftu\" data-image-description=\"&lt;p&gt;Bakliyat sekt\u00f6r\u00fc bu zirvede bulu\u015ftu&lt;\/p&gt; \" data-medium-file=\"https:\/\/i0.wp.com\/www.tvturk.com\/wp-content\/uploads\/2019\/03\/bakliyat-sektoru-bu-zirvede-bulustu_227532d.jpg?fit=300%2C225\" data-large-file=\"https:\/\/i0.wp.com\/www.tvturk.com\/wp-content\/uploads\/2019\/03\/bakliyat-sektoru-bu-zirvede-bulustu_227532d.jpg?fit=1000%2C749\" src=\"https:\/\/i0.wp.com\/www.tvturk.com\/wp-content\/uploads\/2019\/03\/bakliyat-sektoru-bu-zirvede-bulustu_227532d.jpg?w=323&#038;h=242\" srcset=\"https:\/\/i0.wp.com\/www.tvturk.com\/wp-content\/uploads\/2019\/03\/bakliyat-sektoru-bu-zirvede-bulustu_227532d.jpg?w=1000 1000w, https:\/\/i0.wp.com\/www.tvturk.com\/wp-content\/uploads\/2019\/03\/bakliyat-sektoru-bu-zirvede-bulustu_227532d.jpg?resize=150%2C112 150w, https:\/\/i0.wp.com\/www.tvturk.com\/wp-content\/uploads\/2019\/03\/bakliyat-sektoru-bu-zirvede-bulustu_227532d.jpg?resize=300%2C225 300w, https:\/\/i0.wp.com\/www.tvturk.com\/wp-content\/uploads\/2019\/03\/bakliyat-sektoru-bu-zirvede-bulustu_227532d.jpg?resize=768%2C575 768w\" width=\"323\" height=\"242\" loading=\"lazy\" data-original-width=\"323\" data-original-height=\"242\" itemprop=\"http:\/\/schema.org\/image\" title=\"Bakliyat sekt\u00f6r\u00fc bu zirvede bulu\u015ftu\" alt=\"Bakliyat sekt\u00f6r\u00fc bu zirvede bulu\u015ftu\" style=\"width: 323px; height: 242px;\" \/> <\/a> <\/div> <\/div> <!-- close group --> <div class=\"gallery-group images-2\" style=\"width: 173px; height: 246px;\" data-original-width=\"173\" data-original-height=\"246\" > <div class=\"tiled-gallery-item tiled-gallery-item-small\" itemprop=\"associatedMedia\" itemscope itemtype=\"http:\/\/schema.org\/ImageObject\"> <a href=\"http:\/\/www.tvturk.com\/index.php\/bakliyat-sektoru-bu-zirvede-bulustu\/bakliyat-sektoru-bu-zirvede-bulustu-4\/\" border=\"0\" itemprop=\"url\"> <meta itemprop=\"width\" content=\"169\"> <meta itemprop=\"height\" content=\"112\"> <img decoding=\"async\" class=\"\" data-attachment-id=\"104888\" data-orig-file=\"http:\/\/www.tvturk.com\/wp-content\/uploads\/2019\/03\/bakliyat-sektoru-bu-zirvede-bulustu_e25daf6.jpg\" data-orig-size=\"1000,662\" data-comments-opened=\"\" data-image-meta=\"{&quot;aperture&quot;:&quot;0&quot;,&quot;credit&quot;:&quot;IHA&quot;,&quot;camera&quot;:&quot;&quot;,&quot;caption&quot;:&quot;TAHIL VE BAKL\\u0130YAT \\u0130\\u015eLEME TEKNOLOJ\\u0130LER\\u0130 DEPOLAMA VE ANAL\\u0130Z ETME S\\u0130STEMLER\\u0130 DERNE\\u011e\\u0130 (TABADER) TARAFINDAN D\\u00dcZENLENEN \\u0022IFP SUMM\\u0130T 2019 \\u0130STANBUL-ULUSLARARASI UN, YEM, BAKL\\u0130YAT Z\\u0130RVES\\u0130\\u201d BA\\u015eLADI. (\\u0130HA\\\/\\u0130STANBUL-\\u0130HA)&quot;,&quot;created_timestamp&quot;:&quot;0&quot;,&quot;copyright&quot;:&quot;\\u0130HLAS HABER AJANSI, www.iha.com.tr&quot;,&quot;focal_length&quot;:&quot;0&quot;,&quot;iso&quot;:&quot;0&quot;,&quot;shutter_speed&quot;:&quot;0&quot;,&quot;title&quot;:&quot;BAKL\\u0130YAT SEKT\\u00d6R\\u00dc BU Z\\u0130RVEDE BULU\\u015eTU TABADER \\u0022IFP SUMM\\u0130T 2019 \\u0130STANBUL - ULUSLARARASI UN, YEM, BAKL\\u0130YAT Z\\u0130RVES\\u0130\\u201d BA\\u015eLADI&quot;,&quot;orientation&quot;:&quot;0&quot;}\" data-image-title=\"Bakliyat sekt\u00f6r\u00fc bu zirvede bulu\u015ftu\" data-image-description=\"&lt;p&gt;Bakliyat sekt\u00f6r\u00fc bu zirvede bulu\u015ftu&lt;\/p&gt; \" data-medium-file=\"https:\/\/i0.wp.com\/www.tvturk.com\/wp-content\/uploads\/2019\/03\/bakliyat-sektoru-bu-zirvede-bulustu_e25daf6.jpg?fit=300%2C199\" data-large-file=\"https:\/\/i0.wp.com\/www.tvturk.com\/wp-content\/uploads\/2019\/03\/bakliyat-sektoru-bu-zirvede-bulustu_e25daf6.jpg?fit=1000%2C662\" src=\"https:\/\/i0.wp.com\/www.tvturk.com\/wp-content\/uploads\/2019\/03\/bakliyat-sektoru-bu-zirvede-bulustu_e25daf6.jpg?w=169&#038;h=112\" srcset=\"https:\/\/i0.wp.com\/www.tvturk.com\/wp-content\/uploads\/2019\/03\/bakliyat-sektoru-bu-zirvede-bulustu_e25daf6.jpg?w=1000 1000w, https:\/\/i0.wp.com\/www.tvturk.com\/wp-content\/uploads\/2019\/03\/bakliyat-sektoru-bu-zirvede-bulustu_e25daf6.jpg?resize=150%2C99 150w, https:\/\/i0.wp.com\/www.tvturk.com\/wp-content\/uploads\/2019\/03\/bakliyat-sektoru-bu-zirvede-bulustu_e25daf6.jpg?resize=300%2C200 300w, https:\/\/i0.wp.com\/www.tvturk.com\/wp-content\/uploads\/2019\/03\/bakliyat-sektoru-bu-zirvede-bulustu_e25daf6.jpg?resize=768%2C508 768w, https:\/\/i0.wp.com\/www.tvturk.com\/wp-content\/uploads\/2019\/03\/bakliyat-sektoru-bu-zirvede-bulustu_e25daf6.jpg?resize=170%2C113 170w, https:\/\/i0.wp.com\/www.tvturk.com\/wp-content\/uploads\/2019\/03\/bakliyat-sektoru-bu-zirvede-bulustu_e25daf6.jpg?resize=120%2C80 120w\" width=\"169\" height=\"112\" loading=\"lazy\" data-original-width=\"169\" data-original-height=\"112\" itemprop=\"http:\/\/schema.org\/image\" title=\"Bakliyat sekt\u00f6r\u00fc bu zirvede bulu\u015ftu\" alt=\"Bakliyat sekt\u00f6r\u00fc bu zirvede bulu\u015ftu\" style=\"width: 169px; height: 112px;\" \/> <\/a> <\/div> <div class=\"tiled-gallery-item tiled-gallery-item-small\" itemprop=\"associatedMedia\" itemscope itemtype=\"http:\/\/schema.org\/ImageObject\"> <a href=\"http:\/\/www.tvturk.com\/index.php\/bakliyat-sektoru-bu-zirvede-bulustu\/bakliyat-sektoru-bu-zirvede-bulustu-5\/\" border=\"0\" itemprop=\"url\"> <meta itemprop=\"width\" content=\"169\"> <meta itemprop=\"height\" content=\"126\"> <img decoding=\"async\" class=\"\" data-attachment-id=\"104889\" data-orig-file=\"http:\/\/www.tvturk.com\/wp-content\/uploads\/2019\/03\/bakliyat-sektoru-bu-zirvede-bulustu_3d7e489.jpg\" data-orig-size=\"1000,750\" data-comments-opened=\"\" data-image-meta=\"{&quot;aperture&quot;:&quot;0&quot;,&quot;credit&quot;:&quot;IHA&quot;,&quot;camera&quot;:&quot;&quot;,&quot;caption&quot;:&quot;TAHIL VE BAKL\\u0130YAT \\u0130\\u015eLEME TEKNOLOJ\\u0130LER\\u0130 DEPOLAMA VE ANAL\\u0130Z ETME S\\u0130STEMLER\\u0130 DERNE\\u011e\\u0130 (TABADER) TARAFINDAN D\\u00dcZENLENEN \\u0022IFP SUMM\\u0130T 2019 \\u0130STANBUL-ULUSLARARASI UN, YEM, BAKL\\u0130YAT Z\\u0130RVES\\u0130\\u201d BA\\u015eLADI. (\\u0130HA\\\/\\u0130STANBUL-\\u0130HA)&quot;,&quot;created_timestamp&quot;:&quot;0&quot;,&quot;copyright&quot;:&quot;\\u0130HLAS HABER AJANSI, www.iha.com.tr&quot;,&quot;focal_length&quot;:&quot;0&quot;,&quot;iso&quot;:&quot;0&quot;,&quot;shutter_speed&quot;:&quot;0&quot;,&quot;title&quot;:&quot;BAKL\\u0130YAT SEKT\\u00d6R\\u00dc BU Z\\u0130RVEDE BULU\\u015eTU TABADER \\u0022IFP SUMM\\u0130T 2019 \\u0130STANBUL - ULUSLARARASI UN, YEM, BAKL\\u0130YAT Z\\u0130RVES\\u0130\\u201d BA\\u015eLADI&quot;,&quot;orientation&quot;:&quot;0&quot;}\" data-image-title=\"Bakliyat sekt\u00f6r\u00fc bu zirvede bulu\u015ftu\" data-image-description=\"&lt;p&gt;Bakliyat sekt\u00f6r\u00fc bu zirvede bulu\u015ftu&lt;\/p&gt; \" data-medium-file=\"https:\/\/i0.wp.com\/www.tvturk.com\/wp-content\/uploads\/2019\/03\/bakliyat-sektoru-bu-zirvede-bulustu_3d7e489.jpg?fit=300%2C225\" data-large-file=\"https:\/\/i0.wp.com\/www.tvturk.com\/wp-content\/uploads\/2019\/03\/bakliyat-sektoru-bu-zirvede-bulustu_3d7e489.jpg?fit=1000%2C750\" src=\"https:\/\/i0.wp.com\/www.tvturk.com\/wp-content\/uploads\/2019\/03\/bakliyat-sektoru-bu-zirvede-bulustu_3d7e489.jpg?w=169&#038;h=126\" srcset=\"https:\/\/i0.wp.com\/www.tvturk.com\/wp-content\/uploads\/2019\/03\/bakliyat-sektoru-bu-zirvede-bulustu_3d7e489.jpg?w=1000 1000w, https:\/\/i0.wp.com\/www.tvturk.com\/wp-content\/uploads\/2019\/03\/bakliyat-sektoru-bu-zirvede-bulustu_3d7e489.jpg?resize=150%2C113 150w, https:\/\/i0.wp.com\/www.tvturk.com\/wp-content\/uploads\/2019\/03\/bakliyat-sektoru-bu-zirvede-bulustu_3d7e489.jpg?resize=300%2C225 300w, https:\/\/i0.wp.com\/www.tvturk.com\/wp-content\/uploads\/2019\/03\/bakliyat-sektoru-bu-zirvede-bulustu_3d7e489.jpg?resize=768%2C576 768w\" width=\"169\" height=\"126\" loading=\"lazy\" data-original-width=\"169\" data-original-height=\"126\" itemprop=\"http:\/\/schema.org\/image\" title=\"Bakliyat sekt\u00f6r\u00fc bu zirvede bulu\u015ftu\" alt=\"Bakliyat sekt\u00f6r\u00fc bu zirvede bulu\u015ftu\" style=\"width: 169px; height: 126px;\" \/> <\/a> <\/div> <\/div> <!-- close group --> <\/div> <!-- close row --> <div class=\"gallery-row\" style=\"width: 500px; height: 360px;\" data-original-width=\"500\" data-original-height=\"360\" > <div class=\"gallery-group images-1\" style=\"width: 500px; height: 360px;\" data-original-width=\"500\" data-original-height=\"360\" > <div class=\"tiled-gallery-item tiled-gallery-item-large\" itemprop=\"associatedMedia\" itemscope itemtype=\"http:\/\/schema.org\/ImageObject\"> <a href=\"http:\/\/www.tvturk.com\/index.php\/bakliyat-sektoru-bu-zirvede-bulustu\/bakliyat-sektoru-bu-zirvede-bulustu-6\/\" border=\"0\" itemprop=\"url\"> <meta itemprop=\"width\" content=\"496\"> <meta itemprop=\"height\" content=\"356\"> <img decoding=\"async\" class=\"\" data-attachment-id=\"104890\" data-orig-file=\"http:\/\/www.tvturk.com\/wp-content\/uploads\/2019\/03\/bakliyat-sektoru-bu-zirvede-bulustu_8c873a3.jpg\" data-orig-size=\"1000,718\" data-comments-opened=\"\" data-image-meta=\"{&quot;aperture&quot;:&quot;0&quot;,&quot;credit&quot;:&quot;IHA&quot;,&quot;camera&quot;:&quot;&quot;,&quot;caption&quot;:&quot;TAHIL VE BAKL\\u0130YAT \\u0130\\u015eLEME TEKNOLOJ\\u0130LER\\u0130 DEPOLAMA VE ANAL\\u0130Z ETME S\\u0130STEMLER\\u0130 DERNE\\u011e\\u0130 (TABADER) TARAFINDAN D\\u00dcZENLENEN \\u0022IFP SUMM\\u0130T 2019 \\u0130STANBUL-ULUSLARARASI UN, YEM, BAKL\\u0130YAT Z\\u0130RVES\\u0130\\u201d BA\\u015eLADI. (\\u0130HA\\\/\\u0130STANBUL-\\u0130HA)&quot;,&quot;created_timestamp&quot;:&quot;0&quot;,&quot;copyright&quot;:&quot;\\u0130HLAS HABER AJANSI, www.iha.com.tr&quot;,&quot;focal_length&quot;:&quot;0&quot;,&quot;iso&quot;:&quot;0&quot;,&quot;shutter_speed&quot;:&quot;0&quot;,&quot;title&quot;:&quot;BAKL\\u0130YAT SEKT\\u00d6R\\u00dc BU Z\\u0130RVEDE BULU\\u015eTU TABADER \\u0022IFP SUMM\\u0130T 2019 \\u0130STANBUL - ULUSLARARASI UN, YEM, BAKL\\u0130YAT Z\\u0130RVES\\u0130\\u201d BA\\u015eLADI&quot;,&quot;orientation&quot;:&quot;0&quot;}\" data-image-title=\"Bakliyat sekt\u00f6r\u00fc bu zirvede bulu\u015ftu\" data-image-description=\"&lt;p&gt;Bakliyat sekt\u00f6r\u00fc bu zirvede bulu\u015ftu&lt;\/p&gt; \" data-medium-file=\"https:\/\/i0.wp.com\/www.tvturk.com\/wp-content\/uploads\/2019\/03\/bakliyat-sektoru-bu-zirvede-bulustu_8c873a3.jpg?fit=300%2C215\" data-large-file=\"https:\/\/i0.wp.com\/www.tvturk.com\/wp-content\/uploads\/2019\/03\/bakliyat-sektoru-bu-zirvede-bulustu_8c873a3.jpg?fit=1000%2C718\" src=\"https:\/\/i0.wp.com\/www.tvturk.com\/wp-content\/uploads\/2019\/03\/bakliyat-sektoru-bu-zirvede-bulustu_8c873a3.jpg?w=496&#038;h=356\" srcset=\"https:\/\/i0.wp.com\/www.tvturk.com\/wp-content\/uploads\/2019\/03\/bakliyat-sektoru-bu-zirvede-bulustu_8c873a3.jpg?w=1000 1000w, https:\/\/i0.wp.com\/www.tvturk.com\/wp-content\/uploads\/2019\/03\/bakliyat-sektoru-bu-zirvede-bulustu_8c873a3.jpg?resize=150%2C108 150w, https:\/\/i0.wp.com\/www.tvturk.com\/wp-content\/uploads\/2019\/03\/bakliyat-sektoru-bu-zirvede-bulustu_8c873a3.jpg?resize=300%2C215 300w, https:\/\/i0.wp.com\/www.tvturk.com\/wp-content\/uploads\/2019\/03\/bakliyat-sektoru-bu-zirvede-bulustu_8c873a3.jpg?resize=768%2C551 768w\" width=\"496\" height=\"356\" loading=\"lazy\" data-original-width=\"496\" data-original-height=\"356\" itemprop=\"http:\/\/schema.org\/image\" title=\"Bakliyat sekt\u00f6r\u00fc bu zirvede bulu\u015ftu\" alt=\"Bakliyat sekt\u00f6r\u00fc bu zirvede bulu\u015ftu\" style=\"width: 496px; height: 356px;\" \/> <\/a> <\/div> <\/div> <!-- close group --> <\/div> <!-- close row --> <\/div><\/p>\n","protected":false},"excerpt":{"rendered":"<p>TABADER Y\u00d6NET\u0130M KURULU BA\u015eKANI PROF. DR. MUSTAFA BAYRAM, \u00d6NEML\u0130 B\u0130R PROJEKS\u0130YONA \u0130MZA ATTIKLARINI S\u00d6YLED\u0130.<\/p>\n","protected":false},"author":1,"featured_media":104886,"comment_status":"closed","ping_status":"open","sticky":false,"template":"","format":"standard","meta":{"jetpack_post_was_ever_published":false,"_jetpack_newsletter_access":"","_jetpack_dont_email_post_to_subs":false,"_jetpack_newsletter_tier_id":0,"_jetpack_memberships_contains_paywalled_content":false,"_jetpack_memberships_contains_paid_content":false,"footnotes":"","jetpack_publicize_message":"","jetpack_publicize_feature_enabled":true,"jetpack_social_post_already_shared":true,"jetpack_social_options":{"image_generator_settings":{"template":"highway","default_image_id":0,"font":"","enabled":false},"version":2}},"categories":[19],"tags":[2339,389,301,3660],"class_list":["post-104885","post","type-post","status-publish","format-standard","has-post-thumbnail","hentry","category-ekonomi","tag-bakliyat","tag-bulustu","tag-sektoru","tag-zirvede"],"jetpack_publicize_connections":[],"jetpack_featured_media_url":"https:\/\/i0.wp.com\/www.tvturk.com\/wp-content\/uploads\/2019\/03\/bakliyat-sektoru-bu-zirvede-bulustu_ec3e9a4.jpg?fit=1000%2C776","jetpack_sharing_enabled":true,"jetpack_shortlink":"https:\/\/wp.me\/paKIfm-rhH","_links":{"self":[{"href":"http:\/\/www.tvturk.com\/index.php\/wp-json\/wp\/v2\/posts\/104885","targetHints":{"allow":["GET"]}}],"collection":[{"href":"http:\/\/www.tvturk.com\/index.php\/wp-json\/wp\/v2\/posts"}],"about":[{"href":"http:\/\/www.tvturk.com\/index.php\/wp-json\/wp\/v2\/types\/post"}],"author":[{"embeddable":true,"href":"http:\/\/www.tvturk.com\/index.php\/wp-json\/wp\/v2\/users\/1"}],"replies":[{"embeddable":true,"href":"http:\/\/www.tvturk.com\/index.php\/wp-json\/wp\/v2\/comments?post=104885"}],"version-history":[{"count":1,"href":"http:\/\/www.tvturk.com\/index.php\/wp-json\/wp\/v2\/posts\/104885\/revisions"}],"predecessor-version":[{"id":104891,"href":"http:\/\/www.tvturk.com\/index.php\/wp-json\/wp\/v2\/posts\/104885\/revisions\/104891"}],"wp:featuredmedia":[{"embeddable":true,"href":"http:\/\/www.tvturk.com\/index.php\/wp-json\/wp\/v2\/media\/104886"}],"wp:attachment":[{"href":"http:\/\/www.tvturk.com\/index.php\/wp-json\/wp\/v2\/media?parent=104885"}],"wp:term":[{"taxonomy":"category","embeddable":true,"href":"http:\/\/www.tvturk.com\/index.php\/wp-json\/wp\/v2\/categories?post=104885"},{"taxonomy":"post_tag","embeddable":true,"href":"http:\/\/www.tvturk.com\/index.php\/wp-json\/wp\/v2\/tags?post=104885"}],"curies":[{"name":"wp","href":"https:\/\/api.w.org\/{rel}","templated":true}]}}