{"id":105326,"date":"2019-03-21T00:43:03","date_gmt":"2019-03-20T21:43:03","guid":{"rendered":"http:\/\/www.tvturk.com\/index.php\/hastanede-cikan-yangin-vatandaslari-korkuttu\/"},"modified":"2019-03-21T00:43:08","modified_gmt":"2019-03-20T21:43:08","slug":"hastanede-cikan-yangin-vatandaslari-korkuttu","status":"publish","type":"post","link":"http:\/\/www.tvturk.com\/index.php\/hastanede-cikan-yangin-vatandaslari-korkuttu\/","title":{"rendered":"Hastanede \u00e7\u0131kan yang\u0131n vatanda\u015flar\u0131 korkuttu"},"content":{"rendered":"<p>Ege \u00dcniversitesi Hastanesinde \u00e7\u0131kan yang\u0131n sebebiyle hasta \u00e7ocuklar ve aileleri b\u00fcy\u00fck panik ya\u015fad\u0131.<\/p>\n<p>Yang\u0131n, saat 23.00 s\u0131ralar\u0131nda Bornova il\u00e7esinde bulunan Ege \u00dcniversitesi Hastanesi \u00c7ocuk Acil Servisi arkas\u0131nda bulunan diyaliz merkezinde bilinmeyen bir sebeple \u00e7\u0131kt\u0131. Diyaliz merkezinde \u00e7\u0131kan yang\u0131n sebebiyle dumanlar k\u0131sa s\u00fcrede binay\u0131 kaplarken, hemen itfaiye ekiplerine haber verilirdi. Hastanede bulunan \u00e7ocuklar ve aileleri tedbir ama\u00e7l\u0131 d\u0131\u015far\u0131ya \u00e7\u0131kar\u0131l\u0131rken, yang\u0131n\u0131n kontrol alt\u0131na al\u0131nmas\u0131n\u0131n ard\u0131ndan hastane \u00e7al\u0131\u015fanlar\u0131 ve hasta yak\u0131nlar\u0131 da rahat bir nefes ald\u0131.<\/p>\n<p>\u00c7ocu\u011funun rahats\u0131zl\u0131\u011f\u0131 sebebiyle hastaneye geldiklerini belirten Sedat Ye\u015fil isimli vatanda\u015f, yang\u0131n sebebiyle \u00e7ok korktuklar\u0131n\u0131 s\u00f6yledi. Ye\u015fil, \u201c\u00c7ocu\u011fumuzun rahats\u0131zl\u0131\u011f\u0131 sebebiyle Ege \u00dcniversitesi Hastanesine geldik. Yang\u0131n\u0131n \u00e7\u0131kt\u0131\u011f\u0131n\u0131 s\u00f6ylediklerinde \u00e7ok korktuk. T\u00fcm aileler \u00e7ocuklar\u0131n\u0131 al\u0131p d\u0131\u015far\u0131ya \u00e7\u0131kt\u0131\u201d ifadelerini kulland\u0131.<\/p>\n<p>Bir haftada ikinci yang\u0131n<\/p>\n<p>Ege \u00dcniversitesi Hastanesine \u00e7\u0131kan yang\u0131n, ak\u0131llara ge\u00e7ti\u011fimiz cuma g\u00fcn\u00fc \u0130zmir\u2019de Tepecik E\u011fitim ve Ara\u015ft\u0131rma Hastanesinde \u00e7\u0131kan yang\u0131n\u0131 getirdi. Orada da diyaliz merkezinde \u00e7\u0131kan yang\u0131n sebebiyle hastalar ve yak\u0131nlar\u0131 k\u0131sa s\u00fcrede tahliye edilmi\u015f, itfaiye ekiplerinin zamanda m\u00fcdahalesiyle yang\u0131nda herhangi bir can kayb\u0131 ya\u015fanmam\u0131\u015ft\u0131. Ege \u00dcniversitesi Hastanesinde \u00e7\u0131kan yang\u0131nda da herhangi bir can kayb\u0131n\u0131n ya\u015fanmamas\u0131 en b\u00fcy\u00fck teselli oldu.<div class=\"tiled-gallery type-rectangular tiled-gallery-unresized\" data-original-width=\"500\" data-carousel-extra='null' itemscope itemtype=\"http:\/\/schema.org\/ImageGallery\" > <div class=\"gallery-row\" style=\"width: 500px; height: 376px;\" data-original-width=\"500\" data-original-height=\"376\" > <div class=\"gallery-group images-1\" style=\"width: 500px; height: 376px;\" data-original-width=\"500\" data-original-height=\"376\" > <div class=\"tiled-gallery-item tiled-gallery-item-large\" itemprop=\"associatedMedia\" itemscope itemtype=\"http:\/\/schema.org\/ImageObject\"> <a href=\"http:\/\/www.tvturk.com\/index.php\/hastanede-cikan-yangin-vatandaslari-korkuttu\/hastanede-cikan-yangin-vatandaslari-korkuttu-3\/\" border=\"0\" itemprop=\"url\"> <meta itemprop=\"width\" content=\"496\"> <meta itemprop=\"height\" content=\"372\"> <img decoding=\"async\" class=\"\" data-attachment-id=\"105328\" data-orig-file=\"http:\/\/www.tvturk.com\/wp-content\/uploads\/2019\/03\/hastanede-cikan-yangin-vatandaslari-korkuttu_9fc4b0f.jpg\" data-orig-size=\"1000,750\" data-comments-opened=\"\" data-image-meta=\"{&quot;aperture&quot;:&quot;0&quot;,&quot;credit&quot;:&quot;IHA&quot;,&quot;camera&quot;:&quot;&quot;,&quot;caption&quot;:&quot;EGE \\u00dcN\\u0130VERS\\u0130TES\\u0130 HASTANES\\u0130NDE \\u00c7IKAN YANGIN SEBEB\\u0130YLE HASTANEDE BULUNAN HASTA \\u00c7OCUKLAR VE A\\u0130LELER\\u0130 B\\u00dcY\\u00dcK PAN\\u0130K YA\\u015eADI. (NAZM\\u0130 CAN ARSLAN - TOLGA TAH\\u00c7I\\\/\\u0130ZM\\u0130R-\\u0130HA)&quot;,&quot;created_timestamp&quot;:&quot;0&quot;,&quot;copyright&quot;:&quot;\\u0130HLAS HABER AJANSI, www.iha.com.tr&quot;,&quot;focal_length&quot;:&quot;0&quot;,&quot;iso&quot;:&quot;0&quot;,&quot;shutter_speed&quot;:&quot;0&quot;,&quot;title&quot;:&quot;HASTANEDE \\u00c7IKAN YANGIN VATANDA\\u015eLARI KORKUTTU \\u0130ZM\\u0130R\\u2019DE B\\u0130R HAFTA \\u0130K\\u0130NC\\u0130 KEZ HASTANE YANDI&quot;,&quot;orientation&quot;:&quot;0&quot;}\" data-image-title=\"Hastanede \u00e7\u0131kan yang\u0131n vatanda\u015flar\u0131 korkuttu\" data-image-description=\"&lt;p&gt;Hastanede \u00e7\u0131kan yang\u0131n vatanda\u015flar\u0131 korkuttu&lt;\/p&gt; \" data-medium-file=\"https:\/\/i0.wp.com\/www.tvturk.com\/wp-content\/uploads\/2019\/03\/hastanede-cikan-yangin-vatandaslari-korkuttu_9fc4b0f.jpg?fit=300%2C225\" data-large-file=\"https:\/\/i0.wp.com\/www.tvturk.com\/wp-content\/uploads\/2019\/03\/hastanede-cikan-yangin-vatandaslari-korkuttu_9fc4b0f.jpg?fit=1000%2C750\" src=\"https:\/\/i0.wp.com\/www.tvturk.com\/wp-content\/uploads\/2019\/03\/hastanede-cikan-yangin-vatandaslari-korkuttu_9fc4b0f.jpg?w=496&#038;h=372\" srcset=\"https:\/\/i0.wp.com\/www.tvturk.com\/wp-content\/uploads\/2019\/03\/hastanede-cikan-yangin-vatandaslari-korkuttu_9fc4b0f.jpg?w=1000 1000w, https:\/\/i0.wp.com\/www.tvturk.com\/wp-content\/uploads\/2019\/03\/hastanede-cikan-yangin-vatandaslari-korkuttu_9fc4b0f.jpg?resize=150%2C113 150w, https:\/\/i0.wp.com\/www.tvturk.com\/wp-content\/uploads\/2019\/03\/hastanede-cikan-yangin-vatandaslari-korkuttu_9fc4b0f.jpg?resize=300%2C225 300w, https:\/\/i0.wp.com\/www.tvturk.com\/wp-content\/uploads\/2019\/03\/hastanede-cikan-yangin-vatandaslari-korkuttu_9fc4b0f.jpg?resize=768%2C576 768w\" width=\"496\" height=\"372\" loading=\"lazy\" data-original-width=\"496\" data-original-height=\"372\" itemprop=\"http:\/\/schema.org\/image\" title=\"Hastanede \u00e7\u0131kan yang\u0131n vatanda\u015flar\u0131 korkuttu\" alt=\"Hastanede \u00e7\u0131kan yang\u0131n vatanda\u015flar\u0131 korkuttu\" style=\"width: 496px; height: 372px;\" \/> <\/a> <\/div> <\/div> <!-- close group --> <\/div> <!-- close row --> <\/div><\/p>\n","protected":false},"excerpt":{"rendered":"<p>EGE \u00dcN\u0130VERS\u0130TES\u0130 HASTANES\u0130NDE \u00c7IKAN YANGIN SEBEB\u0130YLE HASTANEDE BULUNAN HASTA \u00c7OCUKLAR VE A\u0130LELER\u0130 B\u00dcY\u00dcK PAN\u0130K YA\u015eADI.<\/p>\n","protected":false},"author":1,"featured_media":105327,"comment_status":"closed","ping_status":"open","sticky":false,"template":"","format":"standard","meta":{"jetpack_post_was_ever_published":false,"_jetpack_newsletter_access":"","_jetpack_dont_email_post_to_subs":false,"_jetpack_newsletter_tier_id":0,"_jetpack_memberships_contains_paywalled_content":false,"_jetpack_memberships_contains_paid_content":false,"footnotes":"","jetpack_publicize_message":"","jetpack_publicize_feature_enabled":true,"jetpack_social_post_already_shared":true,"jetpack_social_options":{"image_generator_settings":{"template":"highway","default_image_id":0,"font":"","enabled":false},"version":2}},"categories":[655],"tags":[2114,7219,4877,922,1617],"class_list":["post-105326","post","type-post","status-publish","format-standard","has-post-thumbnail","hentry","category-son-dakika","tag-cikan","tag-hastanede","tag-korkuttu","tag-vatandaslari","tag-yangin"],"jetpack_publicize_connections":[],"jetpack_featured_media_url":"https:\/\/i0.wp.com\/www.tvturk.com\/wp-content\/uploads\/2019\/03\/hastanede-cikan-yangin-vatandaslari-korkuttu_173d08e.jpg?fit=1000%2C750","jetpack_sharing_enabled":true,"jetpack_shortlink":"https:\/\/wp.me\/paKIfm-roO","_links":{"self":[{"href":"http:\/\/www.tvturk.com\/index.php\/wp-json\/wp\/v2\/posts\/105326","targetHints":{"allow":["GET"]}}],"collection":[{"href":"http:\/\/www.tvturk.com\/index.php\/wp-json\/wp\/v2\/posts"}],"about":[{"href":"http:\/\/www.tvturk.com\/index.php\/wp-json\/wp\/v2\/types\/post"}],"author":[{"embeddable":true,"href":"http:\/\/www.tvturk.com\/index.php\/wp-json\/wp\/v2\/users\/1"}],"replies":[{"embeddable":true,"href":"http:\/\/www.tvturk.com\/index.php\/wp-json\/wp\/v2\/comments?post=105326"}],"version-history":[{"count":1,"href":"http:\/\/www.tvturk.com\/index.php\/wp-json\/wp\/v2\/posts\/105326\/revisions"}],"predecessor-version":[{"id":105329,"href":"http:\/\/www.tvturk.com\/index.php\/wp-json\/wp\/v2\/posts\/105326\/revisions\/105329"}],"wp:featuredmedia":[{"embeddable":true,"href":"http:\/\/www.tvturk.com\/index.php\/wp-json\/wp\/v2\/media\/105327"}],"wp:attachment":[{"href":"http:\/\/www.tvturk.com\/index.php\/wp-json\/wp\/v2\/media?parent=105326"}],"wp:term":[{"taxonomy":"category","embeddable":true,"href":"http:\/\/www.tvturk.com\/index.php\/wp-json\/wp\/v2\/categories?post=105326"},{"taxonomy":"post_tag","embeddable":true,"href":"http:\/\/www.tvturk.com\/index.php\/wp-json\/wp\/v2\/tags?post=105326"}],"curies":[{"name":"wp","href":"https:\/\/api.w.org\/{rel}","templated":true}]}}