{"id":10533,"date":"2019-02-08T08:02:52","date_gmt":"2019-02-08T05:02:52","guid":{"rendered":"http:\/\/www.tvturk.com\/index.php\/nazillide-cop-konteynerleri-yenilendi\/"},"modified":"2019-02-08T08:02:54","modified_gmt":"2019-02-08T05:02:54","slug":"nazillide-cop-konteynerleri-yenilendi","status":"publish","type":"post","link":"http:\/\/www.tvturk.com\/index.php\/nazillide-cop-konteynerleri-yenilendi\/","title":{"rendered":"Nazilli\u2019de \u00e7\u00f6p konteynerleri yenilendi"},"content":{"rendered":"<p>\u2018Temiz bir Nazilli\u2019 slogan\u0131 ile hizmetlerini s\u00fcrd\u00fcren Nazilli Belediyesi, il\u00e7enin sokak ve caddeleri \u00fczerinde yer alan \u00e7\u00f6p konteynerlerinin bak\u0131m, onar\u0131m ve yenileme \u00e7al\u0131\u015fmalar\u0131n\u0131 ger\u00e7ekle\u015ftirdi.<\/p>\n<p>Nazilli Belediyesi, merkez ve k\u0131rsal mahallelerdeki t\u00fcm \u00e7\u00f6p konteynerlerini Temizlik \u0130\u015fleri M\u00fcd\u00fcrl\u00fc\u011f\u00fc ekipleri taraf\u0131ndan olu\u015fturulan bir ekip taraf\u0131ndan tamir, bak\u0131m ve boyamalar\u0131n\u0131 yaparak yeniledi.<\/p>\n<p>K\u0131\u015f \u015fartlar\u0131 nedeniyle paslanm\u0131\u015f, tekerlekleri d\u00fc\u015fm\u00fc\u015f, hasar g\u00f6rerek kapaklar\u0131 kapanmayan ve g\u00f6r\u00fcnt\u00fc kirlili\u011fine neden olan eski galvaniz \u00e7\u00f6p konteynerleri, ekipler taraf\u0131ndan yerlerinden al\u0131narak Temizlik \u0130\u015fleri M\u00fcd\u00fcrl\u00fc\u011f\u00fc \u015fantiyesinde onar\u0131ld\u0131.<\/p>\n<p>Konteynerler tamir, bak\u0131m ve boyama i\u015flemlerinin ard\u0131ndan tekrar hizmete sunulurken, tamiri m\u00fcmk\u00fcn olmayanlar yenileri ile de\u011fi\u015ftirildi.<\/p>\n<p>\u00c7evre kirlili\u011finin \u00f6n\u00fcne ge\u00e7erek ferah ve temiz bir Nazilli i\u00e7in \u00e7al\u0131\u015fmalar\u0131n\u0131 s\u00fcrd\u00fcrd\u00fcklerini belirten Belediye Ba\u015fkan\u0131 Haluk Al\u0131c\u0131k, \u201cKullan\u0131m \u00f6mr\u00fcn\u00fc tamamlayan konteynerlerimiz yenilenirken tamir gerektirenler ekiplerimiz taraf\u0131ndan t\u00fcm bak\u0131mlar\u0131 yap\u0131larak yerlerine konuldu. Bu anlamda il\u00e7emizde ya\u015fayan vatanda\u015flar\u0131m\u0131za da b\u00fcy\u00fck bir sorumluluk d\u00fc\u015f\u00fcyor. Konteynerlerin i\u00e7erisine ate\u015f ve hafriyat atmamalar\u0131n\u0131 rica ediyoruz. Tek gayemiz Nazilli\u2019mize daha iyi hizmet etmek. Hep birlikte daha temiz bir Nazilli i\u00e7in \u00e7al\u0131\u015fmalar\u0131m\u0131za devam edece\u011fiz\u201d diye konu\u015ftu.<div class=\"tiled-gallery type-rectangular tiled-gallery-unresized\" data-original-width=\"500\" data-carousel-extra='null' itemscope itemtype=\"http:\/\/schema.org\/ImageGallery\" > <div class=\"gallery-row\" style=\"width: 500px; height: 335px;\" data-original-width=\"500\" data-original-height=\"335\" > <div class=\"gallery-group images-1\" style=\"width: 500px; height: 335px;\" data-original-width=\"500\" data-original-height=\"335\" > <div class=\"tiled-gallery-item tiled-gallery-item-large\" itemprop=\"associatedMedia\" itemscope itemtype=\"http:\/\/schema.org\/ImageObject\"> <a href=\"http:\/\/www.tvturk.com\/index.php\/nazillide-cop-konteynerleri-yenilendi\/nazillide-cop-konteynerleri-yenilendi-3\/\" border=\"0\" itemprop=\"url\"> <meta itemprop=\"width\" content=\"496\"> <meta itemprop=\"height\" content=\"331\"> <img decoding=\"async\" class=\"\" data-attachment-id=\"10535\" data-orig-file=\"http:\/\/www.tvturk.com\/wp-content\/uploads\/2019\/02\/nazillide-cop-konteynerleri-yenilendi_8bc5af6.jpg\" data-orig-size=\"1000,667\" data-comments-opened=\"\" data-image-meta=\"{&quot;aperture&quot;:&quot;0&quot;,&quot;credit&quot;:&quot;IHA&quot;,&quot;camera&quot;:&quot;&quot;,&quot;caption&quot;:&quot;\\u2018TEM\\u0130Z B\\u0130R NAZ\\u0130LL\\u0130\\u2019 SLOGANI \\u0130LE H\\u0130ZMETLER\\u0130N\\u0130 S\\u00dcRD\\u00dcREN NAZ\\u0130LL\\u0130 BELED\\u0130YES\\u0130, \\u0130L\\u00c7EN\\u0130N SOKAK VE CADDELER\\u0130 \\u00dcZER\\u0130NDE YER ALAN \\u00c7\\u00d6P KONTEYNERLER\\u0130N\\u0130N BAKIM, ONARIM VE YEN\\u0130LEME \\u00c7ALI\\u015eMALARINI GER\\u00c7EKLE\\u015eT\\u0130RD\\u0130. (MEHMET BARLAS\\\/AYDIN-\\u0130HA)&quot;,&quot;created_timestamp&quot;:&quot;0&quot;,&quot;copyright&quot;:&quot;\\u0130HLAS HABER AJANSI, www.iha.com.tr&quot;,&quot;focal_length&quot;:&quot;0&quot;,&quot;iso&quot;:&quot;0&quot;,&quot;shutter_speed&quot;:&quot;0&quot;,&quot;title&quot;:&quot;NAZ\\u0130LL\\u0130\\u2019DE \\u00c7\\u00d6P KONTEYNERLER\\u0130 YEN\\u0130LEND\\u0130&quot;,&quot;orientation&quot;:&quot;0&quot;}\" data-image-title=\"Nazilli\u2019de \u00e7\u00f6p konteynerleri yenilendi\" data-image-description=\"&lt;p&gt;Nazilli\u2019de \u00e7\u00f6p konteynerleri yenilendi&lt;\/p&gt; \" data-medium-file=\"https:\/\/i0.wp.com\/www.tvturk.com\/wp-content\/uploads\/2019\/02\/nazillide-cop-konteynerleri-yenilendi_8bc5af6.jpg?fit=300%2C200\" data-large-file=\"https:\/\/i0.wp.com\/www.tvturk.com\/wp-content\/uploads\/2019\/02\/nazillide-cop-konteynerleri-yenilendi_8bc5af6.jpg?fit=1000%2C667\" src=\"https:\/\/i0.wp.com\/www.tvturk.com\/wp-content\/uploads\/2019\/02\/nazillide-cop-konteynerleri-yenilendi_8bc5af6.jpg?w=496&#038;h=331\" srcset=\"https:\/\/i0.wp.com\/www.tvturk.com\/wp-content\/uploads\/2019\/02\/nazillide-cop-konteynerleri-yenilendi_8bc5af6.jpg?w=1000 1000w, https:\/\/i0.wp.com\/www.tvturk.com\/wp-content\/uploads\/2019\/02\/nazillide-cop-konteynerleri-yenilendi_8bc5af6.jpg?resize=150%2C100 150w, https:\/\/i0.wp.com\/www.tvturk.com\/wp-content\/uploads\/2019\/02\/nazillide-cop-konteynerleri-yenilendi_8bc5af6.jpg?resize=300%2C200 300w, https:\/\/i0.wp.com\/www.tvturk.com\/wp-content\/uploads\/2019\/02\/nazillide-cop-konteynerleri-yenilendi_8bc5af6.jpg?resize=768%2C512 768w, https:\/\/i0.wp.com\/www.tvturk.com\/wp-content\/uploads\/2019\/02\/nazillide-cop-konteynerleri-yenilendi_8bc5af6.jpg?resize=170%2C113 170w, https:\/\/i0.wp.com\/www.tvturk.com\/wp-content\/uploads\/2019\/02\/nazillide-cop-konteynerleri-yenilendi_8bc5af6.jpg?resize=120%2C80 120w\" width=\"496\" height=\"331\" loading=\"lazy\" data-original-width=\"496\" data-original-height=\"331\" itemprop=\"http:\/\/schema.org\/image\" title=\"Nazilli\u2019de \u00e7\u00f6p konteynerleri yenilendi\" alt=\"Nazilli\u2019de \u00e7\u00f6p konteynerleri yenilendi\" style=\"width: 496px; height: 331px;\" \/> <\/a> <\/div> <\/div> <!-- close group --> <\/div> <!-- close row --> <\/div><\/p>\n","protected":false},"excerpt":{"rendered":"<p>\u2018TEM\u0130Z B\u0130R NAZ\u0130LL\u0130\u2019 SLOGANI \u0130LE H\u0130ZMETLER\u0130N\u0130 S\u00dcRD\u00dcREN NAZ\u0130LL\u0130 BELED\u0130YES\u0130, \u0130L\u00c7EN\u0130N SOKAK VE CADDELER\u0130 \u00dcZER\u0130NDE YER ALAN \u00c7\u00d6P KONTEYNERLER\u0130N\u0130N BAKIM, ONARIM VE YEN\u0130LEME \u00c7ALI\u015eMALARINI GER\u00c7EKLE\u015eT\u0130RD\u0130.<\/p>\n","protected":false},"author":1,"featured_media":10534,"comment_status":"closed","ping_status":"open","sticky":false,"template":"","format":"standard","meta":{"jetpack_post_was_ever_published":false,"_jetpack_newsletter_access":"","_jetpack_dont_email_post_to_subs":false,"_jetpack_newsletter_tier_id":0,"_jetpack_memberships_contains_paywalled_content":false,"_jetpack_memberships_contains_paid_content":false,"footnotes":"","jetpack_publicize_message":"","jetpack_publicize_feature_enabled":true,"jetpack_social_post_already_shared":false,"jetpack_social_options":{"image_generator_settings":{"template":"highway","default_image_id":0,"font":"","enabled":false},"version":2}},"categories":[655],"tags":[5448,5449,3138,265],"class_list":["post-10533","post","type-post","status-publish","format-standard","has-post-thumbnail","hentry","category-son-dakika","tag-cop","tag-konteynerleri","tag-nazillide","tag-yenilendi"],"jetpack_publicize_connections":[],"jetpack_featured_media_url":"https:\/\/i0.wp.com\/www.tvturk.com\/wp-content\/uploads\/2019\/02\/nazillide-cop-konteynerleri-yenilendi_8ed3b43.jpg?fit=1000%2C667","jetpack_sharing_enabled":true,"jetpack_shortlink":"https:\/\/wp.me\/paKIfm-2JT","_links":{"self":[{"href":"http:\/\/www.tvturk.com\/index.php\/wp-json\/wp\/v2\/posts\/10533","targetHints":{"allow":["GET"]}}],"collection":[{"href":"http:\/\/www.tvturk.com\/index.php\/wp-json\/wp\/v2\/posts"}],"about":[{"href":"http:\/\/www.tvturk.com\/index.php\/wp-json\/wp\/v2\/types\/post"}],"author":[{"embeddable":true,"href":"http:\/\/www.tvturk.com\/index.php\/wp-json\/wp\/v2\/users\/1"}],"replies":[{"embeddable":true,"href":"http:\/\/www.tvturk.com\/index.php\/wp-json\/wp\/v2\/comments?post=10533"}],"version-history":[{"count":1,"href":"http:\/\/www.tvturk.com\/index.php\/wp-json\/wp\/v2\/posts\/10533\/revisions"}],"predecessor-version":[{"id":10536,"href":"http:\/\/www.tvturk.com\/index.php\/wp-json\/wp\/v2\/posts\/10533\/revisions\/10536"}],"wp:featuredmedia":[{"embeddable":true,"href":"http:\/\/www.tvturk.com\/index.php\/wp-json\/wp\/v2\/media\/10534"}],"wp:attachment":[{"href":"http:\/\/www.tvturk.com\/index.php\/wp-json\/wp\/v2\/media?parent=10533"}],"wp:term":[{"taxonomy":"category","embeddable":true,"href":"http:\/\/www.tvturk.com\/index.php\/wp-json\/wp\/v2\/categories?post=10533"},{"taxonomy":"post_tag","embeddable":true,"href":"http:\/\/www.tvturk.com\/index.php\/wp-json\/wp\/v2\/tags?post=10533"}],"curies":[{"name":"wp","href":"https:\/\/api.w.org\/{rel}","templated":true}]}}