{"id":10546,"date":"2019-02-08T08:53:45","date_gmt":"2019-02-08T05:53:45","guid":{"rendered":"http:\/\/www.tvturk.com\/index.php\/cop-arabasi-binaya-carpti-temizlik-iscisi-altinda-kaldi\/"},"modified":"2019-02-08T08:53:45","modified_gmt":"2019-02-08T05:53:45","slug":"cop-arabasi-binaya-carpti-temizlik-iscisi-altinda-kaldi","status":"publish","type":"post","link":"http:\/\/www.tvturk.com\/index.php\/cop-arabasi-binaya-carpti-temizlik-iscisi-altinda-kaldi\/","title":{"rendered":"\u00c7\u00f6p arabas\u0131 binaya \u00e7arpt\u0131, temizlik i\u015f\u00e7isi alt\u0131nda kald\u0131"},"content":{"rendered":"<p>Fatih Cibali Mahallesi\u2019nde temizlik i\u015f\u00e7isi, konteyn\u0131r\u0131n \u00e7\u00f6pleri bo\u015faltmaya \u00e7al\u0131\u015ft\u0131\u011f\u0131 s\u0131rada hareket etmeye ba\u015flayan arac\u0131n alt\u0131nda kalarak a\u011f\u0131r yaraland\u0131. Kontrolden \u00e7\u0131kan \u00e7\u00f6p arabas\u0131n\u0131n sokaktaki bir binan\u0131n d\u0131\u015f duvar\u0131na \u00e7arpmas\u0131 sonucu vatanda\u015flar panik ya\u015fad\u0131.<\/p>\n<p>Olay, saat 07.15 sular\u0131nda Fatih Cibali Mahallesi Cibali Mescidi Sokak\u2019ta meydana geldi. Edinilen bilgiye g\u00f6re, belediyeye ait \u00e7\u00f6p arabas\u0131, sokakta bulunan konteyn\u0131rdaki \u00e7\u00f6pleri almak i\u00e7in yana\u015ft\u0131. G\u00fcrol K\u00f6seo\u011flu isimli temizlik i\u015f\u00e7isi konteyn\u0131r\u0131 bo\u015faltmaya \u00e7al\u0131\u015ft\u0131\u011f\u0131 s\u0131rada, \u00e7\u00f6p arabas\u0131 bilinmeyen bir sebeple kontrolden \u00e7\u0131kt\u0131. K\u00f6seo\u011flu ise dengesini kaybederek arac\u0131n alt\u0131nda kal\u0131rken, ara\u00e7 sokakta bulunan binan\u0131n d\u0131\u015f duvar\u0131na \u00e7arparak durabildi.<\/p>\n<p>Arkada\u015flar\u0131n\u0131n araban\u0131n alt\u0131nda kald\u0131\u011f\u0131n\u0131 g\u00f6ren di\u011fer i\u015f\u00e7iler durumu hemen 112 Acil servise bildirdi. Olay yerine sa\u011fl\u0131k, polis ve itfaiye ekipleri sevk edildi. Kaza yerine gelen itfaiye ekipleri, K\u00f6seo\u011flu\u2019nu bulundu\u011fu yerden \u00e7\u0131kararak, sa\u011fl\u0131k ekiplerine teslim etti.<\/p>\n<p>Temizlik i\u015f\u00e7isi G\u00fcrol K\u00f6seo\u011flu ilk m\u00fcdahalenin ard\u0131ndan hastaneye kald\u0131r\u0131l\u0131rken, sa\u011fl\u0131k durumunun a\u011f\u0131r oldu\u011fu \u00f6\u011frenildi.<\/p>\n<p>Binan\u0131n d\u0131\u015f duvar\u0131na \u00e7arpan ara\u00e7 ise kald\u0131r\u0131ld\u0131. Kaza ile ilgili inceleme s\u00fcr\u00fcyor.<\/p>\n","protected":false},"excerpt":{"rendered":"<p>FAT\u0130H C\u0130BAL\u0130 MAHALLES\u0130&#8217;NDE TEM\u0130ZL\u0130K \u0130\u015e\u00c7\u0130S\u0130, KONTEYNIRIN \u00c7\u00d6PLER\u0130 BO\u015eALTMAYA \u00c7ALI\u015eTI\u011eI SIRADA HAREKET ETMEYE BA\u015eLAYAN ARACIN ALTINDA KALARAK A\u011eIR YARALANDI. KONTROLDEN \u00c7IKAN \u00c7\u00d6P ARABASININ SOKAKTAK\u0130 B\u0130R B\u0130NANIN DI\u015e DUVARINA \u00c7ARPMASI SONUCU VATANDA\u015eLAR PAN\u0130K YA\u015eADI.<\/p>\n","protected":false},"author":1,"featured_media":10547,"comment_status":"closed","ping_status":"open","sticky":false,"template":"","format":"standard","meta":{"jetpack_post_was_ever_published":false,"_jetpack_newsletter_access":"","_jetpack_dont_email_post_to_subs":false,"_jetpack_newsletter_tier_id":0,"_jetpack_memberships_contains_paywalled_content":false,"_jetpack_memberships_contains_paid_content":false,"footnotes":"","jetpack_publicize_message":"","jetpack_publicize_feature_enabled":true,"jetpack_social_post_already_shared":false,"jetpack_social_options":{"image_generator_settings":{"template":"highway","default_image_id":0,"font":"","enabled":false},"version":2}},"categories":[655],"tags":[3114,5452,5453,1005,5448,2330,1853,4285],"class_list":["post-10546","post","type-post","status-publish","format-standard","has-post-thumbnail","hentry","category-son-dakika","tag-altinda","tag-arabasi","tag-binaya","tag-carpti","tag-cop","tag-iscisi","tag-kaldi","tag-temizlik"],"jetpack_publicize_connections":[],"jetpack_featured_media_url":"https:\/\/i0.wp.com\/www.tvturk.com\/wp-content\/uploads\/2019\/02\/cop-arabasi-binaya-carpti-temizlik-iscisi-altinda-kaldi_4fc1ab6.jpg?fit=1000%2C720","jetpack_sharing_enabled":true,"jetpack_shortlink":"https:\/\/wp.me\/paKIfm-2K6","_links":{"self":[{"href":"http:\/\/www.tvturk.com\/index.php\/wp-json\/wp\/v2\/posts\/10546","targetHints":{"allow":["GET"]}}],"collection":[{"href":"http:\/\/www.tvturk.com\/index.php\/wp-json\/wp\/v2\/posts"}],"about":[{"href":"http:\/\/www.tvturk.com\/index.php\/wp-json\/wp\/v2\/types\/post"}],"author":[{"embeddable":true,"href":"http:\/\/www.tvturk.com\/index.php\/wp-json\/wp\/v2\/users\/1"}],"replies":[{"embeddable":true,"href":"http:\/\/www.tvturk.com\/index.php\/wp-json\/wp\/v2\/comments?post=10546"}],"version-history":[{"count":0,"href":"http:\/\/www.tvturk.com\/index.php\/wp-json\/wp\/v2\/posts\/10546\/revisions"}],"wp:featuredmedia":[{"embeddable":true,"href":"http:\/\/www.tvturk.com\/index.php\/wp-json\/wp\/v2\/media\/10547"}],"wp:attachment":[{"href":"http:\/\/www.tvturk.com\/index.php\/wp-json\/wp\/v2\/media?parent=10546"}],"wp:term":[{"taxonomy":"category","embeddable":true,"href":"http:\/\/www.tvturk.com\/index.php\/wp-json\/wp\/v2\/categories?post=10546"},{"taxonomy":"post_tag","embeddable":true,"href":"http:\/\/www.tvturk.com\/index.php\/wp-json\/wp\/v2\/tags?post=10546"}],"curies":[{"name":"wp","href":"https:\/\/api.w.org\/{rel}","templated":true}]}}