{"id":105591,"date":"2019-03-21T09:46:08","date_gmt":"2019-03-21T06:46:08","guid":{"rendered":"http:\/\/www.tvturk.com\/index.php\/ozel-kucuk-cocuklari-dilendiren-sahislar-vatandas-kamerasinda\/"},"modified":"2019-03-21T09:46:09","modified_gmt":"2019-03-21T06:46:09","slug":"ozel-kucuk-cocuklari-dilendiren-sahislar-vatandas-kamerasinda","status":"publish","type":"post","link":"http:\/\/www.tvturk.com\/index.php\/ozel-kucuk-cocuklari-dilendiren-sahislar-vatandas-kamerasinda\/","title":{"rendered":"(\u00d6zel) K\u00fc\u00e7\u00fck \u00e7ocuklar\u0131 dilendiren \u015fah\u0131slar vatanda\u015f kameras\u0131nda"},"content":{"rendered":"<p>Bursa\u2019n\u0131n Mudanya il\u00e7esinde k\u00fc\u00e7\u00fck \u00e7ocuklar\u0131 zorla dilendiren gen\u00e7ler vatanda\u015f kameras\u0131na tak\u0131ld\u0131. O anlar\u0131 kaydeden vatanda\u015flar, \u015fah\u0131slar\u0131n bulunmas\u0131n\u0131 istiyor.<\/p>\n<p>Olay, Bursa\u2019n\u0131n Mudanya il\u00e7esinde meydana geldi. Kimlikleri tespit edilemeyen birka\u00e7 gen\u00e7, k\u00fc\u00e7\u00fck ya\u015ftaki \u00e7ocuklar\u0131 sahil kenar\u0131nda vatanda\u015f\u0131n s\u0131k ge\u00e7ti\u011fi b\u00f6lgelere b\u0131rakarak dilendirmek istedi. \u00c7ocuklar\u0131n ka\u00e7ma ihtimaline kar\u015f\u0131 sahilde ba\u015flar\u0131nda bekleyen gen\u00e7ler vatanda\u015f kameras\u0131na tak\u0131ld\u0131. \u00c7ocuklar\u0131n zorla dilendirilme anlar\u0131n\u0131 saniye saniye cep telefonu kameralar\u0131yla kaydeden vatanda\u015flar, \u015f\u00fcpheli gen\u00e7lerin bulunmas\u0131n\u0131 ve gerekli cezai i\u015flemlerin yap\u0131lmas\u0131n\u0131 istiyor.<div class=\"tiled-gallery type-rectangular tiled-gallery-unresized\" data-original-width=\"500\" data-carousel-extra='null' itemscope itemtype=\"http:\/\/schema.org\/ImageGallery\" > <div class=\"gallery-row\" style=\"width: 500px; height: 285px;\" data-original-width=\"500\" data-original-height=\"285\" > <div class=\"gallery-group images-1\" style=\"width: 500px; height: 285px;\" data-original-width=\"500\" data-original-height=\"285\" > <div class=\"tiled-gallery-item tiled-gallery-item-large\" itemprop=\"associatedMedia\" itemscope itemtype=\"http:\/\/schema.org\/ImageObject\"> <a href=\"http:\/\/www.tvturk.com\/index.php\/ozel-kucuk-cocuklari-dilendiren-sahislar-vatandas-kamerasinda\/ozel-kucuk-cocuklari-dilendiren-sahislar-vatandas-kamerasinda-3\/\" border=\"0\" itemprop=\"url\"> <meta itemprop=\"width\" content=\"496\"> <meta itemprop=\"height\" content=\"281\"> <img decoding=\"async\" class=\"\" data-attachment-id=\"105593\" data-orig-file=\"http:\/\/www.tvturk.com\/wp-content\/uploads\/2019\/03\/ozel-kucuk-cocuklari-dilendiren-sahislar-vatandas-kamerasinda_e2590b6.jpg\" data-orig-size=\"587,332\" data-comments-opened=\"\" data-image-meta=\"{&quot;aperture&quot;:&quot;0&quot;,&quot;credit&quot;:&quot;IHA&quot;,&quot;camera&quot;:&quot;&quot;,&quot;caption&quot;:&quot;BURSA\\u0027NIN MUDANYA \\u0130L\\u00c7ES\\u0130NDE K\\u00dc\\u00c7\\u00dcK \\u00c7OCUKLARI ZORLA D\\u0130LEND\\u0130REN GEN\\u00c7LER VATANDA\\u015e KAMERASINA TAKILDI. O ANLARI KAYDEDEN VATANDA\\u015eLAR, \\u015eAHISLARIN BULUNMASINI \\u0130ST\\u0130YOR. (HAKKI OVATMAN\\\/BURSA-\\u0130HA)&quot;,&quot;created_timestamp&quot;:&quot;0&quot;,&quot;copyright&quot;:&quot;\\u0130HLAS HABER AJANSI, www.iha.com.tr&quot;,&quot;focal_length&quot;:&quot;0&quot;,&quot;iso&quot;:&quot;0&quot;,&quot;shutter_speed&quot;:&quot;0&quot;,&quot;title&quot;:&quot;(\\u00d6ZEL) K\\u00dc\\u00c7\\u00dcK \\u00c7OCUKLARI D\\u0130LEND\\u0130REN \\u015eAHISLAR VATANDA\\u015e KAMERASINDA K\\u00dc\\u00c7\\u00dcK \\u00c7OCUKLARI ZORLA D\\u0130LEND\\u0130RMEYE \\u00c7ALI\\u015eAN GEN\\u00c7LER\\u0130 VATANDA\\u015e FARK ETT\\u0130&quot;,&quot;orientation&quot;:&quot;0&quot;}\" data-image-title=\"(\u00d6zel) K\u00fc\u00e7\u00fck \u00e7ocuklar\u0131 dilendiren \u015fah\u0131slar vatanda\u015f kameras\u0131nda\" data-image-description=\"&lt;p&gt;(\u00d6zel) K\u00fc\u00e7\u00fck \u00e7ocuklar\u0131 dilendiren \u015fah\u0131slar vatanda\u015f kameras\u0131nda&lt;\/p&gt; \" data-medium-file=\"https:\/\/i0.wp.com\/www.tvturk.com\/wp-content\/uploads\/2019\/03\/ozel-kucuk-cocuklari-dilendiren-sahislar-vatandas-kamerasinda_e2590b6.jpg?fit=300%2C170\" data-large-file=\"https:\/\/i0.wp.com\/www.tvturk.com\/wp-content\/uploads\/2019\/03\/ozel-kucuk-cocuklari-dilendiren-sahislar-vatandas-kamerasinda_e2590b6.jpg?fit=587%2C332\" src=\"https:\/\/i0.wp.com\/www.tvturk.com\/wp-content\/uploads\/2019\/03\/ozel-kucuk-cocuklari-dilendiren-sahislar-vatandas-kamerasinda_e2590b6.jpg?w=496&#038;h=281\" srcset=\"https:\/\/i0.wp.com\/www.tvturk.com\/wp-content\/uploads\/2019\/03\/ozel-kucuk-cocuklari-dilendiren-sahislar-vatandas-kamerasinda_e2590b6.jpg?w=587 587w, https:\/\/i0.wp.com\/www.tvturk.com\/wp-content\/uploads\/2019\/03\/ozel-kucuk-cocuklari-dilendiren-sahislar-vatandas-kamerasinda_e2590b6.jpg?resize=150%2C85 150w, https:\/\/i0.wp.com\/www.tvturk.com\/wp-content\/uploads\/2019\/03\/ozel-kucuk-cocuklari-dilendiren-sahislar-vatandas-kamerasinda_e2590b6.jpg?resize=300%2C170 300w, https:\/\/i0.wp.com\/www.tvturk.com\/wp-content\/uploads\/2019\/03\/ozel-kucuk-cocuklari-dilendiren-sahislar-vatandas-kamerasinda_e2590b6.jpg?resize=200%2C113 200w\" width=\"496\" height=\"281\" loading=\"lazy\" data-original-width=\"496\" data-original-height=\"281\" itemprop=\"http:\/\/schema.org\/image\" title=\"(\u00d6zel) K\u00fc\u00e7\u00fck \u00e7ocuklar\u0131 dilendiren \u015fah\u0131slar vatanda\u015f kameras\u0131nda\" alt=\"(\u00d6zel) K\u00fc\u00e7\u00fck \u00e7ocuklar\u0131 dilendiren \u015fah\u0131slar vatanda\u015f kameras\u0131nda\" style=\"width: 496px; height: 281px;\" \/> <\/a> <\/div> <\/div> <!-- close group --> <\/div> <!-- close row --> <\/div><\/p>\n","protected":false},"excerpt":{"rendered":"<p>BURSA&#8217;NIN MUDANYA \u0130L\u00c7ES\u0130NDE K\u00dc\u00c7\u00dcK \u00c7OCUKLARI ZORLA D\u0130LEND\u0130REN GEN\u00c7LER VATANDA\u015e KAMERASINA TAKILDI. O ANLARI KAYDEDEN VATANDA\u015eLAR, \u015eAHISLARIN BULUNMASINI \u0130ST\u0130YOR.<\/p>\n","protected":false},"author":1,"featured_media":105592,"comment_status":"closed","ping_status":"open","sticky":false,"template":"","format":"standard","meta":{"jetpack_post_was_ever_published":false,"_jetpack_newsletter_access":"","_jetpack_dont_email_post_to_subs":false,"_jetpack_newsletter_tier_id":0,"_jetpack_memberships_contains_paywalled_content":false,"_jetpack_memberships_contains_paid_content":false,"footnotes":"","jetpack_publicize_message":"","jetpack_publicize_feature_enabled":true,"jetpack_social_post_already_shared":true,"jetpack_social_options":{"image_generator_settings":{"template":"highway","default_image_id":0,"font":"","enabled":false},"version":2}},"categories":[655],"tags":[1073,139,26756,5553,1166,3423,1626],"class_list":["post-105591","post","type-post","status-publish","format-standard","has-post-thumbnail","hentry","category-son-dakika","tag-ozel","tag-cocuklari","tag-dilendiren","tag-kamerasinda","tag-kucuk","tag-sahislar","tag-vatandas"],"jetpack_publicize_connections":[],"jetpack_featured_media_url":"https:\/\/i0.wp.com\/www.tvturk.com\/wp-content\/uploads\/2019\/03\/ozel-kucuk-cocuklari-dilendiren-sahislar-vatandas-kamerasinda_ab1baa0.jpg?fit=587%2C327","jetpack_sharing_enabled":true,"jetpack_shortlink":"https:\/\/wp.me\/paKIfm-rt5","_links":{"self":[{"href":"http:\/\/www.tvturk.com\/index.php\/wp-json\/wp\/v2\/posts\/105591","targetHints":{"allow":["GET"]}}],"collection":[{"href":"http:\/\/www.tvturk.com\/index.php\/wp-json\/wp\/v2\/posts"}],"about":[{"href":"http:\/\/www.tvturk.com\/index.php\/wp-json\/wp\/v2\/types\/post"}],"author":[{"embeddable":true,"href":"http:\/\/www.tvturk.com\/index.php\/wp-json\/wp\/v2\/users\/1"}],"replies":[{"embeddable":true,"href":"http:\/\/www.tvturk.com\/index.php\/wp-json\/wp\/v2\/comments?post=105591"}],"version-history":[{"count":1,"href":"http:\/\/www.tvturk.com\/index.php\/wp-json\/wp\/v2\/posts\/105591\/revisions"}],"predecessor-version":[{"id":105594,"href":"http:\/\/www.tvturk.com\/index.php\/wp-json\/wp\/v2\/posts\/105591\/revisions\/105594"}],"wp:featuredmedia":[{"embeddable":true,"href":"http:\/\/www.tvturk.com\/index.php\/wp-json\/wp\/v2\/media\/105592"}],"wp:attachment":[{"href":"http:\/\/www.tvturk.com\/index.php\/wp-json\/wp\/v2\/media?parent=105591"}],"wp:term":[{"taxonomy":"category","embeddable":true,"href":"http:\/\/www.tvturk.com\/index.php\/wp-json\/wp\/v2\/categories?post=105591"},{"taxonomy":"post_tag","embeddable":true,"href":"http:\/\/www.tvturk.com\/index.php\/wp-json\/wp\/v2\/tags?post=105591"}],"curies":[{"name":"wp","href":"https:\/\/api.w.org\/{rel}","templated":true}]}}