{"id":105654,"date":"2019-03-21T09:53:24","date_gmt":"2019-03-21T06:53:24","guid":{"rendered":"http:\/\/www.tvturk.com\/index.php\/iranli-turistler-nevruzu-kutlamak-icin-barlara-akin-etti\/"},"modified":"2019-03-21T09:53:25","modified_gmt":"2019-03-21T06:53:25","slug":"iranli-turistler-nevruzu-kutlamak-icin-barlara-akin-etti","status":"publish","type":"post","link":"http:\/\/www.tvturk.com\/index.php\/iranli-turistler-nevruzu-kutlamak-icin-barlara-akin-etti\/","title":{"rendered":"\u0130ranl\u0131 turistler Nevruz\u2019u kutlamak i\u00e7in barlara ak\u0131n etti"},"content":{"rendered":"<p>\u0130ranl\u0131 turistler Nevruz\u2019u d\u00fcnyaca \u00fcnl\u00fc Marmaris Barlar Soka\u011f\u0131\u2019nda bulunan gece kul\u00fcplerinde kutlad\u0131. Turistler, \u0130ran\u2019dan gelen \u00fcnl\u00fc DJ\u2019ler e\u015fli\u011finde sabaha kadar e\u011flendi.<\/p>\n<p>Mu\u011fla\u2019n\u0131n Marmaris il\u00e7esine y\u0131l\u0131n ilk turist kafilesi olarak gelen \u0130ran\u2019l\u0131 turistler, Nevruz\u2019u d\u00fcnyaca \u00fcnl\u00fc Marmaris Barlar Soka\u011f\u0131\u2019nda bulunan gece kul\u00fcplerinde kutlad\u0131. Nevruz tatili i\u00e7in \u00fcnl\u00fc tatil kenti Marmaris\u2019i tercih eden \u0130ranl\u0131 turistler, il\u00e7enin gece hayat\u0131na hareketlilik getirdi. 300 ki\u015filik \u0130ranl\u0131 turist d\u00fcnyaca \u00fcnl\u00fc Barlar Soka\u011f\u0131\u2019nda bulunan mekanlarda d\u00fczenlenen kutlama program\u0131 ile Nevruz\u2019u kutlad\u0131. Kutlama i\u00e7in \u0130ran\u2019dan DJ\u2019ler getirildi. \u0130ran\u2019da hit olan \u015fark\u0131lar e\u015fli\u011finde e\u011flenen turistler Nevruz\u2019u e\u011flenerek kutlad\u0131.<\/p>\n<p>\u0130ran\u2019dan turist getiren bir acentenin yetkilisi Hamdi Artuk, Marmaris\u2019in gece hayat\u0131 ve do\u011fas\u0131yla turistleri \u00e7ok etkiledi\u011fini belirterek, \u201c\u0130ranl\u0131 acentalar\u0131m\u0131zla iyi bir ba\u015flang\u0131\u00e7 yapt\u0131k. Umar\u0131m g\u00fczel bir yaz sezonu ge\u00e7irmi\u015f oluruz. Bu haftaki giri\u015flerimizle birlikte yakla\u015f\u0131k \u00fc\u00e7 bin ki\u015fi olacak. Nisan ay\u0131 ile birlikte say\u0131m\u0131z y\u00fckselerek devam edecek. Sezonda 40 bin \u0130ranl\u0131 turisti burada a\u011f\u0131rlayaca\u011f\u0131z. Buraya gelen turistlerin \u00e7o\u011fu al\u0131\u015fveri\u015f tutkunu. B\u00f6lgemizi tan\u0131tmak i\u00e7in elimizden geleni yap\u0131yoruz. Bodrum ve Marmaris\u2019te bununla ilgili inan\u0131lmaz faaliyetlerimiz mevcut. Marmaris\u2019e bay\u0131l\u0131yorlar. Buras\u0131 do\u011fal g\u00fczellikleri ve gece hayat\u0131yla \u0130ranl\u0131lara inan\u0131lmaz hitap ediyor\u201d dedi.<div class=\"tiled-gallery type-rectangular tiled-gallery-unresized\" data-original-width=\"500\" data-carousel-extra='null' itemscope itemtype=\"http:\/\/schema.org\/ImageGallery\" > <div class=\"gallery-row\" style=\"width: 500px; height: 335px;\" data-original-width=\"500\" data-original-height=\"335\" > <div class=\"gallery-group images-1\" style=\"width: 500px; height: 335px;\" data-original-width=\"500\" data-original-height=\"335\" > <div class=\"tiled-gallery-item tiled-gallery-item-large\" itemprop=\"associatedMedia\" itemscope itemtype=\"http:\/\/schema.org\/ImageObject\"> <a href=\"http:\/\/www.tvturk.com\/index.php\/iranli-turistler-nevruzu-kutlamak-icin-barlara-akin-etti\/iranli-turistler-nevruzu-kutlamak-icin-barlara-akin-etti-3\/\" border=\"0\" itemprop=\"url\"> <meta itemprop=\"width\" content=\"496\"> <meta itemprop=\"height\" content=\"331\"> <img decoding=\"async\" class=\"\" data-attachment-id=\"105656\" data-orig-file=\"http:\/\/www.tvturk.com\/wp-content\/uploads\/2019\/03\/iranli-turistler-nevruzu-kutlamak-icin-barlara-akin-etti_862d3b9.jpg\" data-orig-size=\"1000,667\" data-comments-opened=\"\" data-image-meta=\"{&quot;aperture&quot;:&quot;0&quot;,&quot;credit&quot;:&quot;IHA&quot;,&quot;camera&quot;:&quot;&quot;,&quot;caption&quot;:&quot;\\u0130RANLI TUR\\u0130STLER NEVRUZ\\u0027U D\\u00dcNYACA \\u00dcNL\\u00dc MARMAR\\u0130S BARLAR SOKA\\u011eI\\u0027NDA BULUNAN GECE KUL\\u00dcPLER\\u0130NDE KUTLADI. TUR\\u0130STLER, \\u0130RAN\\u2019DAN GELEN \\u00dcNL\\u00dc DJ\\u2019LER E\\u015eL\\u0130\\u011e\\u0130NDE SABAHA KADAR E\\u011eLEND\\u0130. (RAMAZAN TERKOS\\\/MU\\u011eLA-\\u0130HA)&quot;,&quot;created_timestamp&quot;:&quot;0&quot;,&quot;copyright&quot;:&quot;\\u0130HLAS HABER AJANSI, www.iha.com.tr&quot;,&quot;focal_length&quot;:&quot;0&quot;,&quot;iso&quot;:&quot;0&quot;,&quot;shutter_speed&quot;:&quot;0&quot;,&quot;title&quot;:&quot;\\u0130RANLI TUR\\u0130STLER NEVRUZ\\u0027U KUTLAMAK \\u0130\\u00c7\\u0130N BARLARA AKIN ETT\\u0130&quot;,&quot;orientation&quot;:&quot;0&quot;}\" data-image-title=\"\u0130ranl\u0131 turistler Nevruz\u2019u kutlamak i\u00e7in barlara ak\u0131n etti\" data-image-description=\"&lt;p&gt;\u0130ranl\u0131 turistler Nevruz\u2019u kutlamak i\u00e7in barlara ak\u0131n etti&lt;\/p&gt; \" data-medium-file=\"https:\/\/i0.wp.com\/www.tvturk.com\/wp-content\/uploads\/2019\/03\/iranli-turistler-nevruzu-kutlamak-icin-barlara-akin-etti_862d3b9.jpg?fit=300%2C200\" data-large-file=\"https:\/\/i0.wp.com\/www.tvturk.com\/wp-content\/uploads\/2019\/03\/iranli-turistler-nevruzu-kutlamak-icin-barlara-akin-etti_862d3b9.jpg?fit=1000%2C667\" src=\"https:\/\/i0.wp.com\/www.tvturk.com\/wp-content\/uploads\/2019\/03\/iranli-turistler-nevruzu-kutlamak-icin-barlara-akin-etti_862d3b9.jpg?w=496&#038;h=331\" srcset=\"https:\/\/i0.wp.com\/www.tvturk.com\/wp-content\/uploads\/2019\/03\/iranli-turistler-nevruzu-kutlamak-icin-barlara-akin-etti_862d3b9.jpg?w=1000 1000w, https:\/\/i0.wp.com\/www.tvturk.com\/wp-content\/uploads\/2019\/03\/iranli-turistler-nevruzu-kutlamak-icin-barlara-akin-etti_862d3b9.jpg?resize=150%2C100 150w, https:\/\/i0.wp.com\/www.tvturk.com\/wp-content\/uploads\/2019\/03\/iranli-turistler-nevruzu-kutlamak-icin-barlara-akin-etti_862d3b9.jpg?resize=300%2C200 300w, https:\/\/i0.wp.com\/www.tvturk.com\/wp-content\/uploads\/2019\/03\/iranli-turistler-nevruzu-kutlamak-icin-barlara-akin-etti_862d3b9.jpg?resize=768%2C512 768w, https:\/\/i0.wp.com\/www.tvturk.com\/wp-content\/uploads\/2019\/03\/iranli-turistler-nevruzu-kutlamak-icin-barlara-akin-etti_862d3b9.jpg?resize=170%2C113 170w, https:\/\/i0.wp.com\/www.tvturk.com\/wp-content\/uploads\/2019\/03\/iranli-turistler-nevruzu-kutlamak-icin-barlara-akin-etti_862d3b9.jpg?resize=120%2C80 120w\" width=\"496\" height=\"331\" loading=\"lazy\" data-original-width=\"496\" data-original-height=\"331\" itemprop=\"http:\/\/schema.org\/image\" title=\"\u0130ranl\u0131 turistler Nevruz\u2019u kutlamak i\u00e7in barlara ak\u0131n etti\" alt=\"\u0130ranl\u0131 turistler Nevruz\u2019u kutlamak i\u00e7in barlara ak\u0131n etti\" style=\"width: 496px; height: 331px;\" \/> <\/a> <\/div> <\/div> <!-- close group --> <\/div> <!-- close row --> <\/div><\/p>\n","protected":false},"excerpt":{"rendered":"<p>\u0130RANLI TUR\u0130STLER NEVRUZ&#8217;U D\u00dcNYACA \u00dcNL\u00dc MARMAR\u0130S BARLAR SOKA\u011eI&#8217;NDA BULUNAN GECE KUL\u00dcPLER\u0130NDE KUTLADI. TUR\u0130STLER, \u0130RAN\u2019DAN GELEN \u00dcNL\u00dc DJ\u2019LER E\u015eL\u0130\u011e\u0130NDE SABAHA KADAR E\u011eLEND\u0130.<\/p>\n","protected":false},"author":1,"featured_media":105655,"comment_status":"closed","ping_status":"open","sticky":false,"template":"","format":"standard","meta":{"jetpack_post_was_ever_published":false,"_jetpack_newsletter_access":"","_jetpack_dont_email_post_to_subs":false,"_jetpack_newsletter_tier_id":0,"_jetpack_memberships_contains_paywalled_content":false,"_jetpack_memberships_contains_paid_content":false,"footnotes":"","jetpack_publicize_message":"","jetpack_publicize_feature_enabled":true,"jetpack_social_post_already_shared":true,"jetpack_social_options":{"image_generator_settings":{"template":"highway","default_image_id":0,"font":"","enabled":false},"version":2}},"categories":[1],"tags":[328,26766,207,44,10528,22447,26484,16692],"class_list":["post-105654","post","type-post","status-publish","format-standard","has-post-thumbnail","hentry","category-genel","tag-akin","tag-barlara","tag-etti","tag-icin","tag-iranli","tag-kutlamak","tag-nevruzu","tag-turistler"],"jetpack_publicize_connections":[],"jetpack_featured_media_url":"https:\/\/i0.wp.com\/www.tvturk.com\/wp-content\/uploads\/2019\/03\/iranli-turistler-nevruzu-kutlamak-icin-barlara-akin-etti_b7f7840.jpg?fit=1000%2C666","jetpack_sharing_enabled":true,"jetpack_shortlink":"https:\/\/wp.me\/paKIfm-ru6","_links":{"self":[{"href":"http:\/\/www.tvturk.com\/index.php\/wp-json\/wp\/v2\/posts\/105654","targetHints":{"allow":["GET"]}}],"collection":[{"href":"http:\/\/www.tvturk.com\/index.php\/wp-json\/wp\/v2\/posts"}],"about":[{"href":"http:\/\/www.tvturk.com\/index.php\/wp-json\/wp\/v2\/types\/post"}],"author":[{"embeddable":true,"href":"http:\/\/www.tvturk.com\/index.php\/wp-json\/wp\/v2\/users\/1"}],"replies":[{"embeddable":true,"href":"http:\/\/www.tvturk.com\/index.php\/wp-json\/wp\/v2\/comments?post=105654"}],"version-history":[{"count":1,"href":"http:\/\/www.tvturk.com\/index.php\/wp-json\/wp\/v2\/posts\/105654\/revisions"}],"predecessor-version":[{"id":105657,"href":"http:\/\/www.tvturk.com\/index.php\/wp-json\/wp\/v2\/posts\/105654\/revisions\/105657"}],"wp:featuredmedia":[{"embeddable":true,"href":"http:\/\/www.tvturk.com\/index.php\/wp-json\/wp\/v2\/media\/105655"}],"wp:attachment":[{"href":"http:\/\/www.tvturk.com\/index.php\/wp-json\/wp\/v2\/media?parent=105654"}],"wp:term":[{"taxonomy":"category","embeddable":true,"href":"http:\/\/www.tvturk.com\/index.php\/wp-json\/wp\/v2\/categories?post=105654"},{"taxonomy":"post_tag","embeddable":true,"href":"http:\/\/www.tvturk.com\/index.php\/wp-json\/wp\/v2\/tags?post=105654"}],"curies":[{"name":"wp","href":"https:\/\/api.w.org\/{rel}","templated":true}]}}