{"id":105982,"date":"2019-03-21T11:43:58","date_gmt":"2019-03-21T08:43:58","guid":{"rendered":"http:\/\/www.tvturk.com\/index.php\/baz-istasyonunun-klimasini-caldilar\/"},"modified":"2019-03-21T11:43:58","modified_gmt":"2019-03-21T08:43:58","slug":"baz-istasyonunun-klimasini-caldilar","status":"publish","type":"post","link":"http:\/\/www.tvturk.com\/index.php\/baz-istasyonunun-klimasini-caldilar\/","title":{"rendered":"Baz istasyonunun klimas\u0131n\u0131 \u00e7ald\u0131lar"},"content":{"rendered":"<p>Bursa\u2019n\u0131n \u0130neg\u00f6l il\u00e7esinde bir baz istasyonuna giren h\u0131rs\u0131zlar, klimay\u0131 \u00e7alarak kay\u0131plara kar\u0131\u015ft\u0131.<\/p>\n<p>Olay \u0130neg\u00f6l OSB\u2019de bulunan bir firmaya ait baz istasyonunda meydana geldi. Kimli\u011fi me\u00e7hul ki\u015fi veya ki\u015filer, baz istasyonun kap\u0131s\u0131n\u0131 k\u0131rarak i\u00e7eri girdi. H\u0131rs\u0131zlar i\u00e7erde bulunan klimay\u0131 al\u0131p kay\u0131plara kar\u0131\u015ft\u0131. Sabah gelen firma yetkilileri kap\u0131n\u0131n a\u00e7\u0131k oldu\u011funu ve kliman\u0131n yerinde olmad\u0131\u011f\u0131n\u0131 g\u00f6r\u00fcnce durumu polise haber verdi. Emniyet ekipleri \u015fah\u0131slar\u0131n yakalanmas\u0131 i\u00e7in \u00e7al\u0131\u015fma ba\u015flatt\u0131.<\/p>\n","protected":false},"excerpt":{"rendered":"<p>BURSA\u2019NIN \u0130NEG\u00d6L \u0130L\u00c7ES\u0130NDE B\u0130R BAZ \u0130STASYONUNA G\u0130REN K\u0130ML\u0130\u011e\u0130 BEL\u0130RS\u0130Z K\u0130\u015e\u0130 VEYA K\u0130\u015e\u0130LER \u0130\u00c7ERDE BULUN  KL\u0130MALI \u00c7ALARAK KAYIPLARA KARI\u015eTILAR.<\/p>\n","protected":false},"author":1,"featured_media":105983,"comment_status":"closed","ping_status":"open","sticky":false,"template":"","format":"standard","meta":{"jetpack_post_was_ever_published":false,"_jetpack_newsletter_access":"","_jetpack_dont_email_post_to_subs":false,"_jetpack_newsletter_tier_id":0,"_jetpack_memberships_contains_paywalled_content":false,"_jetpack_memberships_contains_paid_content":false,"footnotes":"","jetpack_publicize_message":"","jetpack_publicize_feature_enabled":true,"jetpack_social_post_already_shared":true,"jetpack_social_options":{"image_generator_settings":{"template":"highway","default_image_id":0,"font":"","enabled":false},"version":2}},"categories":[655],"tags":[14419,1508,22021,26832],"class_list":["post-105982","post","type-post","status-publish","format-standard","has-post-thumbnail","hentry","category-son-dakika","tag-baz","tag-caldilar","tag-istasyonunun","tag-klimasini"],"jetpack_publicize_connections":[],"jetpack_featured_media_url":"https:\/\/i0.wp.com\/www.tvturk.com\/wp-content\/uploads\/2019\/03\/baz-istasyonunun-klimasini-caldilar_768ca46.jpg?fit=1000%2C750","jetpack_sharing_enabled":true,"jetpack_shortlink":"https:\/\/wp.me\/paKIfm-rzo","_links":{"self":[{"href":"http:\/\/www.tvturk.com\/index.php\/wp-json\/wp\/v2\/posts\/105982","targetHints":{"allow":["GET"]}}],"collection":[{"href":"http:\/\/www.tvturk.com\/index.php\/wp-json\/wp\/v2\/posts"}],"about":[{"href":"http:\/\/www.tvturk.com\/index.php\/wp-json\/wp\/v2\/types\/post"}],"author":[{"embeddable":true,"href":"http:\/\/www.tvturk.com\/index.php\/wp-json\/wp\/v2\/users\/1"}],"replies":[{"embeddable":true,"href":"http:\/\/www.tvturk.com\/index.php\/wp-json\/wp\/v2\/comments?post=105982"}],"version-history":[{"count":0,"href":"http:\/\/www.tvturk.com\/index.php\/wp-json\/wp\/v2\/posts\/105982\/revisions"}],"wp:featuredmedia":[{"embeddable":true,"href":"http:\/\/www.tvturk.com\/index.php\/wp-json\/wp\/v2\/media\/105983"}],"wp:attachment":[{"href":"http:\/\/www.tvturk.com\/index.php\/wp-json\/wp\/v2\/media?parent=105982"}],"wp:term":[{"taxonomy":"category","embeddable":true,"href":"http:\/\/www.tvturk.com\/index.php\/wp-json\/wp\/v2\/categories?post=105982"},{"taxonomy":"post_tag","embeddable":true,"href":"http:\/\/www.tvturk.com\/index.php\/wp-json\/wp\/v2\/tags?post=105982"}],"curies":[{"name":"wp","href":"https:\/\/api.w.org\/{rel}","templated":true}]}}