{"id":106000,"date":"2019-03-21T11:53:58","date_gmt":"2019-03-21T08:53:58","guid":{"rendered":"http:\/\/www.tvturk.com\/index.php\/kocaelideki-abla-ve-kardesin-oldugu-feci-kazanin-goruntuleri-ortaya-cikti\/"},"modified":"2019-03-21T11:54:02","modified_gmt":"2019-03-21T08:54:02","slug":"kocaelideki-abla-ve-kardesin-oldugu-feci-kazanin-goruntuleri-ortaya-cikti","status":"publish","type":"post","link":"http:\/\/www.tvturk.com\/index.php\/kocaelideki-abla-ve-kardesin-oldugu-feci-kazanin-goruntuleri-ortaya-cikti\/","title":{"rendered":"Kocaeli\u2019deki abla ve karde\u015fin \u00f6ld\u00fc\u011f\u00fc feci kazan\u0131n g\u00f6r\u00fcnt\u00fcleri ortaya \u00e7\u0131kt\u0131"},"content":{"rendered":"<p>130 yolunda \u00e7elik bariyerlere \u00e7arparak hurdaya d\u00f6nen otomobildeki 2 ki\u015fi camdan yola f\u0131rlayarak feci \u015fekilde can verdi. Kaza an\u0131 ise g\u00fcvenlik kameralar\u0131na saniye saniye yans\u0131d\u0131.<\/p>\n<p>Kaza sabah saatlerinde \u0130zmit Sanayi Mahallesi mevki\u2019i D-130 Karayolu G\u00f6lc\u00fck istikametinde meydana geldi. Edinilen bilgiye g\u00f6re Ahmet Yi\u011fit(27) idaresindeki 34 DF 5206 plakal\u0131 otomobil, G\u00f6lc\u00fck istikametinde s\u00fcr\u00fcc\u00fcs\u00fcn\u00fcn kontrol\u00fcnden \u00e7\u0131karak yol kenar\u0131ndaki bariyerlere \u00e7arpt\u0131. \u00c7arpman\u0131n etkisiyle hurdaya d\u00f6nen arac\u0131n camlar\u0131ndan d\u0131\u015far\u0131ya f\u0131rlayan s\u00fcr\u00fcc\u00fc Ahmet Yi\u011fit ve ablas\u0131 Emine Yi\u011fit(31) yola d\u00fc\u015ft\u00fc. S\u00fcr\u00fcklenen otomobil ise Emine Yi\u011fit\u2019i alt\u0131na alarak durabildi.<\/p>\n<p>Abla ve karde\u015fi camdan f\u0131rlayarak hayat\u0131n\u0131 kaybetti<\/p>\n<p>Kazay\u0131 g\u00f6renlerin haber vermesi \u00fczerine olay yerine polis, itfaiye ve sa\u011fl\u0131k ekipleri sevk edildi. K\u0131sa s\u00fcrede olay yerine gelen sa\u011fl\u0131k ekiplerince yap\u0131lan incelemede ara\u00e7tan f\u0131rlayan Ahmet Yi\u011fit ve ablas\u0131 Emine Yi\u011fit\u2019in olay yerine hayat\u0131n\u0131 kaybetti\u011fi belirlendi. Daha sonra olay yerine gelen itfaiye ekiplerinin de yard\u0131m\u0131yla ara\u00e7 alt\u0131ndan \u00e7\u0131kar\u0131lan Emine Yi\u011fit ve karde\u015fi Ahmet Yi\u011fit\u2019in cenazeleri, olay yerine gelen savc\u0131 incelemesinin ard\u0131ndan morga kald\u0131r\u0131ld\u0131. Kazada hurdaya d\u00f6nen otomobil yoldan \u00e7ekici ile kald\u0131r\u0131l\u0131rken polis ekipleri kaza hakk\u0131nda inceleme ba\u015flatt\u0131.<\/p>\n<p>Kaza an\u0131 saniye saniye g\u00fcvenlik kameralar\u0131na yans\u0131d\u0131<\/p>\n<p>\u00d6te yandan kaza an\u0131 ise \u00e7evrede bulunan bir i\u015f yerinin g\u00fcvenlik kameralar\u0131na yans\u0131d\u0131. G\u00f6r\u00fcnt\u00fclerde h\u0131zla gelen otomobil, i\u015f yeri \u00f6n\u00fc ile yolu ay\u0131ran alandaki \u00e7elik bariyerlere \u00e7arp\u0131yor. \u00c7arpman\u0131n etkisiyle savrulan otomobil i\u00e7indeki iki ki\u015fi camdan f\u0131rlayarak yere d\u00fc\u015f\u00fcyor. Kazan otomobil ise Emine Yi\u011fit\u2019i alt\u0131na alarak durabiliyor.<div class=\"tiled-gallery type-rectangular tiled-gallery-unresized\" data-original-width=\"500\" data-carousel-extra='null' itemscope itemtype=\"http:\/\/schema.org\/ImageGallery\" > <div class=\"gallery-row\" style=\"width: 500px; height: 212px;\" data-original-width=\"500\" data-original-height=\"212\" > <div class=\"gallery-group images-1\" style=\"width: 334px; height: 212px;\" data-original-width=\"334\" data-original-height=\"212\" > <div class=\"tiled-gallery-item tiled-gallery-item-large\" itemprop=\"associatedMedia\" itemscope itemtype=\"http:\/\/schema.org\/ImageObject\"> <a href=\"http:\/\/www.tvturk.com\/index.php\/kocaelideki-abla-ve-kardesin-oldugu-feci-kazanin-goruntuleri-ortaya-cikti\/kocaelideki-abla-ve-kardesin-oldugu-feci-kazanin-goruntuleri-ortaya-cikti-3\/\" border=\"0\" itemprop=\"url\"> <meta itemprop=\"width\" content=\"330\"> <meta itemprop=\"height\" content=\"208\"> <img decoding=\"async\" class=\"\" data-attachment-id=\"106002\" data-orig-file=\"http:\/\/www.tvturk.com\/wp-content\/uploads\/2019\/03\/kocaelideki-abla-ve-kardesin-oldugu-feci-kazanin-goruntuleri-ortaya-cikti_f65e0b2.jpg\" data-orig-size=\"1000,630\" data-comments-opened=\"\" data-image-meta=\"{&quot;aperture&quot;:&quot;0&quot;,&quot;credit&quot;:&quot;IHA&quot;,&quot;camera&quot;:&quot;&quot;,&quot;caption&quot;:&quot;KOCAEL\\u0130\\u2019N\\u0130N \\u0130ZM\\u0130T \\u0130L\\u00c7ES\\u0130 D-130 YOLUNDA \\u00c7EL\\u0130K BAR\\u0130YERLERE \\u00c7ARPARAK HURDAYA D\\u00d6NEN OTOMOB\\u0130LDEK\\u0130 2 K\\u0130\\u015e\\u0130 CAMDAN YOLA FIRLAYARAK FEC\\u0130 \\u015eEK\\u0130LDE CAN VERD\\u0130. KAZA ANI \\u0130SE G\\u00dcVENL\\u0130K KAMERALARINA SAN\\u0130YE SAN\\u0130YE YANSIDI. (C\\u0130HAN AT\\u0130K\\\/KOCAEL\\u0130-\\u0130HA)&quot;,&quot;created_timestamp&quot;:&quot;0&quot;,&quot;copyright&quot;:&quot;\\u0130HLAS HABER AJANSI, www.iha.com.tr&quot;,&quot;focal_length&quot;:&quot;0&quot;,&quot;iso&quot;:&quot;0&quot;,&quot;shutter_speed&quot;:&quot;0&quot;,&quot;title&quot;:&quot;KOCAEL\\u0130\\u2019DEK\\u0130 ABLA VE KARDE\\u015e\\u0130N \\u00d6LD\\u00dc\\u011e\\u00dc FEC\\u0130 KAZANIN G\\u00d6R\\u00dcNT\\u00dcLER\\u0130 ORTAYA \\u00c7IKTI BAR\\u0130YERLERE \\u00c7ARPAN OTOMOB\\u0130LDEN FIRLAYAN ABLA VE KARDE\\u015e\\u0130 FEC\\u0130 \\u015eEK\\u0130LDE CAN VERD\\u0130&quot;,&quot;orientation&quot;:&quot;0&quot;}\" data-image-title=\"Kocaeli\u2019deki abla ve karde\u015fin \u00f6ld\u00fc\u011f\u00fc feci kazan\u0131n g\u00f6r\u00fcnt\u00fcleri ortaya \u00e7\u0131kt\u0131\" data-image-description=\"&lt;p&gt;Kocaeli\u2019deki abla ve karde\u015fin \u00f6ld\u00fc\u011f\u00fc feci kazan\u0131n g\u00f6r\u00fcnt\u00fcleri ortaya \u00e7\u0131kt\u0131&lt;\/p&gt; \" data-medium-file=\"https:\/\/i0.wp.com\/www.tvturk.com\/wp-content\/uploads\/2019\/03\/kocaelideki-abla-ve-kardesin-oldugu-feci-kazanin-goruntuleri-ortaya-cikti_f65e0b2.jpg?fit=300%2C189\" data-large-file=\"https:\/\/i0.wp.com\/www.tvturk.com\/wp-content\/uploads\/2019\/03\/kocaelideki-abla-ve-kardesin-oldugu-feci-kazanin-goruntuleri-ortaya-cikti_f65e0b2.jpg?fit=1000%2C630\" src=\"https:\/\/i0.wp.com\/www.tvturk.com\/wp-content\/uploads\/2019\/03\/kocaelideki-abla-ve-kardesin-oldugu-feci-kazanin-goruntuleri-ortaya-cikti_f65e0b2.jpg?w=330&#038;h=208\" srcset=\"https:\/\/i0.wp.com\/www.tvturk.com\/wp-content\/uploads\/2019\/03\/kocaelideki-abla-ve-kardesin-oldugu-feci-kazanin-goruntuleri-ortaya-cikti_f65e0b2.jpg?w=1000 1000w, https:\/\/i0.wp.com\/www.tvturk.com\/wp-content\/uploads\/2019\/03\/kocaelideki-abla-ve-kardesin-oldugu-feci-kazanin-goruntuleri-ortaya-cikti_f65e0b2.jpg?resize=150%2C95 150w, https:\/\/i0.wp.com\/www.tvturk.com\/wp-content\/uploads\/2019\/03\/kocaelideki-abla-ve-kardesin-oldugu-feci-kazanin-goruntuleri-ortaya-cikti_f65e0b2.jpg?resize=300%2C189 300w, https:\/\/i0.wp.com\/www.tvturk.com\/wp-content\/uploads\/2019\/03\/kocaelideki-abla-ve-kardesin-oldugu-feci-kazanin-goruntuleri-ortaya-cikti_f65e0b2.jpg?resize=768%2C484 768w, https:\/\/i0.wp.com\/www.tvturk.com\/wp-content\/uploads\/2019\/03\/kocaelideki-abla-ve-kardesin-oldugu-feci-kazanin-goruntuleri-ortaya-cikti_f65e0b2.jpg?resize=460%2C290 460w\" width=\"330\" height=\"208\" loading=\"lazy\" data-original-width=\"330\" data-original-height=\"208\" itemprop=\"http:\/\/schema.org\/image\" title=\"Kocaeli\u2019deki abla ve karde\u015fin \u00f6ld\u00fc\u011f\u00fc feci kazan\u0131n g\u00f6r\u00fcnt\u00fcleri ortaya \u00e7\u0131kt\u0131\" alt=\"Kocaeli\u2019deki abla ve karde\u015fin \u00f6ld\u00fc\u011f\u00fc feci kazan\u0131n g\u00f6r\u00fcnt\u00fcleri ortaya \u00e7\u0131kt\u0131\" style=\"width: 330px; height: 208px;\" \/> <\/a> <\/div> <\/div> <!-- close group --> <div class=\"gallery-group images-2\" style=\"width: 166px; height: 212px;\" data-original-width=\"166\" data-original-height=\"212\" > <div class=\"tiled-gallery-item tiled-gallery-item-small\" itemprop=\"associatedMedia\" itemscope itemtype=\"http:\/\/schema.org\/ImageObject\"> <a href=\"http:\/\/www.tvturk.com\/index.php\/kocaelideki-abla-ve-kardesin-oldugu-feci-kazanin-goruntuleri-ortaya-cikti\/kocaelideki-abla-ve-kardesin-oldugu-feci-kazanin-goruntuleri-ortaya-cikti-4\/\" border=\"0\" itemprop=\"url\"> <meta itemprop=\"width\" content=\"162\"> <meta itemprop=\"height\" content=\"106\"> <img decoding=\"async\" class=\"\" data-attachment-id=\"106003\" data-orig-file=\"http:\/\/www.tvturk.com\/wp-content\/uploads\/2019\/03\/kocaelideki-abla-ve-kardesin-oldugu-feci-kazanin-goruntuleri-ortaya-cikti_9e5f8b3.jpg\" data-orig-size=\"1000,656\" data-comments-opened=\"\" data-image-meta=\"{&quot;aperture&quot;:&quot;0&quot;,&quot;credit&quot;:&quot;IHA&quot;,&quot;camera&quot;:&quot;&quot;,&quot;caption&quot;:&quot;KOCAEL\\u0130\\u2019N\\u0130N \\u0130ZM\\u0130T \\u0130L\\u00c7ES\\u0130 D-130 YOLUNDA \\u00c7EL\\u0130K BAR\\u0130YERLERE \\u00c7ARPARAK HURDAYA D\\u00d6NEN OTOMOB\\u0130LDEK\\u0130 2 K\\u0130\\u015e\\u0130 CAMDAN YOLA FIRLAYARAK FEC\\u0130 \\u015eEK\\u0130LDE CAN VERD\\u0130. KAZA ANI \\u0130SE G\\u00dcVENL\\u0130K KAMERALARINA SAN\\u0130YE SAN\\u0130YE YANSIDI. (C\\u0130HAN AT\\u0130K\\\/KOCAEL\\u0130-\\u0130HA)&quot;,&quot;created_timestamp&quot;:&quot;0&quot;,&quot;copyright&quot;:&quot;\\u0130HLAS HABER AJANSI, www.iha.com.tr&quot;,&quot;focal_length&quot;:&quot;0&quot;,&quot;iso&quot;:&quot;0&quot;,&quot;shutter_speed&quot;:&quot;0&quot;,&quot;title&quot;:&quot;KOCAEL\\u0130\\u2019DEK\\u0130 ABLA VE KARDE\\u015e\\u0130N \\u00d6LD\\u00dc\\u011e\\u00dc FEC\\u0130 KAZANIN G\\u00d6R\\u00dcNT\\u00dcLER\\u0130 ORTAYA \\u00c7IKTI BAR\\u0130YERLERE \\u00c7ARPAN OTOMOB\\u0130LDEN FIRLAYAN ABLA VE KARDE\\u015e\\u0130 FEC\\u0130 \\u015eEK\\u0130LDE CAN VERD\\u0130&quot;,&quot;orientation&quot;:&quot;0&quot;}\" data-image-title=\"Kocaeli\u2019deki abla ve karde\u015fin \u00f6ld\u00fc\u011f\u00fc feci kazan\u0131n g\u00f6r\u00fcnt\u00fcleri ortaya \u00e7\u0131kt\u0131\" data-image-description=\"&lt;p&gt;Kocaeli\u2019deki abla ve karde\u015fin \u00f6ld\u00fc\u011f\u00fc feci kazan\u0131n g\u00f6r\u00fcnt\u00fcleri ortaya \u00e7\u0131kt\u0131&lt;\/p&gt; \" data-medium-file=\"https:\/\/i0.wp.com\/www.tvturk.com\/wp-content\/uploads\/2019\/03\/kocaelideki-abla-ve-kardesin-oldugu-feci-kazanin-goruntuleri-ortaya-cikti_9e5f8b3.jpg?fit=300%2C197\" data-large-file=\"https:\/\/i0.wp.com\/www.tvturk.com\/wp-content\/uploads\/2019\/03\/kocaelideki-abla-ve-kardesin-oldugu-feci-kazanin-goruntuleri-ortaya-cikti_9e5f8b3.jpg?fit=1000%2C656\" src=\"https:\/\/i0.wp.com\/www.tvturk.com\/wp-content\/uploads\/2019\/03\/kocaelideki-abla-ve-kardesin-oldugu-feci-kazanin-goruntuleri-ortaya-cikti_9e5f8b3.jpg?w=162&#038;h=106\" srcset=\"https:\/\/i0.wp.com\/www.tvturk.com\/wp-content\/uploads\/2019\/03\/kocaelideki-abla-ve-kardesin-oldugu-feci-kazanin-goruntuleri-ortaya-cikti_9e5f8b3.jpg?w=1000 1000w, https:\/\/i0.wp.com\/www.tvturk.com\/wp-content\/uploads\/2019\/03\/kocaelideki-abla-ve-kardesin-oldugu-feci-kazanin-goruntuleri-ortaya-cikti_9e5f8b3.jpg?resize=150%2C98 150w, https:\/\/i0.wp.com\/www.tvturk.com\/wp-content\/uploads\/2019\/03\/kocaelideki-abla-ve-kardesin-oldugu-feci-kazanin-goruntuleri-ortaya-cikti_9e5f8b3.jpg?resize=300%2C197 300w, https:\/\/i0.wp.com\/www.tvturk.com\/wp-content\/uploads\/2019\/03\/kocaelideki-abla-ve-kardesin-oldugu-feci-kazanin-goruntuleri-ortaya-cikti_9e5f8b3.jpg?resize=768%2C504 768w, https:\/\/i0.wp.com\/www.tvturk.com\/wp-content\/uploads\/2019\/03\/kocaelideki-abla-ve-kardesin-oldugu-feci-kazanin-goruntuleri-ortaya-cikti_9e5f8b3.jpg?resize=510%2C330 510w, https:\/\/i0.wp.com\/www.tvturk.com\/wp-content\/uploads\/2019\/03\/kocaelideki-abla-ve-kardesin-oldugu-feci-kazanin-goruntuleri-ortaya-cikti_9e5f8b3.jpg?resize=120%2C80 120w\" width=\"162\" height=\"106\" loading=\"lazy\" data-original-width=\"162\" data-original-height=\"106\" itemprop=\"http:\/\/schema.org\/image\" title=\"Kocaeli\u2019deki abla ve karde\u015fin \u00f6ld\u00fc\u011f\u00fc feci kazan\u0131n g\u00f6r\u00fcnt\u00fcleri ortaya \u00e7\u0131kt\u0131\" alt=\"Kocaeli\u2019deki abla ve karde\u015fin \u00f6ld\u00fc\u011f\u00fc feci kazan\u0131n g\u00f6r\u00fcnt\u00fcleri ortaya \u00e7\u0131kt\u0131\" style=\"width: 162px; height: 106px;\" \/> <\/a> <\/div> <div class=\"tiled-gallery-item tiled-gallery-item-small\" itemprop=\"associatedMedia\" itemscope itemtype=\"http:\/\/schema.org\/ImageObject\"> <a href=\"http:\/\/www.tvturk.com\/index.php\/kocaelideki-abla-ve-kardesin-oldugu-feci-kazanin-goruntuleri-ortaya-cikti\/kocaelideki-abla-ve-kardesin-oldugu-feci-kazanin-goruntuleri-ortaya-cikti-5\/\" border=\"0\" itemprop=\"url\"> <meta itemprop=\"width\" content=\"162\"> <meta itemprop=\"height\" content=\"98\"> <img decoding=\"async\" class=\"\" data-attachment-id=\"106004\" data-orig-file=\"http:\/\/www.tvturk.com\/wp-content\/uploads\/2019\/03\/kocaelideki-abla-ve-kardesin-oldugu-feci-kazanin-goruntuleri-ortaya-cikti_2f1c460.jpg\" data-orig-size=\"1000,604\" data-comments-opened=\"\" data-image-meta=\"{&quot;aperture&quot;:&quot;0&quot;,&quot;credit&quot;:&quot;IHA&quot;,&quot;camera&quot;:&quot;&quot;,&quot;caption&quot;:&quot;KOCAEL\\u0130\\u2019N\\u0130N \\u0130ZM\\u0130T \\u0130L\\u00c7ES\\u0130 D-130 YOLUNDA \\u00c7EL\\u0130K BAR\\u0130YERLERE \\u00c7ARPARAK HURDAYA D\\u00d6NEN OTOMOB\\u0130LDEK\\u0130 2 K\\u0130\\u015e\\u0130 CAMDAN YOLA FIRLAYARAK FEC\\u0130 \\u015eEK\\u0130LDE CAN VERD\\u0130. KAZA ANI \\u0130SE G\\u00dcVENL\\u0130K KAMERALARINA SAN\\u0130YE SAN\\u0130YE YANSIDI. (C\\u0130HAN AT\\u0130K\\\/KOCAEL\\u0130-\\u0130HA)&quot;,&quot;created_timestamp&quot;:&quot;0&quot;,&quot;copyright&quot;:&quot;\\u0130HLAS HABER AJANSI, www.iha.com.tr&quot;,&quot;focal_length&quot;:&quot;0&quot;,&quot;iso&quot;:&quot;0&quot;,&quot;shutter_speed&quot;:&quot;0&quot;,&quot;title&quot;:&quot;KOCAEL\\u0130\\u2019DEK\\u0130 ABLA VE KARDE\\u015e\\u0130N \\u00d6LD\\u00dc\\u011e\\u00dc FEC\\u0130 KAZANIN G\\u00d6R\\u00dcNT\\u00dcLER\\u0130 ORTAYA \\u00c7IKTI BAR\\u0130YERLERE \\u00c7ARPAN OTOMOB\\u0130LDEN FIRLAYAN ABLA VE KARDE\\u015e\\u0130 FEC\\u0130 \\u015eEK\\u0130LDE CAN VERD\\u0130&quot;,&quot;orientation&quot;:&quot;0&quot;}\" data-image-title=\"Kocaeli\u2019deki abla ve karde\u015fin \u00f6ld\u00fc\u011f\u00fc feci kazan\u0131n g\u00f6r\u00fcnt\u00fcleri ortaya \u00e7\u0131kt\u0131\" data-image-description=\"&lt;p&gt;Kocaeli\u2019deki abla ve karde\u015fin \u00f6ld\u00fc\u011f\u00fc feci kazan\u0131n g\u00f6r\u00fcnt\u00fcleri ortaya \u00e7\u0131kt\u0131&lt;\/p&gt; \" data-medium-file=\"https:\/\/i0.wp.com\/www.tvturk.com\/wp-content\/uploads\/2019\/03\/kocaelideki-abla-ve-kardesin-oldugu-feci-kazanin-goruntuleri-ortaya-cikti_2f1c460.jpg?fit=300%2C181\" data-large-file=\"https:\/\/i0.wp.com\/www.tvturk.com\/wp-content\/uploads\/2019\/03\/kocaelideki-abla-ve-kardesin-oldugu-feci-kazanin-goruntuleri-ortaya-cikti_2f1c460.jpg?fit=1000%2C604\" src=\"https:\/\/i0.wp.com\/www.tvturk.com\/wp-content\/uploads\/2019\/03\/kocaelideki-abla-ve-kardesin-oldugu-feci-kazanin-goruntuleri-ortaya-cikti_2f1c460.jpg?w=162&#038;h=98\" srcset=\"https:\/\/i0.wp.com\/www.tvturk.com\/wp-content\/uploads\/2019\/03\/kocaelideki-abla-ve-kardesin-oldugu-feci-kazanin-goruntuleri-ortaya-cikti_2f1c460.jpg?w=1000 1000w, https:\/\/i0.wp.com\/www.tvturk.com\/wp-content\/uploads\/2019\/03\/kocaelideki-abla-ve-kardesin-oldugu-feci-kazanin-goruntuleri-ortaya-cikti_2f1c460.jpg?resize=150%2C91 150w, https:\/\/i0.wp.com\/www.tvturk.com\/wp-content\/uploads\/2019\/03\/kocaelideki-abla-ve-kardesin-oldugu-feci-kazanin-goruntuleri-ortaya-cikti_2f1c460.jpg?resize=300%2C181 300w, https:\/\/i0.wp.com\/www.tvturk.com\/wp-content\/uploads\/2019\/03\/kocaelideki-abla-ve-kardesin-oldugu-feci-kazanin-goruntuleri-ortaya-cikti_2f1c460.jpg?resize=768%2C464 768w, https:\/\/i0.wp.com\/www.tvturk.com\/wp-content\/uploads\/2019\/03\/kocaelideki-abla-ve-kardesin-oldugu-feci-kazanin-goruntuleri-ortaya-cikti_2f1c460.jpg?resize=187%2C113 187w\" width=\"162\" height=\"98\" loading=\"lazy\" data-original-width=\"162\" data-original-height=\"98\" itemprop=\"http:\/\/schema.org\/image\" title=\"Kocaeli\u2019deki abla ve karde\u015fin \u00f6ld\u00fc\u011f\u00fc feci kazan\u0131n g\u00f6r\u00fcnt\u00fcleri ortaya \u00e7\u0131kt\u0131\" alt=\"Kocaeli\u2019deki abla ve karde\u015fin \u00f6ld\u00fc\u011f\u00fc feci kazan\u0131n g\u00f6r\u00fcnt\u00fcleri ortaya \u00e7\u0131kt\u0131\" style=\"width: 162px; height: 98px;\" \/> <\/a> <\/div> <\/div> <!-- close group --> <\/div> <!-- close row --> <div class=\"gallery-row\" style=\"width: 500px; height: 338px;\" data-original-width=\"500\" data-original-height=\"338\" > <div class=\"gallery-group images-2\" style=\"width: 262px; height: 338px;\" data-original-width=\"262\" data-original-height=\"338\" > <div class=\"tiled-gallery-item tiled-gallery-item-large\" itemprop=\"associatedMedia\" itemscope itemtype=\"http:\/\/schema.org\/ImageObject\"> <a href=\"http:\/\/www.tvturk.com\/index.php\/kocaelideki-abla-ve-kardesin-oldugu-feci-kazanin-goruntuleri-ortaya-cikti\/kocaelideki-abla-ve-kardesin-oldugu-feci-kazanin-goruntuleri-ortaya-cikti-6\/\" border=\"0\" itemprop=\"url\"> <meta itemprop=\"width\" content=\"258\"> <meta itemprop=\"height\" content=\"158\"> <img decoding=\"async\" class=\"\" data-attachment-id=\"106005\" data-orig-file=\"http:\/\/www.tvturk.com\/wp-content\/uploads\/2019\/03\/kocaelideki-abla-ve-kardesin-oldugu-feci-kazanin-goruntuleri-ortaya-cikti_aa1b81b.jpg\" data-orig-size=\"1000,611\" data-comments-opened=\"\" data-image-meta=\"{&quot;aperture&quot;:&quot;0&quot;,&quot;credit&quot;:&quot;IHA&quot;,&quot;camera&quot;:&quot;&quot;,&quot;caption&quot;:&quot;KOCAEL\\u0130\\u2019N\\u0130N \\u0130ZM\\u0130T \\u0130L\\u00c7ES\\u0130 D-130 YOLUNDA \\u00c7EL\\u0130K BAR\\u0130YERLERE \\u00c7ARPARAK HURDAYA D\\u00d6NEN OTOMOB\\u0130LDEK\\u0130 2 K\\u0130\\u015e\\u0130 CAMDAN YOLA FIRLAYARAK FEC\\u0130 \\u015eEK\\u0130LDE CAN VERD\\u0130. KAZA ANI \\u0130SE G\\u00dcVENL\\u0130K KAMERALARINA SAN\\u0130YE SAN\\u0130YE YANSIDI. (C\\u0130HAN AT\\u0130K\\\/KOCAEL\\u0130-\\u0130HA)&quot;,&quot;created_timestamp&quot;:&quot;0&quot;,&quot;copyright&quot;:&quot;\\u0130HLAS HABER AJANSI, www.iha.com.tr&quot;,&quot;focal_length&quot;:&quot;0&quot;,&quot;iso&quot;:&quot;0&quot;,&quot;shutter_speed&quot;:&quot;0&quot;,&quot;title&quot;:&quot;KOCAEL\\u0130\\u2019DEK\\u0130 ABLA VE KARDE\\u015e\\u0130N \\u00d6LD\\u00dc\\u011e\\u00dc FEC\\u0130 KAZANIN G\\u00d6R\\u00dcNT\\u00dcLER\\u0130 ORTAYA \\u00c7IKTI BAR\\u0130YERLERE \\u00c7ARPAN OTOMOB\\u0130LDEN FIRLAYAN ABLA VE KARDE\\u015e\\u0130 FEC\\u0130 \\u015eEK\\u0130LDE CAN VERD\\u0130&quot;,&quot;orientation&quot;:&quot;0&quot;}\" data-image-title=\"Kocaeli\u2019deki abla ve karde\u015fin \u00f6ld\u00fc\u011f\u00fc feci kazan\u0131n g\u00f6r\u00fcnt\u00fcleri ortaya \u00e7\u0131kt\u0131\" data-image-description=\"&lt;p&gt;Kocaeli\u2019deki abla ve karde\u015fin \u00f6ld\u00fc\u011f\u00fc feci kazan\u0131n g\u00f6r\u00fcnt\u00fcleri ortaya \u00e7\u0131kt\u0131&lt;\/p&gt; \" data-medium-file=\"https:\/\/i0.wp.com\/www.tvturk.com\/wp-content\/uploads\/2019\/03\/kocaelideki-abla-ve-kardesin-oldugu-feci-kazanin-goruntuleri-ortaya-cikti_aa1b81b.jpg?fit=300%2C183\" data-large-file=\"https:\/\/i0.wp.com\/www.tvturk.com\/wp-content\/uploads\/2019\/03\/kocaelideki-abla-ve-kardesin-oldugu-feci-kazanin-goruntuleri-ortaya-cikti_aa1b81b.jpg?fit=1000%2C611\" src=\"https:\/\/i0.wp.com\/www.tvturk.com\/wp-content\/uploads\/2019\/03\/kocaelideki-abla-ve-kardesin-oldugu-feci-kazanin-goruntuleri-ortaya-cikti_aa1b81b.jpg?w=258&#038;h=158\" srcset=\"https:\/\/i0.wp.com\/www.tvturk.com\/wp-content\/uploads\/2019\/03\/kocaelideki-abla-ve-kardesin-oldugu-feci-kazanin-goruntuleri-ortaya-cikti_aa1b81b.jpg?w=1000 1000w, https:\/\/i0.wp.com\/www.tvturk.com\/wp-content\/uploads\/2019\/03\/kocaelideki-abla-ve-kardesin-oldugu-feci-kazanin-goruntuleri-ortaya-cikti_aa1b81b.jpg?resize=150%2C92 150w, https:\/\/i0.wp.com\/www.tvturk.com\/wp-content\/uploads\/2019\/03\/kocaelideki-abla-ve-kardesin-oldugu-feci-kazanin-goruntuleri-ortaya-cikti_aa1b81b.jpg?resize=300%2C183 300w, https:\/\/i0.wp.com\/www.tvturk.com\/wp-content\/uploads\/2019\/03\/kocaelideki-abla-ve-kardesin-oldugu-feci-kazanin-goruntuleri-ortaya-cikti_aa1b81b.jpg?resize=768%2C469 768w, https:\/\/i0.wp.com\/www.tvturk.com\/wp-content\/uploads\/2019\/03\/kocaelideki-abla-ve-kardesin-oldugu-feci-kazanin-goruntuleri-ortaya-cikti_aa1b81b.jpg?resize=243%2C150 243w\" width=\"258\" height=\"158\" loading=\"lazy\" data-original-width=\"258\" data-original-height=\"158\" itemprop=\"http:\/\/schema.org\/image\" title=\"Kocaeli\u2019deki abla ve karde\u015fin \u00f6ld\u00fc\u011f\u00fc feci kazan\u0131n g\u00f6r\u00fcnt\u00fcleri ortaya \u00e7\u0131kt\u0131\" alt=\"Kocaeli\u2019deki abla ve karde\u015fin \u00f6ld\u00fc\u011f\u00fc feci kazan\u0131n g\u00f6r\u00fcnt\u00fcleri ortaya \u00e7\u0131kt\u0131\" style=\"width: 258px; height: 158px;\" \/> <\/a> <\/div> <div class=\"tiled-gallery-item tiled-gallery-item-large\" itemprop=\"associatedMedia\" itemscope itemtype=\"http:\/\/schema.org\/ImageObject\"> <a href=\"http:\/\/www.tvturk.com\/index.php\/kocaelideki-abla-ve-kardesin-oldugu-feci-kazanin-goruntuleri-ortaya-cikti\/kocaelideki-abla-ve-kardesin-oldugu-feci-kazanin-goruntuleri-ortaya-cikti-7\/\" border=\"0\" itemprop=\"url\"> <meta itemprop=\"width\" content=\"258\"> <meta itemprop=\"height\" content=\"172\"> <img decoding=\"async\" class=\"\" data-attachment-id=\"106006\" data-orig-file=\"http:\/\/www.tvturk.com\/wp-content\/uploads\/2019\/03\/kocaelideki-abla-ve-kardesin-oldugu-feci-kazanin-goruntuleri-ortaya-cikti_8a43b24.jpg\" data-orig-size=\"1000,666\" data-comments-opened=\"\" data-image-meta=\"{&quot;aperture&quot;:&quot;0&quot;,&quot;credit&quot;:&quot;IHA&quot;,&quot;camera&quot;:&quot;&quot;,&quot;caption&quot;:&quot;KOCAEL\\u0130\\u2019N\\u0130N \\u0130ZM\\u0130T \\u0130L\\u00c7ES\\u0130 D-130 YOLUNDA \\u00c7EL\\u0130K BAR\\u0130YERLERE \\u00c7ARPARAK HURDAYA D\\u00d6NEN OTOMOB\\u0130LDEK\\u0130 2 K\\u0130\\u015e\\u0130 CAMDAN YOLA FIRLAYARAK FEC\\u0130 \\u015eEK\\u0130LDE CAN VERD\\u0130. KAZA ANI \\u0130SE G\\u00dcVENL\\u0130K KAMERALARINA SAN\\u0130YE SAN\\u0130YE YANSIDI. (C\\u0130HAN AT\\u0130K\\\/KOCAEL\\u0130-\\u0130HA)&quot;,&quot;created_timestamp&quot;:&quot;0&quot;,&quot;copyright&quot;:&quot;\\u0130HLAS HABER AJANSI, www.iha.com.tr&quot;,&quot;focal_length&quot;:&quot;0&quot;,&quot;iso&quot;:&quot;0&quot;,&quot;shutter_speed&quot;:&quot;0&quot;,&quot;title&quot;:&quot;KOCAEL\\u0130\\u2019DEK\\u0130 ABLA VE KARDE\\u015e\\u0130N \\u00d6LD\\u00dc\\u011e\\u00dc FEC\\u0130 KAZANIN G\\u00d6R\\u00dcNT\\u00dcLER\\u0130 ORTAYA \\u00c7IKTI BAR\\u0130YERLERE \\u00c7ARPAN OTOMOB\\u0130LDEN FIRLAYAN ABLA VE KARDE\\u015e\\u0130 FEC\\u0130 \\u015eEK\\u0130LDE CAN VERD\\u0130&quot;,&quot;orientation&quot;:&quot;0&quot;}\" data-image-title=\"Kocaeli\u2019deki abla ve karde\u015fin \u00f6ld\u00fc\u011f\u00fc feci kazan\u0131n g\u00f6r\u00fcnt\u00fcleri ortaya \u00e7\u0131kt\u0131\" data-image-description=\"&lt;p&gt;Kocaeli\u2019deki abla ve karde\u015fin \u00f6ld\u00fc\u011f\u00fc feci kazan\u0131n g\u00f6r\u00fcnt\u00fcleri ortaya \u00e7\u0131kt\u0131&lt;\/p&gt; \" data-medium-file=\"https:\/\/i0.wp.com\/www.tvturk.com\/wp-content\/uploads\/2019\/03\/kocaelideki-abla-ve-kardesin-oldugu-feci-kazanin-goruntuleri-ortaya-cikti_8a43b24.jpg?fit=300%2C200\" data-large-file=\"https:\/\/i0.wp.com\/www.tvturk.com\/wp-content\/uploads\/2019\/03\/kocaelideki-abla-ve-kardesin-oldugu-feci-kazanin-goruntuleri-ortaya-cikti_8a43b24.jpg?fit=1000%2C666\" src=\"https:\/\/i0.wp.com\/www.tvturk.com\/wp-content\/uploads\/2019\/03\/kocaelideki-abla-ve-kardesin-oldugu-feci-kazanin-goruntuleri-ortaya-cikti_8a43b24.jpg?w=258&#038;h=172\" srcset=\"https:\/\/i0.wp.com\/www.tvturk.com\/wp-content\/uploads\/2019\/03\/kocaelideki-abla-ve-kardesin-oldugu-feci-kazanin-goruntuleri-ortaya-cikti_8a43b24.jpg?w=1000 1000w, https:\/\/i0.wp.com\/www.tvturk.com\/wp-content\/uploads\/2019\/03\/kocaelideki-abla-ve-kardesin-oldugu-feci-kazanin-goruntuleri-ortaya-cikti_8a43b24.jpg?resize=150%2C100 150w, https:\/\/i0.wp.com\/www.tvturk.com\/wp-content\/uploads\/2019\/03\/kocaelideki-abla-ve-kardesin-oldugu-feci-kazanin-goruntuleri-ortaya-cikti_8a43b24.jpg?resize=300%2C200 300w, https:\/\/i0.wp.com\/www.tvturk.com\/wp-content\/uploads\/2019\/03\/kocaelideki-abla-ve-kardesin-oldugu-feci-kazanin-goruntuleri-ortaya-cikti_8a43b24.jpg?resize=768%2C511 768w, https:\/\/i0.wp.com\/www.tvturk.com\/wp-content\/uploads\/2019\/03\/kocaelideki-abla-ve-kardesin-oldugu-feci-kazanin-goruntuleri-ortaya-cikti_8a43b24.jpg?resize=170%2C113 170w, https:\/\/i0.wp.com\/www.tvturk.com\/wp-content\/uploads\/2019\/03\/kocaelideki-abla-ve-kardesin-oldugu-feci-kazanin-goruntuleri-ortaya-cikti_8a43b24.jpg?resize=120%2C80 120w\" width=\"258\" height=\"172\" loading=\"lazy\" data-original-width=\"258\" data-original-height=\"172\" itemprop=\"http:\/\/schema.org\/image\" title=\"Kocaeli\u2019deki abla ve karde\u015fin \u00f6ld\u00fc\u011f\u00fc feci kazan\u0131n g\u00f6r\u00fcnt\u00fcleri ortaya \u00e7\u0131kt\u0131\" alt=\"Kocaeli\u2019deki abla ve karde\u015fin \u00f6ld\u00fc\u011f\u00fc feci kazan\u0131n g\u00f6r\u00fcnt\u00fcleri ortaya \u00e7\u0131kt\u0131\" style=\"width: 258px; height: 172px;\" \/> <\/a> <\/div> <\/div> <!-- close group --> <div class=\"gallery-group images-1\" style=\"width: 238px; height: 338px;\" data-original-width=\"238\" data-original-height=\"338\" > <div class=\"tiled-gallery-item tiled-gallery-item-small\" itemprop=\"associatedMedia\" itemscope itemtype=\"http:\/\/schema.org\/ImageObject\"> <a href=\"http:\/\/www.tvturk.com\/index.php\/kocaelideki-abla-ve-kardesin-oldugu-feci-kazanin-goruntuleri-ortaya-cikti\/kocaelideki-abla-ve-kardesin-oldugu-feci-kazanin-goruntuleri-ortaya-cikti-8\/\" border=\"0\" itemprop=\"url\"> <meta itemprop=\"width\" content=\"234\"> <meta itemprop=\"height\" content=\"334\"> <img decoding=\"async\" class=\"\" data-attachment-id=\"106007\" data-orig-file=\"http:\/\/www.tvturk.com\/wp-content\/uploads\/2019\/03\/kocaelideki-abla-ve-kardesin-oldugu-feci-kazanin-goruntuleri-ortaya-cikti_95e1bf9.jpg\" data-orig-size=\"700,1000\" data-comments-opened=\"\" data-image-meta=\"{&quot;aperture&quot;:&quot;0&quot;,&quot;credit&quot;:&quot;IHA&quot;,&quot;camera&quot;:&quot;&quot;,&quot;caption&quot;:&quot;KISA S\\u00dcREDE OLAY YER\\u0130NE GELEN SA\\u011eLIK EK\\u0130PLER\\u0130NCE YAPILAN \\u0130NCELEMEDE ARA\\u00c7TAN FIRLAYAN AHMET Y\\u0130\\u011e\\u0130T (FOTO\\u011eRAFTAK\\u0130) VE ABLASI EM\\u0130NE Y\\u0130\\u011e\\u0130T\\u2019\\u0130N OLAY YER\\u0130NE HAYATINI KAYBETT\\u0130\\u011e\\u0130 BEL\\u0130RLEND\\u0130. (C\\u0130HAN AT\\u0130K\\\/KOCAEL\\u0130-\\u0130HA)&quot;,&quot;created_timestamp&quot;:&quot;0&quot;,&quot;copyright&quot;:&quot;\\u0130HLAS HABER AJANSI, www.iha.com.tr&quot;,&quot;focal_length&quot;:&quot;0&quot;,&quot;iso&quot;:&quot;0&quot;,&quot;shutter_speed&quot;:&quot;0&quot;,&quot;title&quot;:&quot;KOCAEL\\u0130\\u2019DEK\\u0130 ABLA VE KARDE\\u015e\\u0130N \\u00d6LD\\u00dc\\u011e\\u00dc FEC\\u0130 KAZANIN G\\u00d6R\\u00dcNT\\u00dcLER\\u0130 ORTAYA \\u00c7IKTI BAR\\u0130YERLERE \\u00c7ARPAN OTOMOB\\u0130LDEN FIRLAYAN ABLA VE KARDE\\u015e\\u0130 FEC\\u0130 \\u015eEK\\u0130LDE CAN VERD\\u0130&quot;,&quot;orientation&quot;:&quot;0&quot;}\" data-image-title=\"Kocaeli\u2019deki abla ve karde\u015fin \u00f6ld\u00fc\u011f\u00fc feci kazan\u0131n g\u00f6r\u00fcnt\u00fcleri ortaya \u00e7\u0131kt\u0131\" data-image-description=\"&lt;p&gt;Kocaeli\u2019deki abla ve karde\u015fin \u00f6ld\u00fc\u011f\u00fc feci kazan\u0131n g\u00f6r\u00fcnt\u00fcleri ortaya \u00e7\u0131kt\u0131&lt;\/p&gt; \" data-medium-file=\"https:\/\/i0.wp.com\/www.tvturk.com\/wp-content\/uploads\/2019\/03\/kocaelideki-abla-ve-kardesin-oldugu-feci-kazanin-goruntuleri-ortaya-cikti_95e1bf9.jpg?fit=210%2C300\" data-large-file=\"https:\/\/i0.wp.com\/www.tvturk.com\/wp-content\/uploads\/2019\/03\/kocaelideki-abla-ve-kardesin-oldugu-feci-kazanin-goruntuleri-ortaya-cikti_95e1bf9.jpg?fit=700%2C1000\" src=\"https:\/\/i0.wp.com\/www.tvturk.com\/wp-content\/uploads\/2019\/03\/kocaelideki-abla-ve-kardesin-oldugu-feci-kazanin-goruntuleri-ortaya-cikti_95e1bf9.jpg?w=234&#038;h=334\" srcset=\"https:\/\/i0.wp.com\/www.tvturk.com\/wp-content\/uploads\/2019\/03\/kocaelideki-abla-ve-kardesin-oldugu-feci-kazanin-goruntuleri-ortaya-cikti_95e1bf9.jpg?w=700 700w, https:\/\/i0.wp.com\/www.tvturk.com\/wp-content\/uploads\/2019\/03\/kocaelideki-abla-ve-kardesin-oldugu-feci-kazanin-goruntuleri-ortaya-cikti_95e1bf9.jpg?resize=105%2C150 105w, https:\/\/i0.wp.com\/www.tvturk.com\/wp-content\/uploads\/2019\/03\/kocaelideki-abla-ve-kardesin-oldugu-feci-kazanin-goruntuleri-ortaya-cikti_95e1bf9.jpg?resize=210%2C300 210w\" width=\"234\" height=\"334\" loading=\"lazy\" data-original-width=\"234\" data-original-height=\"334\" itemprop=\"http:\/\/schema.org\/image\" title=\"Kocaeli\u2019deki abla ve karde\u015fin \u00f6ld\u00fc\u011f\u00fc feci kazan\u0131n g\u00f6r\u00fcnt\u00fcleri ortaya \u00e7\u0131kt\u0131\" alt=\"Kocaeli\u2019deki abla ve karde\u015fin \u00f6ld\u00fc\u011f\u00fc feci kazan\u0131n g\u00f6r\u00fcnt\u00fcleri ortaya \u00e7\u0131kt\u0131\" style=\"width: 234px; height: 334px;\" \/> <\/a> <\/div> <\/div> <!-- close group --> <\/div> <!-- close row --> <\/div><\/p>\n","protected":false},"excerpt":{"rendered":"<p>KOCAEL\u0130\u2019N\u0130N \u0130ZM\u0130T \u0130L\u00c7ES\u0130 D-130 YOLUNDA \u00c7EL\u0130K BAR\u0130YERLERE \u00c7ARPARAK HURDAYA D\u00d6NEN OTOMOB\u0130LDEK\u0130 2 K\u0130\u015e\u0130 CAMDAN YOLA FIRLAYARAK FEC\u0130 \u015eEK\u0130LDE CAN VERD\u0130. KAZA ANI \u0130SE G\u00dcVENL\u0130K KAMERALARINA SAN\u0130YE SAN\u0130YE YANSIDI.<\/p>\n","protected":false},"author":1,"featured_media":106001,"comment_status":"closed","ping_status":"open","sticky":false,"template":"","format":"standard","meta":{"jetpack_post_was_ever_published":false,"_jetpack_newsletter_access":"","_jetpack_dont_email_post_to_subs":false,"_jetpack_newsletter_tier_id":0,"_jetpack_memberships_contains_paywalled_content":false,"_jetpack_memberships_contains_paid_content":false,"footnotes":"","jetpack_publicize_message":"","jetpack_publicize_feature_enabled":true,"jetpack_social_post_already_shared":true,"jetpack_social_options":{"image_generator_settings":{"template":"highway","default_image_id":0,"font":"","enabled":false},"version":2}},"categories":[655],"tags":[25469,1202,2340,8844,26839,8843,6861,1974,1201],"class_list":["post-106000","post","type-post","status-publish","format-standard","has-post-thumbnail","hentry","category-son-dakika","tag-abla","tag-cikti","tag-feci","tag-goruntuleri","tag-kardesin","tag-kazanin","tag-kocaelideki","tag-oldugu","tag-ortaya"],"jetpack_publicize_connections":[],"jetpack_featured_media_url":"https:\/\/i0.wp.com\/www.tvturk.com\/wp-content\/uploads\/2019\/03\/kocaelideki-abla-ve-kardesin-oldugu-feci-kazanin-goruntuleri-ortaya-cikti_eceee76.jpg?fit=657%2C329","jetpack_sharing_enabled":true,"jetpack_shortlink":"https:\/\/wp.me\/paKIfm-rzG","_links":{"self":[{"href":"http:\/\/www.tvturk.com\/index.php\/wp-json\/wp\/v2\/posts\/106000","targetHints":{"allow":["GET"]}}],"collection":[{"href":"http:\/\/www.tvturk.com\/index.php\/wp-json\/wp\/v2\/posts"}],"about":[{"href":"http:\/\/www.tvturk.com\/index.php\/wp-json\/wp\/v2\/types\/post"}],"author":[{"embeddable":true,"href":"http:\/\/www.tvturk.com\/index.php\/wp-json\/wp\/v2\/users\/1"}],"replies":[{"embeddable":true,"href":"http:\/\/www.tvturk.com\/index.php\/wp-json\/wp\/v2\/comments?post=106000"}],"version-history":[{"count":1,"href":"http:\/\/www.tvturk.com\/index.php\/wp-json\/wp\/v2\/posts\/106000\/revisions"}],"predecessor-version":[{"id":106008,"href":"http:\/\/www.tvturk.com\/index.php\/wp-json\/wp\/v2\/posts\/106000\/revisions\/106008"}],"wp:featuredmedia":[{"embeddable":true,"href":"http:\/\/www.tvturk.com\/index.php\/wp-json\/wp\/v2\/media\/106001"}],"wp:attachment":[{"href":"http:\/\/www.tvturk.com\/index.php\/wp-json\/wp\/v2\/media?parent=106000"}],"wp:term":[{"taxonomy":"category","embeddable":true,"href":"http:\/\/www.tvturk.com\/index.php\/wp-json\/wp\/v2\/categories?post=106000"},{"taxonomy":"post_tag","embeddable":true,"href":"http:\/\/www.tvturk.com\/index.php\/wp-json\/wp\/v2\/tags?post=106000"}],"curies":[{"name":"wp","href":"https:\/\/api.w.org\/{rel}","templated":true}]}}