{"id":10605,"date":"2019-02-08T09:08:03","date_gmt":"2019-02-08T06:08:03","guid":{"rendered":"http:\/\/www.tvturk.com\/index.php\/teknokent-binasinin-ihalesi-27-subatta-yapilacak\/"},"modified":"2019-02-08T09:38:26","modified_gmt":"2019-02-08T06:38:26","slug":"teknokent-binasinin-ihalesi-27-subatta-yapilacak","status":"publish","type":"post","link":"http:\/\/www.tvturk.com\/index.php\/teknokent-binasinin-ihalesi-27-subatta-yapilacak\/","title":{"rendered":"TEKNOKENT binas\u0131n\u0131n ihalesi 27 \u015eubat\u2019ta yap\u0131lacak"},"content":{"rendered":"<p>Kastamonu Belediye Ba\u015fkan\u0131 Tahsin Baba\u015f, Kastamonu \u00dcniversitesi Rekt\u00f6r\u00fc Prof. Dr. Seyit Ayd\u0131n\u2019\u0131 ziyaret etti. Ziyarette konu\u015fan Ba\u015fkan Baba\u015f, TEKNOKENT\u2019in Kastamonu i\u00e7in b\u00fcy\u00fck \u00f6neme sahip oldu\u011funu ve 27 \u015eubat\u2019ta bina ihalesinin yap\u0131laca\u011f\u0131n\u0131 kaydetti.<\/p>\n<p>Belediye Ba\u015fkan\u0131 Tahsin Baba\u015f, Kastamonu \u00dcniversitesi Rekt\u00f6r\u00fc Prof. Dr. Seyit Ayd\u0131n\u2019\u0131 ziyaret ederken, ayr\u0131ca akademisyenlerle de bir araya geldi. Ba\u015fkan Baba\u015f, Kastamonu \u00dcniversitesi, KATSO, Ticaret Borsas\u0131, Sanayi ve Teknoloji \u0130l M\u00fcd\u00fcrl\u00fc\u011f\u00fc\u2019yle birlikte kurulu\u015funu ba\u015flatt\u0131klar\u0131 TEKNOKENT projesinin bina yap\u0131m ihalesinin 27 \u015eubat\u2019ta ger\u00e7ekle\u015ftirilece\u011fini belirterek, buradaki i\u015f birli\u011finden her projede oldu\u011fu gibi yine Kastamonu\u2019nun kazanaca\u011f\u0131n\u0131 vurgulad\u0131.<\/p>\n<p>Kastamonu \u00dcniversitesi\u2019nin \u201cB\u00f6lgesel Kalk\u0131nma Odakl\u0131 Misyon Farkl\u0131la\u015fmas\u0131 ve \u0130htisasla\u015fma Projesi\u201d kapsam\u0131nda \u00fclkemizde ihtisasla\u015facak be\u015f \u00fcniversiteden biri olmas\u0131ndan dolay\u0131 duydu\u011fu memnuniyeti dile getiren Ba\u015fkan Baba\u015f; \u201c\u00dcniversitemiz Ormanc\u0131l\u0131k ve Tabiat turizmi sahas\u0131nda ihtisasla\u015facak. Bizim i\u00e7in, \u015fehrimiz i\u00e7in \u00f6nemli bir durum. Kastamonu\u2019muza hay\u0131rl\u0131 u\u011furlu olsun\u201d diye konu\u015ftu.<\/p>\n<p>\u201cBilim ve Teknolojide daha ileriye gidece\u011fiz\u201d<\/p>\n<p>G\u00f6reve geldi\u011fi ilk g\u00fcn itibariyle Kastamonu \u00dcniversitesiyle uyum i\u00e7erisinde \u00e7al\u0131\u015ft\u0131klar\u0131n\u0131 ifade eden Belediye Ba\u015fkan\u0131 Tahsin Baba\u015f; \u201cGerek \u00fcniversitemizin y\u00f6netim kadrosunun gerekse \u00f6\u011frencilerimizin isteklerini h\u0131zla yerine getirdik. TEKNOKENT projesi ba\u015fta olmak \u00fczere ortak bir\u00e7ok \u00e7al\u0131\u015fmaya, yat\u0131r\u0131ma ve sempozyuma imza att\u0131k. \u00d6n\u00fcm\u00fczdeki s\u00fcre\u00e7te bilimsel \u00e7al\u0131\u015fmalar \u0131\u015f\u0131\u011f\u0131nda haz\u0131rlad\u0131\u011f\u0131m\u0131z teknoloji projelerimizle daha ileriye gidece\u011fiz\u201d dedi.<\/p>\n<p>Kastamonu Belediyesi, Kastamonu \u00dcniversitesi, KATSO ve Ticaret Borsas\u0131 i\u015fbirli\u011fiyle kurulan TEKNOKENT \u00e7al\u0131\u015fmalar\u0131n\u0131n h\u0131zla ba\u015flayaca\u011f\u0131n\u0131 vurgulayan Ba\u015fkan Baba\u015f, \u201c\u00dcniversite ve i\u015f adamlar\u0131 i\u015fbirli\u011finden Kastamonu\u2019muz ve \u00fclkemiz kazanacakt\u0131r. Teknoloji\u2019nin asla gerisinde kalamay\u0131z, kalmamal\u0131y\u0131z. Bu do\u011frultuda bilimsel \u00e7al\u0131\u015fmalar \u0131\u015f\u0131\u011f\u0131nda hareket etmemiz gerekmektedir. \u00c7ok do\u011fru bir projeyi ba\u015flatt\u0131k ve 27 \u015eubat\u2019ta TEKNOKENT bina yap\u0131m ihalesi ger\u00e7ekle\u015ftirilecektir\u201d \u015feklinde konu\u015ftu.<\/p>\n<p>\u201cGelece\u011fe d\u00f6n\u00fck bir\u00e7ok projeyi ba\u015flatt\u0131k\u201d<\/p>\n<p>Kastamonu \u00dcniversitesi\u2019yle Robotik Kodlama ve E-Kastamonu Ticaret Portal\u0131 projeleriyle ilgili de \u00e7al\u0131\u015fmalar yapt\u0131klar\u0131n\u0131 s\u00f6yleyen Ba\u015fkan Baba\u015f; \u201cBiz gelece\u011fe d\u00f6n\u00fck bir\u00e7ok projeyi ba\u015flatt\u0131k ve ba\u015flatmaya devam ediyoruz. Ev han\u0131mlar\u0131na mikro kredi deste\u011fi sa\u011fl\u0131yoruz. Hem \u00fcretimi hem de ekonomiyi destekliyoruz. Kurdu\u011fumuz Kad\u0131n Kooperatifi\u2019yle ise yeni pazarlar olu\u015fturaca\u011f\u0131z. Hem esnaflar\u0131m\u0131z i\u00e7in hem de ev han\u0131mlar\u0131 i\u00e7in \u00f6nemli bir Pazar sahas\u0131 a\u00e7aca\u011f\u0131z. Ticaret portallar\u0131m\u0131z ve projelerimizle \u00fcretimi desteklemeye devam edece\u011fiz. Bunlar\u0131 nas\u0131l yap\u0131yoruz tabi ki bilimsel \u00e7al\u0131\u015fmalar \u0131\u015f\u0131\u011f\u0131nda projelendirerek yap\u0131yoruz\u201d ifadelerini kulland\u0131.<\/p>\n<p>\u201cEsnaf \u0130novasyon merkezi \u00f6nemli\u201d<\/p>\n<p>\u00dczerinde \u00e7al\u0131\u015ft\u0131klar\u0131 \u2018Esnaf \u0130novasyon Merkezi\u2019 hakk\u0131nda da bilgi veren Ba\u015fkan Baba\u015f, bu projenin de yine ortak \u00e7al\u0131\u015fma ile hayata ge\u00e7irilebilecek bir proje oldu\u011funa dikkat \u00e7ekti.<\/p>\n<p>Ba\u015fkan Baba\u015f \u015f\u00f6yle konu\u015ftu: \u201c\u00dcr\u00fcnlerimizin de\u011ferini artt\u0131rmak ad\u0131na \u00fcniversitemizle, ziraat odalar\u0131m\u0131zla, \u00fclkemizdeki teknoparklarla yapaca\u011f\u0131m\u0131z \u00e7al\u0131\u015fma do\u011frultusunda y\u00f6resel \u00fcr\u00fcnlerimize ne gibi bir yenilik yaparak daha k\u0131ymetli hale d\u00f6n\u00fc\u015ft\u00fcrebilece\u011fimizi ara\u015ft\u0131racak ve bulaca\u011f\u0131z. Burada esnaflar\u0131m\u0131za inovasyonla ilgili ciddi \u00e7al\u0131\u015fmalar ve e\u011fitimler verece\u011fiz. Dan\u0131\u015fmanl\u0131k i\u015flerini verecek uzmanlar ile \u00fcreticilerimizi bir araya getirece\u011fiz.\u201d<div class=\"tiled-gallery type-rectangular tiled-gallery-unresized\" data-original-width=\"500\" data-carousel-extra='null' itemscope itemtype=\"http:\/\/schema.org\/ImageGallery\" > <div class=\"gallery-row\" style=\"width: 500px; height: 223px;\" data-original-width=\"500\" data-original-height=\"223\" > <div class=\"gallery-group images-1\" style=\"width: 334px; height: 223px;\" data-original-width=\"334\" data-original-height=\"223\" > <div class=\"tiled-gallery-item tiled-gallery-item-large\" itemprop=\"associatedMedia\" itemscope itemtype=\"http:\/\/schema.org\/ImageObject\"> <a href=\"http:\/\/www.tvturk.com\/index.php\/teknokent-binasinin-ihalesi-27-subatta-yapilacak\/teknokent-binasinin-ihalesi-27-subatta-yapilacak-3\/\" border=\"0\" itemprop=\"url\"> <meta itemprop=\"width\" content=\"330\"> <meta itemprop=\"height\" content=\"219\"> <img decoding=\"async\" class=\"\" data-attachment-id=\"10607\" data-orig-file=\"http:\/\/www.tvturk.com\/wp-content\/uploads\/2019\/02\/teknokent-binasinin-ihalesi-27-subatta-yapilacak_135b436.jpg\" data-orig-size=\"1000,665\" data-comments-opened=\"\" data-image-meta=\"{&quot;aperture&quot;:&quot;0&quot;,&quot;credit&quot;:&quot;IHA&quot;,&quot;camera&quot;:&quot;&quot;,&quot;caption&quot;:&quot;KASTAMONU BELED\\u0130YE BA\\u015eKANI TAHS\\u0130N BABA\\u015e, TEKNOKENT\\u2019\\u0130N KASTAMONU \\u0130\\u00c7\\u0130N B\\u00dcY\\u00dcK \\u00d6NEME SAH\\u0130P OLDU\\u011eUNU VE 27 \\u015eUBAT\\u2019TA B\\u0130NA \\u0130HALES\\u0130N\\u0130N YAPILACA\\u011eINI KAYDETT\\u0130. (VEDAT YUNUS \\u0130K\\u0130ZO\\u011eLU\\\/KASTAMONU-\\u0130HA)&quot;,&quot;created_timestamp&quot;:&quot;0&quot;,&quot;copyright&quot;:&quot;\\u0130HLAS HABER AJANSI, www.iha.com.tr&quot;,&quot;focal_length&quot;:&quot;0&quot;,&quot;iso&quot;:&quot;0&quot;,&quot;shutter_speed&quot;:&quot;0&quot;,&quot;title&quot;:&quot;TEKNOKENT B\\u0130NASININ \\u0130HALES\\u0130 27 \\u015eUBAT\\u2019TA YAPILACAK&quot;,&quot;orientation&quot;:&quot;0&quot;}\" data-image-title=\"TEKNOKENT binas\u0131n\u0131n ihalesi 27 \u015eubat\u2019ta yap\u0131lacak\" data-image-description=\"&lt;p&gt;TEKNOKENT binas\u0131n\u0131n ihalesi 27 \u015eubat\u2019ta yap\u0131lacak&lt;\/p&gt; \" data-medium-file=\"https:\/\/i0.wp.com\/www.tvturk.com\/wp-content\/uploads\/2019\/02\/teknokent-binasinin-ihalesi-27-subatta-yapilacak_135b436.jpg?fit=300%2C200\" data-large-file=\"https:\/\/i0.wp.com\/www.tvturk.com\/wp-content\/uploads\/2019\/02\/teknokent-binasinin-ihalesi-27-subatta-yapilacak_135b436.jpg?fit=1000%2C665\" src=\"https:\/\/i0.wp.com\/www.tvturk.com\/wp-content\/uploads\/2019\/02\/teknokent-binasinin-ihalesi-27-subatta-yapilacak_135b436.jpg?w=330&#038;h=219\" srcset=\"https:\/\/i0.wp.com\/www.tvturk.com\/wp-content\/uploads\/2019\/02\/teknokent-binasinin-ihalesi-27-subatta-yapilacak_135b436.jpg?w=1000 1000w, https:\/\/i0.wp.com\/www.tvturk.com\/wp-content\/uploads\/2019\/02\/teknokent-binasinin-ihalesi-27-subatta-yapilacak_135b436.jpg?resize=150%2C100 150w, https:\/\/i0.wp.com\/www.tvturk.com\/wp-content\/uploads\/2019\/02\/teknokent-binasinin-ihalesi-27-subatta-yapilacak_135b436.jpg?resize=300%2C200 300w, https:\/\/i0.wp.com\/www.tvturk.com\/wp-content\/uploads\/2019\/02\/teknokent-binasinin-ihalesi-27-subatta-yapilacak_135b436.jpg?resize=768%2C511 768w, https:\/\/i0.wp.com\/www.tvturk.com\/wp-content\/uploads\/2019\/02\/teknokent-binasinin-ihalesi-27-subatta-yapilacak_135b436.jpg?resize=170%2C113 170w, https:\/\/i0.wp.com\/www.tvturk.com\/wp-content\/uploads\/2019\/02\/teknokent-binasinin-ihalesi-27-subatta-yapilacak_135b436.jpg?resize=120%2C80 120w\" width=\"330\" height=\"219\" loading=\"lazy\" data-original-width=\"330\" data-original-height=\"219\" itemprop=\"http:\/\/schema.org\/image\" title=\"TEKNOKENT binas\u0131n\u0131n ihalesi 27 \u015eubat\u2019ta yap\u0131lacak\" alt=\"TEKNOKENT binas\u0131n\u0131n ihalesi 27 \u015eubat\u2019ta yap\u0131lacak\" style=\"width: 330px; height: 219px;\" \/> <\/a> <\/div> <\/div> <!-- close group --> <div class=\"gallery-group images-2\" style=\"width: 166px; height: 223px;\" data-original-width=\"166\" data-original-height=\"223\" > <div class=\"tiled-gallery-item tiled-gallery-item-small\" itemprop=\"associatedMedia\" itemscope itemtype=\"http:\/\/schema.org\/ImageObject\"> <a href=\"http:\/\/www.tvturk.com\/index.php\/teknokent-binasinin-ihalesi-27-subatta-yapilacak\/teknokent-binasinin-ihalesi-27-subatta-yapilacak-4\/\" border=\"0\" itemprop=\"url\"> <meta itemprop=\"width\" content=\"162\"> <meta itemprop=\"height\" content=\"108\"> <img decoding=\"async\" class=\"\" data-attachment-id=\"10608\" data-orig-file=\"http:\/\/www.tvturk.com\/wp-content\/uploads\/2019\/02\/teknokent-binasinin-ihalesi-27-subatta-yapilacak_9b036f6.jpg\" data-orig-size=\"1000,665\" data-comments-opened=\"\" data-image-meta=\"{&quot;aperture&quot;:&quot;0&quot;,&quot;credit&quot;:&quot;IHA&quot;,&quot;camera&quot;:&quot;&quot;,&quot;caption&quot;:&quot;KASTAMONU BELED\\u0130YE BA\\u015eKANI TAHS\\u0130N BABA\\u015e, TEKNOKENT\\u2019\\u0130N KASTAMONU \\u0130\\u00c7\\u0130N B\\u00dcY\\u00dcK \\u00d6NEME SAH\\u0130P OLDU\\u011eUNU VE 27 \\u015eUBAT\\u2019TA B\\u0130NA \\u0130HALES\\u0130N\\u0130N YAPILACA\\u011eINI KAYDETT\\u0130. (VEDAT YUNUS \\u0130K\\u0130ZO\\u011eLU\\\/KASTAMONU-\\u0130HA)&quot;,&quot;created_timestamp&quot;:&quot;0&quot;,&quot;copyright&quot;:&quot;\\u0130HLAS HABER AJANSI, www.iha.com.tr&quot;,&quot;focal_length&quot;:&quot;0&quot;,&quot;iso&quot;:&quot;0&quot;,&quot;shutter_speed&quot;:&quot;0&quot;,&quot;title&quot;:&quot;TEKNOKENT B\\u0130NASININ \\u0130HALES\\u0130 27 \\u015eUBAT\\u2019TA YAPILACAK&quot;,&quot;orientation&quot;:&quot;0&quot;}\" data-image-title=\"TEKNOKENT binas\u0131n\u0131n ihalesi 27 \u015eubat\u2019ta yap\u0131lacak\" data-image-description=\"&lt;p&gt;TEKNOKENT binas\u0131n\u0131n ihalesi 27 \u015eubat\u2019ta yap\u0131lacak&lt;\/p&gt; \" data-medium-file=\"https:\/\/i0.wp.com\/www.tvturk.com\/wp-content\/uploads\/2019\/02\/teknokent-binasinin-ihalesi-27-subatta-yapilacak_9b036f6.jpg?fit=300%2C200\" data-large-file=\"https:\/\/i0.wp.com\/www.tvturk.com\/wp-content\/uploads\/2019\/02\/teknokent-binasinin-ihalesi-27-subatta-yapilacak_9b036f6.jpg?fit=1000%2C665\" src=\"https:\/\/i0.wp.com\/www.tvturk.com\/wp-content\/uploads\/2019\/02\/teknokent-binasinin-ihalesi-27-subatta-yapilacak_9b036f6.jpg?w=162&#038;h=108\" srcset=\"https:\/\/i0.wp.com\/www.tvturk.com\/wp-content\/uploads\/2019\/02\/teknokent-binasinin-ihalesi-27-subatta-yapilacak_9b036f6.jpg?w=1000 1000w, https:\/\/i0.wp.com\/www.tvturk.com\/wp-content\/uploads\/2019\/02\/teknokent-binasinin-ihalesi-27-subatta-yapilacak_9b036f6.jpg?resize=150%2C100 150w, https:\/\/i0.wp.com\/www.tvturk.com\/wp-content\/uploads\/2019\/02\/teknokent-binasinin-ihalesi-27-subatta-yapilacak_9b036f6.jpg?resize=300%2C200 300w, https:\/\/i0.wp.com\/www.tvturk.com\/wp-content\/uploads\/2019\/02\/teknokent-binasinin-ihalesi-27-subatta-yapilacak_9b036f6.jpg?resize=768%2C511 768w, https:\/\/i0.wp.com\/www.tvturk.com\/wp-content\/uploads\/2019\/02\/teknokent-binasinin-ihalesi-27-subatta-yapilacak_9b036f6.jpg?resize=170%2C113 170w, https:\/\/i0.wp.com\/www.tvturk.com\/wp-content\/uploads\/2019\/02\/teknokent-binasinin-ihalesi-27-subatta-yapilacak_9b036f6.jpg?resize=120%2C80 120w\" width=\"162\" height=\"108\" loading=\"lazy\" data-original-width=\"162\" data-original-height=\"108\" itemprop=\"http:\/\/schema.org\/image\" title=\"TEKNOKENT binas\u0131n\u0131n ihalesi 27 \u015eubat\u2019ta yap\u0131lacak\" alt=\"TEKNOKENT binas\u0131n\u0131n ihalesi 27 \u015eubat\u2019ta yap\u0131lacak\" style=\"width: 162px; height: 108px;\" \/> <\/a> <\/div> <div class=\"tiled-gallery-item tiled-gallery-item-small\" itemprop=\"associatedMedia\" itemscope itemtype=\"http:\/\/schema.org\/ImageObject\"> <a href=\"http:\/\/www.tvturk.com\/index.php\/teknokent-binasinin-ihalesi-27-subatta-yapilacak\/teknokent-binasinin-ihalesi-27-subatta-yapilacak-5\/\" border=\"0\" itemprop=\"url\"> <meta itemprop=\"width\" content=\"162\"> <meta itemprop=\"height\" content=\"107\"> <img decoding=\"async\" class=\"\" data-attachment-id=\"10609\" data-orig-file=\"http:\/\/www.tvturk.com\/wp-content\/uploads\/2019\/02\/teknokent-binasinin-ihalesi-27-subatta-yapilacak_d1da254.jpg\" data-orig-size=\"1000,665\" data-comments-opened=\"\" data-image-meta=\"{&quot;aperture&quot;:&quot;0&quot;,&quot;credit&quot;:&quot;IHA&quot;,&quot;camera&quot;:&quot;&quot;,&quot;caption&quot;:&quot;KASTAMONU BELED\\u0130YE BA\\u015eKANI TAHS\\u0130N BABA\\u015e, TEKNOKENT\\u2019\\u0130N KASTAMONU \\u0130\\u00c7\\u0130N B\\u00dcY\\u00dcK \\u00d6NEME SAH\\u0130P OLDU\\u011eUNU VE 27 \\u015eUBAT\\u2019TA B\\u0130NA \\u0130HALES\\u0130N\\u0130N YAPILACA\\u011eINI KAYDETT\\u0130. (VEDAT YUNUS \\u0130K\\u0130ZO\\u011eLU\\\/KASTAMONU-\\u0130HA)&quot;,&quot;created_timestamp&quot;:&quot;0&quot;,&quot;copyright&quot;:&quot;\\u0130HLAS HABER AJANSI, www.iha.com.tr&quot;,&quot;focal_length&quot;:&quot;0&quot;,&quot;iso&quot;:&quot;0&quot;,&quot;shutter_speed&quot;:&quot;0&quot;,&quot;title&quot;:&quot;TEKNOKENT B\\u0130NASININ \\u0130HALES\\u0130 27 \\u015eUBAT\\u2019TA YAPILACAK&quot;,&quot;orientation&quot;:&quot;0&quot;}\" data-image-title=\"TEKNOKENT binas\u0131n\u0131n ihalesi 27 \u015eubat\u2019ta yap\u0131lacak\" data-image-description=\"&lt;p&gt;TEKNOKENT binas\u0131n\u0131n ihalesi 27 \u015eubat\u2019ta yap\u0131lacak&lt;\/p&gt; \" data-medium-file=\"https:\/\/i0.wp.com\/www.tvturk.com\/wp-content\/uploads\/2019\/02\/teknokent-binasinin-ihalesi-27-subatta-yapilacak_d1da254.jpg?fit=300%2C200\" data-large-file=\"https:\/\/i0.wp.com\/www.tvturk.com\/wp-content\/uploads\/2019\/02\/teknokent-binasinin-ihalesi-27-subatta-yapilacak_d1da254.jpg?fit=1000%2C665\" src=\"https:\/\/i0.wp.com\/www.tvturk.com\/wp-content\/uploads\/2019\/02\/teknokent-binasinin-ihalesi-27-subatta-yapilacak_d1da254.jpg?w=162&#038;h=107\" srcset=\"https:\/\/i0.wp.com\/www.tvturk.com\/wp-content\/uploads\/2019\/02\/teknokent-binasinin-ihalesi-27-subatta-yapilacak_d1da254.jpg?w=1000 1000w, https:\/\/i0.wp.com\/www.tvturk.com\/wp-content\/uploads\/2019\/02\/teknokent-binasinin-ihalesi-27-subatta-yapilacak_d1da254.jpg?resize=150%2C100 150w, https:\/\/i0.wp.com\/www.tvturk.com\/wp-content\/uploads\/2019\/02\/teknokent-binasinin-ihalesi-27-subatta-yapilacak_d1da254.jpg?resize=300%2C200 300w, https:\/\/i0.wp.com\/www.tvturk.com\/wp-content\/uploads\/2019\/02\/teknokent-binasinin-ihalesi-27-subatta-yapilacak_d1da254.jpg?resize=768%2C511 768w, https:\/\/i0.wp.com\/www.tvturk.com\/wp-content\/uploads\/2019\/02\/teknokent-binasinin-ihalesi-27-subatta-yapilacak_d1da254.jpg?resize=170%2C113 170w, https:\/\/i0.wp.com\/www.tvturk.com\/wp-content\/uploads\/2019\/02\/teknokent-binasinin-ihalesi-27-subatta-yapilacak_d1da254.jpg?resize=120%2C80 120w\" width=\"162\" height=\"107\" loading=\"lazy\" data-original-width=\"162\" data-original-height=\"107\" itemprop=\"http:\/\/schema.org\/image\" title=\"TEKNOKENT binas\u0131n\u0131n ihalesi 27 \u015eubat\u2019ta yap\u0131lacak\" alt=\"TEKNOKENT binas\u0131n\u0131n ihalesi 27 \u015eubat\u2019ta yap\u0131lacak\" style=\"width: 162px; height: 107px;\" \/> <\/a> <\/div> <\/div> <!-- close group --> <\/div> <!-- close row --> <\/div><\/p>\n","protected":false},"excerpt":{"rendered":"<p>KASTAMONU BELED\u0130YE BA\u015eKANI TAHS\u0130N BABA\u015e, TEKNOKENT\u2019\u0130N KASTAMONU \u0130\u00c7\u0130N B\u00dcY\u00dcK \u00d6NEME SAH\u0130P OLDU\u011eUNU VE 27 \u015eUBAT\u2019TA B\u0130NA \u0130HALES\u0130N\u0130N YAPILACA\u011eINI KAYDETT\u0130.<\/p>\n","protected":false},"author":1,"featured_media":10606,"comment_status":"closed","ping_status":"open","sticky":false,"template":"","format":"standard","meta":{"jetpack_post_was_ever_published":false,"_jetpack_newsletter_access":"","_jetpack_dont_email_post_to_subs":false,"_jetpack_newsletter_tier_id":0,"_jetpack_memberships_contains_paywalled_content":false,"_jetpack_memberships_contains_paid_content":false,"footnotes":"","jetpack_publicize_message":"","jetpack_publicize_feature_enabled":true,"jetpack_social_post_already_shared":false,"jetpack_social_options":{"image_generator_settings":{"template":"highway","default_image_id":0,"font":"","enabled":false},"version":2}},"categories":[24],"tags":[3564,3186,1111,5473,158],"class_list":["post-10605","post","type-post","status-publish","format-standard","has-post-thumbnail","hentry","category-teknoloji","tag-binasinin","tag-ihalesi","tag-subatta","tag-teknokent","tag-yapilacak"],"jetpack_publicize_connections":[],"jetpack_featured_media_url":"https:\/\/i0.wp.com\/www.tvturk.com\/wp-content\/uploads\/2019\/02\/teknokent-binasinin-ihalesi-27-subatta-yapilacak_9b05249.jpg?fit=1000%2C665","jetpack_sharing_enabled":true,"jetpack_shortlink":"https:\/\/wp.me\/paKIfm-2L3","_links":{"self":[{"href":"http:\/\/www.tvturk.com\/index.php\/wp-json\/wp\/v2\/posts\/10605","targetHints":{"allow":["GET"]}}],"collection":[{"href":"http:\/\/www.tvturk.com\/index.php\/wp-json\/wp\/v2\/posts"}],"about":[{"href":"http:\/\/www.tvturk.com\/index.php\/wp-json\/wp\/v2\/types\/post"}],"author":[{"embeddable":true,"href":"http:\/\/www.tvturk.com\/index.php\/wp-json\/wp\/v2\/users\/1"}],"replies":[{"embeddable":true,"href":"http:\/\/www.tvturk.com\/index.php\/wp-json\/wp\/v2\/comments?post=10605"}],"version-history":[{"count":2,"href":"http:\/\/www.tvturk.com\/index.php\/wp-json\/wp\/v2\/posts\/10605\/revisions"}],"predecessor-version":[{"id":10750,"href":"http:\/\/www.tvturk.com\/index.php\/wp-json\/wp\/v2\/posts\/10605\/revisions\/10750"}],"wp:featuredmedia":[{"embeddable":true,"href":"http:\/\/www.tvturk.com\/index.php\/wp-json\/wp\/v2\/media\/10606"}],"wp:attachment":[{"href":"http:\/\/www.tvturk.com\/index.php\/wp-json\/wp\/v2\/media?parent=10605"}],"wp:term":[{"taxonomy":"category","embeddable":true,"href":"http:\/\/www.tvturk.com\/index.php\/wp-json\/wp\/v2\/categories?post=10605"},{"taxonomy":"post_tag","embeddable":true,"href":"http:\/\/www.tvturk.com\/index.php\/wp-json\/wp\/v2\/tags?post=10605"}],"curies":[{"name":"wp","href":"https:\/\/api.w.org\/{rel}","templated":true}]}}