{"id":106218,"date":"2019-03-21T13:18:02","date_gmt":"2019-03-21T10:18:02","guid":{"rendered":"http:\/\/www.tvturk.com\/index.php\/merkelden-brexitin-ertelenmesine-destek\/"},"modified":"2019-03-21T13:18:05","modified_gmt":"2019-03-21T10:18:05","slug":"merkelden-brexitin-ertelenmesine-destek","status":"publish","type":"post","link":"http:\/\/www.tvturk.com\/index.php\/merkelden-brexitin-ertelenmesine-destek\/","title":{"rendered":"Merkel\u2019den Brexit\u2019in ertelenmesine destek"},"content":{"rendered":"<p>Almanya Ba\u015fbakan\u0131 Angela Merkel, mecliste ger\u00e7ekle\u015ftirdi\u011fi konu\u015fmas\u0131nda Avam Kamaras\u0131\u2019n\u0131n onay vermesi halinde Avrupa Birli\u011fi\u2019nden \u00e7\u0131k\u0131\u015f\u0131n Haziran ay\u0131n\u0131n sonuna kadar ertelemesine ilke olarak olumlu bat\u0131klar\u0131n\u0131 s\u00f6yledi.<\/p>\n<p>Almanya Ba\u015fbakan\u0131 Angela Merkel, Br\u00fcksel\u2019de 22 Mart\u2019ta yap\u0131lacak olan Avrupa Birli\u011fi Zirvesi \u00f6ncesinde Federal Meclis\u2019te yapt\u0131\u011f\u0131 konu\u015fmada \u0130ngiltere\u2019nin AB\u2019de ayr\u0131lmas\u0131na 8 g\u00fcn kalmas\u0131na ra\u011fmen \u0130ngiltere\u2019nin hen\u00fcz karar veremedi\u011fini s\u00f6yledi. Merkel, \u00f6nce \u0130ngiliz Avam Kamaras\u0131\u2019n\u0131n onay vermesi halinde \u00e7\u0131k\u0131\u015f\u0131n Haziran ay\u0131n\u0131n sonuna kadar ertelemesine ilke olarak olumlu bat\u0131klar\u0131n\u0131, e\u011fer Avam Kamaras\u0131\u2019nda olumlu bir oylama olmazsa AB Ba\u015fkanlar\u0131 bir araya gelerek durumu de\u011ferlendireceklerini belirtti.<\/p>\n<p>\u0130ngiltere\u2019nin AB\u2019den ayr\u0131lmas\u0131 konusunda her t\u00fcrl\u00fc olumlu ve olumsuzlu\u011fa haz\u0131r olduklar\u0131n\u0131 belirten Merkel, AB \u00fclkeleri ile \u0130ngiltere aras\u0131ndaki \u00fcr\u00fcn transferi, Erasmus \u00f6\u011frencilerinin durumu ve AB \u00fclkelerinde ya\u015fayan \u0130ngilizler ve \u0130ngiltere\u2019de ya\u015fayan AB vatanda\u015flar\u0131n\u0131n durumlar\u0131 hakk\u0131nda tedbirler almaya haz\u0131r olduklar\u0131n\u0131 dile getirdi.<\/p>\n<p>Merkel,  &#8220;Acil durumlar, ya\u015fan\u0131lacak olumsuzluklar kar\u015f\u0131s\u0131nda haz\u0131rl\u0131klar\u0131m\u0131z\u0131 tamamlam\u0131\u015f bulunmaktay\u0131z&#8221; diyerek  \u0130ngiltere\u2019nin Kuzey \u0130rlanda ve \u0130rlanda Cumhuriyeti aras\u0131ndaki s\u0131n\u0131r kurallar\u0131n\u0131n mutlaka hallolmas\u0131n\u0131 talebini yineledi. Merkel, 27 AB \u00fclkesi liderine de seslenerek \u0130ngiltere\u2019nin AB\u2019den ayr\u0131lmas\u0131ndan sonra AB\u2019nin gelece\u011fine y\u00f6nlenmelerine gerekti\u011fini belirterek, &#8220;D\u00fcnya yeni bir d\u00fczen al\u0131yor. AB de bu d\u00fczende nerede olaca\u011f\u0131na karar vermelidir. AB, yeni d\u00fcnya d\u00fczeninde tek g\u00fc\u00e7 olarak kat\u0131lmal\u0131 ve i\u00e7 pazar\u0131n\u0131 g\u00fc\u00e7lendirmelidir. Avrupa\u2019n\u0131n rol\u00fcn\u00fcn b\u00fcy\u00fcmeye devam ediyor. Refah vaadi ve g\u00fcvenlik vaadi s\u00fcrd\u00fcr\u00fclmelidir. \u00c7ok tarafl\u0131l\u0131k, Avrupa\u2019ya bar\u0131\u015f ve refah herkesin yarar\u0131na olacakt\u0131r. Avrupa\u2019n\u0131n ekonomik g\u00fcc\u00fc artm\u0131\u015ft\u0131r. D\u00fcnya devleri ile m\u00fccadele edebilmek i\u00e7in yeterli de\u011fildir. Bunu i\u00e7in de euro\u2019yu g\u00fc\u00e7lendirmeliyiz. AB \u00fclkeleri aras\u0131nda Bankalar Birli\u011fi k\u0131sa bir zamanda y\u00fcr\u00fcrl\u00fc\u011fe girmelidir. B\u00f6ylelikle finansal risk azalt\u0131lmas\u0131 i\u00e7in riskin \u00fclkelere b\u00f6l\u00fcnmesi gerekiyor&#8221; diyerek g\u00fc\u00e7l\u00fc Avrupa i\u00e7in herkesin \u00fczerini d\u00fc\u015feni yapmas\u0131 istedi.<div class=\"tiled-gallery type-rectangular tiled-gallery-unresized\" data-original-width=\"500\" data-carousel-extra='null' itemscope itemtype=\"http:\/\/schema.org\/ImageGallery\" > <div class=\"gallery-row\" style=\"width: 500px; height: 169px;\" data-original-width=\"500\" data-original-height=\"169\" > <div class=\"gallery-group images-1\" style=\"width: 252px; height: 169px;\" data-original-width=\"252\" data-original-height=\"169\" > <div class=\"tiled-gallery-item tiled-gallery-item-small\" itemprop=\"associatedMedia\" itemscope itemtype=\"http:\/\/schema.org\/ImageObject\"> <a href=\"http:\/\/www.tvturk.com\/index.php\/merkelden-brexitin-ertelenmesine-destek\/merkelden-brexitin-ertelenmesine-destek-3\/\" border=\"0\" itemprop=\"url\"> <meta itemprop=\"width\" content=\"248\"> <meta itemprop=\"height\" content=\"165\"> <img decoding=\"async\" class=\"\" data-attachment-id=\"106220\" data-orig-file=\"http:\/\/www.tvturk.com\/wp-content\/uploads\/2019\/03\/merkelden-brexitin-ertelenmesine-destek_8950313.jpg\" data-orig-size=\"1000,666\" data-comments-opened=\"\" data-image-meta=\"{&quot;aperture&quot;:&quot;0&quot;,&quot;credit&quot;:&quot;IHA&quot;,&quot;camera&quot;:&quot;&quot;,&quot;caption&quot;:&quot;ALMANYA BA\\u015eBAKANI ANGELA MERKEL, MECL\\u0130STE GER\\u00c7EKLE\\u015eT\\u0130RD\\u0130\\u011e\\u0130 KONU\\u015eMASINDA AVAM KAMARASININ \\u00c7IKI\\u015eA ONAY VERMES\\u0130 HAL\\u0130NDE \\u00c7IKI\\u015eIN HAZ\\u0130RAN AYININ SONUNA KADAR ERTELEMES\\u0130NE \\u0130LKE OLARAK OLUMLU BATIKLARINI S\\u00d6YLED\\u0130. (EPA\\\/BERL\\u0130N-\\u0130HA)&quot;,&quot;created_timestamp&quot;:&quot;0&quot;,&quot;copyright&quot;:&quot;\\u0130HLAS HABER AJANSI, www.iha.com.tr&quot;,&quot;focal_length&quot;:&quot;0&quot;,&quot;iso&quot;:&quot;0&quot;,&quot;shutter_speed&quot;:&quot;0&quot;,&quot;title&quot;:&quot;MERKEL\\u2019DEN BREX\\u0130T\\u0027\\u0130N ERTELENMES\\u0130NE DESTEK&quot;,&quot;orientation&quot;:&quot;0&quot;}\" data-image-title=\"Merkel\u2019den Brexit\u2019in ertelenmesine destek\" data-image-description=\"&lt;p&gt;Merkel\u2019den Brexit\u2019in ertelenmesine destek&lt;\/p&gt; \" data-medium-file=\"https:\/\/i0.wp.com\/www.tvturk.com\/wp-content\/uploads\/2019\/03\/merkelden-brexitin-ertelenmesine-destek_8950313.jpg?fit=300%2C200\" data-large-file=\"https:\/\/i0.wp.com\/www.tvturk.com\/wp-content\/uploads\/2019\/03\/merkelden-brexitin-ertelenmesine-destek_8950313.jpg?fit=1000%2C666\" src=\"https:\/\/i0.wp.com\/www.tvturk.com\/wp-content\/uploads\/2019\/03\/merkelden-brexitin-ertelenmesine-destek_8950313.jpg?w=248&#038;h=165\" srcset=\"https:\/\/i0.wp.com\/www.tvturk.com\/wp-content\/uploads\/2019\/03\/merkelden-brexitin-ertelenmesine-destek_8950313.jpg?w=1000 1000w, https:\/\/i0.wp.com\/www.tvturk.com\/wp-content\/uploads\/2019\/03\/merkelden-brexitin-ertelenmesine-destek_8950313.jpg?resize=150%2C100 150w, https:\/\/i0.wp.com\/www.tvturk.com\/wp-content\/uploads\/2019\/03\/merkelden-brexitin-ertelenmesine-destek_8950313.jpg?resize=300%2C200 300w, https:\/\/i0.wp.com\/www.tvturk.com\/wp-content\/uploads\/2019\/03\/merkelden-brexitin-ertelenmesine-destek_8950313.jpg?resize=768%2C511 768w, https:\/\/i0.wp.com\/www.tvturk.com\/wp-content\/uploads\/2019\/03\/merkelden-brexitin-ertelenmesine-destek_8950313.jpg?resize=170%2C113 170w, https:\/\/i0.wp.com\/www.tvturk.com\/wp-content\/uploads\/2019\/03\/merkelden-brexitin-ertelenmesine-destek_8950313.jpg?resize=120%2C80 120w\" width=\"248\" height=\"165\" loading=\"lazy\" data-original-width=\"248\" data-original-height=\"165\" itemprop=\"http:\/\/schema.org\/image\" title=\"Merkel\u2019den Brexit\u2019in ertelenmesine destek\" alt=\"Merkel\u2019den Brexit\u2019in ertelenmesine destek\" style=\"width: 248px; height: 165px;\" \/> <\/a> <\/div> <\/div> <!-- close group --> <div class=\"gallery-group images-1\" style=\"width: 248px; height: 169px;\" data-original-width=\"248\" data-original-height=\"169\" > <div class=\"tiled-gallery-item tiled-gallery-item-small\" itemprop=\"associatedMedia\" itemscope itemtype=\"http:\/\/schema.org\/ImageObject\"> <a href=\"http:\/\/www.tvturk.com\/index.php\/merkelden-brexitin-ertelenmesine-destek\/merkelden-brexitin-ertelenmesine-destek-4\/\" border=\"0\" itemprop=\"url\"> <meta itemprop=\"width\" content=\"244\"> <meta itemprop=\"height\" content=\"165\"> <img decoding=\"async\" class=\"\" data-attachment-id=\"106221\" data-orig-file=\"http:\/\/www.tvturk.com\/wp-content\/uploads\/2019\/03\/merkelden-brexitin-ertelenmesine-destek_9b49b58.jpg\" data-orig-size=\"1000,675\" data-comments-opened=\"\" data-image-meta=\"{&quot;aperture&quot;:&quot;0&quot;,&quot;credit&quot;:&quot;IHA&quot;,&quot;camera&quot;:&quot;&quot;,&quot;caption&quot;:&quot;ALMANYA BA\\u015eBAKANI ANGELA MERKEL, MECL\\u0130STE GER\\u00c7EKLE\\u015eT\\u0130RD\\u0130\\u011e\\u0130 KONU\\u015eMASINDA AVAM KAMARASININ \\u00c7IKI\\u015eA ONAY VERMES\\u0130 HAL\\u0130NDE \\u00c7IKI\\u015eIN HAZ\\u0130RAN AYININ SONUNA KADAR ERTELEMES\\u0130NE \\u0130LKE OLARAK OLUMLU BATIKLARINI S\\u00d6YLED\\u0130. (EPA\\\/BERL\\u0130N-\\u0130HA)&quot;,&quot;created_timestamp&quot;:&quot;0&quot;,&quot;copyright&quot;:&quot;\\u0130HLAS HABER AJANSI, www.iha.com.tr&quot;,&quot;focal_length&quot;:&quot;0&quot;,&quot;iso&quot;:&quot;0&quot;,&quot;shutter_speed&quot;:&quot;0&quot;,&quot;title&quot;:&quot;MERKEL\\u2019DEN BREX\\u0130T\\u0027\\u0130N ERTELENMES\\u0130NE DESTEK&quot;,&quot;orientation&quot;:&quot;0&quot;}\" data-image-title=\"Merkel\u2019den Brexit\u2019in ertelenmesine destek\" data-image-description=\"&lt;p&gt;Merkel\u2019den Brexit\u2019in ertelenmesine destek&lt;\/p&gt; \" data-medium-file=\"https:\/\/i0.wp.com\/www.tvturk.com\/wp-content\/uploads\/2019\/03\/merkelden-brexitin-ertelenmesine-destek_9b49b58.jpg?fit=300%2C203\" data-large-file=\"https:\/\/i0.wp.com\/www.tvturk.com\/wp-content\/uploads\/2019\/03\/merkelden-brexitin-ertelenmesine-destek_9b49b58.jpg?fit=1000%2C675\" src=\"https:\/\/i0.wp.com\/www.tvturk.com\/wp-content\/uploads\/2019\/03\/merkelden-brexitin-ertelenmesine-destek_9b49b58.jpg?w=244&#038;h=165\" srcset=\"https:\/\/i0.wp.com\/www.tvturk.com\/wp-content\/uploads\/2019\/03\/merkelden-brexitin-ertelenmesine-destek_9b49b58.jpg?w=1000 1000w, https:\/\/i0.wp.com\/www.tvturk.com\/wp-content\/uploads\/2019\/03\/merkelden-brexitin-ertelenmesine-destek_9b49b58.jpg?resize=150%2C101 150w, https:\/\/i0.wp.com\/www.tvturk.com\/wp-content\/uploads\/2019\/03\/merkelden-brexitin-ertelenmesine-destek_9b49b58.jpg?resize=300%2C203 300w, https:\/\/i0.wp.com\/www.tvturk.com\/wp-content\/uploads\/2019\/03\/merkelden-brexitin-ertelenmesine-destek_9b49b58.jpg?resize=768%2C518 768w, https:\/\/i0.wp.com\/www.tvturk.com\/wp-content\/uploads\/2019\/03\/merkelden-brexitin-ertelenmesine-destek_9b49b58.jpg?resize=120%2C80 120w, https:\/\/i0.wp.com\/www.tvturk.com\/wp-content\/uploads\/2019\/03\/merkelden-brexitin-ertelenmesine-destek_9b49b58.jpg?resize=80%2C55 80w\" width=\"244\" height=\"165\" loading=\"lazy\" data-original-width=\"244\" data-original-height=\"165\" itemprop=\"http:\/\/schema.org\/image\" title=\"Merkel\u2019den Brexit\u2019in ertelenmesine destek\" alt=\"Merkel\u2019den Brexit\u2019in ertelenmesine destek\" style=\"width: 244px; height: 165px;\" \/> <\/a> <\/div> <\/div> <!-- close group --> <\/div> <!-- close row --> <\/div><\/p>\n","protected":false},"excerpt":{"rendered":"<p>ALMANYA BA\u015eBAKANI ANGELA MERKEL, MECL\u0130STE GER\u00c7EKLE\u015eT\u0130RD\u0130\u011e\u0130 KONU\u015eMASINDA AVAM KAMARASININ \u00c7IKI\u015eA ONAY VERMES\u0130 HAL\u0130NDE \u00c7IKI\u015eIN HAZ\u0130RAN AYININ SONUNA KADAR ERTELEMES\u0130NE \u0130LKE OLARAK OLUMLU BATIKLARINI S\u00d6YLED\u0130.<\/p>\n","protected":false},"author":1,"featured_media":106219,"comment_status":"closed","ping_status":"open","sticky":false,"template":"","format":"standard","meta":{"jetpack_post_was_ever_published":false,"_jetpack_newsletter_access":"","_jetpack_dont_email_post_to_subs":false,"_jetpack_newsletter_tier_id":0,"_jetpack_memberships_contains_paywalled_content":false,"_jetpack_memberships_contains_paid_content":false,"footnotes":"","jetpack_publicize_message":"","jetpack_publicize_feature_enabled":true,"jetpack_social_post_already_shared":true,"jetpack_social_options":{"image_generator_settings":{"template":"highway","default_image_id":0,"font":"","enabled":false},"version":2}},"categories":[10],"tags":[18806,61,26872,19636],"class_list":["post-106218","post","type-post","status-publish","format-standard","has-post-thumbnail","hentry","category-dunya","tag-brexitin","tag-destek","tag-ertelenmesine","tag-merkelden"],"jetpack_publicize_connections":[],"jetpack_featured_media_url":"https:\/\/i0.wp.com\/www.tvturk.com\/wp-content\/uploads\/2019\/03\/merkelden-brexitin-ertelenmesine-destek_5959b19.jpg?fit=1000%2C666","jetpack_sharing_enabled":true,"jetpack_shortlink":"https:\/\/wp.me\/paKIfm-rDc","_links":{"self":[{"href":"http:\/\/www.tvturk.com\/index.php\/wp-json\/wp\/v2\/posts\/106218","targetHints":{"allow":["GET"]}}],"collection":[{"href":"http:\/\/www.tvturk.com\/index.php\/wp-json\/wp\/v2\/posts"}],"about":[{"href":"http:\/\/www.tvturk.com\/index.php\/wp-json\/wp\/v2\/types\/post"}],"author":[{"embeddable":true,"href":"http:\/\/www.tvturk.com\/index.php\/wp-json\/wp\/v2\/users\/1"}],"replies":[{"embeddable":true,"href":"http:\/\/www.tvturk.com\/index.php\/wp-json\/wp\/v2\/comments?post=106218"}],"version-history":[{"count":1,"href":"http:\/\/www.tvturk.com\/index.php\/wp-json\/wp\/v2\/posts\/106218\/revisions"}],"predecessor-version":[{"id":106222,"href":"http:\/\/www.tvturk.com\/index.php\/wp-json\/wp\/v2\/posts\/106218\/revisions\/106222"}],"wp:featuredmedia":[{"embeddable":true,"href":"http:\/\/www.tvturk.com\/index.php\/wp-json\/wp\/v2\/media\/106219"}],"wp:attachment":[{"href":"http:\/\/www.tvturk.com\/index.php\/wp-json\/wp\/v2\/media?parent=106218"}],"wp:term":[{"taxonomy":"category","embeddable":true,"href":"http:\/\/www.tvturk.com\/index.php\/wp-json\/wp\/v2\/categories?post=106218"},{"taxonomy":"post_tag","embeddable":true,"href":"http:\/\/www.tvturk.com\/index.php\/wp-json\/wp\/v2\/tags?post=106218"}],"curies":[{"name":"wp","href":"https:\/\/api.w.org\/{rel}","templated":true}]}}