{"id":10665,"date":"2019-02-08T09:23:51","date_gmt":"2019-02-08T06:23:51","guid":{"rendered":"http:\/\/www.tvturk.com\/index.php\/saladan-uzucu-haber\/"},"modified":"2019-02-08T09:23:53","modified_gmt":"2019-02-08T06:23:53","slug":"saladan-uzucu-haber","status":"publish","type":"post","link":"http:\/\/www.tvturk.com\/index.php\/saladan-uzucu-haber\/","title":{"rendered":"Sala\u2019dan \u00fcz\u00fcc\u00fc haber"},"content":{"rendered":"<p>Man\u015f Denizi\u2019nde enkaz\u0131 bulunan u\u00e7aktaki cesedin Arjantinli futbolcu Emiliano Sala\u2019ya ait oldu\u011fu belirlendi.<\/p>\n<p>Dorset Polisi, enkaz\u0131 bulunan u\u00e7aktaki cesedin Arjantinli futbolcu Emiliano Sala\u2019ya ait oldu\u011funu resmi olarak a\u00e7\u0131klad\u0131. 28 ya\u015f\u0131ndaki Sala, Nantes\u2019tan Cardiff\u2019e transfer olmu\u015f ve yeni tak\u0131m\u0131na kat\u0131lmak \u00fczere k\u00fc\u00e7\u00fck bir u\u00e7akla yola \u00e7\u0131km\u0131\u015ft\u0131. 22 Ocak\u2019ta yola \u00e7\u0131kan u\u00e7ak, Man\u015f Denizi \u00fczerinde kaybolmu\u015f ve arama \u00e7al\u0131\u015fmalar\u0131ndan sonu\u00e7 al\u0131nmay\u0131nca futbolcu ve pilotun hayat\u0131ndan umut kesilmi\u015fti. Kaybolan u\u00e7a\u011f\u0131n enkaz\u0131 3 \u015eubat\u2019ta bulunmu\u015f ve i\u00e7indeki cesedin \u00e7\u0131kar\u0131lmas\u0131 i\u00e7in \u00e7al\u0131\u015fma ba\u015flat\u0131lm\u0131\u015ft\u0131. D\u00fcn karaya \u00e7\u0131kar\u0131lan cesedin Arjantinli futbolcuya ait oldu\u011fu resmen a\u00e7\u0131kland\u0131.<\/p>\n<p>Yap\u0131lan a\u00e7\u0131klamada ayr\u0131ca, Sala ve u\u00e7u\u015fu ger\u00e7ekle\u015ftiren pilotun ailelerine bilgilendirmenin yap\u0131ld\u0131\u011f\u0131 ve ailelere profesyonel ekiplerce psikolojik destek sa\u011fland\u0131\u011f\u0131 belirtildi.<div class=\"tiled-gallery type-rectangular tiled-gallery-unresized\" data-original-width=\"500\" data-carousel-extra='null' itemscope itemtype=\"http:\/\/schema.org\/ImageGallery\" > <div class=\"gallery-row\" style=\"width: 500px; height: 224px;\" data-original-width=\"500\" data-original-height=\"224\" > <div class=\"gallery-group images-1\" style=\"width: 334px; height: 224px;\" data-original-width=\"334\" data-original-height=\"224\" > <div class=\"tiled-gallery-item tiled-gallery-item-large\" itemprop=\"associatedMedia\" itemscope itemtype=\"http:\/\/schema.org\/ImageObject\"> <a href=\"http:\/\/www.tvturk.com\/index.php\/saladan-uzucu-haber\/saladan-uzucu-haber-3\/\" border=\"0\" itemprop=\"url\"> <meta itemprop=\"width\" content=\"330\"> <meta itemprop=\"height\" content=\"220\"> <img decoding=\"async\" class=\"\" data-attachment-id=\"10667\" data-orig-file=\"http:\/\/www.tvturk.com\/wp-content\/uploads\/2019\/02\/saladan-uzucu-haber_41214b3.jpg\" data-orig-size=\"1000,668\" data-comments-opened=\"\" data-image-meta=\"{&quot;aperture&quot;:&quot;0&quot;,&quot;credit&quot;:&quot;IHA&quot;,&quot;camera&quot;:&quot;&quot;,&quot;caption&quot;:&quot;MAN\\u015e DEN\\u0130Z\\u0130\\u2019NDE ENKAZI BULUNAN U\\u00c7AKTAK\\u0130 CESED\\u0130N ARJANT\\u0130NL\\u0130 FUTBOLCU EM\\u0130L\\u0130ANO SALA\\u0027YA A\\u0130T OLDU\\u011eU BEL\\u0130RLEND\\u0130. (\\u0130HA\\\/\\u0130STANBUL-\\u0130HA)&quot;,&quot;created_timestamp&quot;:&quot;0&quot;,&quot;copyright&quot;:&quot;\\u0130HLAS HABER AJANSI, www.iha.com.tr&quot;,&quot;focal_length&quot;:&quot;0&quot;,&quot;iso&quot;:&quot;0&quot;,&quot;shutter_speed&quot;:&quot;0&quot;,&quot;title&quot;:&quot;SALA\\u2019DAN \\u00dcZ\\u00dcC\\u00dc HABER ENKAZI BULUNAN U\\u00c7AKTAK\\u0130 CESET EM\\u0130L\\u0130ANO SALA\\u0027YA A\\u0130T&quot;,&quot;orientation&quot;:&quot;0&quot;}\" data-image-title=\"Sala\u2019dan \u00fcz\u00fcc\u00fc haber\" data-image-description=\"&lt;p&gt;Sala\u2019dan \u00fcz\u00fcc\u00fc haber&lt;\/p&gt; \" data-medium-file=\"https:\/\/i0.wp.com\/www.tvturk.com\/wp-content\/uploads\/2019\/02\/saladan-uzucu-haber_41214b3.jpg?fit=300%2C200\" data-large-file=\"https:\/\/i0.wp.com\/www.tvturk.com\/wp-content\/uploads\/2019\/02\/saladan-uzucu-haber_41214b3.jpg?fit=1000%2C668\" src=\"https:\/\/i0.wp.com\/www.tvturk.com\/wp-content\/uploads\/2019\/02\/saladan-uzucu-haber_41214b3.jpg?w=330&#038;h=220\" srcset=\"https:\/\/i0.wp.com\/www.tvturk.com\/wp-content\/uploads\/2019\/02\/saladan-uzucu-haber_41214b3.jpg?w=1000 1000w, https:\/\/i0.wp.com\/www.tvturk.com\/wp-content\/uploads\/2019\/02\/saladan-uzucu-haber_41214b3.jpg?resize=150%2C100 150w, https:\/\/i0.wp.com\/www.tvturk.com\/wp-content\/uploads\/2019\/02\/saladan-uzucu-haber_41214b3.jpg?resize=300%2C200 300w, https:\/\/i0.wp.com\/www.tvturk.com\/wp-content\/uploads\/2019\/02\/saladan-uzucu-haber_41214b3.jpg?resize=768%2C513 768w, https:\/\/i0.wp.com\/www.tvturk.com\/wp-content\/uploads\/2019\/02\/saladan-uzucu-haber_41214b3.jpg?resize=170%2C113 170w, https:\/\/i0.wp.com\/www.tvturk.com\/wp-content\/uploads\/2019\/02\/saladan-uzucu-haber_41214b3.jpg?resize=120%2C80 120w\" width=\"330\" height=\"220\" loading=\"lazy\" data-original-width=\"330\" data-original-height=\"220\" itemprop=\"http:\/\/schema.org\/image\" title=\"Sala\u2019dan \u00fcz\u00fcc\u00fc haber\" alt=\"Sala\u2019dan \u00fcz\u00fcc\u00fc haber\" style=\"width: 330px; height: 220px;\" \/> <\/a> <\/div> <\/div> <!-- close group --> <div class=\"gallery-group images-2\" style=\"width: 166px; height: 224px;\" data-original-width=\"166\" data-original-height=\"224\" > <div class=\"tiled-gallery-item tiled-gallery-item-small\" itemprop=\"associatedMedia\" itemscope itemtype=\"http:\/\/schema.org\/ImageObject\"> <a href=\"http:\/\/www.tvturk.com\/index.php\/saladan-uzucu-haber\/saladan-uzucu-haber-4\/\" border=\"0\" itemprop=\"url\"> <meta itemprop=\"width\" content=\"162\"> <meta itemprop=\"height\" content=\"108\"> <img decoding=\"async\" class=\"\" data-attachment-id=\"10668\" data-orig-file=\"http:\/\/www.tvturk.com\/wp-content\/uploads\/2019\/02\/saladan-uzucu-haber_e53cf02.jpg\" data-orig-size=\"1000,667\" data-comments-opened=\"\" data-image-meta=\"{&quot;aperture&quot;:&quot;0&quot;,&quot;credit&quot;:&quot;IHA&quot;,&quot;camera&quot;:&quot;&quot;,&quot;caption&quot;:&quot;MAN\\u015e DEN\\u0130Z\\u0130\\u2019NDE ENKAZI BULUNAN U\\u00c7AKTAK\\u0130 CESED\\u0130N ARJANT\\u0130NL\\u0130 FUTBOLCU EM\\u0130L\\u0130ANO SALA\\u0027YA A\\u0130T OLDU\\u011eU BEL\\u0130RLEND\\u0130. (\\u0130HA\\\/\\u0130STANBUL-\\u0130HA)&quot;,&quot;created_timestamp&quot;:&quot;0&quot;,&quot;copyright&quot;:&quot;\\u0130HLAS HABER AJANSI, www.iha.com.tr&quot;,&quot;focal_length&quot;:&quot;0&quot;,&quot;iso&quot;:&quot;0&quot;,&quot;shutter_speed&quot;:&quot;0&quot;,&quot;title&quot;:&quot;SALA\\u2019DAN \\u00dcZ\\u00dcC\\u00dc HABER ENKAZI BULUNAN U\\u00c7AKTAK\\u0130 CESET EM\\u0130L\\u0130ANO SALA\\u0027YA A\\u0130T&quot;,&quot;orientation&quot;:&quot;0&quot;}\" data-image-title=\"Sala\u2019dan \u00fcz\u00fcc\u00fc haber\" data-image-description=\"&lt;p&gt;Sala\u2019dan \u00fcz\u00fcc\u00fc haber&lt;\/p&gt; \" data-medium-file=\"https:\/\/i0.wp.com\/www.tvturk.com\/wp-content\/uploads\/2019\/02\/saladan-uzucu-haber_e53cf02.jpg?fit=300%2C200\" data-large-file=\"https:\/\/i0.wp.com\/www.tvturk.com\/wp-content\/uploads\/2019\/02\/saladan-uzucu-haber_e53cf02.jpg?fit=1000%2C667\" src=\"https:\/\/i0.wp.com\/www.tvturk.com\/wp-content\/uploads\/2019\/02\/saladan-uzucu-haber_e53cf02.jpg?w=162&#038;h=108\" srcset=\"https:\/\/i0.wp.com\/www.tvturk.com\/wp-content\/uploads\/2019\/02\/saladan-uzucu-haber_e53cf02.jpg?w=1000 1000w, https:\/\/i0.wp.com\/www.tvturk.com\/wp-content\/uploads\/2019\/02\/saladan-uzucu-haber_e53cf02.jpg?resize=150%2C100 150w, https:\/\/i0.wp.com\/www.tvturk.com\/wp-content\/uploads\/2019\/02\/saladan-uzucu-haber_e53cf02.jpg?resize=300%2C200 300w, https:\/\/i0.wp.com\/www.tvturk.com\/wp-content\/uploads\/2019\/02\/saladan-uzucu-haber_e53cf02.jpg?resize=768%2C512 768w, https:\/\/i0.wp.com\/www.tvturk.com\/wp-content\/uploads\/2019\/02\/saladan-uzucu-haber_e53cf02.jpg?resize=170%2C113 170w, https:\/\/i0.wp.com\/www.tvturk.com\/wp-content\/uploads\/2019\/02\/saladan-uzucu-haber_e53cf02.jpg?resize=120%2C80 120w\" width=\"162\" height=\"108\" loading=\"lazy\" data-original-width=\"162\" data-original-height=\"108\" itemprop=\"http:\/\/schema.org\/image\" title=\"Sala\u2019dan \u00fcz\u00fcc\u00fc haber\" alt=\"Sala\u2019dan \u00fcz\u00fcc\u00fc haber\" style=\"width: 162px; height: 108px;\" \/> <\/a> <\/div> <div class=\"tiled-gallery-item tiled-gallery-item-small\" itemprop=\"associatedMedia\" itemscope itemtype=\"http:\/\/schema.org\/ImageObject\"> <a href=\"http:\/\/www.tvturk.com\/index.php\/saladan-uzucu-haber\/saladan-uzucu-haber-5\/\" border=\"0\" itemprop=\"url\"> <meta itemprop=\"width\" content=\"162\"> <meta itemprop=\"height\" content=\"108\"> <img decoding=\"async\" class=\"\" data-attachment-id=\"10669\" data-orig-file=\"http:\/\/www.tvturk.com\/wp-content\/uploads\/2019\/02\/saladan-uzucu-haber_fd91ece.jpg\" data-orig-size=\"1000,667\" data-comments-opened=\"\" data-image-meta=\"{&quot;aperture&quot;:&quot;0&quot;,&quot;credit&quot;:&quot;IHA&quot;,&quot;camera&quot;:&quot;&quot;,&quot;caption&quot;:&quot;MAN\\u015e DEN\\u0130Z\\u0130\\u2019NDE ENKAZI BULUNAN U\\u00c7AKTAK\\u0130 CESED\\u0130N ARJANT\\u0130NL\\u0130 FUTBOLCU EM\\u0130L\\u0130ANO SALA\\u0027YA A\\u0130T OLDU\\u011eU BEL\\u0130RLEND\\u0130. (\\u0130HA\\\/\\u0130STANBUL-\\u0130HA)&quot;,&quot;created_timestamp&quot;:&quot;0&quot;,&quot;copyright&quot;:&quot;\\u0130HLAS HABER AJANSI, www.iha.com.tr&quot;,&quot;focal_length&quot;:&quot;0&quot;,&quot;iso&quot;:&quot;0&quot;,&quot;shutter_speed&quot;:&quot;0&quot;,&quot;title&quot;:&quot;SALA\\u2019DAN \\u00dcZ\\u00dcC\\u00dc HABER ENKAZI BULUNAN U\\u00c7AKTAK\\u0130 CESET EM\\u0130L\\u0130ANO SALA\\u0027YA A\\u0130T&quot;,&quot;orientation&quot;:&quot;0&quot;}\" data-image-title=\"Sala\u2019dan \u00fcz\u00fcc\u00fc haber\" data-image-description=\"&lt;p&gt;Sala\u2019dan \u00fcz\u00fcc\u00fc haber&lt;\/p&gt; \" data-medium-file=\"https:\/\/i0.wp.com\/www.tvturk.com\/wp-content\/uploads\/2019\/02\/saladan-uzucu-haber_fd91ece.jpg?fit=300%2C200\" data-large-file=\"https:\/\/i0.wp.com\/www.tvturk.com\/wp-content\/uploads\/2019\/02\/saladan-uzucu-haber_fd91ece.jpg?fit=1000%2C667\" src=\"https:\/\/i0.wp.com\/www.tvturk.com\/wp-content\/uploads\/2019\/02\/saladan-uzucu-haber_fd91ece.jpg?w=162&#038;h=108\" srcset=\"https:\/\/i0.wp.com\/www.tvturk.com\/wp-content\/uploads\/2019\/02\/saladan-uzucu-haber_fd91ece.jpg?w=1000 1000w, https:\/\/i0.wp.com\/www.tvturk.com\/wp-content\/uploads\/2019\/02\/saladan-uzucu-haber_fd91ece.jpg?resize=150%2C100 150w, https:\/\/i0.wp.com\/www.tvturk.com\/wp-content\/uploads\/2019\/02\/saladan-uzucu-haber_fd91ece.jpg?resize=300%2C200 300w, https:\/\/i0.wp.com\/www.tvturk.com\/wp-content\/uploads\/2019\/02\/saladan-uzucu-haber_fd91ece.jpg?resize=768%2C512 768w, https:\/\/i0.wp.com\/www.tvturk.com\/wp-content\/uploads\/2019\/02\/saladan-uzucu-haber_fd91ece.jpg?resize=170%2C113 170w, https:\/\/i0.wp.com\/www.tvturk.com\/wp-content\/uploads\/2019\/02\/saladan-uzucu-haber_fd91ece.jpg?resize=120%2C80 120w\" width=\"162\" height=\"108\" loading=\"lazy\" data-original-width=\"162\" data-original-height=\"108\" itemprop=\"http:\/\/schema.org\/image\" title=\"Sala\u2019dan \u00fcz\u00fcc\u00fc haber\" alt=\"Sala\u2019dan \u00fcz\u00fcc\u00fc haber\" style=\"width: 162px; height: 108px;\" \/> <\/a> <\/div> <\/div> <!-- close group --> <\/div> <!-- close row --> <\/div><\/p>\n","protected":false},"excerpt":{"rendered":"<p>MAN\u015e DEN\u0130Z\u0130\u2019NDE ENKAZI BULUNAN U\u00c7AKTAK\u0130 CESED\u0130N ARJANT\u0130NL\u0130 FUTBOLCU EM\u0130L\u0130ANO SALA&#8217;YA A\u0130T OLDU\u011eU BEL\u0130RLEND\u0130.<\/p>\n","protected":false},"author":1,"featured_media":10666,"comment_status":"closed","ping_status":"open","sticky":false,"template":"","format":"standard","meta":{"jetpack_post_was_ever_published":false,"_jetpack_newsletter_access":"","_jetpack_dont_email_post_to_subs":false,"_jetpack_newsletter_tier_id":0,"_jetpack_memberships_contains_paywalled_content":false,"_jetpack_memberships_contains_paid_content":false,"footnotes":"","jetpack_publicize_message":"","jetpack_publicize_feature_enabled":true,"jetpack_social_post_already_shared":false,"jetpack_social_options":{"image_generator_settings":{"template":"highway","default_image_id":0,"font":"","enabled":false},"version":2}},"categories":[657],"tags":[1545,5503,5504],"class_list":["post-10665","post","type-post","status-publish","format-standard","has-post-thumbnail","hentry","category-spor","tag-haber","tag-saladan","tag-uzucu"],"jetpack_publicize_connections":[],"jetpack_featured_media_url":"https:\/\/i0.wp.com\/www.tvturk.com\/wp-content\/uploads\/2019\/02\/saladan-uzucu-haber_3b682ec.jpg?fit=1000%2C665","jetpack_sharing_enabled":true,"jetpack_shortlink":"https:\/\/wp.me\/paKIfm-2M1","_links":{"self":[{"href":"http:\/\/www.tvturk.com\/index.php\/wp-json\/wp\/v2\/posts\/10665","targetHints":{"allow":["GET"]}}],"collection":[{"href":"http:\/\/www.tvturk.com\/index.php\/wp-json\/wp\/v2\/posts"}],"about":[{"href":"http:\/\/www.tvturk.com\/index.php\/wp-json\/wp\/v2\/types\/post"}],"author":[{"embeddable":true,"href":"http:\/\/www.tvturk.com\/index.php\/wp-json\/wp\/v2\/users\/1"}],"replies":[{"embeddable":true,"href":"http:\/\/www.tvturk.com\/index.php\/wp-json\/wp\/v2\/comments?post=10665"}],"version-history":[{"count":1,"href":"http:\/\/www.tvturk.com\/index.php\/wp-json\/wp\/v2\/posts\/10665\/revisions"}],"predecessor-version":[{"id":10670,"href":"http:\/\/www.tvturk.com\/index.php\/wp-json\/wp\/v2\/posts\/10665\/revisions\/10670"}],"wp:featuredmedia":[{"embeddable":true,"href":"http:\/\/www.tvturk.com\/index.php\/wp-json\/wp\/v2\/media\/10666"}],"wp:attachment":[{"href":"http:\/\/www.tvturk.com\/index.php\/wp-json\/wp\/v2\/media?parent=10665"}],"wp:term":[{"taxonomy":"category","embeddable":true,"href":"http:\/\/www.tvturk.com\/index.php\/wp-json\/wp\/v2\/categories?post=10665"},{"taxonomy":"post_tag","embeddable":true,"href":"http:\/\/www.tvturk.com\/index.php\/wp-json\/wp\/v2\/tags?post=10665"}],"curies":[{"name":"wp","href":"https:\/\/api.w.org\/{rel}","templated":true}]}}