{"id":10746,"date":"2019-02-08T09:37:46","date_gmt":"2019-02-08T06:37:46","guid":{"rendered":"http:\/\/www.tvturk.com\/index.php\/abd-kongresinde-59-yil-gorev-yapan-dingell-hayatini-kaybetti\/"},"modified":"2019-02-08T09:37:46","modified_gmt":"2019-02-08T06:37:46","slug":"abd-kongresinde-59-yil-gorev-yapan-dingell-hayatini-kaybetti","status":"publish","type":"post","link":"http:\/\/www.tvturk.com\/index.php\/abd-kongresinde-59-yil-gorev-yapan-dingell-hayatini-kaybetti\/","title":{"rendered":"ABD Kongresinde 59 y\u0131l g\u00f6rev yapan Dingell hayat\u0131n\u0131 kaybetti"},"content":{"rendered":"<p>ABD tarihinin en uzun s\u00fcreli hizmet veren Demokrat Parti Kongre \u00dcyesi John Dingell\u2019in 92 ya\u015f\u0131nda hayat\u0131n\u0131 kaybetti\u011fi a\u00e7\u0131kland\u0131.<\/p>\n<p>2014 y\u0131l\u0131nda emekli olan ve 59 y\u0131l ABD\u2019de Kongrede aral\u0131ks\u0131z g\u00f6rev yapan John Dingell\u2019in Michigan eyaletinin Dearborn kentindeki evinde hayat\u0131n\u0131 kaybetti\u011fi a\u00e7\u0131kland\u0131. Dingell\u2019in \u00f6l\u00fcm haberini Kongre \u00dcyesi olan e\u015fi Debbie Dingell duyurdu. 92 ya\u015f\u0131nda hayat\u0131n\u0131 kaybeden John Dingell, son iki y\u0131ld\u0131r prostat kanseri tedavisi g\u00f6r\u00fcyordu.<\/p>\n<p>Eski ABD Ba\u015fkan\u0131 Barak Obama yapt\u0131\u011f\u0131 a\u00e7\u0131klamada, John Dingell\u2019n\u0131n \u00f6l\u00fcm\u00fcnden duydu\u011fu \u00fcz\u00fcnt\u00fcy\u00fc dile getirerek, &#8220;B\u00fcy\u00fck bir Amerikal\u0131\u2019y\u0131 kaybettik. John Dingell, zaman\u0131m\u0131z\u0131n medeni haklar\u0131yla ilgili meselelere \u00f6nc\u00fcl\u00fck ederek, ba\u015fkalar\u0131na kap\u0131 a\u00e7arak ve her \u015feyi sahaya b\u0131rakarak bana ilham veren bir insand\u0131&#8221; dedi.<\/p>\n<p>ABD Temsilciler Meclisi Ba\u015fkan\u0131 Nancy Pelosi ise &#8220;Kongrenin sevilen bir ismini ve Amerika tarihinin en b\u00fcy\u00fck yasa koyucular\u0131ndan birini kaybettik. John Dingell, sars\u0131lmaz bir g\u00fc\u00e7, s\u0131n\u0131rs\u0131z enerji ve d\u00f6n\u00fc\u015ft\u00fcr\u00fcc\u00fc liderli\u011fin y\u00fckselen bir miras\u0131 olarak tarihe ge\u00e7ti&#8221; ifadelerini kulland\u0131.<\/p>\n","protected":false},"excerpt":{"rendered":"<p>ABD TAR\u0130H\u0130N\u0130N EN UZUN S\u00dcREL\u0130 H\u0130ZMET VEREN DEMOKRAT PART\u0130 KONGRE \u00dcYES\u0130 JOHN D\u0130NGELL&#8217;\u0130N 92 YA\u015eINDA HAYATINI KAYBETT\u0130\u011e\u0130 A\u00c7IKLANDI.<\/p>\n","protected":false},"author":1,"featured_media":10747,"comment_status":"closed","ping_status":"open","sticky":false,"template":"","format":"standard","meta":{"jetpack_post_was_ever_published":false,"_jetpack_newsletter_access":"","_jetpack_dont_email_post_to_subs":false,"_jetpack_newsletter_tier_id":0,"_jetpack_memberships_contains_paywalled_content":false,"_jetpack_memberships_contains_paid_content":false,"footnotes":"","jetpack_publicize_message":"","jetpack_publicize_feature_enabled":true,"jetpack_social_post_already_shared":false,"jetpack_social_options":{"image_generator_settings":{"template":"highway","default_image_id":0,"font":"","enabled":false},"version":2}},"categories":[655],"tags":[1936,5541,333,848,849,5540,1420,231],"class_list":["post-10746","post","type-post","status-publish","format-standard","has-post-thumbnail","hentry","category-son-dakika","tag-abd","tag-dingell","tag-gorev","tag-hayatini","tag-kaybetti","tag-kongresinde","tag-yapan","tag-yil"],"jetpack_publicize_connections":[],"jetpack_featured_media_url":"https:\/\/i0.wp.com\/www.tvturk.com\/wp-content\/uploads\/2019\/02\/abd-kongresinde-59-yil-gorev-yapan-dingell-hayatini-kaybetti_9b05249.jpg?fit=768%2C698","jetpack_sharing_enabled":true,"jetpack_shortlink":"https:\/\/wp.me\/paKIfm-2Nk","_links":{"self":[{"href":"http:\/\/www.tvturk.com\/index.php\/wp-json\/wp\/v2\/posts\/10746","targetHints":{"allow":["GET"]}}],"collection":[{"href":"http:\/\/www.tvturk.com\/index.php\/wp-json\/wp\/v2\/posts"}],"about":[{"href":"http:\/\/www.tvturk.com\/index.php\/wp-json\/wp\/v2\/types\/post"}],"author":[{"embeddable":true,"href":"http:\/\/www.tvturk.com\/index.php\/wp-json\/wp\/v2\/users\/1"}],"replies":[{"embeddable":true,"href":"http:\/\/www.tvturk.com\/index.php\/wp-json\/wp\/v2\/comments?post=10746"}],"version-history":[{"count":0,"href":"http:\/\/www.tvturk.com\/index.php\/wp-json\/wp\/v2\/posts\/10746\/revisions"}],"wp:featuredmedia":[{"embeddable":true,"href":"http:\/\/www.tvturk.com\/index.php\/wp-json\/wp\/v2\/media\/10747"}],"wp:attachment":[{"href":"http:\/\/www.tvturk.com\/index.php\/wp-json\/wp\/v2\/media?parent=10746"}],"wp:term":[{"taxonomy":"category","embeddable":true,"href":"http:\/\/www.tvturk.com\/index.php\/wp-json\/wp\/v2\/categories?post=10746"},{"taxonomy":"post_tag","embeddable":true,"href":"http:\/\/www.tvturk.com\/index.php\/wp-json\/wp\/v2\/tags?post=10746"}],"curies":[{"name":"wp","href":"https:\/\/api.w.org\/{rel}","templated":true}]}}