{"id":107744,"date":"2019-03-22T09:41:19","date_gmt":"2019-03-22T06:41:19","guid":{"rendered":"http:\/\/www.tvturk.com\/index.php\/bogalarla-dans-eden-adam\/"},"modified":"2019-03-22T09:41:24","modified_gmt":"2019-03-22T06:41:24","slug":"bogalarla-dans-eden-adam","status":"publish","type":"post","link":"http:\/\/www.tvturk.com\/index.php\/bogalarla-dans-eden-adam\/","title":{"rendered":"Bo\u011falarla dans eden adam"},"content":{"rendered":"<p>Artvin\u2019de bo\u011fa yeti\u015ftiricili\u011fi yapan Ula\u015f G\u00fclse\u00e7gin bo\u011falar\u0131n\u0131 farkl\u0131 bir y\u00f6ntemle g\u00fcre\u015flere haz\u0131rl\u0131yor. Bo\u011falarla duygusal ba\u011f kuran G\u00fclse\u00e7gin, onlarla dans edip oynuyor.<\/p>\n<p>Artvin merkez ve il\u00e7elerinde her y\u0131l geleneksel olarak d\u00fczenlenen bo\u011fa g\u00fcre\u015fleri, b\u00f6lgede b\u00fcy\u00fck bir sekt\u00f6r olu\u015fturuyor. Ba\u015f, ba\u015falt\u0131, b\u00fcy\u00fck-orta, k\u00fc\u00e7\u00fck-orta, ayak ve deste olmak \u00fczere 6 kategoride ger\u00e7ekle\u015ftirilen bo\u011fa g\u00fcre\u015fleri b\u00f6lgede yo\u011fun ilgi g\u00f6r\u00fcyor. Bo\u011fa yeti\u015ftiricileri, 400 ile 800 kilogram a\u011f\u0131rl\u0131\u011f\u0131nda olan bo\u011falar\u0131 b\u00fcy\u00fck \u00f6zenle bak\u0131yor.<\/p>\n<p>Kentin 1200 rak\u0131ml\u0131 Kafkas\u00f6r Yaylas\u0131\u2019nda 200 y\u0131ld\u0131r ya\u015fat\u0131lan bo\u011fa g\u00fcre\u015fleri \u00f6ncesi bo\u011falar\u0131n\u0131 g\u00fcre\u015fler haz\u0131rlayan bo\u011fa yeti\u015ftiricileri kampa ald\u0131klar\u0131 bo\u011falar\u0131na, sabah y\u00fcr\u00fcy\u00fc\u015f\u00fc ve ko\u015fu ile spor yapt\u0131r\u0131yor. Pekmez, kuru \u00fcz\u00fcm, arpa ve yumurta ile beslenen bo\u011falar, antrenman yapt\u0131r\u0131larak g\u00fcre\u015flere haz\u0131rlan\u0131yor.<\/p>\n<p>700 kilograml\u0131k bo\u011fa sahibi ne yaparsa ayn\u0131s\u0131n\u0131 yap\u0131yor<\/p>\n<p>Artvin\u2019de 30 y\u0131ld\u0131r bo\u011fa yeti\u015ftiricili\u011fi yapan Ula\u015f G\u00fclse\u00e7gin bo\u011falar\u0131n\u0131 farkl\u0131 bir y\u00f6ntemle g\u00fcre\u015flere haz\u0131rl\u0131yor. Bo\u011falar\u0131yla duygusal bir ba\u011f kuran G\u00fclse\u00e7gin, onlarla dans edip oyun oynuyor. 7 y\u0131ld\u0131r sahiplendi\u011fi 10 ya\u015f\u0131ndaki, 700 kilogram a\u011f\u0131rl\u0131\u011f\u0131nda olan \u2018tayfun\u2019 isimli bo\u011fa sahibi ne yaparsa ayn\u0131s\u0131n\u0131 yap\u0131yor. G\u00fclse\u00e7gin, sadece komutlar\u0131yla 700 kilograml\u0131k bo\u011fay\u0131 oynatmay\u0131 ba\u015far\u0131yor.<\/p>\n<p>Bo\u011fac\u0131l\u0131\u011f\u0131n dededen geldi\u011fini s\u00f6yleyen G\u00fcl\u00e7segin,\u201cMoralim bozuldu\u011funda onlar\u0131n yan\u0131na gittim onlarla dertle\u015ftim. Hastaland\u0131klar\u0131nda g\u00fcnlerce ah\u0131rda yan\u0131nda yatt\u0131m. Bu \u015fekilde onlarla aram\u0131zda bir ba\u011f olu\u015ftu. Birlikte oynad\u0131k, ben ne yaparsam onlarda ayn\u0131s\u0131n\u0131 yapt\u0131lar. Arkada\u015flar\u0131m inanmad\u0131 \u2019\u015fans\u2019 dediler. Yeniden yapt\u0131k bu kez videoya \u00e7ektim ve bu \u015fekilde inand\u0131lar. Daha sonra ad\u0131m bo\u011falarla dans eden adama \u00e7\u0131kt\u0131. Hangi hayvan olursa olsun sen ona ne kadar ilgi g\u00f6sterirsen oda sana ilgisini sevgisini g\u00f6sterir\u201d dedi<div class=\"tiled-gallery type-rectangular tiled-gallery-unresized\" data-original-width=\"500\" data-carousel-extra='null' itemscope itemtype=\"http:\/\/schema.org\/ImageGallery\" > <div class=\"gallery-row\" style=\"width: 500px; height: 224px;\" data-original-width=\"500\" data-original-height=\"224\" > <div class=\"gallery-group images-1\" style=\"width: 334px; height: 224px;\" data-original-width=\"334\" data-original-height=\"224\" > <div class=\"tiled-gallery-item tiled-gallery-item-large\" itemprop=\"associatedMedia\" itemscope itemtype=\"http:\/\/schema.org\/ImageObject\"> <a href=\"http:\/\/www.tvturk.com\/index.php\/bogalarla-dans-eden-adam\/bogalarla-dans-eden-adam-3\/\" border=\"0\" itemprop=\"url\"> <meta itemprop=\"width\" content=\"330\"> <meta itemprop=\"height\" content=\"220\"> <img decoding=\"async\" class=\"\" data-attachment-id=\"107746\" data-orig-file=\"http:\/\/www.tvturk.com\/wp-content\/uploads\/2019\/03\/bogalarla-dans-eden-adam_974ed59.jpg\" data-orig-size=\"1000,666\" data-comments-opened=\"\" data-image-meta=\"{&quot;aperture&quot;:&quot;0&quot;,&quot;credit&quot;:&quot;IHA&quot;,&quot;camera&quot;:&quot;&quot;,&quot;caption&quot;:&quot;ARTV\\u0130N\\u2019DE BO\\u011eA YET\\u0130\\u015eT\\u0130R\\u0130C\\u0130L\\u0130\\u011e\\u0130 YAPAN ULA\\u015e G\\u00dcLSE\\u00c7G\\u0130N (42), BO\\u011eALARINI FARKLI B\\u0130R Y\\u00d6NTEMLE G\\u00dcRE\\u015eLERE HAZIRLIYOR. BO\\u011eALARLA DUYGUSAL BA\\u011e KURAN G\\u00dcLSE\\u00c7G\\u0130N, ONLARLA DANS ED\\u0130P OYNUYOR. (ADEM G\\u00dcNG\\u00d6R\\\/ARTV\\u0130N-\\u0130HA)&quot;,&quot;created_timestamp&quot;:&quot;0&quot;,&quot;copyright&quot;:&quot;\\u0130HLAS HABER AJANSI, www.iha.com.tr&quot;,&quot;focal_length&quot;:&quot;0&quot;,&quot;iso&quot;:&quot;0&quot;,&quot;shutter_speed&quot;:&quot;0&quot;,&quot;title&quot;:&quot;BO\\u011eALARLA DANS EDEN ADAM ARTV\\u0130N\\u2019DE BO\\u011eA YET\\u0130\\u015eT\\u0130R\\u0130C\\u0130L\\u0130\\u011e\\u0130 YAPAN ULA\\u015e G\\u00dcLSE\\u00c7G\\u0130N BO\\u011eALARINI FARKLI B\\u0130R Y\\u00d6NTEMLE G\\u00dcRE\\u015eLERE HAZIRLIYOR BO\\u011eALARLA DUYGUSAL BA\\u011e KURAN G\\u00dcLSE\\u00c7G\\u0130N, ONLARLA DANS ED\\u0130P OYNUYOR&quot;,&quot;orientation&quot;:&quot;0&quot;}\" data-image-title=\"Bo\u011falarla dans eden adam\" data-image-description=\"&lt;p&gt;Bo\u011falarla dans eden adam&lt;\/p&gt; \" data-medium-file=\"https:\/\/i0.wp.com\/www.tvturk.com\/wp-content\/uploads\/2019\/03\/bogalarla-dans-eden-adam_974ed59.jpg?fit=300%2C200\" data-large-file=\"https:\/\/i0.wp.com\/www.tvturk.com\/wp-content\/uploads\/2019\/03\/bogalarla-dans-eden-adam_974ed59.jpg?fit=1000%2C666\" src=\"https:\/\/i0.wp.com\/www.tvturk.com\/wp-content\/uploads\/2019\/03\/bogalarla-dans-eden-adam_974ed59.jpg?w=330&#038;h=220\" srcset=\"https:\/\/i0.wp.com\/www.tvturk.com\/wp-content\/uploads\/2019\/03\/bogalarla-dans-eden-adam_974ed59.jpg?w=1000 1000w, https:\/\/i0.wp.com\/www.tvturk.com\/wp-content\/uploads\/2019\/03\/bogalarla-dans-eden-adam_974ed59.jpg?resize=150%2C100 150w, https:\/\/i0.wp.com\/www.tvturk.com\/wp-content\/uploads\/2019\/03\/bogalarla-dans-eden-adam_974ed59.jpg?resize=300%2C200 300w, https:\/\/i0.wp.com\/www.tvturk.com\/wp-content\/uploads\/2019\/03\/bogalarla-dans-eden-adam_974ed59.jpg?resize=768%2C511 768w, https:\/\/i0.wp.com\/www.tvturk.com\/wp-content\/uploads\/2019\/03\/bogalarla-dans-eden-adam_974ed59.jpg?resize=170%2C113 170w, https:\/\/i0.wp.com\/www.tvturk.com\/wp-content\/uploads\/2019\/03\/bogalarla-dans-eden-adam_974ed59.jpg?resize=120%2C80 120w\" width=\"330\" height=\"220\" loading=\"lazy\" data-original-width=\"330\" data-original-height=\"220\" itemprop=\"http:\/\/schema.org\/image\" title=\"Bo\u011falarla dans eden adam\" alt=\"Bo\u011falarla dans eden adam\" style=\"width: 330px; height: 220px;\" \/> <\/a> <\/div> <\/div> <!-- close group --> <div class=\"gallery-group images-2\" style=\"width: 166px; height: 224px;\" data-original-width=\"166\" data-original-height=\"224\" > <div class=\"tiled-gallery-item tiled-gallery-item-small\" itemprop=\"associatedMedia\" itemscope itemtype=\"http:\/\/schema.org\/ImageObject\"> <a href=\"http:\/\/www.tvturk.com\/index.php\/bogalarla-dans-eden-adam\/bogalarla-dans-eden-adam-4\/\" border=\"0\" itemprop=\"url\"> <meta itemprop=\"width\" content=\"162\"> <meta itemprop=\"height\" content=\"108\"> <img decoding=\"async\" class=\"\" data-attachment-id=\"107747\" data-orig-file=\"http:\/\/www.tvturk.com\/wp-content\/uploads\/2019\/03\/bogalarla-dans-eden-adam_2f81e6a.jpg\" data-orig-size=\"1000,666\" data-comments-opened=\"\" data-image-meta=\"{&quot;aperture&quot;:&quot;0&quot;,&quot;credit&quot;:&quot;IHA&quot;,&quot;camera&quot;:&quot;&quot;,&quot;caption&quot;:&quot;ARTV\\u0130N\\u2019DE BO\\u011eA YET\\u0130\\u015eT\\u0130R\\u0130C\\u0130L\\u0130\\u011e\\u0130 YAPAN ULA\\u015e G\\u00dcLSE\\u00c7G\\u0130N (42), BO\\u011eALARINI FARKLI B\\u0130R Y\\u00d6NTEMLE G\\u00dcRE\\u015eLERE HAZIRLIYOR. BO\\u011eALARLA DUYGUSAL BA\\u011e KURAN G\\u00dcLSE\\u00c7G\\u0130N, ONLARLA DANS ED\\u0130P OYNUYOR. (ADEM G\\u00dcNG\\u00d6R\\\/ARTV\\u0130N-\\u0130HA)&quot;,&quot;created_timestamp&quot;:&quot;0&quot;,&quot;copyright&quot;:&quot;\\u0130HLAS HABER AJANSI, www.iha.com.tr&quot;,&quot;focal_length&quot;:&quot;0&quot;,&quot;iso&quot;:&quot;0&quot;,&quot;shutter_speed&quot;:&quot;0&quot;,&quot;title&quot;:&quot;BO\\u011eALARLA DANS EDEN ADAM ARTV\\u0130N\\u2019DE BO\\u011eA YET\\u0130\\u015eT\\u0130R\\u0130C\\u0130L\\u0130\\u011e\\u0130 YAPAN ULA\\u015e G\\u00dcLSE\\u00c7G\\u0130N BO\\u011eALARINI FARKLI B\\u0130R Y\\u00d6NTEMLE G\\u00dcRE\\u015eLERE HAZIRLIYOR BO\\u011eALARLA DUYGUSAL BA\\u011e KURAN G\\u00dcLSE\\u00c7G\\u0130N, ONLARLA DANS ED\\u0130P OYNUYOR&quot;,&quot;orientation&quot;:&quot;0&quot;}\" data-image-title=\"Bo\u011falarla dans eden adam\" data-image-description=\"&lt;p&gt;Bo\u011falarla dans eden adam&lt;\/p&gt; \" data-medium-file=\"https:\/\/i0.wp.com\/www.tvturk.com\/wp-content\/uploads\/2019\/03\/bogalarla-dans-eden-adam_2f81e6a.jpg?fit=300%2C200\" data-large-file=\"https:\/\/i0.wp.com\/www.tvturk.com\/wp-content\/uploads\/2019\/03\/bogalarla-dans-eden-adam_2f81e6a.jpg?fit=1000%2C666\" src=\"https:\/\/i0.wp.com\/www.tvturk.com\/wp-content\/uploads\/2019\/03\/bogalarla-dans-eden-adam_2f81e6a.jpg?w=162&#038;h=108\" srcset=\"https:\/\/i0.wp.com\/www.tvturk.com\/wp-content\/uploads\/2019\/03\/bogalarla-dans-eden-adam_2f81e6a.jpg?w=1000 1000w, https:\/\/i0.wp.com\/www.tvturk.com\/wp-content\/uploads\/2019\/03\/bogalarla-dans-eden-adam_2f81e6a.jpg?resize=150%2C100 150w, https:\/\/i0.wp.com\/www.tvturk.com\/wp-content\/uploads\/2019\/03\/bogalarla-dans-eden-adam_2f81e6a.jpg?resize=300%2C200 300w, https:\/\/i0.wp.com\/www.tvturk.com\/wp-content\/uploads\/2019\/03\/bogalarla-dans-eden-adam_2f81e6a.jpg?resize=768%2C511 768w, https:\/\/i0.wp.com\/www.tvturk.com\/wp-content\/uploads\/2019\/03\/bogalarla-dans-eden-adam_2f81e6a.jpg?resize=170%2C113 170w, https:\/\/i0.wp.com\/www.tvturk.com\/wp-content\/uploads\/2019\/03\/bogalarla-dans-eden-adam_2f81e6a.jpg?resize=120%2C80 120w\" width=\"162\" height=\"108\" loading=\"lazy\" data-original-width=\"162\" data-original-height=\"108\" itemprop=\"http:\/\/schema.org\/image\" title=\"Bo\u011falarla dans eden adam\" alt=\"Bo\u011falarla dans eden adam\" style=\"width: 162px; height: 108px;\" \/> <\/a> <\/div> <div class=\"tiled-gallery-item tiled-gallery-item-small\" itemprop=\"associatedMedia\" itemscope itemtype=\"http:\/\/schema.org\/ImageObject\"> <a href=\"http:\/\/www.tvturk.com\/index.php\/bogalarla-dans-eden-adam\/bogalarla-dans-eden-adam-5\/\" border=\"0\" itemprop=\"url\"> <meta itemprop=\"width\" content=\"162\"> <meta itemprop=\"height\" content=\"108\"> <img decoding=\"async\" class=\"\" data-attachment-id=\"107748\" data-orig-file=\"http:\/\/www.tvturk.com\/wp-content\/uploads\/2019\/03\/bogalarla-dans-eden-adam_150decb.jpg\" data-orig-size=\"1000,666\" data-comments-opened=\"\" data-image-meta=\"{&quot;aperture&quot;:&quot;0&quot;,&quot;credit&quot;:&quot;IHA&quot;,&quot;camera&quot;:&quot;&quot;,&quot;caption&quot;:&quot;ARTV\\u0130N\\u2019DE BO\\u011eA YET\\u0130\\u015eT\\u0130R\\u0130C\\u0130L\\u0130\\u011e\\u0130 YAPAN ULA\\u015e G\\u00dcLSE\\u00c7G\\u0130N (42), BO\\u011eALARINI FARKLI B\\u0130R Y\\u00d6NTEMLE G\\u00dcRE\\u015eLERE HAZIRLIYOR. BO\\u011eALARLA DUYGUSAL BA\\u011e KURAN G\\u00dcLSE\\u00c7G\\u0130N, ONLARLA DANS ED\\u0130P OYNUYOR. (ADEM G\\u00dcNG\\u00d6R\\\/ARTV\\u0130N-\\u0130HA)&quot;,&quot;created_timestamp&quot;:&quot;0&quot;,&quot;copyright&quot;:&quot;\\u0130HLAS HABER AJANSI, www.iha.com.tr&quot;,&quot;focal_length&quot;:&quot;0&quot;,&quot;iso&quot;:&quot;0&quot;,&quot;shutter_speed&quot;:&quot;0&quot;,&quot;title&quot;:&quot;BO\\u011eALARLA DANS EDEN ADAM ARTV\\u0130N\\u2019DE BO\\u011eA YET\\u0130\\u015eT\\u0130R\\u0130C\\u0130L\\u0130\\u011e\\u0130 YAPAN ULA\\u015e G\\u00dcLSE\\u00c7G\\u0130N BO\\u011eALARINI FARKLI B\\u0130R Y\\u00d6NTEMLE G\\u00dcRE\\u015eLERE HAZIRLIYOR BO\\u011eALARLA DUYGUSAL BA\\u011e KURAN G\\u00dcLSE\\u00c7G\\u0130N, ONLARLA DANS ED\\u0130P OYNUYOR&quot;,&quot;orientation&quot;:&quot;0&quot;}\" data-image-title=\"Bo\u011falarla dans eden adam\" data-image-description=\"&lt;p&gt;Bo\u011falarla dans eden adam&lt;\/p&gt; \" data-medium-file=\"https:\/\/i0.wp.com\/www.tvturk.com\/wp-content\/uploads\/2019\/03\/bogalarla-dans-eden-adam_150decb.jpg?fit=300%2C200\" data-large-file=\"https:\/\/i0.wp.com\/www.tvturk.com\/wp-content\/uploads\/2019\/03\/bogalarla-dans-eden-adam_150decb.jpg?fit=1000%2C666\" src=\"https:\/\/i0.wp.com\/www.tvturk.com\/wp-content\/uploads\/2019\/03\/bogalarla-dans-eden-adam_150decb.jpg?w=162&#038;h=108\" srcset=\"https:\/\/i0.wp.com\/www.tvturk.com\/wp-content\/uploads\/2019\/03\/bogalarla-dans-eden-adam_150decb.jpg?w=1000 1000w, https:\/\/i0.wp.com\/www.tvturk.com\/wp-content\/uploads\/2019\/03\/bogalarla-dans-eden-adam_150decb.jpg?resize=150%2C100 150w, https:\/\/i0.wp.com\/www.tvturk.com\/wp-content\/uploads\/2019\/03\/bogalarla-dans-eden-adam_150decb.jpg?resize=300%2C200 300w, https:\/\/i0.wp.com\/www.tvturk.com\/wp-content\/uploads\/2019\/03\/bogalarla-dans-eden-adam_150decb.jpg?resize=768%2C511 768w, https:\/\/i0.wp.com\/www.tvturk.com\/wp-content\/uploads\/2019\/03\/bogalarla-dans-eden-adam_150decb.jpg?resize=170%2C113 170w, https:\/\/i0.wp.com\/www.tvturk.com\/wp-content\/uploads\/2019\/03\/bogalarla-dans-eden-adam_150decb.jpg?resize=120%2C80 120w\" width=\"162\" height=\"108\" loading=\"lazy\" data-original-width=\"162\" data-original-height=\"108\" itemprop=\"http:\/\/schema.org\/image\" title=\"Bo\u011falarla dans eden adam\" alt=\"Bo\u011falarla dans eden adam\" style=\"width: 162px; height: 108px;\" \/> <\/a> <\/div> <\/div> <!-- close group --> <\/div> <!-- close row --> <div class=\"gallery-row\" style=\"width: 500px; height: 376px;\" data-original-width=\"500\" data-original-height=\"376\" > <div class=\"gallery-group images-2\" style=\"width: 287px; height: 376px;\" data-original-width=\"287\" data-original-height=\"376\" > <div class=\"tiled-gallery-item tiled-gallery-item-large\" itemprop=\"associatedMedia\" itemscope itemtype=\"http:\/\/schema.org\/ImageObject\"> <a href=\"http:\/\/www.tvturk.com\/index.php\/bogalarla-dans-eden-adam\/bogalarla-dans-eden-adam-6\/\" border=\"0\" itemprop=\"url\"> <meta itemprop=\"width\" content=\"283\"> <meta itemprop=\"height\" content=\"188\"> <img decoding=\"async\" class=\"\" data-attachment-id=\"107749\" data-orig-file=\"http:\/\/www.tvturk.com\/wp-content\/uploads\/2019\/03\/bogalarla-dans-eden-adam_b1fa285.jpg\" data-orig-size=\"1000,666\" data-comments-opened=\"\" data-image-meta=\"{&quot;aperture&quot;:&quot;0&quot;,&quot;credit&quot;:&quot;IHA&quot;,&quot;camera&quot;:&quot;&quot;,&quot;caption&quot;:&quot;ARTV\\u0130N\\u2019DE BO\\u011eA YET\\u0130\\u015eT\\u0130R\\u0130C\\u0130L\\u0130\\u011e\\u0130 YAPAN ULA\\u015e G\\u00dcLSE\\u00c7G\\u0130N (42), BO\\u011eALARINI FARKLI B\\u0130R Y\\u00d6NTEMLE G\\u00dcRE\\u015eLERE HAZIRLIYOR. BO\\u011eALARLA DUYGUSAL BA\\u011e KURAN G\\u00dcLSE\\u00c7G\\u0130N, ONLARLA DANS ED\\u0130P OYNUYOR. (ADEM G\\u00dcNG\\u00d6R\\\/ARTV\\u0130N-\\u0130HA)&quot;,&quot;created_timestamp&quot;:&quot;0&quot;,&quot;copyright&quot;:&quot;\\u0130HLAS HABER AJANSI, www.iha.com.tr&quot;,&quot;focal_length&quot;:&quot;0&quot;,&quot;iso&quot;:&quot;0&quot;,&quot;shutter_speed&quot;:&quot;0&quot;,&quot;title&quot;:&quot;BO\\u011eALARLA DANS EDEN ADAM ARTV\\u0130N\\u2019DE BO\\u011eA YET\\u0130\\u015eT\\u0130R\\u0130C\\u0130L\\u0130\\u011e\\u0130 YAPAN ULA\\u015e G\\u00dcLSE\\u00c7G\\u0130N BO\\u011eALARINI FARKLI B\\u0130R Y\\u00d6NTEMLE G\\u00dcRE\\u015eLERE HAZIRLIYOR BO\\u011eALARLA DUYGUSAL BA\\u011e KURAN G\\u00dcLSE\\u00c7G\\u0130N, ONLARLA DANS ED\\u0130P OYNUYOR&quot;,&quot;orientation&quot;:&quot;0&quot;}\" data-image-title=\"Bo\u011falarla dans eden adam\" data-image-description=\"&lt;p&gt;Bo\u011falarla dans eden adam&lt;\/p&gt; \" data-medium-file=\"https:\/\/i0.wp.com\/www.tvturk.com\/wp-content\/uploads\/2019\/03\/bogalarla-dans-eden-adam_b1fa285.jpg?fit=300%2C200\" data-large-file=\"https:\/\/i0.wp.com\/www.tvturk.com\/wp-content\/uploads\/2019\/03\/bogalarla-dans-eden-adam_b1fa285.jpg?fit=1000%2C666\" src=\"https:\/\/i0.wp.com\/www.tvturk.com\/wp-content\/uploads\/2019\/03\/bogalarla-dans-eden-adam_b1fa285.jpg?w=283&#038;h=188\" srcset=\"https:\/\/i0.wp.com\/www.tvturk.com\/wp-content\/uploads\/2019\/03\/bogalarla-dans-eden-adam_b1fa285.jpg?w=1000 1000w, https:\/\/i0.wp.com\/www.tvturk.com\/wp-content\/uploads\/2019\/03\/bogalarla-dans-eden-adam_b1fa285.jpg?resize=150%2C100 150w, https:\/\/i0.wp.com\/www.tvturk.com\/wp-content\/uploads\/2019\/03\/bogalarla-dans-eden-adam_b1fa285.jpg?resize=300%2C200 300w, https:\/\/i0.wp.com\/www.tvturk.com\/wp-content\/uploads\/2019\/03\/bogalarla-dans-eden-adam_b1fa285.jpg?resize=768%2C511 768w, https:\/\/i0.wp.com\/www.tvturk.com\/wp-content\/uploads\/2019\/03\/bogalarla-dans-eden-adam_b1fa285.jpg?resize=170%2C113 170w, https:\/\/i0.wp.com\/www.tvturk.com\/wp-content\/uploads\/2019\/03\/bogalarla-dans-eden-adam_b1fa285.jpg?resize=120%2C80 120w\" width=\"283\" height=\"188\" loading=\"lazy\" data-original-width=\"283\" data-original-height=\"188\" itemprop=\"http:\/\/schema.org\/image\" title=\"Bo\u011falarla dans eden adam\" alt=\"Bo\u011falarla dans eden adam\" style=\"width: 283px; height: 188px;\" \/> <\/a> <\/div> <div class=\"tiled-gallery-item tiled-gallery-item-large\" itemprop=\"associatedMedia\" itemscope itemtype=\"http:\/\/schema.org\/ImageObject\"> <a href=\"http:\/\/www.tvturk.com\/index.php\/bogalarla-dans-eden-adam\/bogalarla-dans-eden-adam-7\/\" border=\"0\" itemprop=\"url\"> <meta itemprop=\"width\" content=\"283\"> <meta itemprop=\"height\" content=\"180\"> <img decoding=\"async\" class=\"\" data-attachment-id=\"107750\" data-orig-file=\"http:\/\/www.tvturk.com\/wp-content\/uploads\/2019\/03\/bogalarla-dans-eden-adam_38f8dc0.jpg\" data-orig-size=\"1000,637\" data-comments-opened=\"\" data-image-meta=\"{&quot;aperture&quot;:&quot;0&quot;,&quot;credit&quot;:&quot;IHA&quot;,&quot;camera&quot;:&quot;&quot;,&quot;caption&quot;:&quot;ARTV\\u0130N\\u2019DE BO\\u011eA YET\\u0130\\u015eT\\u0130R\\u0130C\\u0130L\\u0130\\u011e\\u0130 YAPAN ULA\\u015e G\\u00dcLSE\\u00c7G\\u0130N (42), BO\\u011eALARINI FARKLI B\\u0130R Y\\u00d6NTEMLE G\\u00dcRE\\u015eLERE HAZIRLIYOR. BO\\u011eALARLA DUYGUSAL BA\\u011e KURAN G\\u00dcLSE\\u00c7G\\u0130N, ONLARLA DANS ED\\u0130P OYNUYOR. (ADEM G\\u00dcNG\\u00d6R\\\/ARTV\\u0130N-\\u0130HA)&quot;,&quot;created_timestamp&quot;:&quot;0&quot;,&quot;copyright&quot;:&quot;\\u0130HLAS HABER AJANSI, www.iha.com.tr&quot;,&quot;focal_length&quot;:&quot;0&quot;,&quot;iso&quot;:&quot;0&quot;,&quot;shutter_speed&quot;:&quot;0&quot;,&quot;title&quot;:&quot;BO\\u011eALARLA DANS EDEN ADAM ARTV\\u0130N\\u2019DE BO\\u011eA YET\\u0130\\u015eT\\u0130R\\u0130C\\u0130L\\u0130\\u011e\\u0130 YAPAN ULA\\u015e G\\u00dcLSE\\u00c7G\\u0130N BO\\u011eALARINI FARKLI B\\u0130R Y\\u00d6NTEMLE G\\u00dcRE\\u015eLERE HAZIRLIYOR BO\\u011eALARLA DUYGUSAL BA\\u011e KURAN G\\u00dcLSE\\u00c7G\\u0130N, ONLARLA DANS ED\\u0130P OYNUYOR&quot;,&quot;orientation&quot;:&quot;0&quot;}\" data-image-title=\"Bo\u011falarla dans eden adam\" data-image-description=\"&lt;p&gt;Bo\u011falarla dans eden adam&lt;\/p&gt; \" data-medium-file=\"https:\/\/i0.wp.com\/www.tvturk.com\/wp-content\/uploads\/2019\/03\/bogalarla-dans-eden-adam_38f8dc0.jpg?fit=300%2C191\" data-large-file=\"https:\/\/i0.wp.com\/www.tvturk.com\/wp-content\/uploads\/2019\/03\/bogalarla-dans-eden-adam_38f8dc0.jpg?fit=1000%2C637\" src=\"https:\/\/i0.wp.com\/www.tvturk.com\/wp-content\/uploads\/2019\/03\/bogalarla-dans-eden-adam_38f8dc0.jpg?w=283&#038;h=180\" srcset=\"https:\/\/i0.wp.com\/www.tvturk.com\/wp-content\/uploads\/2019\/03\/bogalarla-dans-eden-adam_38f8dc0.jpg?w=1000 1000w, https:\/\/i0.wp.com\/www.tvturk.com\/wp-content\/uploads\/2019\/03\/bogalarla-dans-eden-adam_38f8dc0.jpg?resize=150%2C96 150w, https:\/\/i0.wp.com\/www.tvturk.com\/wp-content\/uploads\/2019\/03\/bogalarla-dans-eden-adam_38f8dc0.jpg?resize=300%2C191 300w, https:\/\/i0.wp.com\/www.tvturk.com\/wp-content\/uploads\/2019\/03\/bogalarla-dans-eden-adam_38f8dc0.jpg?resize=768%2C489 768w\" width=\"283\" height=\"180\" loading=\"lazy\" data-original-width=\"283\" data-original-height=\"180\" itemprop=\"http:\/\/schema.org\/image\" title=\"Bo\u011falarla dans eden adam\" alt=\"Bo\u011falarla dans eden adam\" style=\"width: 283px; height: 180px;\" \/> <\/a> <\/div> <\/div> <!-- close group --> <div class=\"gallery-group images-1\" style=\"width: 213px; height: 376px;\" data-original-width=\"213\" data-original-height=\"376\" > <div class=\"tiled-gallery-item tiled-gallery-item-small\" itemprop=\"associatedMedia\" itemscope itemtype=\"http:\/\/schema.org\/ImageObject\"> <a href=\"http:\/\/www.tvturk.com\/index.php\/bogalarla-dans-eden-adam\/bogalarla-dans-eden-adam-8\/\" border=\"0\" itemprop=\"url\"> <meta itemprop=\"width\" content=\"209\"> <meta itemprop=\"height\" content=\"372\"> <img decoding=\"async\" class=\"\" data-attachment-id=\"107751\" data-orig-file=\"http:\/\/www.tvturk.com\/wp-content\/uploads\/2019\/03\/bogalarla-dans-eden-adam_3670e18.jpg\" data-orig-size=\"562,1000\" data-comments-opened=\"\" data-image-meta=\"{&quot;aperture&quot;:&quot;0&quot;,&quot;credit&quot;:&quot;IHA&quot;,&quot;camera&quot;:&quot;&quot;,&quot;caption&quot;:&quot;ARTV\\u0130N\\u2019DE BO\\u011eA YET\\u0130\\u015eT\\u0130R\\u0130C\\u0130L\\u0130\\u011e\\u0130 YAPAN ULA\\u015e G\\u00dcLSE\\u00c7G\\u0130N (42), BO\\u011eALARINI FARKLI B\\u0130R Y\\u00d6NTEMLE G\\u00dcRE\\u015eLERE HAZIRLIYOR. BO\\u011eALARLA DUYGUSAL BA\\u011e KURAN G\\u00dcLSE\\u00c7G\\u0130N, ONLARLA DANS ED\\u0130P OYNUYOR. (ADEM G\\u00dcNG\\u00d6R\\\/ARTV\\u0130N-\\u0130HA)&quot;,&quot;created_timestamp&quot;:&quot;0&quot;,&quot;copyright&quot;:&quot;\\u0130HLAS HABER AJANSI, www.iha.com.tr&quot;,&quot;focal_length&quot;:&quot;0&quot;,&quot;iso&quot;:&quot;0&quot;,&quot;shutter_speed&quot;:&quot;0&quot;,&quot;title&quot;:&quot;BO\\u011eALARLA DANS EDEN ADAM ARTV\\u0130N\\u2019DE BO\\u011eA YET\\u0130\\u015eT\\u0130R\\u0130C\\u0130L\\u0130\\u011e\\u0130 YAPAN ULA\\u015e G\\u00dcLSE\\u00c7G\\u0130N BO\\u011eALARINI FARKLI B\\u0130R Y\\u00d6NTEMLE G\\u00dcRE\\u015eLERE HAZIRLIYOR BO\\u011eALARLA DUYGUSAL BA\\u011e KURAN G\\u00dcLSE\\u00c7G\\u0130N, ONLARLA DANS ED\\u0130P OYNUYOR&quot;,&quot;orientation&quot;:&quot;0&quot;}\" data-image-title=\"Bo\u011falarla dans eden adam\" data-image-description=\"&lt;p&gt;Bo\u011falarla dans eden adam&lt;\/p&gt; \" data-medium-file=\"https:\/\/i0.wp.com\/www.tvturk.com\/wp-content\/uploads\/2019\/03\/bogalarla-dans-eden-adam_3670e18.jpg?fit=169%2C300\" data-large-file=\"https:\/\/i0.wp.com\/www.tvturk.com\/wp-content\/uploads\/2019\/03\/bogalarla-dans-eden-adam_3670e18.jpg?fit=562%2C1000\" src=\"https:\/\/i0.wp.com\/www.tvturk.com\/wp-content\/uploads\/2019\/03\/bogalarla-dans-eden-adam_3670e18.jpg?w=209&#038;h=372\" srcset=\"https:\/\/i0.wp.com\/www.tvturk.com\/wp-content\/uploads\/2019\/03\/bogalarla-dans-eden-adam_3670e18.jpg?w=562 562w, https:\/\/i0.wp.com\/www.tvturk.com\/wp-content\/uploads\/2019\/03\/bogalarla-dans-eden-adam_3670e18.jpg?resize=84%2C150 84w, https:\/\/i0.wp.com\/www.tvturk.com\/wp-content\/uploads\/2019\/03\/bogalarla-dans-eden-adam_3670e18.jpg?resize=169%2C300 169w\" width=\"209\" height=\"372\" loading=\"lazy\" data-original-width=\"209\" data-original-height=\"372\" itemprop=\"http:\/\/schema.org\/image\" title=\"Bo\u011falarla dans eden adam\" alt=\"Bo\u011falarla dans eden adam\" style=\"width: 209px; height: 372px;\" \/> <\/a> <\/div> <\/div> <!-- close group --> <\/div> <!-- close row --> <\/div><\/p>\n","protected":false},"excerpt":{"rendered":"<p>ARTV\u0130N\u2019DE BO\u011eA YET\u0130\u015eT\u0130R\u0130C\u0130L\u0130\u011e\u0130 YAPAN ULA\u015e G\u00dcLSE\u00c7G\u0130N (42),  BO\u011eALARINI FARKLI B\u0130R Y\u00d6NTEMLE G\u00dcRE\u015eLERE HAZIRLIYOR. BO\u011eALARLA DUYGUSAL BA\u011e KURAN G\u00dcLSE\u00c7G\u0130N, ONLARLA DANS ED\u0130P OYNUYOR.<\/p>\n","protected":false},"author":1,"featured_media":107745,"comment_status":"closed","ping_status":"open","sticky":false,"template":"","format":"standard","meta":{"jetpack_post_was_ever_published":false,"_jetpack_newsletter_access":"","_jetpack_dont_email_post_to_subs":false,"_jetpack_newsletter_tier_id":0,"_jetpack_memberships_contains_paywalled_content":false,"_jetpack_memberships_contains_paid_content":false,"footnotes":"","jetpack_publicize_message":"","jetpack_publicize_feature_enabled":true,"jetpack_social_post_already_shared":true,"jetpack_social_options":{"image_generator_settings":{"template":"highway","default_image_id":0,"font":"","enabled":false},"version":2}},"categories":[1],"tags":[5386,27094,13234,2393],"class_list":["post-107744","post","type-post","status-publish","format-standard","has-post-thumbnail","hentry","category-genel","tag-adam","tag-bogalarla","tag-dans","tag-eden"],"jetpack_publicize_connections":[],"jetpack_featured_media_url":"https:\/\/i0.wp.com\/www.tvturk.com\/wp-content\/uploads\/2019\/03\/bogalarla-dans-eden-adam_9d84310.jpg?fit=1000%2C666","jetpack_sharing_enabled":true,"jetpack_shortlink":"https:\/\/wp.me\/paKIfm-s1O","_links":{"self":[{"href":"http:\/\/www.tvturk.com\/index.php\/wp-json\/wp\/v2\/posts\/107744","targetHints":{"allow":["GET"]}}],"collection":[{"href":"http:\/\/www.tvturk.com\/index.php\/wp-json\/wp\/v2\/posts"}],"about":[{"href":"http:\/\/www.tvturk.com\/index.php\/wp-json\/wp\/v2\/types\/post"}],"author":[{"embeddable":true,"href":"http:\/\/www.tvturk.com\/index.php\/wp-json\/wp\/v2\/users\/1"}],"replies":[{"embeddable":true,"href":"http:\/\/www.tvturk.com\/index.php\/wp-json\/wp\/v2\/comments?post=107744"}],"version-history":[{"count":1,"href":"http:\/\/www.tvturk.com\/index.php\/wp-json\/wp\/v2\/posts\/107744\/revisions"}],"predecessor-version":[{"id":107752,"href":"http:\/\/www.tvturk.com\/index.php\/wp-json\/wp\/v2\/posts\/107744\/revisions\/107752"}],"wp:featuredmedia":[{"embeddable":true,"href":"http:\/\/www.tvturk.com\/index.php\/wp-json\/wp\/v2\/media\/107745"}],"wp:attachment":[{"href":"http:\/\/www.tvturk.com\/index.php\/wp-json\/wp\/v2\/media?parent=107744"}],"wp:term":[{"taxonomy":"category","embeddable":true,"href":"http:\/\/www.tvturk.com\/index.php\/wp-json\/wp\/v2\/categories?post=107744"},{"taxonomy":"post_tag","embeddable":true,"href":"http:\/\/www.tvturk.com\/index.php\/wp-json\/wp\/v2\/tags?post=107744"}],"curies":[{"name":"wp","href":"https:\/\/api.w.org\/{rel}","templated":true}]}}