{"id":109236,"date":"2019-03-22T17:34:22","date_gmt":"2019-03-22T14:34:22","guid":{"rendered":"http:\/\/www.tvturk.com\/index.php\/antalyada-ucretsiz-toplu-ulasim-hizmeti-basliyor\/"},"modified":"2019-03-22T17:34:22","modified_gmt":"2019-03-22T14:34:22","slug":"antalyada-ucretsiz-toplu-ulasim-hizmeti-basliyor","status":"publish","type":"post","link":"http:\/\/www.tvturk.com\/index.php\/antalyada-ucretsiz-toplu-ulasim-hizmeti-basliyor\/","title":{"rendered":"Antalya\u2019da \u00fccretsiz toplu ula\u015f\u0131m hizmeti ba\u015fl\u0131yor"},"content":{"rendered":"<p>Antalya\u2019da yar\u0131ndan itibaren saat \u201c05.00-07.00 ile 19.00-21.00 saatleri aras\u0131nda kent merkezinde AU plakal\u0131 otob\u00fcslerde, siyah resmi plakal\u0131 otob\u00fcslerde ve Rayl\u0131 sistemde toplu ula\u015f\u0131m \u00fccretsiz\u201d  oluyor.<\/p>\n<p>Antalya B\u00fcy\u00fck\u015fehir Belediye Ba\u015fkan\u0131 Menderes  T\u00fcrel, 23 Mart Cumartesi\u2019den itibaren  ula\u015f\u0131m\u0131n kent merkezinde AU plakal\u0131 otob\u00fcslerde, siyah resmi plakal\u0131 otob\u00fcslerde ve rayl\u0131 sistemde \u00fccretsiz olaca\u011f\u0131n\u0131  a\u00e7\u0131klad\u0131. Ba\u015fkan T\u00fcrel \u201cAntalya\u2019da \u015fehir merkezinde toplu ula\u015f\u0131m bedava oluyor. Nas\u0131l olacak diye hemen herkesin akl\u0131na bir soru gelebilir. Biliyorsunuz toplu ula\u015f\u0131mda yo\u011fun saatler, sabah mesai ba\u015flama  saatleri veya mesai \u00e7\u0131k\u0131\u015f\u0131 olan ak\u015fam saatleridir. \u00d6zellikle bu saatlerde toplu ula\u015f\u0131m ara\u00e7lar\u0131m\u0131z\u0131n \u00e7ok s\u0131k\u0131\u015f\u0131k oldu\u011fu, hatta s\u0131k\u0131\u015f\u0131kl\u0131ktan dolay\u0131 yolcu alamad\u0131\u011f\u0131, ta\u015f\u0131yamad\u0131\u011f\u0131 noktas\u0131nda \u015fik\u00e2yetlere maruz kal\u0131yoruz. \u015eimdi biz, sabah 05.00 ile 07.00, ak\u015fam da 19.00 ile 21.00 saatlerinde aras\u0131nda b\u00fct\u00fcn yolcular\u0131m\u0131z\u0131 toplu ula\u015f\u0131mda \u00fccretsiz ta\u015f\u0131yaca\u011f\u0131z. B\u00f6ylelikle o \u00e7ok yo\u011fun saatlerdeki yo\u011funlu\u011fu azaltaca\u011f\u0131z. Bu uygulama vatanda\u015flar\u0131m\u0131z\u0131n b\u00fct\u00e7esine katk\u0131 koyarken, belediye i\u00e7in de yo\u011fun saatlerde ara\u00e7 say\u0131s\u0131n\u0131 azaltarak tasarruf etmemizi sa\u011flayacak. Bu uygulaman\u0131n en b\u00fcy\u00fck etkisi ise yo\u011fun saatlerde trafi\u011fi rahatlatmak olacakt\u0131r\u201d dedi.<\/p>\n<p>\u00dccretsiz ta\u015f\u0131ma uygulamas\u0131 esnaf\u0131 ma\u011fdur etmeyecek<\/p>\n<p>Bu uygulaman\u0131n \u015fimdilik sadece kent merkezinde yani Muratpa\u015fa, Konyaalt\u0131, Kepez, D\u00f6\u015femealt\u0131 ve Aksu\u2019da hayata ge\u00e7irilece\u011fini belirten Ba\u015fkan T\u00fcrel, \u201cBiz uygulamay\u0131 toplu ula\u015f\u0131m esnaf\u0131m\u0131zla omuz omuza yap\u0131yor, el ele ger\u00e7ekle\u015ftiriyoruz. Bildi\u011finiz \u00fczere toplu ula\u015f\u0131m esnaf\u0131m\u0131zla ula\u015f\u0131m has\u0131lat\u0131n\u0131n topland\u0131\u011f\u0131 havuz sistemimizi hayata ge\u00e7irmi\u015ftik bu sistemin sonucu olarak toplu ula\u015f\u0131m esnaf\u0131m\u0131za toplanan has\u0131lattan her ay sabit bir bedel \u00f6d\u00fcyoruz. Bu sabit bedelle art\u0131k ka\u00e7 yolcu ta\u015f\u0131rsa ta\u015f\u0131s\u0131n o sabit gelirini al\u0131yor. Bu yeni sistem toplu ula\u015f\u0131m esnaf\u0131m\u0131za da bir s\u0131k\u0131nt\u0131 olu\u015fturmayacak. Bu y\u00fczden havuz sistemine dahil olan toplu ta\u015f\u0131ma esnaf\u0131m\u0131za ait AU plakal\u0131 otob\u00fcslerde, belediyenin resmi siyah plakal\u0131 otob\u00fcslerinde ve rayl\u0131 sistemde \u00fccretsiz ula\u015f\u0131m uygulayabiliyoruz. Ula\u015f\u0131mda \u00e7ok az bir pay\u0131 olan, havuz sistemine dahil olmayan esnafa ait k\u0131rsalda \u00e7al\u0131\u015fan k\u00fc\u00e7\u00fck minib\u00fcslerde yine havuz sistemine dahil olmayan esnafa ait terminal otob\u00fcslerinde \u00fccretsiz bini\u015f uygulamas\u0131n\u0131 \u015fu anda uygulayam\u0131yoruz. Ancak \u00f6n\u00fcm\u00fczdeki d\u00f6nemde esnaflar\u0131m\u0131z\u0131n da r\u0131zas\u0131n\u0131 alarak bu sisteme dahil etmek i\u00e7in \u00e7al\u0131\u015faca\u011f\u0131z\u201d diye konu\u015ftu.<\/p>\n<p>Pik saatlerdeki trafik yo\u011funlu\u011fu azalacak<\/p>\n<p>Kent merkezindeki 5 il\u00e7ede uygulanacak bu sistemin il\u00e7elerdeki esnaf\u0131n da istemesi halinde onlarla da mutab\u0131k kalarak uygulanabilece\u011fini ifade eden Ba\u015fkan T\u00fcrel, \u201c\u0130l\u00e7elerimizdeki esnaf\u0131m\u0131z da havuz sistemi isterse oralarda da ayn\u0131 uygulamay\u0131 yayg\u0131nla\u015ft\u0131rarak vatanda\u015f\u0131m\u0131z\u0131 ve esnaf\u0131m\u0131z\u0131 rahatlataca\u011f\u0131z. Neredeyse otob\u00fcslerimizin y\u00fczde 10 kapasiteyle \u00e7al\u0131\u015ft\u0131\u011f\u0131 05.00 ile 07.00 ve 19.00-21.00 saatleri aras\u0131nda \u00fccretsiz uygulamaya ge\u00e7ildi\u011finde trafi\u011fin yo\u011funlu\u011fu rahatlayacakt\u0131r. \u0130\u015fe gidi\u015f ve d\u00f6n\u00fc\u015f saatlerinde ya\u015fanan s\u0131k\u0131\u015f\u0131kl\u0131k, belirledi\u011fimiz saatlerde yapaca\u011f\u0131m\u0131z \u00fccretsiz ta\u015f\u0131mayla ortadan kalkacakt\u0131r\u201d \u015feklinde konu\u015ftu.<\/p>\n<p>Uygulama 23 Mart Cumartesi\u2019den itibaren ba\u015fl\u0131yor<\/p>\n<p>T\u00fcrel, \u201cHer vatanda\u015f bu saatler aras\u0131nda \u00fccretsiz ula\u015f\u0131mdan yararlanabilecek\u201d dedi. Bu saatlerin uzman ki\u015filer taraf\u0131ndan uzun s\u00fcren ara\u015ft\u0131rmalar \u00e7er\u00e7evesinde tespit edildi\u011fini belirten Ba\u015fkan Menderes T\u00fcrel, \u201cBir yandan vatanda\u015fa \u00fccretsiz ula\u015f\u0131m deste\u011fi verilirken di\u011fer yandan muazzam bir tasarruf elde edilecektir.  Ayn\u0131 zamanda kent i\u00e7i trafi\u011fini de rahatlatan bu uygulama Antalyal\u0131 hem\u015ferilerime hay\u0131rl\u0131 olsun\u201d dedi.<\/p>\n<p>Projelerimizi taklit ettikleri i\u00e7in bug\u00fcn m\u00fcjdeledim<\/p>\n<p>Ba\u015fkan T\u00fcrel, 14 \u015eubat\u2019taki \u2018A\u015fk\u0131m Antalya\u2019 Proje Tan\u0131t\u0131m Toplant\u0131s\u0131\u2019nda son hafta Antalyal\u0131lara b\u00fcy\u00fck s\u00fcrprizleri olaca\u011f\u0131n\u0131 ifade etti\u011fini hat\u0131rlatarak, \u201cRakip siyasi parti adaylar\u0131m\u0131z projelerimizi taklit etti\u011fi i\u00e7in bu m\u00fcjdeyi \u00f6zellikle bug\u00fcn vermek istedim. Her zaman diyorum. Biz oldu\u011fumuz s\u00fcrece hizmetler oluyor.  Bu uygulama Menderes T\u00fcrel\u2019in yine T\u00fcrkiye\u2019de hayata ge\u00e7irdi\u011fi \u00f6rnek bir uygulama olacakt\u0131r. Bizler Antalya\u2019y\u0131 d\u00fcnya \u015fampiyonu yapmak i\u00e7in gece g\u00fcnd\u00fcz \u00e7al\u0131\u015f\u0131rken asla g\u00fcndelik kayg\u0131lar ile hareket etmedik. 23 Mart Cumartesi\u2019den (yar\u0131n) itibaren ba\u015flayacak \u00fccretsiz ula\u015f\u0131m imk\u00e2n\u0131 kesintisiz olarak 5 y\u0131l devam edecektir\u201d diye konu\u015ftu.<\/p>\n","protected":false},"excerpt":{"rendered":"<p>ANTALYA B\u00dcY\u00dcK\u015eEH\u0130R BELED\u0130YE BA\u015eKANI MENDERES  T\u00dcREL, 23 MART CUMARTES\u0130\u2019DEN \u0130T\u0130BAREN  ULA\u015eIMIN KENT MERKEZ\u0130NDE AU PLAKALI OTOB\u00dcSLERDE, S\u0130YAH RESM\u0130 PLAKALI OTOB\u00dcSLERDE VE RAYLI S\u0130STEMDE \u00dcCRETS\u0130Z OLACA\u011eINI  A\u00c7IKLADI.<\/p>\n","protected":false},"author":1,"featured_media":109237,"comment_status":"closed","ping_status":"open","sticky":false,"template":"","format":"standard","meta":{"jetpack_post_was_ever_published":false,"_jetpack_newsletter_access":"","_jetpack_dont_email_post_to_subs":false,"_jetpack_newsletter_tier_id":0,"_jetpack_memberships_contains_paywalled_content":false,"_jetpack_memberships_contains_paid_content":false,"footnotes":"","jetpack_publicize_message":"","jetpack_publicize_feature_enabled":true,"jetpack_social_post_already_shared":true,"jetpack_social_options":{"image_generator_settings":{"template":"highway","default_image_id":0,"font":"","enabled":false},"version":2}},"categories":[1],"tags":[1327,1647,8988,1349,324,1416],"class_list":["post-109236","post","type-post","status-publish","format-standard","has-post-thumbnail","hentry","category-genel","tag-antalyada","tag-basliyor","tag-hizmeti","tag-toplu","tag-ucretsiz","tag-ulasim"],"jetpack_publicize_connections":[],"jetpack_featured_media_url":"https:\/\/i0.wp.com\/www.tvturk.com\/wp-content\/uploads\/2019\/03\/antalyada-ucretsiz-toplu-ulasim-hizmeti-basliyor_649a313.jpg?fit=814%2C1000","jetpack_sharing_enabled":true,"jetpack_shortlink":"https:\/\/wp.me\/paKIfm-spS","_links":{"self":[{"href":"http:\/\/www.tvturk.com\/index.php\/wp-json\/wp\/v2\/posts\/109236","targetHints":{"allow":["GET"]}}],"collection":[{"href":"http:\/\/www.tvturk.com\/index.php\/wp-json\/wp\/v2\/posts"}],"about":[{"href":"http:\/\/www.tvturk.com\/index.php\/wp-json\/wp\/v2\/types\/post"}],"author":[{"embeddable":true,"href":"http:\/\/www.tvturk.com\/index.php\/wp-json\/wp\/v2\/users\/1"}],"replies":[{"embeddable":true,"href":"http:\/\/www.tvturk.com\/index.php\/wp-json\/wp\/v2\/comments?post=109236"}],"version-history":[{"count":0,"href":"http:\/\/www.tvturk.com\/index.php\/wp-json\/wp\/v2\/posts\/109236\/revisions"}],"wp:featuredmedia":[{"embeddable":true,"href":"http:\/\/www.tvturk.com\/index.php\/wp-json\/wp\/v2\/media\/109237"}],"wp:attachment":[{"href":"http:\/\/www.tvturk.com\/index.php\/wp-json\/wp\/v2\/media?parent=109236"}],"wp:term":[{"taxonomy":"category","embeddable":true,"href":"http:\/\/www.tvturk.com\/index.php\/wp-json\/wp\/v2\/categories?post=109236"},{"taxonomy":"post_tag","embeddable":true,"href":"http:\/\/www.tvturk.com\/index.php\/wp-json\/wp\/v2\/tags?post=109236"}],"curies":[{"name":"wp","href":"https:\/\/api.w.org\/{rel}","templated":true}]}}