{"id":10924,"date":"2019-02-08T10:14:51","date_gmt":"2019-02-08T07:14:51","guid":{"rendered":"http:\/\/www.tvturk.com\/index.php\/aksarayda-afad-ekibinden-cig-tatbikati\/"},"modified":"2019-02-08T10:14:53","modified_gmt":"2019-02-08T07:14:53","slug":"aksarayda-afad-ekibinden-cig-tatbikati","status":"publish","type":"post","link":"http:\/\/www.tvturk.com\/index.php\/aksarayda-afad-ekibinden-cig-tatbikati\/","title":{"rendered":"Aksaray\u2019da AFAD ekibinden \u00e7\u0131\u011f tatbikat\u0131"},"content":{"rendered":"<p>Aksaray\u2019da AFAD ekipleri Hasan Da\u011f\u0131\u2019nda \u00e7\u0131\u011f tatbikat\u0131 ger\u00e7ekle\u015ftirdi. 10 ki\u015filik AFAD ekibi, tatbikat gere\u011fi \u00e7\u0131\u011f alt\u0131nda kalan kayak\u00e7\u0131y\u0131 \u00f6zel ara\u00e7 ve gere\u00e7lerle kurtard\u0131.<\/p>\n<p>Tatbikat, Hasan Da\u011f\u0131\u2019n\u0131n 2 bin rak\u0131ml\u0131 b\u00f6lgesinde ger\u00e7ekle\u015ftirildi. Aksaray \u0130l Acil Afet Durum (AFAD) M\u00fcd\u00fcrl\u00fc\u011f\u00fc ekipleri, olas\u0131 bir \u00e7\u0131\u011f d\u00fc\u015fme olay\u0131na kar\u015f\u0131 10 ki\u015filik ekiple tatbikat ger\u00e7ekle\u015ftirdi. Tatbikatta 10 ki\u015filik AFAD\u2019a ba\u011fl\u0131 da\u011f arama kurtarma ekibi, tatbikat gere\u011fi 2 bin rak\u0131ml\u0131 karl\u0131 b\u00f6lgede \u00e7\u0131\u011f alt\u0131nda kalan kayak\u00e7\u0131y\u0131 arad\u0131. \u00d6zel 8&#215;8 amfibik isimli ara\u00e7la olay yerine intikal eden AFAD ekipleri, \u00f6zel malzemelerle arama kurtarma \u00e7al\u0131\u015fmas\u0131 yapt\u0131. Yap\u0131lan \u00e7al\u0131\u015fmalar sonras\u0131nda \u00e7\u0131\u011f alt\u0131nda kalan kayak\u00e7\u0131 bulunarak kurtar\u0131ld\u0131.<div class=\"tiled-gallery type-rectangular tiled-gallery-unresized\" data-original-width=\"500\" data-carousel-extra='null' itemscope itemtype=\"http:\/\/schema.org\/ImageGallery\" > <div class=\"gallery-row\" style=\"width: 500px; height: 142px;\" data-original-width=\"500\" data-original-height=\"142\" > <div class=\"gallery-group images-1\" style=\"width: 250px; height: 142px;\" data-original-width=\"250\" data-original-height=\"142\" > <div class=\"tiled-gallery-item tiled-gallery-item-small\" itemprop=\"associatedMedia\" itemscope itemtype=\"http:\/\/schema.org\/ImageObject\"> <a href=\"http:\/\/www.tvturk.com\/index.php\/aksarayda-afad-ekibinden-cig-tatbikati\/aksarayda-afad-ekibinden-cig-tatbikati-3\/\" border=\"0\" itemprop=\"url\"> <meta itemprop=\"width\" content=\"246\"> <meta itemprop=\"height\" content=\"138\"> <img decoding=\"async\" class=\"\" data-attachment-id=\"10926\" data-orig-file=\"http:\/\/www.tvturk.com\/wp-content\/uploads\/2019\/02\/aksarayda-afad-ekibinden-cig-tatbikati_793a140.jpg\" data-orig-size=\"1000,562\" data-comments-opened=\"\" data-image-meta=\"{&quot;aperture&quot;:&quot;0&quot;,&quot;credit&quot;:&quot;IHA&quot;,&quot;camera&quot;:&quot;&quot;,&quot;caption&quot;:&quot;AKSARAY\\u2019DA AFAD EK\\u0130PLER\\u0130 HASAN DA\\u011eINDA \\u00c7I\\u011e TATB\\u0130KATI GER\\u00c7EKLE\\u015eT\\u0130RD\\u0130. 10 K\\u0130\\u015e\\u0130L\\u0130K AFAD EK\\u0130B\\u0130, TATB\\u0130KAT GERE\\u011e\\u0130 \\u00c7I\\u011e ALTINDA KALAN KAYAK\\u00c7IYI \\u00d6ZEL ARA\\u00c7 VE GERE\\u00c7LERLE KURTARDI. (YAS\\u0130N CAN\\\/AKSARAY-\\u0130HA)&quot;,&quot;created_timestamp&quot;:&quot;0&quot;,&quot;copyright&quot;:&quot;\\u0130HLAS HABER AJANSI, www.iha.com.tr&quot;,&quot;focal_length&quot;:&quot;0&quot;,&quot;iso&quot;:&quot;0&quot;,&quot;shutter_speed&quot;:&quot;0&quot;,&quot;title&quot;:&quot;AKSARAY\\u2019DA AFAD EK\\u0130B\\u0130NDEN \\u00c7I\\u011e TATB\\u0130KATI&quot;,&quot;orientation&quot;:&quot;0&quot;}\" data-image-title=\"Aksaray\u2019da AFAD ekibinden \u00e7\u0131\u011f tatbikat\u0131\" data-image-description=\"&lt;p&gt;Aksaray\u2019da AFAD ekibinden \u00e7\u0131\u011f tatbikat\u0131&lt;\/p&gt; \" data-medium-file=\"https:\/\/i0.wp.com\/www.tvturk.com\/wp-content\/uploads\/2019\/02\/aksarayda-afad-ekibinden-cig-tatbikati_793a140.jpg?fit=300%2C169\" data-large-file=\"https:\/\/i0.wp.com\/www.tvturk.com\/wp-content\/uploads\/2019\/02\/aksarayda-afad-ekibinden-cig-tatbikati_793a140.jpg?fit=1000%2C562\" src=\"https:\/\/i0.wp.com\/www.tvturk.com\/wp-content\/uploads\/2019\/02\/aksarayda-afad-ekibinden-cig-tatbikati_793a140.jpg?w=246&#038;h=138\" srcset=\"https:\/\/i0.wp.com\/www.tvturk.com\/wp-content\/uploads\/2019\/02\/aksarayda-afad-ekibinden-cig-tatbikati_793a140.jpg?w=1000 1000w, https:\/\/i0.wp.com\/www.tvturk.com\/wp-content\/uploads\/2019\/02\/aksarayda-afad-ekibinden-cig-tatbikati_793a140.jpg?resize=150%2C84 150w, https:\/\/i0.wp.com\/www.tvturk.com\/wp-content\/uploads\/2019\/02\/aksarayda-afad-ekibinden-cig-tatbikati_793a140.jpg?resize=300%2C169 300w, https:\/\/i0.wp.com\/www.tvturk.com\/wp-content\/uploads\/2019\/02\/aksarayda-afad-ekibinden-cig-tatbikati_793a140.jpg?resize=768%2C432 768w, https:\/\/i0.wp.com\/www.tvturk.com\/wp-content\/uploads\/2019\/02\/aksarayda-afad-ekibinden-cig-tatbikati_793a140.jpg?resize=200%2C113 200w\" width=\"246\" height=\"138\" loading=\"lazy\" data-original-width=\"246\" data-original-height=\"138\" itemprop=\"http:\/\/schema.org\/image\" title=\"Aksaray\u2019da AFAD ekibinden \u00e7\u0131\u011f tatbikat\u0131\" alt=\"Aksaray\u2019da AFAD ekibinden \u00e7\u0131\u011f tatbikat\u0131\" style=\"width: 246px; height: 138px;\" \/> <\/a> <\/div> <\/div> <!-- close group --> <div class=\"gallery-group images-1\" style=\"width: 250px; height: 142px;\" data-original-width=\"250\" data-original-height=\"142\" > <div class=\"tiled-gallery-item tiled-gallery-item-small\" itemprop=\"associatedMedia\" itemscope itemtype=\"http:\/\/schema.org\/ImageObject\"> <a href=\"http:\/\/www.tvturk.com\/index.php\/aksarayda-afad-ekibinden-cig-tatbikati\/aksarayda-afad-ekibinden-cig-tatbikati-4\/\" border=\"0\" itemprop=\"url\"> <meta itemprop=\"width\" content=\"246\"> <meta itemprop=\"height\" content=\"138\"> <img decoding=\"async\" class=\"\" data-attachment-id=\"10927\" data-orig-file=\"http:\/\/www.tvturk.com\/wp-content\/uploads\/2019\/02\/aksarayda-afad-ekibinden-cig-tatbikati_f77d528.jpg\" data-orig-size=\"1000,562\" data-comments-opened=\"\" data-image-meta=\"{&quot;aperture&quot;:&quot;0&quot;,&quot;credit&quot;:&quot;IHA&quot;,&quot;camera&quot;:&quot;&quot;,&quot;caption&quot;:&quot;AKSARAY\\u2019DA AFAD EK\\u0130PLER\\u0130 HASAN DA\\u011eINDA \\u00c7I\\u011e TATB\\u0130KATI GER\\u00c7EKLE\\u015eT\\u0130RD\\u0130. 10 K\\u0130\\u015e\\u0130L\\u0130K AFAD EK\\u0130B\\u0130, TATB\\u0130KAT GERE\\u011e\\u0130 \\u00c7I\\u011e ALTINDA KALAN KAYAK\\u00c7IYI \\u00d6ZEL ARA\\u00c7 VE GERE\\u00c7LERLE KURTARDI. (YAS\\u0130N CAN\\\/AKSARAY-\\u0130HA)&quot;,&quot;created_timestamp&quot;:&quot;0&quot;,&quot;copyright&quot;:&quot;\\u0130HLAS HABER AJANSI, www.iha.com.tr&quot;,&quot;focal_length&quot;:&quot;0&quot;,&quot;iso&quot;:&quot;0&quot;,&quot;shutter_speed&quot;:&quot;0&quot;,&quot;title&quot;:&quot;AKSARAY\\u2019DA AFAD EK\\u0130B\\u0130NDEN \\u00c7I\\u011e TATB\\u0130KATI&quot;,&quot;orientation&quot;:&quot;0&quot;}\" data-image-title=\"Aksaray\u2019da AFAD ekibinden \u00e7\u0131\u011f tatbikat\u0131\" data-image-description=\"&lt;p&gt;Aksaray\u2019da AFAD ekibinden \u00e7\u0131\u011f tatbikat\u0131&lt;\/p&gt; \" data-medium-file=\"https:\/\/i0.wp.com\/www.tvturk.com\/wp-content\/uploads\/2019\/02\/aksarayda-afad-ekibinden-cig-tatbikati_f77d528.jpg?fit=300%2C169\" data-large-file=\"https:\/\/i0.wp.com\/www.tvturk.com\/wp-content\/uploads\/2019\/02\/aksarayda-afad-ekibinden-cig-tatbikati_f77d528.jpg?fit=1000%2C562\" src=\"https:\/\/i0.wp.com\/www.tvturk.com\/wp-content\/uploads\/2019\/02\/aksarayda-afad-ekibinden-cig-tatbikati_f77d528.jpg?w=246&#038;h=138\" srcset=\"https:\/\/i0.wp.com\/www.tvturk.com\/wp-content\/uploads\/2019\/02\/aksarayda-afad-ekibinden-cig-tatbikati_f77d528.jpg?w=1000 1000w, https:\/\/i0.wp.com\/www.tvturk.com\/wp-content\/uploads\/2019\/02\/aksarayda-afad-ekibinden-cig-tatbikati_f77d528.jpg?resize=150%2C84 150w, https:\/\/i0.wp.com\/www.tvturk.com\/wp-content\/uploads\/2019\/02\/aksarayda-afad-ekibinden-cig-tatbikati_f77d528.jpg?resize=300%2C169 300w, https:\/\/i0.wp.com\/www.tvturk.com\/wp-content\/uploads\/2019\/02\/aksarayda-afad-ekibinden-cig-tatbikati_f77d528.jpg?resize=768%2C432 768w, https:\/\/i0.wp.com\/www.tvturk.com\/wp-content\/uploads\/2019\/02\/aksarayda-afad-ekibinden-cig-tatbikati_f77d528.jpg?resize=200%2C113 200w\" width=\"246\" height=\"138\" loading=\"lazy\" data-original-width=\"246\" data-original-height=\"138\" itemprop=\"http:\/\/schema.org\/image\" title=\"Aksaray\u2019da AFAD ekibinden \u00e7\u0131\u011f tatbikat\u0131\" alt=\"Aksaray\u2019da AFAD ekibinden \u00e7\u0131\u011f tatbikat\u0131\" style=\"width: 246px; height: 138px;\" \/> <\/a> <\/div> <\/div> <!-- close group --> <\/div> <!-- close row --> <\/div><\/p>\n","protected":false},"excerpt":{"rendered":"<p>AKSARAY\u2019DA AFAD EK\u0130PLER\u0130 HASAN DA\u011eINDA \u00c7I\u011e TATB\u0130KATI GER\u00c7EKLE\u015eT\u0130RD\u0130. 10 K\u0130\u015e\u0130L\u0130K AFAD EK\u0130B\u0130, TATB\u0130KAT GERE\u011e\u0130 \u00c7I\u011e ALTINDA KALAN KAYAK\u00c7IYI \u00d6ZEL ARA\u00c7 VE GERE\u00c7LERLE KURTARDI.<\/p>\n","protected":false},"author":1,"featured_media":10925,"comment_status":"closed","ping_status":"open","sticky":false,"template":"","format":"standard","meta":{"jetpack_post_was_ever_published":false,"_jetpack_newsletter_access":"","_jetpack_dont_email_post_to_subs":false,"_jetpack_newsletter_tier_id":0,"_jetpack_memberships_contains_paywalled_content":false,"_jetpack_memberships_contains_paid_content":false,"footnotes":"","jetpack_publicize_message":"","jetpack_publicize_feature_enabled":true,"jetpack_social_post_already_shared":false,"jetpack_social_options":{"image_generator_settings":{"template":"highway","default_image_id":0,"font":"","enabled":false},"version":2}},"categories":[655],"tags":[2382,2675,5654,5653,222],"class_list":["post-10924","post","type-post","status-publish","format-standard","has-post-thumbnail","hentry","category-son-dakika","tag-afad","tag-aksarayda","tag-cig","tag-ekibinden","tag-tatbikati"],"jetpack_publicize_connections":[],"jetpack_featured_media_url":"https:\/\/i0.wp.com\/www.tvturk.com\/wp-content\/uploads\/2019\/02\/aksarayda-afad-ekibinden-cig-tatbikati_ad6ce37.jpg?fit=1000%2C562","jetpack_sharing_enabled":true,"jetpack_shortlink":"https:\/\/wp.me\/paKIfm-2Qc","_links":{"self":[{"href":"http:\/\/www.tvturk.com\/index.php\/wp-json\/wp\/v2\/posts\/10924","targetHints":{"allow":["GET"]}}],"collection":[{"href":"http:\/\/www.tvturk.com\/index.php\/wp-json\/wp\/v2\/posts"}],"about":[{"href":"http:\/\/www.tvturk.com\/index.php\/wp-json\/wp\/v2\/types\/post"}],"author":[{"embeddable":true,"href":"http:\/\/www.tvturk.com\/index.php\/wp-json\/wp\/v2\/users\/1"}],"replies":[{"embeddable":true,"href":"http:\/\/www.tvturk.com\/index.php\/wp-json\/wp\/v2\/comments?post=10924"}],"version-history":[{"count":1,"href":"http:\/\/www.tvturk.com\/index.php\/wp-json\/wp\/v2\/posts\/10924\/revisions"}],"predecessor-version":[{"id":10928,"href":"http:\/\/www.tvturk.com\/index.php\/wp-json\/wp\/v2\/posts\/10924\/revisions\/10928"}],"wp:featuredmedia":[{"embeddable":true,"href":"http:\/\/www.tvturk.com\/index.php\/wp-json\/wp\/v2\/media\/10925"}],"wp:attachment":[{"href":"http:\/\/www.tvturk.com\/index.php\/wp-json\/wp\/v2\/media?parent=10924"}],"wp:term":[{"taxonomy":"category","embeddable":true,"href":"http:\/\/www.tvturk.com\/index.php\/wp-json\/wp\/v2\/categories?post=10924"},{"taxonomy":"post_tag","embeddable":true,"href":"http:\/\/www.tvturk.com\/index.php\/wp-json\/wp\/v2\/tags?post=10924"}],"curies":[{"name":"wp","href":"https:\/\/api.w.org\/{rel}","templated":true}]}}